{"id":52113,"date":"2023-10-11T14:59:50","date_gmt":"2023-10-11T14:59:50","guid":{"rendered":"https:\/\/www.africa-press.net\/tchad\/politique\/le-syndicat-national-des-motos-taxis-applaudit-lannulation-de-lobligation-du-casque"},"modified":"2023-10-11T15:29:33","modified_gmt":"2023-10-11T15:29:33","slug":"le-syndicat-national-des-motos-taxis-applaudit-lannulation-de-lobligation-du-casque","status":"publish","type":"post","link":"https:\/\/www.africa-press.net\/tchad\/toutes-les-actualites\/le-syndicat-national-des-motos-taxis-applaudit-lannulation-de-lobligation-du-casque","title":{"rendered":"le Syndicat national des motos-taxis applaudit l\u2019annulation de l\u2019obligation du casque"},"content":{"rendered":"<p><span style=\"color: #ff6600\"><strong>Africa-Press &#8211; Tchad. <\/strong><\/span>Lors d&rsquo;une confe\u0301rence de presse tenue ce 10 octobre 2023, le pre\u0301sident du Syndicat National des Motos-Taxis, Bokhit Acyl Haggar, au nom des chauffeurs de motos-taxis commune\u0301ment appele\u0301s \u00ab\u00a0clandomens\u00a0\u00bb au Tchad, a salue\u0301 la de\u0301cision du pre\u0301sident de la transition, le ge\u0301ne\u0301ral Mahamat Idriss Deby, d&rsquo;annuler l&rsquo;obligation de porter un casque pour les motos-taxis.<\/p>\n<p>Il a souligne\u0301 que ce syndicat, qui compte plus de deux millions de membres, a besoin de la collaboration et du soutien du gouvernement pour exercer au mieux leur me\u0301tier. Il a e\u0301galement mis en avant le ro\u0302le des motos-taxis dans la re\u0301duction du taux de cho\u0302mage au Tchad, pre\u0301cisant que parmi les \u00ab\u00a0clandomens\u00a0\u00bb, on trouve des diplo\u0302me\u0301s sans emploi, des militaires de\u0301mobilise\u0301s, et d&rsquo;autres professionnels qui ont recours a\u0300 cette activite\u0301 pour joindre les deux bouts.<\/p>\n<p>Par ailleurs, le Syndicat des Motos-Taxis apporte son soutien a\u0300 la transition et au gouvernement d&rsquo;union nationale, tout en appelant le pre\u0301sident de la transition a\u0300 s&rsquo;investir personnellement pour garantir la se\u0301curite\u0301 des \u00ab\u00a0clandomens\u00a0\u00bb sur l&rsquo;ensemble du territoire national. Bokhit Acyl Haggar a souligne\u0301 que plus les motos-taxis rendent service a\u0300 la population, plus ils sont expose\u0301s a\u0300 divers dangers.<\/p>\n<p><strong>Pour plus d&rsquo;informations et d&rsquo;analyses sur la <a href=\"https:\/\/www.africa-press.net\/tchad\">Tchad<\/a>, suivez <a href=\"https:\/\/www.africa-press.net\/\">Africa-Press<\/a><\/strong><\/p>\n","protected":false},"excerpt":{"rendered":"<p>Africa-Press &#8211; Tchad. Lors d&rsquo;une confe\u0301rence de presse tenue ce 10 octobre 2023, le pre\u0301sident du Syndicat National des Motos-Taxis, Bokhit Acyl Haggar, au nom des chauffeurs de motos-taxis commune\u0301ment appele\u0301s \u00ab\u00a0clandomens\u00a0\u00bb au Tchad, a salue\u0301 la de\u0301cision du pre\u0301sident de la transition, le ge\u0301ne\u0301ral Mahamat Idriss Deby, d&rsquo;annuler l&rsquo;obligation de porter un casque pour [&hellip;]<\/p>\n","protected":false},"author":82,"featured_media":52112,"comment_status":"open","ping_status":"closed","sticky":false,"template":"","format":"standard","meta":{"footnotes":""},"categories":[21,10],"tags":[37,292,29],"class_list":["post-52113","post","type-post","status-publish","format-standard","has-post-thumbnail","hentry","category-communaute","category-toutes-les-actualites","tag-africa-press","tag-africa-press-tchad","tag-tchad"],"yoast_head":"<!-- This site is optimized with the Yoast SEO Premium plugin v26.1 (Yoast SEO v27.0) - https:\/\/yoast.com\/product\/yoast-seo-premium-wordpress\/ -->\n<title>le Syndicat national des motos-taxis applaudit l\u2019annulation de l\u2019obligation du casque - tchad<\/title>\n<meta name=\"description\" content=\"Lors d&#039;une confe\u0301rence de presse tenue ce 10 octobre 2023, le pre\u0301sident du Syndicat National des Motos-Taxis, Bokhit Ac ...\" \/>\n<meta name=\"robots\" content=\"index, follow, max-snippet:-1, max-image-preview:large, max-video-preview:-1\" \/>\n<link rel=\"canonical\" href=\"https:\/\/www.africa-press.net\/tchad\/toutes-les-actualites\/le-syndicat-national-des-motos-taxis-applaudit-lannulation-de-lobligation-du-casque\" \/>\n<meta property=\"og:locale\" content=\"fr_FR\" \/>\n<meta property=\"og:type\" content=\"article\" \/>\n<meta property=\"og:title\" content=\"le Syndicat national des motos-taxis applaudit l\u2019annulation de l\u2019obligation du casque\" \/>\n<meta property=\"og:description\" content=\"Lors d&#039;une confe\u0301rence de presse tenue ce 10 octobre 2023, le pre\u0301sident du Syndicat National des Motos-Taxis, Bokhit Ac ...\" \/>\n<meta property=\"og:url\" content=\"https:\/\/www.africa-press.net\/tchad\/toutes-les-actualites\/le-syndicat-national-des-motos-taxis-applaudit-lannulation-de-lobligation-du-casque\" \/>\n<meta property=\"og:site_name\" content=\"tchad\" \/>\n<meta property=\"article:published_time\" content=\"2023-10-11T14:59:50+00:00\" \/>\n<meta property=\"article:modified_time\" content=\"2023-10-11T15:29:33+00:00\" \/>\n<meta property=\"og:image\" content=\"https:\/\/static.africa-press.net\/tchad\/sites\/41\/2023\/10\/sm_1697025473.355294.jpg\" \/>\n\t<meta property=\"og:image:width\" content=\"1263\" \/>\n\t<meta property=\"og:image:height\" content=\"906\" \/>\n\t<meta property=\"og:image:type\" content=\"image\/jpeg\" \/>\n<meta name=\"author\" content=\"cfeditorfr\" \/>\n<meta name=\"twitter:card\" content=\"summary_large_image\" \/>\n<meta name=\"twitter:label1\" content=\"\u00c9crit par\" \/>\n\t<meta name=\"twitter:data1\" content=\"cfeditorfr\" \/>\n\t<meta name=\"twitter:label2\" content=\"Dur\u00e9e de lecture estim\u00e9e\" \/>\n\t<meta name=\"twitter:data2\" content=\"2 minutes\" \/>\n<script type=\"application\/ld+json\" class=\"yoast-schema-graph\">{\"@context\":\"https:\/\/schema.org\",\"@graph\":[{\"@type\":\"Article\",\"@id\":\"https:\/\/www.africa-press.net\/tchad\/toutes-les-actualites\/le-syndicat-national-des-motos-taxis-applaudit-lannulation-de-lobligation-du-casque#article\",\"isPartOf\":{\"@id\":\"https:\/\/www.africa-press.net\/tchad\/toutes-les-actualites\/le-syndicat-national-des-motos-taxis-applaudit-lannulation-de-lobligation-du-casque\"},\"author\":{\"name\":\"cfeditorfr\",\"@id\":\"https:\/\/www.africa-press.net\/tchad\/#\/schema\/person\/2b1cf3cd81a31e3cd26889ca66d677f1\"},\"headline\":\"le Syndicat national des motos-taxis applaudit l\u2019annulation de l\u2019obligation du casque\",\"datePublished\":\"2023-10-11T14:59:50+00:00\",\"dateModified\":\"2023-10-11T15:29:33+00:00\",\"mainEntityOfPage\":{\"@id\":\"https:\/\/www.africa-press.net\/tchad\/toutes-les-actualites\/le-syndicat-national-des-motos-taxis-applaudit-lannulation-de-lobligation-du-casque\"},\"wordCount\":245,\"commentCount\":0,\"image\":{\"@id\":\"https:\/\/www.africa-press.net\/tchad\/toutes-les-actualites\/le-syndicat-national-des-motos-taxis-applaudit-lannulation-de-lobligation-du-casque#primaryimage\"},\"thumbnailUrl\":\"https:\/\/static.africa-press.net\/tchad\/sites\/41\/2023\/10\/sm_1697025473.355294.jpg\",\"keywords\":[\"Africa Press\",\"Africa Press-Tchad\",\"Tchad\"],\"articleSection\":[\"Communaut\u00e9\",\"Toutes les actualit\u00e9s\"],\"inLanguage\":\"fr-FR\",\"potentialAction\":[{\"@type\":\"CommentAction\",\"name\":\"Comment\",\"target\":[\"https:\/\/www.africa-press.net\/tchad\/toutes-les-actualites\/le-syndicat-national-des-motos-taxis-applaudit-lannulation-de-lobligation-du-casque#respond\"]}]},{\"@type\":\"WebPage\",\"@id\":\"https:\/\/www.africa-press.net\/tchad\/toutes-les-actualites\/le-syndicat-national-des-motos-taxis-applaudit-lannulation-de-lobligation-du-casque\",\"url\":\"https:\/\/www.africa-press.net\/tchad\/toutes-les-actualites\/le-syndicat-national-des-motos-taxis-applaudit-lannulation-de-lobligation-du-casque\",\"name\":\"le Syndicat national des motos-taxis applaudit l\u2019annulation de l\u2019obligation du casque - tchad\",\"isPartOf\":{\"@id\":\"https:\/\/www.africa-press.net\/tchad\/#website\"},\"primaryImageOfPage\":{\"@id\":\"https:\/\/www.africa-press.net\/tchad\/toutes-les-actualites\/le-syndicat-national-des-motos-taxis-applaudit-lannulation-de-lobligation-du-casque#primaryimage\"},\"image\":{\"@id\":\"https:\/\/www.africa-press.net\/tchad\/toutes-les-actualites\/le-syndicat-national-des-motos-taxis-applaudit-lannulation-de-lobligation-du-casque#primaryimage\"},\"thumbnailUrl\":\"https:\/\/static.africa-press.net\/tchad\/sites\/41\/2023\/10\/sm_1697025473.355294.jpg\",\"datePublished\":\"2023-10-11T14:59:50+00:00\",\"dateModified\":\"2023-10-11T15:29:33+00:00\",\"author\":{\"@id\":\"https:\/\/www.africa-press.net\/tchad\/#\/schema\/person\/2b1cf3cd81a31e3cd26889ca66d677f1\"},\"description\":\"Lors d'une confe\u0301rence de presse tenue ce 10 octobre 2023, le pre\u0301sident du Syndicat National des Motos-Taxis, Bokhit Ac ...\",\"breadcrumb\":{\"@id\":\"https:\/\/www.africa-press.net\/tchad\/toutes-les-actualites\/le-syndicat-national-des-motos-taxis-applaudit-lannulation-de-lobligation-du-casque#breadcrumb\"},\"inLanguage\":\"fr-FR\",\"potentialAction\":[{\"@type\":\"ReadAction\",\"target\":[\"https:\/\/www.africa-press.net\/tchad\/toutes-les-actualites\/le-syndicat-national-des-motos-taxis-applaudit-lannulation-de-lobligation-du-casque\"]}]},{\"@type\":\"ImageObject\",\"inLanguage\":\"fr-FR\",\"@id\":\"https:\/\/www.africa-press.net\/tchad\/toutes-les-actualites\/le-syndicat-national-des-motos-taxis-applaudit-lannulation-de-lobligation-du-casque#primaryimage\",\"url\":\"https:\/\/static.africa-press.net\/tchad\/sites\/41\/2023\/10\/sm_1697025473.355294.jpg\",\"contentUrl\":\"https:\/\/static.africa-press.net\/tchad\/sites\/41\/2023\/10\/sm_1697025473.355294.jpg\",\"width\":1263,\"height\":906,\"caption\":\"le Syndicat national des motos-taxis applaudit l\u2019annulation de l\u2019obligation du casque\"},{\"@type\":\"BreadcrumbList\",\"@id\":\"https:\/\/www.africa-press.net\/tchad\/toutes-les-actualites\/le-syndicat-national-des-motos-taxis-applaudit-lannulation-de-lobligation-du-casque#breadcrumb\",\"itemListElement\":[{\"@type\":\"ListItem\",\"position\":1,\"name\":\"Accueil\",\"item\":\"https:\/\/www.africa-press.net\/tchad\/\"},{\"@type\":\"ListItem\",\"position\":2,\"name\":\"le Syndicat national des motos-taxis applaudit l\u2019annulation de l\u2019obligation du casque\"}]},{\"@type\":\"WebSite\",\"@id\":\"https:\/\/www.africa-press.net\/tchad\/#website\",\"url\":\"https:\/\/www.africa-press.net\/tchad\/\",\"name\":\"tchad\",\"description\":\"Just another Africa News Agency Sites site\",\"potentialAction\":[{\"@type\":\"SearchAction\",\"target\":{\"@type\":\"EntryPoint\",\"urlTemplate\":\"https:\/\/www.africa-press.net\/tchad\/?s={search_term_string}\"},\"query-input\":{\"@type\":\"PropertyValueSpecification\",\"valueRequired\":true,\"valueName\":\"search_term_string\"}}],\"inLanguage\":\"fr-FR\"},{\"@type\":\"Person\",\"@id\":\"https:\/\/www.africa-press.net\/tchad\/#\/schema\/person\/2b1cf3cd81a31e3cd26889ca66d677f1\",\"name\":\"cfeditorfr\"}]}<\/script>\n<!-- \/ Yoast SEO Premium plugin. -->","yoast_head_json":{"title":"le Syndicat national des motos-taxis applaudit l\u2019annulation de l\u2019obligation du casque - tchad","description":"Lors d'une confe\u0301rence de presse tenue ce 10 octobre 2023, le pre\u0301sident du Syndicat National des Motos-Taxis, Bokhit Ac ...","robots":{"index":"index","follow":"follow","max-snippet":"max-snippet:-1","max-image-preview":"max-image-preview:large","max-video-preview":"max-video-preview:-1"},"canonical":"https:\/\/www.africa-press.net\/tchad\/toutes-les-actualites\/le-syndicat-national-des-motos-taxis-applaudit-lannulation-de-lobligation-du-casque","og_locale":"fr_FR","og_type":"article","og_title":"le Syndicat national des motos-taxis applaudit l\u2019annulation de l\u2019obligation du casque","og_description":"Lors d'une confe\u0301rence de presse tenue ce 10 octobre 2023, le pre\u0301sident du Syndicat National des Motos-Taxis, Bokhit Ac ...","og_url":"https:\/\/www.africa-press.net\/tchad\/toutes-les-actualites\/le-syndicat-national-des-motos-taxis-applaudit-lannulation-de-lobligation-du-casque","og_site_name":"tchad","article_published_time":"2023-10-11T14:59:50+00:00","article_modified_time":"2023-10-11T15:29:33+00:00","og_image":[{"width":1263,"height":906,"url":"https:\/\/static.africa-press.net\/tchad\/sites\/41\/2023\/10\/sm_1697025473.355294.jpg","type":"image\/jpeg"}],"author":"cfeditorfr","twitter_card":"summary_large_image","twitter_misc":{"\u00c9crit par":"cfeditorfr","Dur\u00e9e de lecture estim\u00e9e":"2 minutes"},"schema":{"@context":"https:\/\/schema.org","@graph":[{"@type":"Article","@id":"https:\/\/www.africa-press.net\/tchad\/toutes-les-actualites\/le-syndicat-national-des-motos-taxis-applaudit-lannulation-de-lobligation-du-casque#article","isPartOf":{"@id":"https:\/\/www.africa-press.net\/tchad\/toutes-les-actualites\/le-syndicat-national-des-motos-taxis-applaudit-lannulation-de-lobligation-du-casque"},"author":{"name":"cfeditorfr","@id":"https:\/\/www.africa-press.net\/tchad\/#\/schema\/person\/2b1cf3cd81a31e3cd26889ca66d677f1"},"headline":"le Syndicat national des motos-taxis applaudit l\u2019annulation de l\u2019obligation du casque","datePublished":"2023-10-11T14:59:50+00:00","dateModified":"2023-10-11T15:29:33+00:00","mainEntityOfPage":{"@id":"https:\/\/www.africa-press.net\/tchad\/toutes-les-actualites\/le-syndicat-national-des-motos-taxis-applaudit-lannulation-de-lobligation-du-casque"},"wordCount":245,"commentCount":0,"image":{"@id":"https:\/\/www.africa-press.net\/tchad\/toutes-les-actualites\/le-syndicat-national-des-motos-taxis-applaudit-lannulation-de-lobligation-du-casque#primaryimage"},"thumbnailUrl":"https:\/\/static.africa-press.net\/tchad\/sites\/41\/2023\/10\/sm_1697025473.355294.jpg","keywords":["Africa Press","Africa Press-Tchad","Tchad"],"articleSection":["Communaut\u00e9","Toutes les actualit\u00e9s"],"inLanguage":"fr-FR","potentialAction":[{"@type":"CommentAction","name":"Comment","target":["https:\/\/www.africa-press.net\/tchad\/toutes-les-actualites\/le-syndicat-national-des-motos-taxis-applaudit-lannulation-de-lobligation-du-casque#respond"]}]},{"@type":"WebPage","@id":"https:\/\/www.africa-press.net\/tchad\/toutes-les-actualites\/le-syndicat-national-des-motos-taxis-applaudit-lannulation-de-lobligation-du-casque","url":"https:\/\/www.africa-press.net\/tchad\/toutes-les-actualites\/le-syndicat-national-des-motos-taxis-applaudit-lannulation-de-lobligation-du-casque","name":"le Syndicat national des motos-taxis applaudit l\u2019annulation de l\u2019obligation du casque - tchad","isPartOf":{"@id":"https:\/\/www.africa-press.net\/tchad\/#website"},"primaryImageOfPage":{"@id":"https:\/\/www.africa-press.net\/tchad\/toutes-les-actualites\/le-syndicat-national-des-motos-taxis-applaudit-lannulation-de-lobligation-du-casque#primaryimage"},"image":{"@id":"https:\/\/www.africa-press.net\/tchad\/toutes-les-actualites\/le-syndicat-national-des-motos-taxis-applaudit-lannulation-de-lobligation-du-casque#primaryimage"},"thumbnailUrl":"https:\/\/static.africa-press.net\/tchad\/sites\/41\/2023\/10\/sm_1697025473.355294.jpg","datePublished":"2023-10-11T14:59:50+00:00","dateModified":"2023-10-11T15:29:33+00:00","author":{"@id":"https:\/\/www.africa-press.net\/tchad\/#\/schema\/person\/2b1cf3cd81a31e3cd26889ca66d677f1"},"description":"Lors d'une confe\u0301rence de presse tenue ce 10 octobre 2023, le pre\u0301sident du Syndicat National des Motos-Taxis, Bokhit Ac ...","breadcrumb":{"@id":"https:\/\/www.africa-press.net\/tchad\/toutes-les-actualites\/le-syndicat-national-des-motos-taxis-applaudit-lannulation-de-lobligation-du-casque#breadcrumb"},"inLanguage":"fr-FR","potentialAction":[{"@type":"ReadAction","target":["https:\/\/www.africa-press.net\/tchad\/toutes-les-actualites\/le-syndicat-national-des-motos-taxis-applaudit-lannulation-de-lobligation-du-casque"]}]},{"@type":"ImageObject","inLanguage":"fr-FR","@id":"https:\/\/www.africa-press.net\/tchad\/toutes-les-actualites\/le-syndicat-national-des-motos-taxis-applaudit-lannulation-de-lobligation-du-casque#primaryimage","url":"https:\/\/static.africa-press.net\/tchad\/sites\/41\/2023\/10\/sm_1697025473.355294.jpg","contentUrl":"https:\/\/static.africa-press.net\/tchad\/sites\/41\/2023\/10\/sm_1697025473.355294.jpg","width":1263,"height":906,"caption":"le Syndicat national des motos-taxis applaudit l\u2019annulation de l\u2019obligation du casque"},{"@type":"BreadcrumbList","@id":"https:\/\/www.africa-press.net\/tchad\/toutes-les-actualites\/le-syndicat-national-des-motos-taxis-applaudit-lannulation-de-lobligation-du-casque#breadcrumb","itemListElement":[{"@type":"ListItem","position":1,"name":"Accueil","item":"https:\/\/www.africa-press.net\/tchad\/"},{"@type":"ListItem","position":2,"name":"le Syndicat national des motos-taxis applaudit l\u2019annulation de l\u2019obligation du casque"}]},{"@type":"WebSite","@id":"https:\/\/www.africa-press.net\/tchad\/#website","url":"https:\/\/www.africa-press.net\/tchad\/","name":"tchad","description":"Just another Africa News Agency Sites site","potentialAction":[{"@type":"SearchAction","target":{"@type":"EntryPoint","urlTemplate":"https:\/\/www.africa-press.net\/tchad\/?s={search_term_string}"},"query-input":{"@type":"PropertyValueSpecification","valueRequired":true,"valueName":"search_term_string"}}],"inLanguage":"fr-FR"},{"@type":"Person","@id":"https:\/\/www.africa-press.net\/tchad\/#\/schema\/person\/2b1cf3cd81a31e3cd26889ca66d677f1","name":"cfeditorfr"}]}},"_links":{"self":[{"href":"https:\/\/www.africa-press.net\/tchad\/wp-json\/wp\/v2\/posts\/52113","targetHints":{"allow":["GET"]}}],"collection":[{"href":"https:\/\/www.africa-press.net\/tchad\/wp-json\/wp\/v2\/posts"}],"about":[{"href":"https:\/\/www.africa-press.net\/tchad\/wp-json\/wp\/v2\/types\/post"}],"author":[{"embeddable":true,"href":"https:\/\/www.africa-press.net\/tchad\/wp-json\/wp\/v2\/users\/82"}],"replies":[{"embeddable":true,"href":"https:\/\/www.africa-press.net\/tchad\/wp-json\/wp\/v2\/comments?post=52113"}],"version-history":[{"count":0,"href":"https:\/\/www.africa-press.net\/tchad\/wp-json\/wp\/v2\/posts\/52113\/revisions"}],"wp:featuredmedia":[{"embeddable":true,"href":"https:\/\/www.africa-press.net\/tchad\/wp-json\/wp\/v2\/media\/52112"}],"wp:attachment":[{"href":"https:\/\/www.africa-press.net\/tchad\/wp-json\/wp\/v2\/media?parent=52113"}],"wp:term":[{"taxonomy":"category","embeddable":true,"href":"https:\/\/www.africa-press.net\/tchad\/wp-json\/wp\/v2\/categories?post=52113"},{"taxonomy":"post_tag","embeddable":true,"href":"https:\/\/www.africa-press.net\/tchad\/wp-json\/wp\/v2\/tags?post=52113"}],"curies":[{"name":"wp","href":"https:\/\/api.w.org\/{rel}","templated":true}]}}