{"id":52130,"date":"2023-10-11T14:08:03","date_gmt":"2023-10-11T14:08:03","guid":{"rendered":"https:\/\/www.africa-press.net\/tchad\/politique\/journee-internationale-de-la-jeune-fille-leducation-au-coeur-des-preoccupations-au-tchad"},"modified":"2023-10-11T15:37:12","modified_gmt":"2023-10-11T15:37:12","slug":"journee-internationale-de-la-jeune-fille-leducation-au-coeur-des-preoccupations-au-tchad","status":"publish","type":"post","link":"https:\/\/www.africa-press.net\/tchad\/toutes-les-actualites\/journee-internationale-de-la-jeune-fille-leducation-au-coeur-des-preoccupations-au-tchad","title":{"rendered":"Journ\u00e9e internationale de la jeune fille : L&rsquo;\u00e9ducation au c\u0153ur des pr\u00e9occupations au Tchad"},"content":{"rendered":"<p><span style=\"color: #ff6600\"><strong>Africa-Press &#8211; Tchad. <\/strong><\/span>Dans son discours d&rsquo;ouverture, la directrice ge\u0301ne\u0301rale de la Maison nationale de la femme, Mai\u0308mouna Abdelkerim Kolbou, a souligne\u0301 que les jeunes filles tchadiennes sont confronte\u0301es a\u0300 de nombreux de\u0301fis entravant leur e\u0301panouissement. Elle a note\u0301 que la scolarisation des enfants demeure un de\u0301fi majeur au Tchad. Malgre\u0301 les progre\u0300s re\u0301alise\u0301s au cours des deux dernie\u0300res de\u0301cennies, les indicateurs fondamentaux, en particulier pour les filles, restent pre\u0301occupants, comme le montrent les statistiques e\u0301ducatives.<\/p>\n<p>Le Repre\u0301sentant de l&rsquo;UNICEF au Tchad, Jacques Boyer, a souligne\u0301 que les filles sont souvent les premie\u0300res victimes de violations des droits de l&rsquo;enfant dans de nombreux pays. \u00ab\u00a0Au Tchad, les filles sont confronte\u0301es a\u0300 d&rsquo;e\u0301normes obstacles pour atteindre leur plein potentiel. Elles sont encore loin d&rsquo;avoir les me\u0302mes droits que les garc\u0327ons, subissent des discriminations base\u0301es sur leur genre et font face a\u0300 des stigmatisations issues de la culture et de la socie\u0301te\u0301\u00a0\u00bb, a-t-il affirme\u0301.<\/p>\n<p>En inaugurant la Journe\u0301e Internationale de la Jeune Fille, la ministre d&rsquo;E\u0301tat, Ministre de la Femme, de la Protection de la Petite Enfance et de la Solidarite\u0301 Nationale, Amina Priscille Longoh, a mis en avant les multiples de\u0301fis auxquels les jeunes filles sont confronte\u0301es, notamment les ta\u0302ches domestiques, les mutilations ge\u0301nitales fe\u0301minines, les mariages pre\u0301coces, les privations de toutes sortes et la discrimination. Elle a souligne\u0301 la ne\u0301cessite\u0301 de changer de perspective pour offrir un environnement protecteur et propice au de\u0301veloppement des capacite\u0301s des jeunes filles. Elle a e\u0301galement rappele\u0301 que le the\u0300me choisi pour cette e\u0301dition met en lumie\u0300re la responsabilite\u0301 des parents dans l&rsquo;e\u0301ducation des filles pour garantir l&rsquo;avenir de l&rsquo;humanite\u0301.<\/p>\n<p><strong>Pour plus d&rsquo;informations et d&rsquo;analyses sur la <a href=\"https:\/\/www.africa-press.net\/tchad\">Tchad<\/a>, suivez <a href=\"https:\/\/www.africa-press.net\/\">Africa-Press<\/a><\/strong><\/p>\n","protected":false},"excerpt":{"rendered":"<p>Africa-Press &#8211; Tchad. Dans son discours d&rsquo;ouverture, la directrice ge\u0301ne\u0301rale de la Maison nationale de la femme, Mai\u0308mouna Abdelkerim Kolbou, a souligne\u0301 que les jeunes filles tchadiennes sont confronte\u0301es a\u0300 de nombreux de\u0301fis entravant leur e\u0301panouissement. Elle a note\u0301 que la scolarisation des enfants demeure un de\u0301fi majeur au Tchad. Malgre\u0301 les progre\u0300s re\u0301alise\u0301s au [&hellip;]<\/p>\n","protected":false},"author":82,"featured_media":52129,"comment_status":"open","ping_status":"closed","sticky":false,"template":"","format":"standard","meta":{"footnotes":""},"categories":[21,10],"tags":[37,292,29],"class_list":["post-52130","post","type-post","status-publish","format-standard","has-post-thumbnail","hentry","category-communaute","category-toutes-les-actualites","tag-africa-press","tag-africa-press-tchad","tag-tchad"],"yoast_head":"<!-- This site is optimized with the Yoast SEO Premium plugin v26.1 (Yoast SEO v27.0) - https:\/\/yoast.com\/product\/yoast-seo-premium-wordpress\/ -->\n<title>Journ\u00e9e internationale de la jeune fille : L&#039;\u00e9ducation au c\u0153ur des pr\u00e9occupations au Tchad - tchad<\/title>\n<meta name=\"description\" content=\"Dans son discours d&#039;ouverture, la directrice ge\u0301ne\u0301rale de la Maison nationale de la femme, Mai\u0308mouna Abdelkerim Kolbou, ...\" \/>\n<meta name=\"robots\" content=\"index, follow, max-snippet:-1, max-image-preview:large, max-video-preview:-1\" \/>\n<link rel=\"canonical\" href=\"https:\/\/www.africa-press.net\/tchad\/toutes-les-actualites\/journee-internationale-de-la-jeune-fille-leducation-au-coeur-des-preoccupations-au-tchad\" \/>\n<meta property=\"og:locale\" content=\"fr_FR\" \/>\n<meta property=\"og:type\" content=\"article\" \/>\n<meta property=\"og:title\" content=\"Journ\u00e9e internationale de la jeune fille : L&#039;\u00e9ducation au c\u0153ur des pr\u00e9occupations au Tchad\" \/>\n<meta property=\"og:description\" content=\"Dans son discours d&#039;ouverture, la directrice ge\u0301ne\u0301rale de la Maison nationale de la femme, Mai\u0308mouna Abdelkerim Kolbou, ...\" \/>\n<meta property=\"og:url\" content=\"https:\/\/www.africa-press.net\/tchad\/toutes-les-actualites\/journee-internationale-de-la-jeune-fille-leducation-au-coeur-des-preoccupations-au-tchad\" \/>\n<meta property=\"og:site_name\" content=\"tchad\" \/>\n<meta property=\"article:published_time\" content=\"2023-10-11T14:08:03+00:00\" \/>\n<meta property=\"article:modified_time\" content=\"2023-10-11T15:37:12+00:00\" \/>\n<meta property=\"og:image\" content=\"https:\/\/static.africa-press.net\/tchad\/sites\/41\/2023\/10\/sm_1697025742.421244.jpg\" \/>\n\t<meta property=\"og:image:width\" content=\"1049\" \/>\n\t<meta property=\"og:image:height\" content=\"690\" \/>\n\t<meta property=\"og:image:type\" content=\"image\/jpeg\" \/>\n<meta name=\"author\" content=\"cfeditorfr\" \/>\n<meta name=\"twitter:card\" content=\"summary_large_image\" \/>\n<meta name=\"twitter:label1\" content=\"\u00c9crit par\" \/>\n\t<meta name=\"twitter:data1\" content=\"cfeditorfr\" \/>\n\t<meta name=\"twitter:label2\" content=\"Dur\u00e9e de lecture estim\u00e9e\" \/>\n\t<meta name=\"twitter:data2\" content=\"2 minutes\" \/>\n<script type=\"application\/ld+json\" class=\"yoast-schema-graph\">{\"@context\":\"https:\/\/schema.org\",\"@graph\":[{\"@type\":\"Article\",\"@id\":\"https:\/\/www.africa-press.net\/tchad\/toutes-les-actualites\/journee-internationale-de-la-jeune-fille-leducation-au-coeur-des-preoccupations-au-tchad#article\",\"isPartOf\":{\"@id\":\"https:\/\/www.africa-press.net\/tchad\/toutes-les-actualites\/journee-internationale-de-la-jeune-fille-leducation-au-coeur-des-preoccupations-au-tchad\"},\"author\":{\"name\":\"cfeditorfr\",\"@id\":\"https:\/\/www.africa-press.net\/tchad\/#\/schema\/person\/2b1cf3cd81a31e3cd26889ca66d677f1\"},\"headline\":\"Journ\u00e9e internationale de la jeune fille : L&rsquo;\u00e9ducation au c\u0153ur des pr\u00e9occupations au Tchad\",\"datePublished\":\"2023-10-11T14:08:03+00:00\",\"dateModified\":\"2023-10-11T15:37:12+00:00\",\"mainEntityOfPage\":{\"@id\":\"https:\/\/www.africa-press.net\/tchad\/toutes-les-actualites\/journee-internationale-de-la-jeune-fille-leducation-au-coeur-des-preoccupations-au-tchad\"},\"wordCount\":341,\"commentCount\":0,\"image\":{\"@id\":\"https:\/\/www.africa-press.net\/tchad\/toutes-les-actualites\/journee-internationale-de-la-jeune-fille-leducation-au-coeur-des-preoccupations-au-tchad#primaryimage\"},\"thumbnailUrl\":\"https:\/\/static.africa-press.net\/tchad\/sites\/41\/2023\/10\/sm_1697025742.421244.jpg\",\"keywords\":[\"Africa Press\",\"Africa Press-Tchad\",\"Tchad\"],\"articleSection\":[\"Communaut\u00e9\",\"Toutes les actualit\u00e9s\"],\"inLanguage\":\"fr-FR\",\"potentialAction\":[{\"@type\":\"CommentAction\",\"name\":\"Comment\",\"target\":[\"https:\/\/www.africa-press.net\/tchad\/toutes-les-actualites\/journee-internationale-de-la-jeune-fille-leducation-au-coeur-des-preoccupations-au-tchad#respond\"]}]},{\"@type\":\"WebPage\",\"@id\":\"https:\/\/www.africa-press.net\/tchad\/toutes-les-actualites\/journee-internationale-de-la-jeune-fille-leducation-au-coeur-des-preoccupations-au-tchad\",\"url\":\"https:\/\/www.africa-press.net\/tchad\/toutes-les-actualites\/journee-internationale-de-la-jeune-fille-leducation-au-coeur-des-preoccupations-au-tchad\",\"name\":\"Journ\u00e9e internationale de la jeune fille : L'\u00e9ducation au c\u0153ur des pr\u00e9occupations au Tchad - tchad\",\"isPartOf\":{\"@id\":\"https:\/\/www.africa-press.net\/tchad\/#website\"},\"primaryImageOfPage\":{\"@id\":\"https:\/\/www.africa-press.net\/tchad\/toutes-les-actualites\/journee-internationale-de-la-jeune-fille-leducation-au-coeur-des-preoccupations-au-tchad#primaryimage\"},\"image\":{\"@id\":\"https:\/\/www.africa-press.net\/tchad\/toutes-les-actualites\/journee-internationale-de-la-jeune-fille-leducation-au-coeur-des-preoccupations-au-tchad#primaryimage\"},\"thumbnailUrl\":\"https:\/\/static.africa-press.net\/tchad\/sites\/41\/2023\/10\/sm_1697025742.421244.jpg\",\"datePublished\":\"2023-10-11T14:08:03+00:00\",\"dateModified\":\"2023-10-11T15:37:12+00:00\",\"author\":{\"@id\":\"https:\/\/www.africa-press.net\/tchad\/#\/schema\/person\/2b1cf3cd81a31e3cd26889ca66d677f1\"},\"description\":\"Dans son discours d'ouverture, la directrice ge\u0301ne\u0301rale de la Maison nationale de la femme, Mai\u0308mouna Abdelkerim Kolbou, ...\",\"breadcrumb\":{\"@id\":\"https:\/\/www.africa-press.net\/tchad\/toutes-les-actualites\/journee-internationale-de-la-jeune-fille-leducation-au-coeur-des-preoccupations-au-tchad#breadcrumb\"},\"inLanguage\":\"fr-FR\",\"potentialAction\":[{\"@type\":\"ReadAction\",\"target\":[\"https:\/\/www.africa-press.net\/tchad\/toutes-les-actualites\/journee-internationale-de-la-jeune-fille-leducation-au-coeur-des-preoccupations-au-tchad\"]}]},{\"@type\":\"ImageObject\",\"inLanguage\":\"fr-FR\",\"@id\":\"https:\/\/www.africa-press.net\/tchad\/toutes-les-actualites\/journee-internationale-de-la-jeune-fille-leducation-au-coeur-des-preoccupations-au-tchad#primaryimage\",\"url\":\"https:\/\/static.africa-press.net\/tchad\/sites\/41\/2023\/10\/sm_1697025742.421244.jpg\",\"contentUrl\":\"https:\/\/static.africa-press.net\/tchad\/sites\/41\/2023\/10\/sm_1697025742.421244.jpg\",\"width\":1049,\"height\":690,\"caption\":\"Journ\u00e9e internationale de la jeune fille : L'\u00e9ducation au c\u0153ur des pr\u00e9occupations au Tchad\"},{\"@type\":\"BreadcrumbList\",\"@id\":\"https:\/\/www.africa-press.net\/tchad\/toutes-les-actualites\/journee-internationale-de-la-jeune-fille-leducation-au-coeur-des-preoccupations-au-tchad#breadcrumb\",\"itemListElement\":[{\"@type\":\"ListItem\",\"position\":1,\"name\":\"Accueil\",\"item\":\"https:\/\/www.africa-press.net\/tchad\/\"},{\"@type\":\"ListItem\",\"position\":2,\"name\":\"Journ\u00e9e internationale de la jeune fille : L&#8217;\u00e9ducation au c\u0153ur des pr\u00e9occupations au Tchad\"}]},{\"@type\":\"WebSite\",\"@id\":\"https:\/\/www.africa-press.net\/tchad\/#website\",\"url\":\"https:\/\/www.africa-press.net\/tchad\/\",\"name\":\"tchad\",\"description\":\"Just another Africa News Agency Sites site\",\"potentialAction\":[{\"@type\":\"SearchAction\",\"target\":{\"@type\":\"EntryPoint\",\"urlTemplate\":\"https:\/\/www.africa-press.net\/tchad\/?s={search_term_string}\"},\"query-input\":{\"@type\":\"PropertyValueSpecification\",\"valueRequired\":true,\"valueName\":\"search_term_string\"}}],\"inLanguage\":\"fr-FR\"},{\"@type\":\"Person\",\"@id\":\"https:\/\/www.africa-press.net\/tchad\/#\/schema\/person\/2b1cf3cd81a31e3cd26889ca66d677f1\",\"name\":\"cfeditorfr\"}]}<\/script>\n<!-- \/ Yoast SEO Premium plugin. -->","yoast_head_json":{"title":"Journ\u00e9e internationale de la jeune fille : L'\u00e9ducation au c\u0153ur des pr\u00e9occupations au Tchad - tchad","description":"Dans son discours d'ouverture, la directrice ge\u0301ne\u0301rale de la Maison nationale de la femme, Mai\u0308mouna Abdelkerim Kolbou, ...","robots":{"index":"index","follow":"follow","max-snippet":"max-snippet:-1","max-image-preview":"max-image-preview:large","max-video-preview":"max-video-preview:-1"},"canonical":"https:\/\/www.africa-press.net\/tchad\/toutes-les-actualites\/journee-internationale-de-la-jeune-fille-leducation-au-coeur-des-preoccupations-au-tchad","og_locale":"fr_FR","og_type":"article","og_title":"Journ\u00e9e internationale de la jeune fille : L'\u00e9ducation au c\u0153ur des pr\u00e9occupations au Tchad","og_description":"Dans son discours d'ouverture, la directrice ge\u0301ne\u0301rale de la Maison nationale de la femme, Mai\u0308mouna Abdelkerim Kolbou, ...","og_url":"https:\/\/www.africa-press.net\/tchad\/toutes-les-actualites\/journee-internationale-de-la-jeune-fille-leducation-au-coeur-des-preoccupations-au-tchad","og_site_name":"tchad","article_published_time":"2023-10-11T14:08:03+00:00","article_modified_time":"2023-10-11T15:37:12+00:00","og_image":[{"width":1049,"height":690,"url":"https:\/\/static.africa-press.net\/tchad\/sites\/41\/2023\/10\/sm_1697025742.421244.jpg","type":"image\/jpeg"}],"author":"cfeditorfr","twitter_card":"summary_large_image","twitter_misc":{"\u00c9crit par":"cfeditorfr","Dur\u00e9e de lecture estim\u00e9e":"2 minutes"},"schema":{"@context":"https:\/\/schema.org","@graph":[{"@type":"Article","@id":"https:\/\/www.africa-press.net\/tchad\/toutes-les-actualites\/journee-internationale-de-la-jeune-fille-leducation-au-coeur-des-preoccupations-au-tchad#article","isPartOf":{"@id":"https:\/\/www.africa-press.net\/tchad\/toutes-les-actualites\/journee-internationale-de-la-jeune-fille-leducation-au-coeur-des-preoccupations-au-tchad"},"author":{"name":"cfeditorfr","@id":"https:\/\/www.africa-press.net\/tchad\/#\/schema\/person\/2b1cf3cd81a31e3cd26889ca66d677f1"},"headline":"Journ\u00e9e internationale de la jeune fille : L&rsquo;\u00e9ducation au c\u0153ur des pr\u00e9occupations au Tchad","datePublished":"2023-10-11T14:08:03+00:00","dateModified":"2023-10-11T15:37:12+00:00","mainEntityOfPage":{"@id":"https:\/\/www.africa-press.net\/tchad\/toutes-les-actualites\/journee-internationale-de-la-jeune-fille-leducation-au-coeur-des-preoccupations-au-tchad"},"wordCount":341,"commentCount":0,"image":{"@id":"https:\/\/www.africa-press.net\/tchad\/toutes-les-actualites\/journee-internationale-de-la-jeune-fille-leducation-au-coeur-des-preoccupations-au-tchad#primaryimage"},"thumbnailUrl":"https:\/\/static.africa-press.net\/tchad\/sites\/41\/2023\/10\/sm_1697025742.421244.jpg","keywords":["Africa Press","Africa Press-Tchad","Tchad"],"articleSection":["Communaut\u00e9","Toutes les actualit\u00e9s"],"inLanguage":"fr-FR","potentialAction":[{"@type":"CommentAction","name":"Comment","target":["https:\/\/www.africa-press.net\/tchad\/toutes-les-actualites\/journee-internationale-de-la-jeune-fille-leducation-au-coeur-des-preoccupations-au-tchad#respond"]}]},{"@type":"WebPage","@id":"https:\/\/www.africa-press.net\/tchad\/toutes-les-actualites\/journee-internationale-de-la-jeune-fille-leducation-au-coeur-des-preoccupations-au-tchad","url":"https:\/\/www.africa-press.net\/tchad\/toutes-les-actualites\/journee-internationale-de-la-jeune-fille-leducation-au-coeur-des-preoccupations-au-tchad","name":"Journ\u00e9e internationale de la jeune fille : L'\u00e9ducation au c\u0153ur des pr\u00e9occupations au Tchad - tchad","isPartOf":{"@id":"https:\/\/www.africa-press.net\/tchad\/#website"},"primaryImageOfPage":{"@id":"https:\/\/www.africa-press.net\/tchad\/toutes-les-actualites\/journee-internationale-de-la-jeune-fille-leducation-au-coeur-des-preoccupations-au-tchad#primaryimage"},"image":{"@id":"https:\/\/www.africa-press.net\/tchad\/toutes-les-actualites\/journee-internationale-de-la-jeune-fille-leducation-au-coeur-des-preoccupations-au-tchad#primaryimage"},"thumbnailUrl":"https:\/\/static.africa-press.net\/tchad\/sites\/41\/2023\/10\/sm_1697025742.421244.jpg","datePublished":"2023-10-11T14:08:03+00:00","dateModified":"2023-10-11T15:37:12+00:00","author":{"@id":"https:\/\/www.africa-press.net\/tchad\/#\/schema\/person\/2b1cf3cd81a31e3cd26889ca66d677f1"},"description":"Dans son discours d'ouverture, la directrice ge\u0301ne\u0301rale de la Maison nationale de la femme, Mai\u0308mouna Abdelkerim Kolbou, ...","breadcrumb":{"@id":"https:\/\/www.africa-press.net\/tchad\/toutes-les-actualites\/journee-internationale-de-la-jeune-fille-leducation-au-coeur-des-preoccupations-au-tchad#breadcrumb"},"inLanguage":"fr-FR","potentialAction":[{"@type":"ReadAction","target":["https:\/\/www.africa-press.net\/tchad\/toutes-les-actualites\/journee-internationale-de-la-jeune-fille-leducation-au-coeur-des-preoccupations-au-tchad"]}]},{"@type":"ImageObject","inLanguage":"fr-FR","@id":"https:\/\/www.africa-press.net\/tchad\/toutes-les-actualites\/journee-internationale-de-la-jeune-fille-leducation-au-coeur-des-preoccupations-au-tchad#primaryimage","url":"https:\/\/static.africa-press.net\/tchad\/sites\/41\/2023\/10\/sm_1697025742.421244.jpg","contentUrl":"https:\/\/static.africa-press.net\/tchad\/sites\/41\/2023\/10\/sm_1697025742.421244.jpg","width":1049,"height":690,"caption":"Journ\u00e9e internationale de la jeune fille : L'\u00e9ducation au c\u0153ur des pr\u00e9occupations au Tchad"},{"@type":"BreadcrumbList","@id":"https:\/\/www.africa-press.net\/tchad\/toutes-les-actualites\/journee-internationale-de-la-jeune-fille-leducation-au-coeur-des-preoccupations-au-tchad#breadcrumb","itemListElement":[{"@type":"ListItem","position":1,"name":"Accueil","item":"https:\/\/www.africa-press.net\/tchad\/"},{"@type":"ListItem","position":2,"name":"Journ\u00e9e internationale de la jeune fille : L&#8217;\u00e9ducation au c\u0153ur des pr\u00e9occupations au Tchad"}]},{"@type":"WebSite","@id":"https:\/\/www.africa-press.net\/tchad\/#website","url":"https:\/\/www.africa-press.net\/tchad\/","name":"tchad","description":"Just another Africa News Agency Sites site","potentialAction":[{"@type":"SearchAction","target":{"@type":"EntryPoint","urlTemplate":"https:\/\/www.africa-press.net\/tchad\/?s={search_term_string}"},"query-input":{"@type":"PropertyValueSpecification","valueRequired":true,"valueName":"search_term_string"}}],"inLanguage":"fr-FR"},{"@type":"Person","@id":"https:\/\/www.africa-press.net\/tchad\/#\/schema\/person\/2b1cf3cd81a31e3cd26889ca66d677f1","name":"cfeditorfr"}]}},"_links":{"self":[{"href":"https:\/\/www.africa-press.net\/tchad\/wp-json\/wp\/v2\/posts\/52130","targetHints":{"allow":["GET"]}}],"collection":[{"href":"https:\/\/www.africa-press.net\/tchad\/wp-json\/wp\/v2\/posts"}],"about":[{"href":"https:\/\/www.africa-press.net\/tchad\/wp-json\/wp\/v2\/types\/post"}],"author":[{"embeddable":true,"href":"https:\/\/www.africa-press.net\/tchad\/wp-json\/wp\/v2\/users\/82"}],"replies":[{"embeddable":true,"href":"https:\/\/www.africa-press.net\/tchad\/wp-json\/wp\/v2\/comments?post=52130"}],"version-history":[{"count":0,"href":"https:\/\/www.africa-press.net\/tchad\/wp-json\/wp\/v2\/posts\/52130\/revisions"}],"wp:featuredmedia":[{"embeddable":true,"href":"https:\/\/www.africa-press.net\/tchad\/wp-json\/wp\/v2\/media\/52129"}],"wp:attachment":[{"href":"https:\/\/www.africa-press.net\/tchad\/wp-json\/wp\/v2\/media?parent=52130"}],"wp:term":[{"taxonomy":"category","embeddable":true,"href":"https:\/\/www.africa-press.net\/tchad\/wp-json\/wp\/v2\/categories?post=52130"},{"taxonomy":"post_tag","embeddable":true,"href":"https:\/\/www.africa-press.net\/tchad\/wp-json\/wp\/v2\/tags?post=52130"}],"curies":[{"name":"wp","href":"https:\/\/api.w.org\/{rel}","templated":true}]}}