{"id":52161,"date":"2023-10-12T15:37:34","date_gmt":"2023-10-12T15:37:34","guid":{"rendered":"https:\/\/www.africa-press.net\/tchad\/politique\/le-sultan-du-dar-ouaddai-prone-la-paix-et-le-vivre-ensemble-dans-la-province"},"modified":"2023-10-12T16:32:28","modified_gmt":"2023-10-12T16:32:28","slug":"le-sultan-du-dar-ouaddai-prone-la-paix-et-le-vivre-ensemble-dans-la-province","status":"publish","type":"post","link":"https:\/\/www.africa-press.net\/tchad\/politique\/le-sultan-du-dar-ouaddai-prone-la-paix-et-le-vivre-ensemble-dans-la-province","title":{"rendered":"le sultan du Dar Ouadda\u00ef pr\u00f4ne la paix et le vivre ensemble dans la province"},"content":{"rendered":"<p><span style=\"color: #ff6600\"><strong>Africa-Press &#8211; Tchad. <\/strong><\/span>Le sultan du Dar-Ouaddai\u0308, sa majeste\u0301 Che\u0301rif Abdelhadi Mahadi a entame\u0301 ce mercredi 11 octobre 2023, une tourne\u0301e de sensibilisation sur la cohabitation pacifique et le vivre ensemble dans la province.<\/p>\n<p>Koutoul, localite\u0301 situe\u0301e a\u0300 une trentaine de kilome\u0300tres au Nord\/Est de la ville d&rsquo;Abe\u0301che\u0301, dans le canton Mandjobok, sous-pre\u0301fecture d&rsquo;Amlayouna, est la premie\u0300re e\u0301tape de cette tourne\u0301e.<\/p>\n<p>Le sultan a anime\u0301 un meeting populaire sur le vivre ensemble, la cohabitation pacifique et la cohe\u0301sion sociale. C&rsquo;e\u0301tait en pre\u0301sence du chef de canton Mandjobok, Abdelkhadir Youssouf, celui de Marfa, Abdeldjelil Tahir Abdeldjelil, du chef de canton Khachoumal Wadi Djamaladine Hissein Moukhtar, celui du tribu Houzam, et du conseiller national Abdel-Aziz Youssouf.<\/p>\n<p>La population est sortie nombreuse pour e\u0301couter le message du Premier responsable traditionnel de province du Ouaddai\u0308. Le sultan Che\u0301rif Abdelhadi Mahadi a axe\u0301 son intervention sur l&rsquo;importance de la paix et de la se\u0301curite\u0301.<\/p>\n<p>\u00ab La province du Ouaddai\u0308 est connue par son histoire et ses civilisations, vous devez prendre l&rsquo;exemple de vos arrie\u0300res grands parents, pour vivre en harmonie \u00bb, a dit le sultan a\u0300 la population de Koutoul. La question de l\u2019amour du prochain, de l&rsquo;acceptation de l&rsquo;autre et de la cohe\u0301sion sociale, n&rsquo;a pas e\u0301te\u0301 perdue de vue par le sultan.<\/p>\n<p><strong>Pour plus d&rsquo;informations et d&rsquo;analyses sur la <a href=\"https:\/\/www.africa-press.net\/tchad\">Tchad<\/a>, suivez <a href=\"https:\/\/www.africa-press.net\/\">Africa-Press<\/a><\/strong><\/p>\n","protected":false},"excerpt":{"rendered":"<p>Africa-Press &#8211; Tchad. Le sultan du Dar-Ouaddai\u0308, sa majeste\u0301 Che\u0301rif Abdelhadi Mahadi a entame\u0301 ce mercredi 11 octobre 2023, une tourne\u0301e de sensibilisation sur la cohabitation pacifique et le vivre ensemble dans la province. Koutoul, localite\u0301 situe\u0301e a\u0300 une trentaine de kilome\u0300tres au Nord\/Est de la ville d&rsquo;Abe\u0301che\u0301, dans le canton Mandjobok, sous-pre\u0301fecture d&rsquo;Amlayouna, est [&hellip;]<\/p>\n","protected":false},"author":82,"featured_media":52159,"comment_status":"open","ping_status":"closed","sticky":false,"template":"","format":"standard","meta":{"footnotes":""},"categories":[2,10],"tags":[37,292,29],"class_list":["post-52161","post","type-post","status-publish","format-standard","has-post-thumbnail","hentry","category-politique","category-toutes-les-actualites","tag-africa-press","tag-africa-press-tchad","tag-tchad"],"yoast_head":"<!-- This site is optimized with the Yoast SEO Premium plugin v26.1 (Yoast SEO v27.0) - https:\/\/yoast.com\/product\/yoast-seo-premium-wordpress\/ -->\n<title>le sultan du Dar Ouadda\u00ef pr\u00f4ne la paix et le vivre ensemble dans la province - tchad<\/title>\n<meta name=\"description\" content=\"Le sultan du Dar-Ouaddai\u0308, sa majeste\u0301 Che\u0301rif Abdelhadi Mahadi a entame\u0301 ce mercredi 11 octobre 2023, une tourne\u0301e de s ...\" \/>\n<meta name=\"robots\" content=\"index, follow, max-snippet:-1, max-image-preview:large, max-video-preview:-1\" \/>\n<link rel=\"canonical\" href=\"https:\/\/www.africa-press.net\/tchad\/politique\/le-sultan-du-dar-ouaddai-prone-la-paix-et-le-vivre-ensemble-dans-la-province\" \/>\n<meta property=\"og:locale\" content=\"fr_FR\" \/>\n<meta property=\"og:type\" content=\"article\" \/>\n<meta property=\"og:title\" content=\"le sultan du Dar Ouadda\u00ef pr\u00f4ne la paix et le vivre ensemble dans la province\" \/>\n<meta property=\"og:description\" content=\"Le sultan du Dar-Ouaddai\u0308, sa majeste\u0301 Che\u0301rif Abdelhadi Mahadi a entame\u0301 ce mercredi 11 octobre 2023, une tourne\u0301e de s ...\" \/>\n<meta property=\"og:url\" content=\"https:\/\/www.africa-press.net\/tchad\/politique\/le-sultan-du-dar-ouaddai-prone-la-paix-et-le-vivre-ensemble-dans-la-province\" \/>\n<meta property=\"og:site_name\" content=\"tchad\" \/>\n<meta property=\"article:published_time\" content=\"2023-10-12T15:37:34+00:00\" \/>\n<meta property=\"article:modified_time\" content=\"2023-10-12T16:32:28+00:00\" \/>\n<meta property=\"og:image\" content=\"https:\/\/static.africa-press.net\/tchad\/sites\/41\/2023\/10\/sm_1697115704.081929.jpg\" \/>\n\t<meta property=\"og:image:width\" content=\"1080\" \/>\n\t<meta property=\"og:image:height\" content=\"608\" \/>\n\t<meta property=\"og:image:type\" content=\"image\/jpeg\" \/>\n<meta name=\"author\" content=\"cfeditorfr\" \/>\n<meta name=\"twitter:card\" content=\"summary_large_image\" \/>\n<meta name=\"twitter:label1\" content=\"\u00c9crit par\" \/>\n\t<meta name=\"twitter:data1\" content=\"cfeditorfr\" \/>\n\t<meta name=\"twitter:label2\" content=\"Dur\u00e9e de lecture estim\u00e9e\" \/>\n\t<meta name=\"twitter:data2\" content=\"2 minutes\" \/>\n<script type=\"application\/ld+json\" class=\"yoast-schema-graph\">{\"@context\":\"https:\/\/schema.org\",\"@graph\":[{\"@type\":\"Article\",\"@id\":\"https:\/\/www.africa-press.net\/tchad\/politique\/le-sultan-du-dar-ouaddai-prone-la-paix-et-le-vivre-ensemble-dans-la-province#article\",\"isPartOf\":{\"@id\":\"https:\/\/www.africa-press.net\/tchad\/politique\/le-sultan-du-dar-ouaddai-prone-la-paix-et-le-vivre-ensemble-dans-la-province\"},\"author\":{\"name\":\"cfeditorfr\",\"@id\":\"https:\/\/www.africa-press.net\/tchad\/#\/schema\/person\/2b1cf3cd81a31e3cd26889ca66d677f1\"},\"headline\":\"le sultan du Dar Ouadda\u00ef pr\u00f4ne la paix et le vivre ensemble dans la province\",\"datePublished\":\"2023-10-12T15:37:34+00:00\",\"dateModified\":\"2023-10-12T16:32:28+00:00\",\"mainEntityOfPage\":{\"@id\":\"https:\/\/www.africa-press.net\/tchad\/politique\/le-sultan-du-dar-ouaddai-prone-la-paix-et-le-vivre-ensemble-dans-la-province\"},\"wordCount\":261,\"commentCount\":0,\"image\":{\"@id\":\"https:\/\/www.africa-press.net\/tchad\/politique\/le-sultan-du-dar-ouaddai-prone-la-paix-et-le-vivre-ensemble-dans-la-province#primaryimage\"},\"thumbnailUrl\":\"https:\/\/static.africa-press.net\/tchad\/sites\/41\/2023\/10\/sm_1697115704.081929.jpg\",\"keywords\":[\"Africa Press\",\"Africa Press-Tchad\",\"Tchad\"],\"articleSection\":[\"Politique\",\"Toutes les actualit\u00e9s\"],\"inLanguage\":\"fr-FR\",\"potentialAction\":[{\"@type\":\"CommentAction\",\"name\":\"Comment\",\"target\":[\"https:\/\/www.africa-press.net\/tchad\/politique\/le-sultan-du-dar-ouaddai-prone-la-paix-et-le-vivre-ensemble-dans-la-province#respond\"]}]},{\"@type\":\"WebPage\",\"@id\":\"https:\/\/www.africa-press.net\/tchad\/politique\/le-sultan-du-dar-ouaddai-prone-la-paix-et-le-vivre-ensemble-dans-la-province\",\"url\":\"https:\/\/www.africa-press.net\/tchad\/politique\/le-sultan-du-dar-ouaddai-prone-la-paix-et-le-vivre-ensemble-dans-la-province\",\"name\":\"le sultan du Dar Ouadda\u00ef pr\u00f4ne la paix et le vivre ensemble dans la province - tchad\",\"isPartOf\":{\"@id\":\"https:\/\/www.africa-press.net\/tchad\/#website\"},\"primaryImageOfPage\":{\"@id\":\"https:\/\/www.africa-press.net\/tchad\/politique\/le-sultan-du-dar-ouaddai-prone-la-paix-et-le-vivre-ensemble-dans-la-province#primaryimage\"},\"image\":{\"@id\":\"https:\/\/www.africa-press.net\/tchad\/politique\/le-sultan-du-dar-ouaddai-prone-la-paix-et-le-vivre-ensemble-dans-la-province#primaryimage\"},\"thumbnailUrl\":\"https:\/\/static.africa-press.net\/tchad\/sites\/41\/2023\/10\/sm_1697115704.081929.jpg\",\"datePublished\":\"2023-10-12T15:37:34+00:00\",\"dateModified\":\"2023-10-12T16:32:28+00:00\",\"author\":{\"@id\":\"https:\/\/www.africa-press.net\/tchad\/#\/schema\/person\/2b1cf3cd81a31e3cd26889ca66d677f1\"},\"description\":\"Le sultan du Dar-Ouaddai\u0308, sa majeste\u0301 Che\u0301rif Abdelhadi Mahadi a entame\u0301 ce mercredi 11 octobre 2023, une tourne\u0301e de s ...\",\"breadcrumb\":{\"@id\":\"https:\/\/www.africa-press.net\/tchad\/politique\/le-sultan-du-dar-ouaddai-prone-la-paix-et-le-vivre-ensemble-dans-la-province#breadcrumb\"},\"inLanguage\":\"fr-FR\",\"potentialAction\":[{\"@type\":\"ReadAction\",\"target\":[\"https:\/\/www.africa-press.net\/tchad\/politique\/le-sultan-du-dar-ouaddai-prone-la-paix-et-le-vivre-ensemble-dans-la-province\"]}]},{\"@type\":\"ImageObject\",\"inLanguage\":\"fr-FR\",\"@id\":\"https:\/\/www.africa-press.net\/tchad\/politique\/le-sultan-du-dar-ouaddai-prone-la-paix-et-le-vivre-ensemble-dans-la-province#primaryimage\",\"url\":\"https:\/\/static.africa-press.net\/tchad\/sites\/41\/2023\/10\/sm_1697115704.081929.jpg\",\"contentUrl\":\"https:\/\/static.africa-press.net\/tchad\/sites\/41\/2023\/10\/sm_1697115704.081929.jpg\",\"width\":1080,\"height\":608,\"caption\":\"le sultan du Dar Ouadda\u00ef pr\u00f4ne la paix et le vivre ensemble dans la province\"},{\"@type\":\"BreadcrumbList\",\"@id\":\"https:\/\/www.africa-press.net\/tchad\/politique\/le-sultan-du-dar-ouaddai-prone-la-paix-et-le-vivre-ensemble-dans-la-province#breadcrumb\",\"itemListElement\":[{\"@type\":\"ListItem\",\"position\":1,\"name\":\"Accueil\",\"item\":\"https:\/\/www.africa-press.net\/tchad\/\"},{\"@type\":\"ListItem\",\"position\":2,\"name\":\"le sultan du Dar Ouadda\u00ef pr\u00f4ne la paix et le vivre ensemble dans la province\"}]},{\"@type\":\"WebSite\",\"@id\":\"https:\/\/www.africa-press.net\/tchad\/#website\",\"url\":\"https:\/\/www.africa-press.net\/tchad\/\",\"name\":\"tchad\",\"description\":\"Just another Africa News Agency Sites site\",\"potentialAction\":[{\"@type\":\"SearchAction\",\"target\":{\"@type\":\"EntryPoint\",\"urlTemplate\":\"https:\/\/www.africa-press.net\/tchad\/?s={search_term_string}\"},\"query-input\":{\"@type\":\"PropertyValueSpecification\",\"valueRequired\":true,\"valueName\":\"search_term_string\"}}],\"inLanguage\":\"fr-FR\"},{\"@type\":\"Person\",\"@id\":\"https:\/\/www.africa-press.net\/tchad\/#\/schema\/person\/2b1cf3cd81a31e3cd26889ca66d677f1\",\"name\":\"cfeditorfr\"}]}<\/script>\n<!-- \/ Yoast SEO Premium plugin. -->","yoast_head_json":{"title":"le sultan du Dar Ouadda\u00ef pr\u00f4ne la paix et le vivre ensemble dans la province - tchad","description":"Le sultan du Dar-Ouaddai\u0308, sa majeste\u0301 Che\u0301rif Abdelhadi Mahadi a entame\u0301 ce mercredi 11 octobre 2023, une tourne\u0301e de s ...","robots":{"index":"index","follow":"follow","max-snippet":"max-snippet:-1","max-image-preview":"max-image-preview:large","max-video-preview":"max-video-preview:-1"},"canonical":"https:\/\/www.africa-press.net\/tchad\/politique\/le-sultan-du-dar-ouaddai-prone-la-paix-et-le-vivre-ensemble-dans-la-province","og_locale":"fr_FR","og_type":"article","og_title":"le sultan du Dar Ouadda\u00ef pr\u00f4ne la paix et le vivre ensemble dans la province","og_description":"Le sultan du Dar-Ouaddai\u0308, sa majeste\u0301 Che\u0301rif Abdelhadi Mahadi a entame\u0301 ce mercredi 11 octobre 2023, une tourne\u0301e de s ...","og_url":"https:\/\/www.africa-press.net\/tchad\/politique\/le-sultan-du-dar-ouaddai-prone-la-paix-et-le-vivre-ensemble-dans-la-province","og_site_name":"tchad","article_published_time":"2023-10-12T15:37:34+00:00","article_modified_time":"2023-10-12T16:32:28+00:00","og_image":[{"width":1080,"height":608,"url":"https:\/\/static.africa-press.net\/tchad\/sites\/41\/2023\/10\/sm_1697115704.081929.jpg","type":"image\/jpeg"}],"author":"cfeditorfr","twitter_card":"summary_large_image","twitter_misc":{"\u00c9crit par":"cfeditorfr","Dur\u00e9e de lecture estim\u00e9e":"2 minutes"},"schema":{"@context":"https:\/\/schema.org","@graph":[{"@type":"Article","@id":"https:\/\/www.africa-press.net\/tchad\/politique\/le-sultan-du-dar-ouaddai-prone-la-paix-et-le-vivre-ensemble-dans-la-province#article","isPartOf":{"@id":"https:\/\/www.africa-press.net\/tchad\/politique\/le-sultan-du-dar-ouaddai-prone-la-paix-et-le-vivre-ensemble-dans-la-province"},"author":{"name":"cfeditorfr","@id":"https:\/\/www.africa-press.net\/tchad\/#\/schema\/person\/2b1cf3cd81a31e3cd26889ca66d677f1"},"headline":"le sultan du Dar Ouadda\u00ef pr\u00f4ne la paix et le vivre ensemble dans la province","datePublished":"2023-10-12T15:37:34+00:00","dateModified":"2023-10-12T16:32:28+00:00","mainEntityOfPage":{"@id":"https:\/\/www.africa-press.net\/tchad\/politique\/le-sultan-du-dar-ouaddai-prone-la-paix-et-le-vivre-ensemble-dans-la-province"},"wordCount":261,"commentCount":0,"image":{"@id":"https:\/\/www.africa-press.net\/tchad\/politique\/le-sultan-du-dar-ouaddai-prone-la-paix-et-le-vivre-ensemble-dans-la-province#primaryimage"},"thumbnailUrl":"https:\/\/static.africa-press.net\/tchad\/sites\/41\/2023\/10\/sm_1697115704.081929.jpg","keywords":["Africa Press","Africa Press-Tchad","Tchad"],"articleSection":["Politique","Toutes les actualit\u00e9s"],"inLanguage":"fr-FR","potentialAction":[{"@type":"CommentAction","name":"Comment","target":["https:\/\/www.africa-press.net\/tchad\/politique\/le-sultan-du-dar-ouaddai-prone-la-paix-et-le-vivre-ensemble-dans-la-province#respond"]}]},{"@type":"WebPage","@id":"https:\/\/www.africa-press.net\/tchad\/politique\/le-sultan-du-dar-ouaddai-prone-la-paix-et-le-vivre-ensemble-dans-la-province","url":"https:\/\/www.africa-press.net\/tchad\/politique\/le-sultan-du-dar-ouaddai-prone-la-paix-et-le-vivre-ensemble-dans-la-province","name":"le sultan du Dar Ouadda\u00ef pr\u00f4ne la paix et le vivre ensemble dans la province - tchad","isPartOf":{"@id":"https:\/\/www.africa-press.net\/tchad\/#website"},"primaryImageOfPage":{"@id":"https:\/\/www.africa-press.net\/tchad\/politique\/le-sultan-du-dar-ouaddai-prone-la-paix-et-le-vivre-ensemble-dans-la-province#primaryimage"},"image":{"@id":"https:\/\/www.africa-press.net\/tchad\/politique\/le-sultan-du-dar-ouaddai-prone-la-paix-et-le-vivre-ensemble-dans-la-province#primaryimage"},"thumbnailUrl":"https:\/\/static.africa-press.net\/tchad\/sites\/41\/2023\/10\/sm_1697115704.081929.jpg","datePublished":"2023-10-12T15:37:34+00:00","dateModified":"2023-10-12T16:32:28+00:00","author":{"@id":"https:\/\/www.africa-press.net\/tchad\/#\/schema\/person\/2b1cf3cd81a31e3cd26889ca66d677f1"},"description":"Le sultan du Dar-Ouaddai\u0308, sa majeste\u0301 Che\u0301rif Abdelhadi Mahadi a entame\u0301 ce mercredi 11 octobre 2023, une tourne\u0301e de s ...","breadcrumb":{"@id":"https:\/\/www.africa-press.net\/tchad\/politique\/le-sultan-du-dar-ouaddai-prone-la-paix-et-le-vivre-ensemble-dans-la-province#breadcrumb"},"inLanguage":"fr-FR","potentialAction":[{"@type":"ReadAction","target":["https:\/\/www.africa-press.net\/tchad\/politique\/le-sultan-du-dar-ouaddai-prone-la-paix-et-le-vivre-ensemble-dans-la-province"]}]},{"@type":"ImageObject","inLanguage":"fr-FR","@id":"https:\/\/www.africa-press.net\/tchad\/politique\/le-sultan-du-dar-ouaddai-prone-la-paix-et-le-vivre-ensemble-dans-la-province#primaryimage","url":"https:\/\/static.africa-press.net\/tchad\/sites\/41\/2023\/10\/sm_1697115704.081929.jpg","contentUrl":"https:\/\/static.africa-press.net\/tchad\/sites\/41\/2023\/10\/sm_1697115704.081929.jpg","width":1080,"height":608,"caption":"le sultan du Dar Ouadda\u00ef pr\u00f4ne la paix et le vivre ensemble dans la province"},{"@type":"BreadcrumbList","@id":"https:\/\/www.africa-press.net\/tchad\/politique\/le-sultan-du-dar-ouaddai-prone-la-paix-et-le-vivre-ensemble-dans-la-province#breadcrumb","itemListElement":[{"@type":"ListItem","position":1,"name":"Accueil","item":"https:\/\/www.africa-press.net\/tchad\/"},{"@type":"ListItem","position":2,"name":"le sultan du Dar Ouadda\u00ef pr\u00f4ne la paix et le vivre ensemble dans la province"}]},{"@type":"WebSite","@id":"https:\/\/www.africa-press.net\/tchad\/#website","url":"https:\/\/www.africa-press.net\/tchad\/","name":"tchad","description":"Just another Africa News Agency Sites site","potentialAction":[{"@type":"SearchAction","target":{"@type":"EntryPoint","urlTemplate":"https:\/\/www.africa-press.net\/tchad\/?s={search_term_string}"},"query-input":{"@type":"PropertyValueSpecification","valueRequired":true,"valueName":"search_term_string"}}],"inLanguage":"fr-FR"},{"@type":"Person","@id":"https:\/\/www.africa-press.net\/tchad\/#\/schema\/person\/2b1cf3cd81a31e3cd26889ca66d677f1","name":"cfeditorfr"}]}},"_links":{"self":[{"href":"https:\/\/www.africa-press.net\/tchad\/wp-json\/wp\/v2\/posts\/52161","targetHints":{"allow":["GET"]}}],"collection":[{"href":"https:\/\/www.africa-press.net\/tchad\/wp-json\/wp\/v2\/posts"}],"about":[{"href":"https:\/\/www.africa-press.net\/tchad\/wp-json\/wp\/v2\/types\/post"}],"author":[{"embeddable":true,"href":"https:\/\/www.africa-press.net\/tchad\/wp-json\/wp\/v2\/users\/82"}],"replies":[{"embeddable":true,"href":"https:\/\/www.africa-press.net\/tchad\/wp-json\/wp\/v2\/comments?post=52161"}],"version-history":[{"count":0,"href":"https:\/\/www.africa-press.net\/tchad\/wp-json\/wp\/v2\/posts\/52161\/revisions"}],"wp:featuredmedia":[{"embeddable":true,"href":"https:\/\/www.africa-press.net\/tchad\/wp-json\/wp\/v2\/media\/52159"}],"wp:attachment":[{"href":"https:\/\/www.africa-press.net\/tchad\/wp-json\/wp\/v2\/media?parent=52161"}],"wp:term":[{"taxonomy":"category","embeddable":true,"href":"https:\/\/www.africa-press.net\/tchad\/wp-json\/wp\/v2\/categories?post=52161"},{"taxonomy":"post_tag","embeddable":true,"href":"https:\/\/www.africa-press.net\/tchad\/wp-json\/wp\/v2\/tags?post=52161"}],"curies":[{"name":"wp","href":"https:\/\/api.w.org\/{rel}","templated":true}]}}