{"id":52169,"date":"2023-10-12T15:38:19","date_gmt":"2023-10-12T15:38:19","guid":{"rendered":"https:\/\/www.africa-press.net\/tchad\/politique\/niger-debut-du-desengagement-des-troupes-francaises-avec-brefs-transits-prevus-par-le-tchad"},"modified":"2023-10-12T16:33:35","modified_gmt":"2023-10-12T16:33:35","slug":"niger-debut-du-desengagement-des-troupes-francaises-avec-brefs-transits-prevus-par-le-tchad","status":"publish","type":"post","link":"https:\/\/www.africa-press.net\/tchad\/politique\/niger-debut-du-desengagement-des-troupes-francaises-avec-brefs-transits-prevus-par-le-tchad","title":{"rendered":"Niger : d\u00e9but du d\u00e9sengagement des troupes fran\u00e7aises avec brefs transits pr\u00e9vus par le Tchad"},"content":{"rendered":"<p><span style=\"color: #ff6600\"><strong>Africa-Press &#8211; Tchad. <\/strong><\/span>Le 24 septembre dernier, le Pre\u0301sident de la Re\u0301publique franc\u0327aise Emmanuel Macron a ordonne\u0301 le rapatriement des militaires de\u0301ploye\u0301s au Niger. La man\u0153uvre est de\u0301sormais engage\u0301e en coordination avec le Niger, informe les forces franc\u0327aises au Sahel, dans un communique\u0301 transmis a\u0300 Alwihda Info.<\/p>\n<p>Mardi 10 octobre 2023, plusieurs vols transportant des militaires et du fret ont e\u0301te\u0301 organise\u0301s au de\u0301part de Niamey pour rejoindre la France directement ou via N\u2019Djamena. De me\u0302me, un premier convoi constitue\u0301 de soldats franc\u0327ais et de ve\u0301hicules militaires a quitte\u0301 les bases de Ouallam et Tabarey-Barey accompagne\u0301 par des forces de se\u0301curite\u0301 nige\u0301riennes. Compte tenu de la situation re\u0301gionale, l\u2019itine\u0301raire routier emprunte un transit vers le Tchad, d\u2019ou\u0300 les soldats franc\u0327ais et les ve\u0301hicules rejoindront ensuite la France.<\/p>\n<p>La man\u0153uvre globale de de\u0301sengagement pre\u0301voit en effet un retour vers la France de l\u2019ensemble des forces de\u0301ploye\u0301es au Niger. Toutes les dispositions ont e\u0301te\u0301 prises pour que ces mouvements se de\u0301roulent en bon ordre et en se\u0301curite\u0301. L\u2019objectif est de re\u0301aliser un de\u0301sengagement mai\u0302trise\u0301 et selon un calendrier partage\u0301.<\/p>\n<p><strong>Pour plus d&rsquo;informations et d&rsquo;analyses sur la <a href=\"https:\/\/www.africa-press.net\/tchad\">Tchad<\/a>, suivez <a href=\"https:\/\/www.africa-press.net\/\">Africa-Press<\/a><\/strong><\/p>\n","protected":false},"excerpt":{"rendered":"<p>Africa-Press &#8211; Tchad. Le 24 septembre dernier, le Pre\u0301sident de la Re\u0301publique franc\u0327aise Emmanuel Macron a ordonne\u0301 le rapatriement des militaires de\u0301ploye\u0301s au Niger. La man\u0153uvre est de\u0301sormais engage\u0301e en coordination avec le Niger, informe les forces franc\u0327aises au Sahel, dans un communique\u0301 transmis a\u0300 Alwihda Info. Mardi 10 octobre 2023, plusieurs vols transportant des [&hellip;]<\/p>\n","protected":false},"author":82,"featured_media":52168,"comment_status":"open","ping_status":"closed","sticky":false,"template":"","format":"standard","meta":{"footnotes":""},"categories":[2,10],"tags":[37,292,29],"class_list":["post-52169","post","type-post","status-publish","format-standard","has-post-thumbnail","hentry","category-politique","category-toutes-les-actualites","tag-africa-press","tag-africa-press-tchad","tag-tchad"],"yoast_head":"<!-- This site is optimized with the Yoast SEO Premium plugin v26.1 (Yoast SEO v27.0) - https:\/\/yoast.com\/product\/yoast-seo-premium-wordpress\/ -->\n<title>Niger : d\u00e9but du d\u00e9sengagement des troupes fran\u00e7aises avec brefs transits pr\u00e9vus par le Tchad - tchad<\/title>\n<meta name=\"description\" content=\"Le 24 septembre dernier, le Pre\u0301sident de la Re\u0301publique franc\u0327aise Emmanuel Macron a ordonne\u0301 le rapatriement des milit ...\" \/>\n<meta name=\"robots\" content=\"index, follow, max-snippet:-1, max-image-preview:large, max-video-preview:-1\" \/>\n<link rel=\"canonical\" href=\"https:\/\/www.africa-press.net\/tchad\/politique\/niger-debut-du-desengagement-des-troupes-francaises-avec-brefs-transits-prevus-par-le-tchad\" \/>\n<meta property=\"og:locale\" content=\"fr_FR\" \/>\n<meta property=\"og:type\" content=\"article\" \/>\n<meta property=\"og:title\" content=\"Niger : d\u00e9but du d\u00e9sengagement des troupes fran\u00e7aises avec brefs transits pr\u00e9vus par le Tchad\" \/>\n<meta property=\"og:description\" content=\"Le 24 septembre dernier, le Pre\u0301sident de la Re\u0301publique franc\u0327aise Emmanuel Macron a ordonne\u0301 le rapatriement des milit ...\" \/>\n<meta property=\"og:url\" content=\"https:\/\/www.africa-press.net\/tchad\/politique\/niger-debut-du-desengagement-des-troupes-francaises-avec-brefs-transits-prevus-par-le-tchad\" \/>\n<meta property=\"og:site_name\" content=\"tchad\" \/>\n<meta property=\"article:published_time\" content=\"2023-10-12T15:38:19+00:00\" \/>\n<meta property=\"article:modified_time\" content=\"2023-10-12T16:33:35+00:00\" \/>\n<meta property=\"og:image\" content=\"https:\/\/static.africa-press.net\/tchad\/sites\/41\/2023\/10\/sm_1697115770.737161.jpg\" \/>\n\t<meta property=\"og:image:width\" content=\"1280\" \/>\n\t<meta property=\"og:image:height\" content=\"720\" \/>\n\t<meta property=\"og:image:type\" content=\"image\/jpeg\" \/>\n<meta name=\"author\" content=\"cfeditorfr\" \/>\n<meta name=\"twitter:card\" content=\"summary_large_image\" \/>\n<meta name=\"twitter:label1\" content=\"\u00c9crit par\" \/>\n\t<meta name=\"twitter:data1\" content=\"cfeditorfr\" \/>\n\t<meta name=\"twitter:label2\" content=\"Dur\u00e9e de lecture estim\u00e9e\" \/>\n\t<meta name=\"twitter:data2\" content=\"1 minute\" \/>\n<script type=\"application\/ld+json\" class=\"yoast-schema-graph\">{\"@context\":\"https:\/\/schema.org\",\"@graph\":[{\"@type\":\"Article\",\"@id\":\"https:\/\/www.africa-press.net\/tchad\/politique\/niger-debut-du-desengagement-des-troupes-francaises-avec-brefs-transits-prevus-par-le-tchad#article\",\"isPartOf\":{\"@id\":\"https:\/\/www.africa-press.net\/tchad\/politique\/niger-debut-du-desengagement-des-troupes-francaises-avec-brefs-transits-prevus-par-le-tchad\"},\"author\":{\"name\":\"cfeditorfr\",\"@id\":\"https:\/\/www.africa-press.net\/tchad\/#\/schema\/person\/2b1cf3cd81a31e3cd26889ca66d677f1\"},\"headline\":\"Niger : d\u00e9but du d\u00e9sengagement des troupes fran\u00e7aises avec brefs transits pr\u00e9vus par le Tchad\",\"datePublished\":\"2023-10-12T15:38:19+00:00\",\"dateModified\":\"2023-10-12T16:33:35+00:00\",\"mainEntityOfPage\":{\"@id\":\"https:\/\/www.africa-press.net\/tchad\/politique\/niger-debut-du-desengagement-des-troupes-francaises-avec-brefs-transits-prevus-par-le-tchad\"},\"wordCount\":241,\"commentCount\":0,\"image\":{\"@id\":\"https:\/\/www.africa-press.net\/tchad\/politique\/niger-debut-du-desengagement-des-troupes-francaises-avec-brefs-transits-prevus-par-le-tchad#primaryimage\"},\"thumbnailUrl\":\"https:\/\/static.africa-press.net\/tchad\/sites\/41\/2023\/10\/sm_1697115770.737161.jpg\",\"keywords\":[\"Africa Press\",\"Africa Press-Tchad\",\"Tchad\"],\"articleSection\":[\"Politique\",\"Toutes les actualit\u00e9s\"],\"inLanguage\":\"fr-FR\",\"potentialAction\":[{\"@type\":\"CommentAction\",\"name\":\"Comment\",\"target\":[\"https:\/\/www.africa-press.net\/tchad\/politique\/niger-debut-du-desengagement-des-troupes-francaises-avec-brefs-transits-prevus-par-le-tchad#respond\"]}]},{\"@type\":\"WebPage\",\"@id\":\"https:\/\/www.africa-press.net\/tchad\/politique\/niger-debut-du-desengagement-des-troupes-francaises-avec-brefs-transits-prevus-par-le-tchad\",\"url\":\"https:\/\/www.africa-press.net\/tchad\/politique\/niger-debut-du-desengagement-des-troupes-francaises-avec-brefs-transits-prevus-par-le-tchad\",\"name\":\"Niger : d\u00e9but du d\u00e9sengagement des troupes fran\u00e7aises avec brefs transits pr\u00e9vus par le Tchad - tchad\",\"isPartOf\":{\"@id\":\"https:\/\/www.africa-press.net\/tchad\/#website\"},\"primaryImageOfPage\":{\"@id\":\"https:\/\/www.africa-press.net\/tchad\/politique\/niger-debut-du-desengagement-des-troupes-francaises-avec-brefs-transits-prevus-par-le-tchad#primaryimage\"},\"image\":{\"@id\":\"https:\/\/www.africa-press.net\/tchad\/politique\/niger-debut-du-desengagement-des-troupes-francaises-avec-brefs-transits-prevus-par-le-tchad#primaryimage\"},\"thumbnailUrl\":\"https:\/\/static.africa-press.net\/tchad\/sites\/41\/2023\/10\/sm_1697115770.737161.jpg\",\"datePublished\":\"2023-10-12T15:38:19+00:00\",\"dateModified\":\"2023-10-12T16:33:35+00:00\",\"author\":{\"@id\":\"https:\/\/www.africa-press.net\/tchad\/#\/schema\/person\/2b1cf3cd81a31e3cd26889ca66d677f1\"},\"description\":\"Le 24 septembre dernier, le Pre\u0301sident de la Re\u0301publique franc\u0327aise Emmanuel Macron a ordonne\u0301 le rapatriement des milit ...\",\"breadcrumb\":{\"@id\":\"https:\/\/www.africa-press.net\/tchad\/politique\/niger-debut-du-desengagement-des-troupes-francaises-avec-brefs-transits-prevus-par-le-tchad#breadcrumb\"},\"inLanguage\":\"fr-FR\",\"potentialAction\":[{\"@type\":\"ReadAction\",\"target\":[\"https:\/\/www.africa-press.net\/tchad\/politique\/niger-debut-du-desengagement-des-troupes-francaises-avec-brefs-transits-prevus-par-le-tchad\"]}]},{\"@type\":\"ImageObject\",\"inLanguage\":\"fr-FR\",\"@id\":\"https:\/\/www.africa-press.net\/tchad\/politique\/niger-debut-du-desengagement-des-troupes-francaises-avec-brefs-transits-prevus-par-le-tchad#primaryimage\",\"url\":\"https:\/\/static.africa-press.net\/tchad\/sites\/41\/2023\/10\/sm_1697115770.737161.jpg\",\"contentUrl\":\"https:\/\/static.africa-press.net\/tchad\/sites\/41\/2023\/10\/sm_1697115770.737161.jpg\",\"width\":1280,\"height\":720,\"caption\":\"Niger : d\u00e9but du d\u00e9sengagement des troupes fran\u00e7aises avec brefs transits pr\u00e9vus par le Tchad\"},{\"@type\":\"BreadcrumbList\",\"@id\":\"https:\/\/www.africa-press.net\/tchad\/politique\/niger-debut-du-desengagement-des-troupes-francaises-avec-brefs-transits-prevus-par-le-tchad#breadcrumb\",\"itemListElement\":[{\"@type\":\"ListItem\",\"position\":1,\"name\":\"Accueil\",\"item\":\"https:\/\/www.africa-press.net\/tchad\/\"},{\"@type\":\"ListItem\",\"position\":2,\"name\":\"Niger : d\u00e9but du d\u00e9sengagement des troupes fran\u00e7aises avec brefs transits pr\u00e9vus par le Tchad\"}]},{\"@type\":\"WebSite\",\"@id\":\"https:\/\/www.africa-press.net\/tchad\/#website\",\"url\":\"https:\/\/www.africa-press.net\/tchad\/\",\"name\":\"tchad\",\"description\":\"Just another Africa News Agency Sites site\",\"potentialAction\":[{\"@type\":\"SearchAction\",\"target\":{\"@type\":\"EntryPoint\",\"urlTemplate\":\"https:\/\/www.africa-press.net\/tchad\/?s={search_term_string}\"},\"query-input\":{\"@type\":\"PropertyValueSpecification\",\"valueRequired\":true,\"valueName\":\"search_term_string\"}}],\"inLanguage\":\"fr-FR\"},{\"@type\":\"Person\",\"@id\":\"https:\/\/www.africa-press.net\/tchad\/#\/schema\/person\/2b1cf3cd81a31e3cd26889ca66d677f1\",\"name\":\"cfeditorfr\"}]}<\/script>\n<!-- \/ Yoast SEO Premium plugin. -->","yoast_head_json":{"title":"Niger : d\u00e9but du d\u00e9sengagement des troupes fran\u00e7aises avec brefs transits pr\u00e9vus par le Tchad - tchad","description":"Le 24 septembre dernier, le Pre\u0301sident de la Re\u0301publique franc\u0327aise Emmanuel Macron a ordonne\u0301 le rapatriement des milit ...","robots":{"index":"index","follow":"follow","max-snippet":"max-snippet:-1","max-image-preview":"max-image-preview:large","max-video-preview":"max-video-preview:-1"},"canonical":"https:\/\/www.africa-press.net\/tchad\/politique\/niger-debut-du-desengagement-des-troupes-francaises-avec-brefs-transits-prevus-par-le-tchad","og_locale":"fr_FR","og_type":"article","og_title":"Niger : d\u00e9but du d\u00e9sengagement des troupes fran\u00e7aises avec brefs transits pr\u00e9vus par le Tchad","og_description":"Le 24 septembre dernier, le Pre\u0301sident de la Re\u0301publique franc\u0327aise Emmanuel Macron a ordonne\u0301 le rapatriement des milit ...","og_url":"https:\/\/www.africa-press.net\/tchad\/politique\/niger-debut-du-desengagement-des-troupes-francaises-avec-brefs-transits-prevus-par-le-tchad","og_site_name":"tchad","article_published_time":"2023-10-12T15:38:19+00:00","article_modified_time":"2023-10-12T16:33:35+00:00","og_image":[{"width":1280,"height":720,"url":"https:\/\/static.africa-press.net\/tchad\/sites\/41\/2023\/10\/sm_1697115770.737161.jpg","type":"image\/jpeg"}],"author":"cfeditorfr","twitter_card":"summary_large_image","twitter_misc":{"\u00c9crit par":"cfeditorfr","Dur\u00e9e de lecture estim\u00e9e":"1 minute"},"schema":{"@context":"https:\/\/schema.org","@graph":[{"@type":"Article","@id":"https:\/\/www.africa-press.net\/tchad\/politique\/niger-debut-du-desengagement-des-troupes-francaises-avec-brefs-transits-prevus-par-le-tchad#article","isPartOf":{"@id":"https:\/\/www.africa-press.net\/tchad\/politique\/niger-debut-du-desengagement-des-troupes-francaises-avec-brefs-transits-prevus-par-le-tchad"},"author":{"name":"cfeditorfr","@id":"https:\/\/www.africa-press.net\/tchad\/#\/schema\/person\/2b1cf3cd81a31e3cd26889ca66d677f1"},"headline":"Niger : d\u00e9but du d\u00e9sengagement des troupes fran\u00e7aises avec brefs transits pr\u00e9vus par le Tchad","datePublished":"2023-10-12T15:38:19+00:00","dateModified":"2023-10-12T16:33:35+00:00","mainEntityOfPage":{"@id":"https:\/\/www.africa-press.net\/tchad\/politique\/niger-debut-du-desengagement-des-troupes-francaises-avec-brefs-transits-prevus-par-le-tchad"},"wordCount":241,"commentCount":0,"image":{"@id":"https:\/\/www.africa-press.net\/tchad\/politique\/niger-debut-du-desengagement-des-troupes-francaises-avec-brefs-transits-prevus-par-le-tchad#primaryimage"},"thumbnailUrl":"https:\/\/static.africa-press.net\/tchad\/sites\/41\/2023\/10\/sm_1697115770.737161.jpg","keywords":["Africa Press","Africa Press-Tchad","Tchad"],"articleSection":["Politique","Toutes les actualit\u00e9s"],"inLanguage":"fr-FR","potentialAction":[{"@type":"CommentAction","name":"Comment","target":["https:\/\/www.africa-press.net\/tchad\/politique\/niger-debut-du-desengagement-des-troupes-francaises-avec-brefs-transits-prevus-par-le-tchad#respond"]}]},{"@type":"WebPage","@id":"https:\/\/www.africa-press.net\/tchad\/politique\/niger-debut-du-desengagement-des-troupes-francaises-avec-brefs-transits-prevus-par-le-tchad","url":"https:\/\/www.africa-press.net\/tchad\/politique\/niger-debut-du-desengagement-des-troupes-francaises-avec-brefs-transits-prevus-par-le-tchad","name":"Niger : d\u00e9but du d\u00e9sengagement des troupes fran\u00e7aises avec brefs transits pr\u00e9vus par le Tchad - tchad","isPartOf":{"@id":"https:\/\/www.africa-press.net\/tchad\/#website"},"primaryImageOfPage":{"@id":"https:\/\/www.africa-press.net\/tchad\/politique\/niger-debut-du-desengagement-des-troupes-francaises-avec-brefs-transits-prevus-par-le-tchad#primaryimage"},"image":{"@id":"https:\/\/www.africa-press.net\/tchad\/politique\/niger-debut-du-desengagement-des-troupes-francaises-avec-brefs-transits-prevus-par-le-tchad#primaryimage"},"thumbnailUrl":"https:\/\/static.africa-press.net\/tchad\/sites\/41\/2023\/10\/sm_1697115770.737161.jpg","datePublished":"2023-10-12T15:38:19+00:00","dateModified":"2023-10-12T16:33:35+00:00","author":{"@id":"https:\/\/www.africa-press.net\/tchad\/#\/schema\/person\/2b1cf3cd81a31e3cd26889ca66d677f1"},"description":"Le 24 septembre dernier, le Pre\u0301sident de la Re\u0301publique franc\u0327aise Emmanuel Macron a ordonne\u0301 le rapatriement des milit ...","breadcrumb":{"@id":"https:\/\/www.africa-press.net\/tchad\/politique\/niger-debut-du-desengagement-des-troupes-francaises-avec-brefs-transits-prevus-par-le-tchad#breadcrumb"},"inLanguage":"fr-FR","potentialAction":[{"@type":"ReadAction","target":["https:\/\/www.africa-press.net\/tchad\/politique\/niger-debut-du-desengagement-des-troupes-francaises-avec-brefs-transits-prevus-par-le-tchad"]}]},{"@type":"ImageObject","inLanguage":"fr-FR","@id":"https:\/\/www.africa-press.net\/tchad\/politique\/niger-debut-du-desengagement-des-troupes-francaises-avec-brefs-transits-prevus-par-le-tchad#primaryimage","url":"https:\/\/static.africa-press.net\/tchad\/sites\/41\/2023\/10\/sm_1697115770.737161.jpg","contentUrl":"https:\/\/static.africa-press.net\/tchad\/sites\/41\/2023\/10\/sm_1697115770.737161.jpg","width":1280,"height":720,"caption":"Niger : d\u00e9but du d\u00e9sengagement des troupes fran\u00e7aises avec brefs transits pr\u00e9vus par le Tchad"},{"@type":"BreadcrumbList","@id":"https:\/\/www.africa-press.net\/tchad\/politique\/niger-debut-du-desengagement-des-troupes-francaises-avec-brefs-transits-prevus-par-le-tchad#breadcrumb","itemListElement":[{"@type":"ListItem","position":1,"name":"Accueil","item":"https:\/\/www.africa-press.net\/tchad\/"},{"@type":"ListItem","position":2,"name":"Niger : d\u00e9but du d\u00e9sengagement des troupes fran\u00e7aises avec brefs transits pr\u00e9vus par le Tchad"}]},{"@type":"WebSite","@id":"https:\/\/www.africa-press.net\/tchad\/#website","url":"https:\/\/www.africa-press.net\/tchad\/","name":"tchad","description":"Just another Africa News Agency Sites site","potentialAction":[{"@type":"SearchAction","target":{"@type":"EntryPoint","urlTemplate":"https:\/\/www.africa-press.net\/tchad\/?s={search_term_string}"},"query-input":{"@type":"PropertyValueSpecification","valueRequired":true,"valueName":"search_term_string"}}],"inLanguage":"fr-FR"},{"@type":"Person","@id":"https:\/\/www.africa-press.net\/tchad\/#\/schema\/person\/2b1cf3cd81a31e3cd26889ca66d677f1","name":"cfeditorfr"}]}},"_links":{"self":[{"href":"https:\/\/www.africa-press.net\/tchad\/wp-json\/wp\/v2\/posts\/52169","targetHints":{"allow":["GET"]}}],"collection":[{"href":"https:\/\/www.africa-press.net\/tchad\/wp-json\/wp\/v2\/posts"}],"about":[{"href":"https:\/\/www.africa-press.net\/tchad\/wp-json\/wp\/v2\/types\/post"}],"author":[{"embeddable":true,"href":"https:\/\/www.africa-press.net\/tchad\/wp-json\/wp\/v2\/users\/82"}],"replies":[{"embeddable":true,"href":"https:\/\/www.africa-press.net\/tchad\/wp-json\/wp\/v2\/comments?post=52169"}],"version-history":[{"count":0,"href":"https:\/\/www.africa-press.net\/tchad\/wp-json\/wp\/v2\/posts\/52169\/revisions"}],"wp:featuredmedia":[{"embeddable":true,"href":"https:\/\/www.africa-press.net\/tchad\/wp-json\/wp\/v2\/media\/52168"}],"wp:attachment":[{"href":"https:\/\/www.africa-press.net\/tchad\/wp-json\/wp\/v2\/media?parent=52169"}],"wp:term":[{"taxonomy":"category","embeddable":true,"href":"https:\/\/www.africa-press.net\/tchad\/wp-json\/wp\/v2\/categories?post=52169"},{"taxonomy":"post_tag","embeddable":true,"href":"https:\/\/www.africa-press.net\/tchad\/wp-json\/wp\/v2\/tags?post=52169"}],"curies":[{"name":"wp","href":"https:\/\/api.w.org\/{rel}","templated":true}]}}