{"id":52173,"date":"2023-10-12T15:38:57","date_gmt":"2023-10-12T15:38:57","guid":{"rendered":"https:\/\/www.africa-press.net\/tchad\/politique\/la-journee-internationale-de-la-fille-celebree-a-massakory"},"modified":"2023-10-12T16:35:05","modified_gmt":"2023-10-12T16:35:05","slug":"la-journee-internationale-de-la-fille-celebree-a-massakory","status":"publish","type":"post","link":"https:\/\/www.africa-press.net\/tchad\/toutes-les-actualites\/la-journee-internationale-de-la-fille-celebree-a-massakory","title":{"rendered":"la journ\u00e9e internationale de la fille c\u00e9l\u00e9br\u00e9e \u00e0 Massakory"},"content":{"rendered":"<p><span style=\"color: #ff6600\"><strong>Africa-Press &#8211; Tchad. <\/strong><\/span>Place\u0301e sous le the\u0300me : \u00ab\u00a0Investir dans le droit des filles, notre leadership notre bien-e\u0302tre\u00a0\u00bb, cette journe\u0301e est ce\u0301le\u0301bre\u0301e dans la ville de Massakory par quelques activite\u0301s dans les e\u0301tablissements scolaires. L&rsquo;Ecole du centre, Etoile brillante, Espe\u0301rance et le lyce\u0301e arabe Al-Fatah, sont les 4 e\u0301tablissements scolaires choisis pour accueillir les actions de la de\u0301le\u0301gation en cette circonstance.<\/p>\n<p>Accompagne\u0301 du de\u0301le\u0301gue\u0301 provincial de la jeunesse, de l&rsquo;inspecteur de\u0301partemental de l&rsquo;e\u0301ducation nationale, et du chef de service en charge de l&rsquo;e\u0301ducation et de la scolarisation et promotion de la fille, le de\u0301le\u0301gue\u0301 provincial de la femme, de la protection de la petite enfance et de la solidarite\u0301 nationale de Hadjer-Lamis, Brahim Al-Hissein Ahmat a dans son message, invite\u0301 les parents a\u0300 envoyer les filles dans les e\u0301coles.<\/p>\n<p>Il a exhorte\u0301 les familles, les communaute\u0301s et les de\u0301cideurs a\u0300 assumer leur responsabilite\u0301 pour mettre fin aux violations graves des droits des filles. Le de\u0301le\u0301gue\u0301 a rassure\u0301 les filles que le ministe\u0300re de la femme s&rsquo;est engage\u0301, gra\u0302ce au soutien des plus hautes autorite\u0301s du pays, pour contrecarrer les violations lie\u0301es au genre et contribuer efficacement pour promouvoir l&rsquo;e\u0301panouissement de la femme.<\/p>\n<p>Un jeu concours a e\u0301te\u0301 organise\u0301 pour encourager les filles. Des kits scolaires ont e\u0301te\u0301 remis aux meilleures qui ont bien re\u0301pondu lors du jeu.<\/p>\n<p><strong>Pour plus d&rsquo;informations et d&rsquo;analyses sur la <a href=\"https:\/\/www.africa-press.net\/tchad\">Tchad<\/a>, suivez <a href=\"https:\/\/www.africa-press.net\/\">Africa-Press<\/a><\/strong><\/p>\n","protected":false},"excerpt":{"rendered":"<p>Africa-Press &#8211; Tchad. Place\u0301e sous le the\u0300me : \u00ab\u00a0Investir dans le droit des filles, notre leadership notre bien-e\u0302tre\u00a0\u00bb, cette journe\u0301e est ce\u0301le\u0301bre\u0301e dans la ville de Massakory par quelques activite\u0301s dans les e\u0301tablissements scolaires. L&rsquo;Ecole du centre, Etoile brillante, Espe\u0301rance et le lyce\u0301e arabe Al-Fatah, sont les 4 e\u0301tablissements scolaires choisis pour accueillir les actions [&hellip;]<\/p>\n","protected":false},"author":82,"featured_media":52171,"comment_status":"open","ping_status":"closed","sticky":false,"template":"","format":"standard","meta":{"footnotes":""},"categories":[21,10],"tags":[37,292,29],"class_list":["post-52173","post","type-post","status-publish","format-standard","has-post-thumbnail","hentry","category-communaute","category-toutes-les-actualites","tag-africa-press","tag-africa-press-tchad","tag-tchad"],"yoast_head":"<!-- This site is optimized with the Yoast SEO Premium plugin v26.1 (Yoast SEO v27.0) - https:\/\/yoast.com\/product\/yoast-seo-premium-wordpress\/ -->\n<title>la journ\u00e9e internationale de la fille c\u00e9l\u00e9br\u00e9e \u00e0 Massakory - tchad<\/title>\n<meta name=\"description\" content=\"Place\u0301e sous le the\u0300me : &quot;Investir dans le droit des filles, notre leadership notre bien-e\u0302tre&quot;, cette journe\u0301e est ce\u0301l ...\" \/>\n<meta name=\"robots\" content=\"index, follow, max-snippet:-1, max-image-preview:large, max-video-preview:-1\" \/>\n<link rel=\"canonical\" href=\"https:\/\/www.africa-press.net\/tchad\/toutes-les-actualites\/la-journee-internationale-de-la-fille-celebree-a-massakory\" \/>\n<meta property=\"og:locale\" content=\"fr_FR\" \/>\n<meta property=\"og:type\" content=\"article\" \/>\n<meta property=\"og:title\" content=\"la journ\u00e9e internationale de la fille c\u00e9l\u00e9br\u00e9e \u00e0 Massakory\" \/>\n<meta property=\"og:description\" content=\"Place\u0301e sous le the\u0300me : &quot;Investir dans le droit des filles, notre leadership notre bien-e\u0302tre&quot;, cette journe\u0301e est ce\u0301l ...\" \/>\n<meta property=\"og:url\" content=\"https:\/\/www.africa-press.net\/tchad\/toutes-les-actualites\/la-journee-internationale-de-la-fille-celebree-a-massakory\" \/>\n<meta property=\"og:site_name\" content=\"tchad\" \/>\n<meta property=\"article:published_time\" content=\"2023-10-12T15:38:57+00:00\" \/>\n<meta property=\"article:modified_time\" content=\"2023-10-12T16:35:05+00:00\" \/>\n<meta property=\"og:image\" content=\"https:\/\/static.africa-press.net\/tchad\/sites\/41\/2023\/10\/sm_1697115812.698395.jpg\" \/>\n\t<meta property=\"og:image:width\" content=\"1920\" \/>\n\t<meta property=\"og:image:height\" content=\"1080\" \/>\n\t<meta property=\"og:image:type\" content=\"image\/jpeg\" \/>\n<meta name=\"author\" content=\"cfeditorfr\" \/>\n<meta name=\"twitter:card\" content=\"summary_large_image\" \/>\n<meta name=\"twitter:label1\" content=\"\u00c9crit par\" \/>\n\t<meta name=\"twitter:data1\" content=\"cfeditorfr\" \/>\n\t<meta name=\"twitter:label2\" content=\"Dur\u00e9e de lecture estim\u00e9e\" \/>\n\t<meta name=\"twitter:data2\" content=\"2 minutes\" \/>\n<script type=\"application\/ld+json\" class=\"yoast-schema-graph\">{\"@context\":\"https:\/\/schema.org\",\"@graph\":[{\"@type\":\"Article\",\"@id\":\"https:\/\/www.africa-press.net\/tchad\/toutes-les-actualites\/la-journee-internationale-de-la-fille-celebree-a-massakory#article\",\"isPartOf\":{\"@id\":\"https:\/\/www.africa-press.net\/tchad\/toutes-les-actualites\/la-journee-internationale-de-la-fille-celebree-a-massakory\"},\"author\":{\"name\":\"cfeditorfr\",\"@id\":\"https:\/\/www.africa-press.net\/tchad\/#\/schema\/person\/2b1cf3cd81a31e3cd26889ca66d677f1\"},\"headline\":\"la journ\u00e9e internationale de la fille c\u00e9l\u00e9br\u00e9e \u00e0 Massakory\",\"datePublished\":\"2023-10-12T15:38:57+00:00\",\"dateModified\":\"2023-10-12T16:35:05+00:00\",\"mainEntityOfPage\":{\"@id\":\"https:\/\/www.africa-press.net\/tchad\/toutes-les-actualites\/la-journee-internationale-de-la-fille-celebree-a-massakory\"},\"wordCount\":279,\"commentCount\":0,\"image\":{\"@id\":\"https:\/\/www.africa-press.net\/tchad\/toutes-les-actualites\/la-journee-internationale-de-la-fille-celebree-a-massakory#primaryimage\"},\"thumbnailUrl\":\"https:\/\/static.africa-press.net\/tchad\/sites\/41\/2023\/10\/sm_1697115812.698395.jpg\",\"keywords\":[\"Africa Press\",\"Africa Press-Tchad\",\"Tchad\"],\"articleSection\":[\"Communaut\u00e9\",\"Toutes les actualit\u00e9s\"],\"inLanguage\":\"fr-FR\",\"potentialAction\":[{\"@type\":\"CommentAction\",\"name\":\"Comment\",\"target\":[\"https:\/\/www.africa-press.net\/tchad\/toutes-les-actualites\/la-journee-internationale-de-la-fille-celebree-a-massakory#respond\"]}]},{\"@type\":\"WebPage\",\"@id\":\"https:\/\/www.africa-press.net\/tchad\/toutes-les-actualites\/la-journee-internationale-de-la-fille-celebree-a-massakory\",\"url\":\"https:\/\/www.africa-press.net\/tchad\/toutes-les-actualites\/la-journee-internationale-de-la-fille-celebree-a-massakory\",\"name\":\"la journ\u00e9e internationale de la fille c\u00e9l\u00e9br\u00e9e \u00e0 Massakory - tchad\",\"isPartOf\":{\"@id\":\"https:\/\/www.africa-press.net\/tchad\/#website\"},\"primaryImageOfPage\":{\"@id\":\"https:\/\/www.africa-press.net\/tchad\/toutes-les-actualites\/la-journee-internationale-de-la-fille-celebree-a-massakory#primaryimage\"},\"image\":{\"@id\":\"https:\/\/www.africa-press.net\/tchad\/toutes-les-actualites\/la-journee-internationale-de-la-fille-celebree-a-massakory#primaryimage\"},\"thumbnailUrl\":\"https:\/\/static.africa-press.net\/tchad\/sites\/41\/2023\/10\/sm_1697115812.698395.jpg\",\"datePublished\":\"2023-10-12T15:38:57+00:00\",\"dateModified\":\"2023-10-12T16:35:05+00:00\",\"author\":{\"@id\":\"https:\/\/www.africa-press.net\/tchad\/#\/schema\/person\/2b1cf3cd81a31e3cd26889ca66d677f1\"},\"description\":\"Place\u0301e sous le the\u0300me : \\\"Investir dans le droit des filles, notre leadership notre bien-e\u0302tre\\\", cette journe\u0301e est ce\u0301l ...\",\"breadcrumb\":{\"@id\":\"https:\/\/www.africa-press.net\/tchad\/toutes-les-actualites\/la-journee-internationale-de-la-fille-celebree-a-massakory#breadcrumb\"},\"inLanguage\":\"fr-FR\",\"potentialAction\":[{\"@type\":\"ReadAction\",\"target\":[\"https:\/\/www.africa-press.net\/tchad\/toutes-les-actualites\/la-journee-internationale-de-la-fille-celebree-a-massakory\"]}]},{\"@type\":\"ImageObject\",\"inLanguage\":\"fr-FR\",\"@id\":\"https:\/\/www.africa-press.net\/tchad\/toutes-les-actualites\/la-journee-internationale-de-la-fille-celebree-a-massakory#primaryimage\",\"url\":\"https:\/\/static.africa-press.net\/tchad\/sites\/41\/2023\/10\/sm_1697115812.698395.jpg\",\"contentUrl\":\"https:\/\/static.africa-press.net\/tchad\/sites\/41\/2023\/10\/sm_1697115812.698395.jpg\",\"width\":1920,\"height\":1080,\"caption\":\"la journ\u00e9e internationale de la fille c\u00e9l\u00e9br\u00e9e \u00e0 Massakory\"},{\"@type\":\"BreadcrumbList\",\"@id\":\"https:\/\/www.africa-press.net\/tchad\/toutes-les-actualites\/la-journee-internationale-de-la-fille-celebree-a-massakory#breadcrumb\",\"itemListElement\":[{\"@type\":\"ListItem\",\"position\":1,\"name\":\"Accueil\",\"item\":\"https:\/\/www.africa-press.net\/tchad\/\"},{\"@type\":\"ListItem\",\"position\":2,\"name\":\"la journ\u00e9e internationale de la fille c\u00e9l\u00e9br\u00e9e \u00e0 Massakory\"}]},{\"@type\":\"WebSite\",\"@id\":\"https:\/\/www.africa-press.net\/tchad\/#website\",\"url\":\"https:\/\/www.africa-press.net\/tchad\/\",\"name\":\"tchad\",\"description\":\"Just another Africa News Agency Sites site\",\"potentialAction\":[{\"@type\":\"SearchAction\",\"target\":{\"@type\":\"EntryPoint\",\"urlTemplate\":\"https:\/\/www.africa-press.net\/tchad\/?s={search_term_string}\"},\"query-input\":{\"@type\":\"PropertyValueSpecification\",\"valueRequired\":true,\"valueName\":\"search_term_string\"}}],\"inLanguage\":\"fr-FR\"},{\"@type\":\"Person\",\"@id\":\"https:\/\/www.africa-press.net\/tchad\/#\/schema\/person\/2b1cf3cd81a31e3cd26889ca66d677f1\",\"name\":\"cfeditorfr\"}]}<\/script>\n<!-- \/ Yoast SEO Premium plugin. -->","yoast_head_json":{"title":"la journ\u00e9e internationale de la fille c\u00e9l\u00e9br\u00e9e \u00e0 Massakory - tchad","description":"Place\u0301e sous le the\u0300me : \"Investir dans le droit des filles, notre leadership notre bien-e\u0302tre\", cette journe\u0301e est ce\u0301l ...","robots":{"index":"index","follow":"follow","max-snippet":"max-snippet:-1","max-image-preview":"max-image-preview:large","max-video-preview":"max-video-preview:-1"},"canonical":"https:\/\/www.africa-press.net\/tchad\/toutes-les-actualites\/la-journee-internationale-de-la-fille-celebree-a-massakory","og_locale":"fr_FR","og_type":"article","og_title":"la journ\u00e9e internationale de la fille c\u00e9l\u00e9br\u00e9e \u00e0 Massakory","og_description":"Place\u0301e sous le the\u0300me : \"Investir dans le droit des filles, notre leadership notre bien-e\u0302tre\", cette journe\u0301e est ce\u0301l ...","og_url":"https:\/\/www.africa-press.net\/tchad\/toutes-les-actualites\/la-journee-internationale-de-la-fille-celebree-a-massakory","og_site_name":"tchad","article_published_time":"2023-10-12T15:38:57+00:00","article_modified_time":"2023-10-12T16:35:05+00:00","og_image":[{"width":1920,"height":1080,"url":"https:\/\/static.africa-press.net\/tchad\/sites\/41\/2023\/10\/sm_1697115812.698395.jpg","type":"image\/jpeg"}],"author":"cfeditorfr","twitter_card":"summary_large_image","twitter_misc":{"\u00c9crit par":"cfeditorfr","Dur\u00e9e de lecture estim\u00e9e":"2 minutes"},"schema":{"@context":"https:\/\/schema.org","@graph":[{"@type":"Article","@id":"https:\/\/www.africa-press.net\/tchad\/toutes-les-actualites\/la-journee-internationale-de-la-fille-celebree-a-massakory#article","isPartOf":{"@id":"https:\/\/www.africa-press.net\/tchad\/toutes-les-actualites\/la-journee-internationale-de-la-fille-celebree-a-massakory"},"author":{"name":"cfeditorfr","@id":"https:\/\/www.africa-press.net\/tchad\/#\/schema\/person\/2b1cf3cd81a31e3cd26889ca66d677f1"},"headline":"la journ\u00e9e internationale de la fille c\u00e9l\u00e9br\u00e9e \u00e0 Massakory","datePublished":"2023-10-12T15:38:57+00:00","dateModified":"2023-10-12T16:35:05+00:00","mainEntityOfPage":{"@id":"https:\/\/www.africa-press.net\/tchad\/toutes-les-actualites\/la-journee-internationale-de-la-fille-celebree-a-massakory"},"wordCount":279,"commentCount":0,"image":{"@id":"https:\/\/www.africa-press.net\/tchad\/toutes-les-actualites\/la-journee-internationale-de-la-fille-celebree-a-massakory#primaryimage"},"thumbnailUrl":"https:\/\/static.africa-press.net\/tchad\/sites\/41\/2023\/10\/sm_1697115812.698395.jpg","keywords":["Africa Press","Africa Press-Tchad","Tchad"],"articleSection":["Communaut\u00e9","Toutes les actualit\u00e9s"],"inLanguage":"fr-FR","potentialAction":[{"@type":"CommentAction","name":"Comment","target":["https:\/\/www.africa-press.net\/tchad\/toutes-les-actualites\/la-journee-internationale-de-la-fille-celebree-a-massakory#respond"]}]},{"@type":"WebPage","@id":"https:\/\/www.africa-press.net\/tchad\/toutes-les-actualites\/la-journee-internationale-de-la-fille-celebree-a-massakory","url":"https:\/\/www.africa-press.net\/tchad\/toutes-les-actualites\/la-journee-internationale-de-la-fille-celebree-a-massakory","name":"la journ\u00e9e internationale de la fille c\u00e9l\u00e9br\u00e9e \u00e0 Massakory - tchad","isPartOf":{"@id":"https:\/\/www.africa-press.net\/tchad\/#website"},"primaryImageOfPage":{"@id":"https:\/\/www.africa-press.net\/tchad\/toutes-les-actualites\/la-journee-internationale-de-la-fille-celebree-a-massakory#primaryimage"},"image":{"@id":"https:\/\/www.africa-press.net\/tchad\/toutes-les-actualites\/la-journee-internationale-de-la-fille-celebree-a-massakory#primaryimage"},"thumbnailUrl":"https:\/\/static.africa-press.net\/tchad\/sites\/41\/2023\/10\/sm_1697115812.698395.jpg","datePublished":"2023-10-12T15:38:57+00:00","dateModified":"2023-10-12T16:35:05+00:00","author":{"@id":"https:\/\/www.africa-press.net\/tchad\/#\/schema\/person\/2b1cf3cd81a31e3cd26889ca66d677f1"},"description":"Place\u0301e sous le the\u0300me : \"Investir dans le droit des filles, notre leadership notre bien-e\u0302tre\", cette journe\u0301e est ce\u0301l ...","breadcrumb":{"@id":"https:\/\/www.africa-press.net\/tchad\/toutes-les-actualites\/la-journee-internationale-de-la-fille-celebree-a-massakory#breadcrumb"},"inLanguage":"fr-FR","potentialAction":[{"@type":"ReadAction","target":["https:\/\/www.africa-press.net\/tchad\/toutes-les-actualites\/la-journee-internationale-de-la-fille-celebree-a-massakory"]}]},{"@type":"ImageObject","inLanguage":"fr-FR","@id":"https:\/\/www.africa-press.net\/tchad\/toutes-les-actualites\/la-journee-internationale-de-la-fille-celebree-a-massakory#primaryimage","url":"https:\/\/static.africa-press.net\/tchad\/sites\/41\/2023\/10\/sm_1697115812.698395.jpg","contentUrl":"https:\/\/static.africa-press.net\/tchad\/sites\/41\/2023\/10\/sm_1697115812.698395.jpg","width":1920,"height":1080,"caption":"la journ\u00e9e internationale de la fille c\u00e9l\u00e9br\u00e9e \u00e0 Massakory"},{"@type":"BreadcrumbList","@id":"https:\/\/www.africa-press.net\/tchad\/toutes-les-actualites\/la-journee-internationale-de-la-fille-celebree-a-massakory#breadcrumb","itemListElement":[{"@type":"ListItem","position":1,"name":"Accueil","item":"https:\/\/www.africa-press.net\/tchad\/"},{"@type":"ListItem","position":2,"name":"la journ\u00e9e internationale de la fille c\u00e9l\u00e9br\u00e9e \u00e0 Massakory"}]},{"@type":"WebSite","@id":"https:\/\/www.africa-press.net\/tchad\/#website","url":"https:\/\/www.africa-press.net\/tchad\/","name":"tchad","description":"Just another Africa News Agency Sites site","potentialAction":[{"@type":"SearchAction","target":{"@type":"EntryPoint","urlTemplate":"https:\/\/www.africa-press.net\/tchad\/?s={search_term_string}"},"query-input":{"@type":"PropertyValueSpecification","valueRequired":true,"valueName":"search_term_string"}}],"inLanguage":"fr-FR"},{"@type":"Person","@id":"https:\/\/www.africa-press.net\/tchad\/#\/schema\/person\/2b1cf3cd81a31e3cd26889ca66d677f1","name":"cfeditorfr"}]}},"_links":{"self":[{"href":"https:\/\/www.africa-press.net\/tchad\/wp-json\/wp\/v2\/posts\/52173","targetHints":{"allow":["GET"]}}],"collection":[{"href":"https:\/\/www.africa-press.net\/tchad\/wp-json\/wp\/v2\/posts"}],"about":[{"href":"https:\/\/www.africa-press.net\/tchad\/wp-json\/wp\/v2\/types\/post"}],"author":[{"embeddable":true,"href":"https:\/\/www.africa-press.net\/tchad\/wp-json\/wp\/v2\/users\/82"}],"replies":[{"embeddable":true,"href":"https:\/\/www.africa-press.net\/tchad\/wp-json\/wp\/v2\/comments?post=52173"}],"version-history":[{"count":0,"href":"https:\/\/www.africa-press.net\/tchad\/wp-json\/wp\/v2\/posts\/52173\/revisions"}],"wp:featuredmedia":[{"embeddable":true,"href":"https:\/\/www.africa-press.net\/tchad\/wp-json\/wp\/v2\/media\/52171"}],"wp:attachment":[{"href":"https:\/\/www.africa-press.net\/tchad\/wp-json\/wp\/v2\/media?parent=52173"}],"wp:term":[{"taxonomy":"category","embeddable":true,"href":"https:\/\/www.africa-press.net\/tchad\/wp-json\/wp\/v2\/categories?post=52173"},{"taxonomy":"post_tag","embeddable":true,"href":"https:\/\/www.africa-press.net\/tchad\/wp-json\/wp\/v2\/tags?post=52173"}],"curies":[{"name":"wp","href":"https:\/\/api.w.org\/{rel}","templated":true}]}}