{"id":52190,"date":"2023-10-12T15:41:20","date_gmt":"2023-10-12T15:41:20","guid":{"rendered":"https:\/\/www.africa-press.net\/tchad\/politique\/la-journee-internationale-de-la-fille-a-ete-celebree-a-krim-krim"},"modified":"2023-10-12T16:39:27","modified_gmt":"2023-10-12T16:39:27","slug":"la-journee-internationale-de-la-fille-a-ete-celebree-a-krim-krim","status":"publish","type":"post","link":"https:\/\/www.africa-press.net\/tchad\/toutes-les-actualites\/la-journee-internationale-de-la-fille-a-ete-celebree-a-krim-krim","title":{"rendered":"la Journ\u00e9e internationale de la fille a \u00e9t\u00e9 c\u00e9l\u00e9br\u00e9e \u00e0 Krim Krim"},"content":{"rendered":"<p><span style=\"color: #ff6600\"><strong>Africa-Press &#8211; Tchad. <\/strong><\/span>Le pre\u0301fet du de\u0301partement de Gue\u0301ni, Moussa Dassidi a pre\u0301side\u0301, la ce\u0301re\u0301monie de comme\u0301moration de la 11e\u0300me e\u0301dition de la Journe\u0301e internationale de la fille, le 11 octobre 2023 a\u0300 Krim Krim, dans la province du Logone Occidental.<\/p>\n<p>Place\u0301e sous le the\u0300me, \u00ab plaidoyer et lutte contre les discriminations faites aux femmes pour l\u2019acce\u0300s a\u0300 la terre et leur autonomisation \u00bb, dans les provinces du Lac, Logone Occidental et Guera, cette Journe\u0301e est organise\u0301e par le Centre de Re\u0301insertion des Filles en De\u0301perdition Scolaire, dont l\u2019objectif est de soutenir l\u2019ame\u0301lioration des perspectives offertes aux jeunes filles, a\u0300 travers une sensibilisation des communaute\u0301s sur les ine\u0301galite\u0301s de sexe.<\/p>\n<p>La coordonnatrice du Centre de Re\u0301insertion des Filles en De\u0301perdition Scolaire, Mme Djimet Catherine renseigne que cette Journe\u0301e met l\u2019accent sur la ne\u0301cessite\u0301 de relever les de\u0301fis auxquels sont confronte\u0301es les filles, promouvoir leur autonomisation, et revendiquer leur droit a\u0300 l\u2019e\u0301galite\u0301 des sexes qui se manifeste de\u0300s le plus jeune a\u0302ge.<\/p>\n<p>Par ailleurs, Mme Djimet Catherine a rappele\u0301 que la fille d\u2019aujourd\u2019hui est la femme de demain, la future me\u0300re des citoyens, le fondement du de\u0301veloppement social. C\u2019est la raison pour laquelle, son organisation a saisi cette opportunite\u0301 pour interpeler la communaute\u0301 sur la situation de la femme, particulie\u0300rement celle lie\u0301e aux moyens de production, notamment l\u2019acce\u0300s a\u0300 la terre.<\/p>\n<p>Le pre\u0301fet du de\u0301partement de Gue\u0301ni, Moussa Dassidi, dans son discours de circonstance, a fait savoir que le gouvernement de Transition entend donner a\u0300 la femme tchadienne la place qui lui revient de droit. Il a cite\u0301 comme action concre\u0300te, les 30% accorde\u0301s aux femmes dans les fonctions e\u0301lectives et nominatives, pour atteindre la parite\u0301 dans les anne\u0301es a\u0300 venir.<\/p>\n<p>Dans leurs recommandations, les filles demandent a\u0300 la communaute\u0301 et au gouvernement, plusieurs actions pour le respect de leurs droits. Deux jours avant cette ce\u0301le\u0301bration, le CIFDES, avec le projet Fonds fe\u0301minin en action, a\u0300 travers son partenaire Oxfam finance\u0301 par l&rsquo;AFD, a organise\u0301 des expositions des \u0153uvres re\u0301alise\u0301es par des groupements fe\u0301minins.<\/p>\n<p>Bien plus, des e\u0301changes ont eu lieu, sur la participation des agricultrices a\u0300 la promotion de la scolarisation des filles et leur maintien a\u0300 l\u2019e\u0301cole, face au mariage pre\u0301coce et ses conse\u0301quences, ainsi qu\u2019une formation sur les violences base\u0301es sur le genre, les re\u0300gles d\u2019acce\u0300s a\u0300 la terre, et la contribution des filles et femmes mode\u0300les.<\/p>\n<p>A cette occasion, les jeux-concours ont permis aux filles venues de diffe\u0301rentes localite\u0301s, de gagner de nombreux lots constitue\u0301s des fournitures scolaires.<\/p>\n<p><strong>Pour plus d&rsquo;informations et d&rsquo;analyses sur la <a href=\"https:\/\/www.africa-press.net\/tchad\">Tchad<\/a>, suivez <a href=\"https:\/\/www.africa-press.net\/\">Africa-Press<\/a><\/strong><\/p>\n","protected":false},"excerpt":{"rendered":"<p>Africa-Press &#8211; Tchad. Le pre\u0301fet du de\u0301partement de Gue\u0301ni, Moussa Dassidi a pre\u0301side\u0301, la ce\u0301re\u0301monie de comme\u0301moration de la 11e\u0300me e\u0301dition de la Journe\u0301e internationale de la fille, le 11 octobre 2023 a\u0300 Krim Krim, dans la province du Logone Occidental. Place\u0301e sous le the\u0300me, \u00ab plaidoyer et lutte contre les discriminations faites aux femmes [&hellip;]<\/p>\n","protected":false},"author":82,"featured_media":52188,"comment_status":"open","ping_status":"closed","sticky":false,"template":"","format":"standard","meta":{"footnotes":""},"categories":[21,10],"tags":[37,292,29],"class_list":["post-52190","post","type-post","status-publish","format-standard","has-post-thumbnail","hentry","category-communaute","category-toutes-les-actualites","tag-africa-press","tag-africa-press-tchad","tag-tchad"],"yoast_head":"<!-- This site is optimized with the Yoast SEO Premium plugin v26.1 (Yoast SEO v27.0) - https:\/\/yoast.com\/product\/yoast-seo-premium-wordpress\/ -->\n<title>la Journ\u00e9e internationale de la fille a \u00e9t\u00e9 c\u00e9l\u00e9br\u00e9e \u00e0 Krim Krim - tchad<\/title>\n<meta name=\"description\" content=\"Le pre\u0301fet du de\u0301partement de Gue\u0301ni, Moussa Dassidi a pre\u0301side\u0301, la ce\u0301re\u0301monie de comme\u0301moration de la 11e\u0300me e\u0301dition ...\" \/>\n<meta name=\"robots\" content=\"index, follow, max-snippet:-1, max-image-preview:large, max-video-preview:-1\" \/>\n<link rel=\"canonical\" href=\"https:\/\/www.africa-press.net\/tchad\/toutes-les-actualites\/la-journee-internationale-de-la-fille-a-ete-celebree-a-krim-krim\" \/>\n<meta property=\"og:locale\" content=\"fr_FR\" \/>\n<meta property=\"og:type\" content=\"article\" \/>\n<meta property=\"og:title\" content=\"la Journ\u00e9e internationale de la fille a \u00e9t\u00e9 c\u00e9l\u00e9br\u00e9e \u00e0 Krim Krim\" \/>\n<meta property=\"og:description\" content=\"Le pre\u0301fet du de\u0301partement de Gue\u0301ni, Moussa Dassidi a pre\u0301side\u0301, la ce\u0301re\u0301monie de comme\u0301moration de la 11e\u0300me e\u0301dition ...\" \/>\n<meta property=\"og:url\" content=\"https:\/\/www.africa-press.net\/tchad\/toutes-les-actualites\/la-journee-internationale-de-la-fille-a-ete-celebree-a-krim-krim\" \/>\n<meta property=\"og:site_name\" content=\"tchad\" \/>\n<meta property=\"article:published_time\" content=\"2023-10-12T15:41:20+00:00\" \/>\n<meta property=\"article:modified_time\" content=\"2023-10-12T16:39:27+00:00\" \/>\n<meta property=\"og:image\" content=\"https:\/\/static.africa-press.net\/tchad\/sites\/41\/2023\/10\/sm_1697116024.90162.jpg\" \/>\n\t<meta property=\"og:image:width\" content=\"1000\" \/>\n\t<meta property=\"og:image:height\" content=\"750\" \/>\n\t<meta property=\"og:image:type\" content=\"image\/jpeg\" \/>\n<meta name=\"author\" content=\"cfeditorfr\" \/>\n<meta name=\"twitter:card\" content=\"summary_large_image\" \/>\n<meta name=\"twitter:label1\" content=\"\u00c9crit par\" \/>\n\t<meta name=\"twitter:data1\" content=\"cfeditorfr\" \/>\n\t<meta name=\"twitter:label2\" content=\"Dur\u00e9e de lecture estim\u00e9e\" \/>\n\t<meta name=\"twitter:data2\" content=\"3 minutes\" \/>\n<script type=\"application\/ld+json\" class=\"yoast-schema-graph\">{\"@context\":\"https:\/\/schema.org\",\"@graph\":[{\"@type\":\"Article\",\"@id\":\"https:\/\/www.africa-press.net\/tchad\/toutes-les-actualites\/la-journee-internationale-de-la-fille-a-ete-celebree-a-krim-krim#article\",\"isPartOf\":{\"@id\":\"https:\/\/www.africa-press.net\/tchad\/toutes-les-actualites\/la-journee-internationale-de-la-fille-a-ete-celebree-a-krim-krim\"},\"author\":{\"name\":\"cfeditorfr\",\"@id\":\"https:\/\/www.africa-press.net\/tchad\/#\/schema\/person\/2b1cf3cd81a31e3cd26889ca66d677f1\"},\"headline\":\"la Journ\u00e9e internationale de la fille a \u00e9t\u00e9 c\u00e9l\u00e9br\u00e9e \u00e0 Krim Krim\",\"datePublished\":\"2023-10-12T15:41:20+00:00\",\"dateModified\":\"2023-10-12T16:39:27+00:00\",\"mainEntityOfPage\":{\"@id\":\"https:\/\/www.africa-press.net\/tchad\/toutes-les-actualites\/la-journee-internationale-de-la-fille-a-ete-celebree-a-krim-krim\"},\"wordCount\":505,\"commentCount\":0,\"image\":{\"@id\":\"https:\/\/www.africa-press.net\/tchad\/toutes-les-actualites\/la-journee-internationale-de-la-fille-a-ete-celebree-a-krim-krim#primaryimage\"},\"thumbnailUrl\":\"https:\/\/static.africa-press.net\/tchad\/sites\/41\/2023\/10\/sm_1697116024.90162.jpg\",\"keywords\":[\"Africa Press\",\"Africa Press-Tchad\",\"Tchad\"],\"articleSection\":[\"Communaut\u00e9\",\"Toutes les actualit\u00e9s\"],\"inLanguage\":\"fr-FR\",\"potentialAction\":[{\"@type\":\"CommentAction\",\"name\":\"Comment\",\"target\":[\"https:\/\/www.africa-press.net\/tchad\/toutes-les-actualites\/la-journee-internationale-de-la-fille-a-ete-celebree-a-krim-krim#respond\"]}]},{\"@type\":\"WebPage\",\"@id\":\"https:\/\/www.africa-press.net\/tchad\/toutes-les-actualites\/la-journee-internationale-de-la-fille-a-ete-celebree-a-krim-krim\",\"url\":\"https:\/\/www.africa-press.net\/tchad\/toutes-les-actualites\/la-journee-internationale-de-la-fille-a-ete-celebree-a-krim-krim\",\"name\":\"la Journ\u00e9e internationale de la fille a \u00e9t\u00e9 c\u00e9l\u00e9br\u00e9e \u00e0 Krim Krim - tchad\",\"isPartOf\":{\"@id\":\"https:\/\/www.africa-press.net\/tchad\/#website\"},\"primaryImageOfPage\":{\"@id\":\"https:\/\/www.africa-press.net\/tchad\/toutes-les-actualites\/la-journee-internationale-de-la-fille-a-ete-celebree-a-krim-krim#primaryimage\"},\"image\":{\"@id\":\"https:\/\/www.africa-press.net\/tchad\/toutes-les-actualites\/la-journee-internationale-de-la-fille-a-ete-celebree-a-krim-krim#primaryimage\"},\"thumbnailUrl\":\"https:\/\/static.africa-press.net\/tchad\/sites\/41\/2023\/10\/sm_1697116024.90162.jpg\",\"datePublished\":\"2023-10-12T15:41:20+00:00\",\"dateModified\":\"2023-10-12T16:39:27+00:00\",\"author\":{\"@id\":\"https:\/\/www.africa-press.net\/tchad\/#\/schema\/person\/2b1cf3cd81a31e3cd26889ca66d677f1\"},\"description\":\"Le pre\u0301fet du de\u0301partement de Gue\u0301ni, Moussa Dassidi a pre\u0301side\u0301, la ce\u0301re\u0301monie de comme\u0301moration de la 11e\u0300me e\u0301dition ...\",\"breadcrumb\":{\"@id\":\"https:\/\/www.africa-press.net\/tchad\/toutes-les-actualites\/la-journee-internationale-de-la-fille-a-ete-celebree-a-krim-krim#breadcrumb\"},\"inLanguage\":\"fr-FR\",\"potentialAction\":[{\"@type\":\"ReadAction\",\"target\":[\"https:\/\/www.africa-press.net\/tchad\/toutes-les-actualites\/la-journee-internationale-de-la-fille-a-ete-celebree-a-krim-krim\"]}]},{\"@type\":\"ImageObject\",\"inLanguage\":\"fr-FR\",\"@id\":\"https:\/\/www.africa-press.net\/tchad\/toutes-les-actualites\/la-journee-internationale-de-la-fille-a-ete-celebree-a-krim-krim#primaryimage\",\"url\":\"https:\/\/static.africa-press.net\/tchad\/sites\/41\/2023\/10\/sm_1697116024.90162.jpg\",\"contentUrl\":\"https:\/\/static.africa-press.net\/tchad\/sites\/41\/2023\/10\/sm_1697116024.90162.jpg\",\"width\":1000,\"height\":750,\"caption\":\"la Journ\u00e9e internationale de la fille a \u00e9t\u00e9 c\u00e9l\u00e9br\u00e9e \u00e0 Krim Krim\"},{\"@type\":\"BreadcrumbList\",\"@id\":\"https:\/\/www.africa-press.net\/tchad\/toutes-les-actualites\/la-journee-internationale-de-la-fille-a-ete-celebree-a-krim-krim#breadcrumb\",\"itemListElement\":[{\"@type\":\"ListItem\",\"position\":1,\"name\":\"Accueil\",\"item\":\"https:\/\/www.africa-press.net\/tchad\/\"},{\"@type\":\"ListItem\",\"position\":2,\"name\":\"la Journ\u00e9e internationale de la fille a \u00e9t\u00e9 c\u00e9l\u00e9br\u00e9e \u00e0 Krim Krim\"}]},{\"@type\":\"WebSite\",\"@id\":\"https:\/\/www.africa-press.net\/tchad\/#website\",\"url\":\"https:\/\/www.africa-press.net\/tchad\/\",\"name\":\"tchad\",\"description\":\"Just another Africa News Agency Sites site\",\"potentialAction\":[{\"@type\":\"SearchAction\",\"target\":{\"@type\":\"EntryPoint\",\"urlTemplate\":\"https:\/\/www.africa-press.net\/tchad\/?s={search_term_string}\"},\"query-input\":{\"@type\":\"PropertyValueSpecification\",\"valueRequired\":true,\"valueName\":\"search_term_string\"}}],\"inLanguage\":\"fr-FR\"},{\"@type\":\"Person\",\"@id\":\"https:\/\/www.africa-press.net\/tchad\/#\/schema\/person\/2b1cf3cd81a31e3cd26889ca66d677f1\",\"name\":\"cfeditorfr\"}]}<\/script>\n<!-- \/ Yoast SEO Premium plugin. -->","yoast_head_json":{"title":"la Journ\u00e9e internationale de la fille a \u00e9t\u00e9 c\u00e9l\u00e9br\u00e9e \u00e0 Krim Krim - tchad","description":"Le pre\u0301fet du de\u0301partement de Gue\u0301ni, Moussa Dassidi a pre\u0301side\u0301, la ce\u0301re\u0301monie de comme\u0301moration de la 11e\u0300me e\u0301dition ...","robots":{"index":"index","follow":"follow","max-snippet":"max-snippet:-1","max-image-preview":"max-image-preview:large","max-video-preview":"max-video-preview:-1"},"canonical":"https:\/\/www.africa-press.net\/tchad\/toutes-les-actualites\/la-journee-internationale-de-la-fille-a-ete-celebree-a-krim-krim","og_locale":"fr_FR","og_type":"article","og_title":"la Journ\u00e9e internationale de la fille a \u00e9t\u00e9 c\u00e9l\u00e9br\u00e9e \u00e0 Krim Krim","og_description":"Le pre\u0301fet du de\u0301partement de Gue\u0301ni, Moussa Dassidi a pre\u0301side\u0301, la ce\u0301re\u0301monie de comme\u0301moration de la 11e\u0300me e\u0301dition ...","og_url":"https:\/\/www.africa-press.net\/tchad\/toutes-les-actualites\/la-journee-internationale-de-la-fille-a-ete-celebree-a-krim-krim","og_site_name":"tchad","article_published_time":"2023-10-12T15:41:20+00:00","article_modified_time":"2023-10-12T16:39:27+00:00","og_image":[{"width":1000,"height":750,"url":"https:\/\/static.africa-press.net\/tchad\/sites\/41\/2023\/10\/sm_1697116024.90162.jpg","type":"image\/jpeg"}],"author":"cfeditorfr","twitter_card":"summary_large_image","twitter_misc":{"\u00c9crit par":"cfeditorfr","Dur\u00e9e de lecture estim\u00e9e":"3 minutes"},"schema":{"@context":"https:\/\/schema.org","@graph":[{"@type":"Article","@id":"https:\/\/www.africa-press.net\/tchad\/toutes-les-actualites\/la-journee-internationale-de-la-fille-a-ete-celebree-a-krim-krim#article","isPartOf":{"@id":"https:\/\/www.africa-press.net\/tchad\/toutes-les-actualites\/la-journee-internationale-de-la-fille-a-ete-celebree-a-krim-krim"},"author":{"name":"cfeditorfr","@id":"https:\/\/www.africa-press.net\/tchad\/#\/schema\/person\/2b1cf3cd81a31e3cd26889ca66d677f1"},"headline":"la Journ\u00e9e internationale de la fille a \u00e9t\u00e9 c\u00e9l\u00e9br\u00e9e \u00e0 Krim Krim","datePublished":"2023-10-12T15:41:20+00:00","dateModified":"2023-10-12T16:39:27+00:00","mainEntityOfPage":{"@id":"https:\/\/www.africa-press.net\/tchad\/toutes-les-actualites\/la-journee-internationale-de-la-fille-a-ete-celebree-a-krim-krim"},"wordCount":505,"commentCount":0,"image":{"@id":"https:\/\/www.africa-press.net\/tchad\/toutes-les-actualites\/la-journee-internationale-de-la-fille-a-ete-celebree-a-krim-krim#primaryimage"},"thumbnailUrl":"https:\/\/static.africa-press.net\/tchad\/sites\/41\/2023\/10\/sm_1697116024.90162.jpg","keywords":["Africa Press","Africa Press-Tchad","Tchad"],"articleSection":["Communaut\u00e9","Toutes les actualit\u00e9s"],"inLanguage":"fr-FR","potentialAction":[{"@type":"CommentAction","name":"Comment","target":["https:\/\/www.africa-press.net\/tchad\/toutes-les-actualites\/la-journee-internationale-de-la-fille-a-ete-celebree-a-krim-krim#respond"]}]},{"@type":"WebPage","@id":"https:\/\/www.africa-press.net\/tchad\/toutes-les-actualites\/la-journee-internationale-de-la-fille-a-ete-celebree-a-krim-krim","url":"https:\/\/www.africa-press.net\/tchad\/toutes-les-actualites\/la-journee-internationale-de-la-fille-a-ete-celebree-a-krim-krim","name":"la Journ\u00e9e internationale de la fille a \u00e9t\u00e9 c\u00e9l\u00e9br\u00e9e \u00e0 Krim Krim - tchad","isPartOf":{"@id":"https:\/\/www.africa-press.net\/tchad\/#website"},"primaryImageOfPage":{"@id":"https:\/\/www.africa-press.net\/tchad\/toutes-les-actualites\/la-journee-internationale-de-la-fille-a-ete-celebree-a-krim-krim#primaryimage"},"image":{"@id":"https:\/\/www.africa-press.net\/tchad\/toutes-les-actualites\/la-journee-internationale-de-la-fille-a-ete-celebree-a-krim-krim#primaryimage"},"thumbnailUrl":"https:\/\/static.africa-press.net\/tchad\/sites\/41\/2023\/10\/sm_1697116024.90162.jpg","datePublished":"2023-10-12T15:41:20+00:00","dateModified":"2023-10-12T16:39:27+00:00","author":{"@id":"https:\/\/www.africa-press.net\/tchad\/#\/schema\/person\/2b1cf3cd81a31e3cd26889ca66d677f1"},"description":"Le pre\u0301fet du de\u0301partement de Gue\u0301ni, Moussa Dassidi a pre\u0301side\u0301, la ce\u0301re\u0301monie de comme\u0301moration de la 11e\u0300me e\u0301dition ...","breadcrumb":{"@id":"https:\/\/www.africa-press.net\/tchad\/toutes-les-actualites\/la-journee-internationale-de-la-fille-a-ete-celebree-a-krim-krim#breadcrumb"},"inLanguage":"fr-FR","potentialAction":[{"@type":"ReadAction","target":["https:\/\/www.africa-press.net\/tchad\/toutes-les-actualites\/la-journee-internationale-de-la-fille-a-ete-celebree-a-krim-krim"]}]},{"@type":"ImageObject","inLanguage":"fr-FR","@id":"https:\/\/www.africa-press.net\/tchad\/toutes-les-actualites\/la-journee-internationale-de-la-fille-a-ete-celebree-a-krim-krim#primaryimage","url":"https:\/\/static.africa-press.net\/tchad\/sites\/41\/2023\/10\/sm_1697116024.90162.jpg","contentUrl":"https:\/\/static.africa-press.net\/tchad\/sites\/41\/2023\/10\/sm_1697116024.90162.jpg","width":1000,"height":750,"caption":"la Journ\u00e9e internationale de la fille a \u00e9t\u00e9 c\u00e9l\u00e9br\u00e9e \u00e0 Krim Krim"},{"@type":"BreadcrumbList","@id":"https:\/\/www.africa-press.net\/tchad\/toutes-les-actualites\/la-journee-internationale-de-la-fille-a-ete-celebree-a-krim-krim#breadcrumb","itemListElement":[{"@type":"ListItem","position":1,"name":"Accueil","item":"https:\/\/www.africa-press.net\/tchad\/"},{"@type":"ListItem","position":2,"name":"la Journ\u00e9e internationale de la fille a \u00e9t\u00e9 c\u00e9l\u00e9br\u00e9e \u00e0 Krim Krim"}]},{"@type":"WebSite","@id":"https:\/\/www.africa-press.net\/tchad\/#website","url":"https:\/\/www.africa-press.net\/tchad\/","name":"tchad","description":"Just another Africa News Agency Sites site","potentialAction":[{"@type":"SearchAction","target":{"@type":"EntryPoint","urlTemplate":"https:\/\/www.africa-press.net\/tchad\/?s={search_term_string}"},"query-input":{"@type":"PropertyValueSpecification","valueRequired":true,"valueName":"search_term_string"}}],"inLanguage":"fr-FR"},{"@type":"Person","@id":"https:\/\/www.africa-press.net\/tchad\/#\/schema\/person\/2b1cf3cd81a31e3cd26889ca66d677f1","name":"cfeditorfr"}]}},"_links":{"self":[{"href":"https:\/\/www.africa-press.net\/tchad\/wp-json\/wp\/v2\/posts\/52190","targetHints":{"allow":["GET"]}}],"collection":[{"href":"https:\/\/www.africa-press.net\/tchad\/wp-json\/wp\/v2\/posts"}],"about":[{"href":"https:\/\/www.africa-press.net\/tchad\/wp-json\/wp\/v2\/types\/post"}],"author":[{"embeddable":true,"href":"https:\/\/www.africa-press.net\/tchad\/wp-json\/wp\/v2\/users\/82"}],"replies":[{"embeddable":true,"href":"https:\/\/www.africa-press.net\/tchad\/wp-json\/wp\/v2\/comments?post=52190"}],"version-history":[{"count":0,"href":"https:\/\/www.africa-press.net\/tchad\/wp-json\/wp\/v2\/posts\/52190\/revisions"}],"wp:featuredmedia":[{"embeddable":true,"href":"https:\/\/www.africa-press.net\/tchad\/wp-json\/wp\/v2\/media\/52188"}],"wp:attachment":[{"href":"https:\/\/www.africa-press.net\/tchad\/wp-json\/wp\/v2\/media?parent=52190"}],"wp:term":[{"taxonomy":"category","embeddable":true,"href":"https:\/\/www.africa-press.net\/tchad\/wp-json\/wp\/v2\/categories?post=52190"},{"taxonomy":"post_tag","embeddable":true,"href":"https:\/\/www.africa-press.net\/tchad\/wp-json\/wp\/v2\/tags?post=52190"}],"curies":[{"name":"wp","href":"https:\/\/api.w.org\/{rel}","templated":true}]}}