{"id":52194,"date":"2023-10-12T15:42:00","date_gmt":"2023-10-12T15:42:00","guid":{"rendered":"https:\/\/www.africa-press.net\/tchad\/politique\/au-logone-oriental-long-esedd-esedd-sensibilise-sur-le-processus-referendaire"},"modified":"2023-10-12T16:40:03","modified_gmt":"2023-10-12T16:40:03","slug":"au-logone-oriental-long-esedd-esedd-sensibilise-sur-le-processus-referendaire","status":"publish","type":"post","link":"https:\/\/www.africa-press.net\/tchad\/politique\/au-logone-oriental-long-esedd-esedd-sensibilise-sur-le-processus-referendaire","title":{"rendered":"au Logone Oriental, l&rsquo;ONG ESEDD ESEDD sensibilise sur le processus r\u00e9f\u00e9rendaire"},"content":{"rendered":"<p><span style=\"color: #ff6600\"><strong>Africa-Press &#8211; Tchad. <\/strong><\/span>Dans le cadre du processus de la re\u0301vision des listes e\u0301lectorales du re\u0301fe\u0301rendum prochain, le gouvernement de Transition, avec l\u2019appui du Programme des Nations Unies pour le De\u0301veloppement (PNUD), mobilise les diffe\u0301rentes organisations de la socie\u0301te\u0301 civile.<\/p>\n<p>C\u2019est ainsi que l&rsquo;ONG ESSED (E\u0301ducation Sante\u0301 Environnement pour le De\u0301veloppement Durable), est retenue dans ce processus pour la mise en \u0153uvre des activite\u0301s de communication et de la mobilisation sociale, dans les de\u0301partements de la Nya, Nya-pende et monts de Lam dans la province du Logone Oriental.<\/p>\n<p>Pour la mise en \u0153uvre de ces activite\u0301s durant le processus de la re\u0301vision des listes e\u0301lectorales, l&rsquo;accent a e\u0301te\u0301 particulie\u0300rement mis sur la sensibilisation, a\u0300 travers les diffe\u0301rentes approches notamment, les canaux me\u0301diatiques, les caravanes, les causeries e\u0301ducatives, etc&#8230;.<\/p>\n<p>Dans la Nya, Nya-Pende et Monts de Lam, les membres de la mission de sensibilisation de l&rsquo;ONG ESSED, partenaire ope\u0301rationnel, ont organise\u0301 des re\u0301unions avec les chefs de quartier de Be\u0301be\u0301djia et Gore, suivies des caravanes dans les villes, pour informer les diffe\u0301rentes couches sociales sur le processus du retrait dans les jours a\u0300 venir de la carte e\u0301lectorale, pour la mise en \u0153uvre du processus des prochaines e\u0301lections.<\/p>\n<p>C\u2019est dans cette optique que l&rsquo;ONG ESEDD, en collaboration avec la CONOREC et le PNUD, a rec\u0327u la mission de sensibilisation des populations dans les trois de\u0301partements de la province du Logone Oriental.<\/p>\n<p>L&rsquo;objectif est d&rsquo;organiser une re\u0301union d&rsquo;information et de sensibilisation avec les chefs traditionnels dans les trois de\u0301partements de la province, re\u0301aliser des microprogrammes avec les radiote\u0301le\u0301visions, mais aussi des radios communautaires pour un message approfondit aupre\u0300s des communaute\u0301s.<\/p>\n<p>Dans la ville de Be\u0301be\u0301djia, chef-lieu du de\u0301partement de la Nya et Gore, dans le de\u0301partement de la Nya-Pende, la mission a organise\u0301 trois re\u0301unions de sensibilisation avec les chefs traditionnels, une soire\u0301e de sensibilisation, trois causeries e\u0301ducatives avec les jeunes, pour informer et orienter les jeunes sur le processus de la dernie\u0300re re\u0301vision de la liste e\u0301lectorale.<\/p>\n<p>La mission a pre\u0301vu le me\u0302me travail dans la ville de Mbaibokoum, dans le de\u0301partement des Monts de Lam.<\/p>\n<p><strong>Pour plus d&rsquo;informations et d&rsquo;analyses sur la <a href=\"https:\/\/www.africa-press.net\/tchad\">Tchad<\/a>, suivez <a href=\"https:\/\/www.africa-press.net\/\">Africa-Press<\/a><\/strong><\/p>\n","protected":false},"excerpt":{"rendered":"<p>Africa-Press &#8211; Tchad. Dans le cadre du processus de la re\u0301vision des listes e\u0301lectorales du re\u0301fe\u0301rendum prochain, le gouvernement de Transition, avec l\u2019appui du Programme des Nations Unies pour le De\u0301veloppement (PNUD), mobilise les diffe\u0301rentes organisations de la socie\u0301te\u0301 civile. C\u2019est ainsi que l&rsquo;ONG ESSED (E\u0301ducation Sante\u0301 Environnement pour le De\u0301veloppement Durable), est retenue dans [&hellip;]<\/p>\n","protected":false},"author":82,"featured_media":52193,"comment_status":"open","ping_status":"closed","sticky":false,"template":"","format":"standard","meta":{"footnotes":""},"categories":[2,10],"tags":[37,292,29],"class_list":["post-52194","post","type-post","status-publish","format-standard","has-post-thumbnail","hentry","category-politique","category-toutes-les-actualites","tag-africa-press","tag-africa-press-tchad","tag-tchad"],"yoast_head":"<!-- This site is optimized with the Yoast SEO Premium plugin v26.1 (Yoast SEO v27.0) - https:\/\/yoast.com\/product\/yoast-seo-premium-wordpress\/ -->\n<title>au Logone Oriental, l&#039;ONG ESEDD ESEDD sensibilise sur le processus r\u00e9f\u00e9rendaire - tchad<\/title>\n<meta name=\"description\" content=\"Dans le cadre du processus de la re\u0301vision des listes e\u0301lectorales du re\u0301fe\u0301rendum prochain, le gouvernement de Transiti ...\" \/>\n<meta name=\"robots\" content=\"index, follow, max-snippet:-1, max-image-preview:large, max-video-preview:-1\" \/>\n<link rel=\"canonical\" href=\"https:\/\/www.africa-press.net\/tchad\/politique\/au-logone-oriental-long-esedd-esedd-sensibilise-sur-le-processus-referendaire\" \/>\n<meta property=\"og:locale\" content=\"fr_FR\" \/>\n<meta property=\"og:type\" content=\"article\" \/>\n<meta property=\"og:title\" content=\"au Logone Oriental, l&#039;ONG ESEDD ESEDD sensibilise sur le processus r\u00e9f\u00e9rendaire\" \/>\n<meta property=\"og:description\" content=\"Dans le cadre du processus de la re\u0301vision des listes e\u0301lectorales du re\u0301fe\u0301rendum prochain, le gouvernement de Transiti ...\" \/>\n<meta property=\"og:url\" content=\"https:\/\/www.africa-press.net\/tchad\/politique\/au-logone-oriental-long-esedd-esedd-sensibilise-sur-le-processus-referendaire\" \/>\n<meta property=\"og:site_name\" content=\"tchad\" \/>\n<meta property=\"article:published_time\" content=\"2023-10-12T15:42:00+00:00\" \/>\n<meta property=\"article:modified_time\" content=\"2023-10-12T16:40:03+00:00\" \/>\n<meta property=\"og:image\" content=\"https:\/\/static.africa-press.net\/tchad\/sites\/41\/2023\/10\/sm_1697116130.966451.jpg\" \/>\n\t<meta property=\"og:image:width\" content=\"1148\" \/>\n\t<meta property=\"og:image:height\" content=\"504\" \/>\n\t<meta property=\"og:image:type\" content=\"image\/jpeg\" \/>\n<meta name=\"author\" content=\"cfeditorfr\" \/>\n<meta name=\"twitter:card\" content=\"summary_large_image\" \/>\n<meta name=\"twitter:label1\" content=\"\u00c9crit par\" \/>\n\t<meta name=\"twitter:data1\" content=\"cfeditorfr\" \/>\n\t<meta name=\"twitter:label2\" content=\"Dur\u00e9e de lecture estim\u00e9e\" \/>\n\t<meta name=\"twitter:data2\" content=\"2 minutes\" \/>\n<script type=\"application\/ld+json\" class=\"yoast-schema-graph\">{\"@context\":\"https:\/\/schema.org\",\"@graph\":[{\"@type\":\"Article\",\"@id\":\"https:\/\/www.africa-press.net\/tchad\/politique\/au-logone-oriental-long-esedd-esedd-sensibilise-sur-le-processus-referendaire#article\",\"isPartOf\":{\"@id\":\"https:\/\/www.africa-press.net\/tchad\/politique\/au-logone-oriental-long-esedd-esedd-sensibilise-sur-le-processus-referendaire\"},\"author\":{\"name\":\"cfeditorfr\",\"@id\":\"https:\/\/www.africa-press.net\/tchad\/#\/schema\/person\/2b1cf3cd81a31e3cd26889ca66d677f1\"},\"headline\":\"au Logone Oriental, l&rsquo;ONG ESEDD ESEDD sensibilise sur le processus r\u00e9f\u00e9rendaire\",\"datePublished\":\"2023-10-12T15:42:00+00:00\",\"dateModified\":\"2023-10-12T16:40:03+00:00\",\"mainEntityOfPage\":{\"@id\":\"https:\/\/www.africa-press.net\/tchad\/politique\/au-logone-oriental-long-esedd-esedd-sensibilise-sur-le-processus-referendaire\"},\"wordCount\":429,\"commentCount\":0,\"image\":{\"@id\":\"https:\/\/www.africa-press.net\/tchad\/politique\/au-logone-oriental-long-esedd-esedd-sensibilise-sur-le-processus-referendaire#primaryimage\"},\"thumbnailUrl\":\"https:\/\/static.africa-press.net\/tchad\/sites\/41\/2023\/10\/sm_1697116130.966451.jpg\",\"keywords\":[\"Africa Press\",\"Africa Press-Tchad\",\"Tchad\"],\"articleSection\":[\"Politique\",\"Toutes les actualit\u00e9s\"],\"inLanguage\":\"fr-FR\",\"potentialAction\":[{\"@type\":\"CommentAction\",\"name\":\"Comment\",\"target\":[\"https:\/\/www.africa-press.net\/tchad\/politique\/au-logone-oriental-long-esedd-esedd-sensibilise-sur-le-processus-referendaire#respond\"]}]},{\"@type\":\"WebPage\",\"@id\":\"https:\/\/www.africa-press.net\/tchad\/politique\/au-logone-oriental-long-esedd-esedd-sensibilise-sur-le-processus-referendaire\",\"url\":\"https:\/\/www.africa-press.net\/tchad\/politique\/au-logone-oriental-long-esedd-esedd-sensibilise-sur-le-processus-referendaire\",\"name\":\"au Logone Oriental, l'ONG ESEDD ESEDD sensibilise sur le processus r\u00e9f\u00e9rendaire - tchad\",\"isPartOf\":{\"@id\":\"https:\/\/www.africa-press.net\/tchad\/#website\"},\"primaryImageOfPage\":{\"@id\":\"https:\/\/www.africa-press.net\/tchad\/politique\/au-logone-oriental-long-esedd-esedd-sensibilise-sur-le-processus-referendaire#primaryimage\"},\"image\":{\"@id\":\"https:\/\/www.africa-press.net\/tchad\/politique\/au-logone-oriental-long-esedd-esedd-sensibilise-sur-le-processus-referendaire#primaryimage\"},\"thumbnailUrl\":\"https:\/\/static.africa-press.net\/tchad\/sites\/41\/2023\/10\/sm_1697116130.966451.jpg\",\"datePublished\":\"2023-10-12T15:42:00+00:00\",\"dateModified\":\"2023-10-12T16:40:03+00:00\",\"author\":{\"@id\":\"https:\/\/www.africa-press.net\/tchad\/#\/schema\/person\/2b1cf3cd81a31e3cd26889ca66d677f1\"},\"description\":\"Dans le cadre du processus de la re\u0301vision des listes e\u0301lectorales du re\u0301fe\u0301rendum prochain, le gouvernement de Transiti ...\",\"breadcrumb\":{\"@id\":\"https:\/\/www.africa-press.net\/tchad\/politique\/au-logone-oriental-long-esedd-esedd-sensibilise-sur-le-processus-referendaire#breadcrumb\"},\"inLanguage\":\"fr-FR\",\"potentialAction\":[{\"@type\":\"ReadAction\",\"target\":[\"https:\/\/www.africa-press.net\/tchad\/politique\/au-logone-oriental-long-esedd-esedd-sensibilise-sur-le-processus-referendaire\"]}]},{\"@type\":\"ImageObject\",\"inLanguage\":\"fr-FR\",\"@id\":\"https:\/\/www.africa-press.net\/tchad\/politique\/au-logone-oriental-long-esedd-esedd-sensibilise-sur-le-processus-referendaire#primaryimage\",\"url\":\"https:\/\/static.africa-press.net\/tchad\/sites\/41\/2023\/10\/sm_1697116130.966451.jpg\",\"contentUrl\":\"https:\/\/static.africa-press.net\/tchad\/sites\/41\/2023\/10\/sm_1697116130.966451.jpg\",\"width\":1148,\"height\":504,\"caption\":\"au Logone Oriental, l'ONG ESEDD ESEDD sensibilise sur le processus r\u00e9f\u00e9rendaire\"},{\"@type\":\"BreadcrumbList\",\"@id\":\"https:\/\/www.africa-press.net\/tchad\/politique\/au-logone-oriental-long-esedd-esedd-sensibilise-sur-le-processus-referendaire#breadcrumb\",\"itemListElement\":[{\"@type\":\"ListItem\",\"position\":1,\"name\":\"Accueil\",\"item\":\"https:\/\/www.africa-press.net\/tchad\/\"},{\"@type\":\"ListItem\",\"position\":2,\"name\":\"au Logone Oriental, l&#8217;ONG ESEDD ESEDD sensibilise sur le processus r\u00e9f\u00e9rendaire\"}]},{\"@type\":\"WebSite\",\"@id\":\"https:\/\/www.africa-press.net\/tchad\/#website\",\"url\":\"https:\/\/www.africa-press.net\/tchad\/\",\"name\":\"tchad\",\"description\":\"Just another Africa News Agency Sites site\",\"potentialAction\":[{\"@type\":\"SearchAction\",\"target\":{\"@type\":\"EntryPoint\",\"urlTemplate\":\"https:\/\/www.africa-press.net\/tchad\/?s={search_term_string}\"},\"query-input\":{\"@type\":\"PropertyValueSpecification\",\"valueRequired\":true,\"valueName\":\"search_term_string\"}}],\"inLanguage\":\"fr-FR\"},{\"@type\":\"Person\",\"@id\":\"https:\/\/www.africa-press.net\/tchad\/#\/schema\/person\/2b1cf3cd81a31e3cd26889ca66d677f1\",\"name\":\"cfeditorfr\"}]}<\/script>\n<!-- \/ Yoast SEO Premium plugin. -->","yoast_head_json":{"title":"au Logone Oriental, l'ONG ESEDD ESEDD sensibilise sur le processus r\u00e9f\u00e9rendaire - tchad","description":"Dans le cadre du processus de la re\u0301vision des listes e\u0301lectorales du re\u0301fe\u0301rendum prochain, le gouvernement de Transiti ...","robots":{"index":"index","follow":"follow","max-snippet":"max-snippet:-1","max-image-preview":"max-image-preview:large","max-video-preview":"max-video-preview:-1"},"canonical":"https:\/\/www.africa-press.net\/tchad\/politique\/au-logone-oriental-long-esedd-esedd-sensibilise-sur-le-processus-referendaire","og_locale":"fr_FR","og_type":"article","og_title":"au Logone Oriental, l'ONG ESEDD ESEDD sensibilise sur le processus r\u00e9f\u00e9rendaire","og_description":"Dans le cadre du processus de la re\u0301vision des listes e\u0301lectorales du re\u0301fe\u0301rendum prochain, le gouvernement de Transiti ...","og_url":"https:\/\/www.africa-press.net\/tchad\/politique\/au-logone-oriental-long-esedd-esedd-sensibilise-sur-le-processus-referendaire","og_site_name":"tchad","article_published_time":"2023-10-12T15:42:00+00:00","article_modified_time":"2023-10-12T16:40:03+00:00","og_image":[{"width":1148,"height":504,"url":"https:\/\/static.africa-press.net\/tchad\/sites\/41\/2023\/10\/sm_1697116130.966451.jpg","type":"image\/jpeg"}],"author":"cfeditorfr","twitter_card":"summary_large_image","twitter_misc":{"\u00c9crit par":"cfeditorfr","Dur\u00e9e de lecture estim\u00e9e":"2 minutes"},"schema":{"@context":"https:\/\/schema.org","@graph":[{"@type":"Article","@id":"https:\/\/www.africa-press.net\/tchad\/politique\/au-logone-oriental-long-esedd-esedd-sensibilise-sur-le-processus-referendaire#article","isPartOf":{"@id":"https:\/\/www.africa-press.net\/tchad\/politique\/au-logone-oriental-long-esedd-esedd-sensibilise-sur-le-processus-referendaire"},"author":{"name":"cfeditorfr","@id":"https:\/\/www.africa-press.net\/tchad\/#\/schema\/person\/2b1cf3cd81a31e3cd26889ca66d677f1"},"headline":"au Logone Oriental, l&rsquo;ONG ESEDD ESEDD sensibilise sur le processus r\u00e9f\u00e9rendaire","datePublished":"2023-10-12T15:42:00+00:00","dateModified":"2023-10-12T16:40:03+00:00","mainEntityOfPage":{"@id":"https:\/\/www.africa-press.net\/tchad\/politique\/au-logone-oriental-long-esedd-esedd-sensibilise-sur-le-processus-referendaire"},"wordCount":429,"commentCount":0,"image":{"@id":"https:\/\/www.africa-press.net\/tchad\/politique\/au-logone-oriental-long-esedd-esedd-sensibilise-sur-le-processus-referendaire#primaryimage"},"thumbnailUrl":"https:\/\/static.africa-press.net\/tchad\/sites\/41\/2023\/10\/sm_1697116130.966451.jpg","keywords":["Africa Press","Africa Press-Tchad","Tchad"],"articleSection":["Politique","Toutes les actualit\u00e9s"],"inLanguage":"fr-FR","potentialAction":[{"@type":"CommentAction","name":"Comment","target":["https:\/\/www.africa-press.net\/tchad\/politique\/au-logone-oriental-long-esedd-esedd-sensibilise-sur-le-processus-referendaire#respond"]}]},{"@type":"WebPage","@id":"https:\/\/www.africa-press.net\/tchad\/politique\/au-logone-oriental-long-esedd-esedd-sensibilise-sur-le-processus-referendaire","url":"https:\/\/www.africa-press.net\/tchad\/politique\/au-logone-oriental-long-esedd-esedd-sensibilise-sur-le-processus-referendaire","name":"au Logone Oriental, l'ONG ESEDD ESEDD sensibilise sur le processus r\u00e9f\u00e9rendaire - tchad","isPartOf":{"@id":"https:\/\/www.africa-press.net\/tchad\/#website"},"primaryImageOfPage":{"@id":"https:\/\/www.africa-press.net\/tchad\/politique\/au-logone-oriental-long-esedd-esedd-sensibilise-sur-le-processus-referendaire#primaryimage"},"image":{"@id":"https:\/\/www.africa-press.net\/tchad\/politique\/au-logone-oriental-long-esedd-esedd-sensibilise-sur-le-processus-referendaire#primaryimage"},"thumbnailUrl":"https:\/\/static.africa-press.net\/tchad\/sites\/41\/2023\/10\/sm_1697116130.966451.jpg","datePublished":"2023-10-12T15:42:00+00:00","dateModified":"2023-10-12T16:40:03+00:00","author":{"@id":"https:\/\/www.africa-press.net\/tchad\/#\/schema\/person\/2b1cf3cd81a31e3cd26889ca66d677f1"},"description":"Dans le cadre du processus de la re\u0301vision des listes e\u0301lectorales du re\u0301fe\u0301rendum prochain, le gouvernement de Transiti ...","breadcrumb":{"@id":"https:\/\/www.africa-press.net\/tchad\/politique\/au-logone-oriental-long-esedd-esedd-sensibilise-sur-le-processus-referendaire#breadcrumb"},"inLanguage":"fr-FR","potentialAction":[{"@type":"ReadAction","target":["https:\/\/www.africa-press.net\/tchad\/politique\/au-logone-oriental-long-esedd-esedd-sensibilise-sur-le-processus-referendaire"]}]},{"@type":"ImageObject","inLanguage":"fr-FR","@id":"https:\/\/www.africa-press.net\/tchad\/politique\/au-logone-oriental-long-esedd-esedd-sensibilise-sur-le-processus-referendaire#primaryimage","url":"https:\/\/static.africa-press.net\/tchad\/sites\/41\/2023\/10\/sm_1697116130.966451.jpg","contentUrl":"https:\/\/static.africa-press.net\/tchad\/sites\/41\/2023\/10\/sm_1697116130.966451.jpg","width":1148,"height":504,"caption":"au Logone Oriental, l'ONG ESEDD ESEDD sensibilise sur le processus r\u00e9f\u00e9rendaire"},{"@type":"BreadcrumbList","@id":"https:\/\/www.africa-press.net\/tchad\/politique\/au-logone-oriental-long-esedd-esedd-sensibilise-sur-le-processus-referendaire#breadcrumb","itemListElement":[{"@type":"ListItem","position":1,"name":"Accueil","item":"https:\/\/www.africa-press.net\/tchad\/"},{"@type":"ListItem","position":2,"name":"au Logone Oriental, l&#8217;ONG ESEDD ESEDD sensibilise sur le processus r\u00e9f\u00e9rendaire"}]},{"@type":"WebSite","@id":"https:\/\/www.africa-press.net\/tchad\/#website","url":"https:\/\/www.africa-press.net\/tchad\/","name":"tchad","description":"Just another Africa News Agency Sites site","potentialAction":[{"@type":"SearchAction","target":{"@type":"EntryPoint","urlTemplate":"https:\/\/www.africa-press.net\/tchad\/?s={search_term_string}"},"query-input":{"@type":"PropertyValueSpecification","valueRequired":true,"valueName":"search_term_string"}}],"inLanguage":"fr-FR"},{"@type":"Person","@id":"https:\/\/www.africa-press.net\/tchad\/#\/schema\/person\/2b1cf3cd81a31e3cd26889ca66d677f1","name":"cfeditorfr"}]}},"_links":{"self":[{"href":"https:\/\/www.africa-press.net\/tchad\/wp-json\/wp\/v2\/posts\/52194","targetHints":{"allow":["GET"]}}],"collection":[{"href":"https:\/\/www.africa-press.net\/tchad\/wp-json\/wp\/v2\/posts"}],"about":[{"href":"https:\/\/www.africa-press.net\/tchad\/wp-json\/wp\/v2\/types\/post"}],"author":[{"embeddable":true,"href":"https:\/\/www.africa-press.net\/tchad\/wp-json\/wp\/v2\/users\/82"}],"replies":[{"embeddable":true,"href":"https:\/\/www.africa-press.net\/tchad\/wp-json\/wp\/v2\/comments?post=52194"}],"version-history":[{"count":0,"href":"https:\/\/www.africa-press.net\/tchad\/wp-json\/wp\/v2\/posts\/52194\/revisions"}],"wp:featuredmedia":[{"embeddable":true,"href":"https:\/\/www.africa-press.net\/tchad\/wp-json\/wp\/v2\/media\/52193"}],"wp:attachment":[{"href":"https:\/\/www.africa-press.net\/tchad\/wp-json\/wp\/v2\/media?parent=52194"}],"wp:term":[{"taxonomy":"category","embeddable":true,"href":"https:\/\/www.africa-press.net\/tchad\/wp-json\/wp\/v2\/categories?post=52194"},{"taxonomy":"post_tag","embeddable":true,"href":"https:\/\/www.africa-press.net\/tchad\/wp-json\/wp\/v2\/tags?post=52194"}],"curies":[{"name":"wp","href":"https:\/\/api.w.org\/{rel}","templated":true}]}}