{"id":52204,"date":"2023-10-12T15:58:26","date_gmt":"2023-10-12T15:58:26","guid":{"rendered":"https:\/\/www.africa-press.net\/tchad\/politique\/une-organisation-des-jeunes-se-rejouit-de-la-gratuite-de-lecole-restauree-par-le-president-de-transition"},"modified":"2023-10-12T16:57:15","modified_gmt":"2023-10-12T16:57:15","slug":"une-organisation-des-jeunes-se-rejouit-de-la-gratuite-de-lecole-restauree-par-le-president-de-transition","status":"publish","type":"post","link":"https:\/\/www.africa-press.net\/tchad\/politique\/une-organisation-des-jeunes-se-rejouit-de-la-gratuite-de-lecole-restauree-par-le-president-de-transition","title":{"rendered":"une organisation des jeunes se r\u00e9jouit de la gratuit\u00e9 de l\u2019\u00e9cole restaur\u00e9e par le pr\u00e9sident de transition"},"content":{"rendered":"<p><span style=\"color: #ff6600\"><strong>Africa-Press &#8211; Tchad. <\/strong><\/span>Le pre\u0301sident national de la Convention tchadienne des Jeunes pour la Paix et la Cohabitation pacifique au Tchad, Abel Delpoua Sewa, a anime\u0301 un point de presse ce 12 octobre pour faire le bilan de la tourne\u0301e du pre\u0301sident de transition.<\/p>\n<p>Le pre\u0301sident de la transition Mahamat Idriss Deby Itno, rappelle-t-il, a entame\u0301 en mai dernier, une tourne\u0301e qui l\u2019a conduit dans toutes les provinces du pays pour rencontrer les Tchadiens et e\u0301couter de vive voix leurs pre\u0301occupations. Partout ou\u0300 il est passe\u0301, il a rassure\u0301 ses compatriotes de la disponibilite\u0301 des autorite\u0301s de transition a\u0300 re\u0301soudre les proble\u0300mes lie\u0301s au manque d\u2019eau, d\u2019e\u0301lectricite\u0301, des infrastructures de qualite\u0301, des denre\u0301es alimentaires de premie\u0300re ne\u0301cessite\u0301 ainsi que l\u2019acce\u0300s aux services sociaux de base.<\/p>\n<p>C\u2019est fort de ces constats juge\u0301s \u00ab tre\u0300s satisfaisants \u00bb au be\u0301ne\u0301ficie du peuple tchadien que, dit Abel Delpoua Sewa, la Convention tchadienne des Jeunes pour la Paix et la Cohabitation pacifique au Tchad fe\u0301licite et encourage le Chef de l\u2019Etat dans ses actions en faveur de la population.<\/p>\n<p>\u00ab Aussi, elle se re\u0301jouit de la gratuite\u0301 de l\u2019e\u0301cole publique sur l\u2019ensemble du pays annonce\u0301e par le Pre\u0301sident lors de son se\u0301jour a\u0300 Abe\u0301che\u0301. Cette de\u0301cision hautement patriotique me\u0301rite d\u2019e\u0302tre encourage\u0301e et soutenue par toutes les filles et tous les fils du Tchad \u00bb, ajoute Abel Delpoua Sewa.<\/p>\n<p>La Convention tchadienne des Jeunes pour la Paix et la Cohabitation pacifique au Tchad dit rester disponible a\u0300 accompagner le gouvernement d\u2019union nationale et les autres institutions de la Re\u0301publique dans la sensibilisation de la population pour l\u2019unite\u0301 et la cohe\u0301sion entre les Tchadiens. \u00ab Nous demandons aux plus hautes autorite\u0301s de continuer a\u0300 \u0153uvrer en privile\u0301giant le dialogue et la re\u0301conciliation nationale, gage d\u2019une vraie cohabitation pacifique dans notre pays \u00bb, conclut-il.<\/p>\n<p><strong>Pour plus d&rsquo;informations et d&rsquo;analyses sur la <a href=\"https:\/\/www.africa-press.net\/tchad\">Tchad<\/a>, suivez <a href=\"https:\/\/www.africa-press.net\/\">Africa-Press<\/a><\/strong><\/p>\n","protected":false},"excerpt":{"rendered":"<p>Africa-Press &#8211; Tchad. Le pre\u0301sident national de la Convention tchadienne des Jeunes pour la Paix et la Cohabitation pacifique au Tchad, Abel Delpoua Sewa, a anime\u0301 un point de presse ce 12 octobre pour faire le bilan de la tourne\u0301e du pre\u0301sident de transition. Le pre\u0301sident de la transition Mahamat Idriss Deby Itno, rappelle-t-il, a [&hellip;]<\/p>\n","protected":false},"author":82,"featured_media":52203,"comment_status":"open","ping_status":"closed","sticky":false,"template":"","format":"standard","meta":{"footnotes":""},"categories":[2,20,10],"tags":[37,292,29],"class_list":["post-52204","post","type-post","status-publish","format-standard","has-post-thumbnail","hentry","category-politique","category-top-nouvelles","category-toutes-les-actualites","tag-africa-press","tag-africa-press-tchad","tag-tchad"],"yoast_head":"<!-- This site is optimized with the Yoast SEO Premium plugin v26.1 (Yoast SEO v27.0) - https:\/\/yoast.com\/product\/yoast-seo-premium-wordpress\/ -->\n<title>une organisation des jeunes se r\u00e9jouit de la gratuit\u00e9 de l\u2019\u00e9cole restaur\u00e9e par le pr\u00e9sident de transition - tchad<\/title>\n<meta name=\"description\" content=\"Le pre\u0301sident national de la Convention tchadienne des Jeunes pour la Paix et la Cohabitation pacifique au Tchad, Abel D ...\" \/>\n<meta name=\"robots\" content=\"index, follow, max-snippet:-1, max-image-preview:large, max-video-preview:-1\" \/>\n<link rel=\"canonical\" href=\"https:\/\/www.africa-press.net\/tchad\/politique\/une-organisation-des-jeunes-se-rejouit-de-la-gratuite-de-lecole-restauree-par-le-president-de-transition\" \/>\n<meta property=\"og:locale\" content=\"fr_FR\" \/>\n<meta property=\"og:type\" content=\"article\" \/>\n<meta property=\"og:title\" content=\"une organisation des jeunes se r\u00e9jouit de la gratuit\u00e9 de l\u2019\u00e9cole restaur\u00e9e par le pr\u00e9sident de transition\" \/>\n<meta property=\"og:description\" content=\"Le pre\u0301sident national de la Convention tchadienne des Jeunes pour la Paix et la Cohabitation pacifique au Tchad, Abel D ...\" \/>\n<meta property=\"og:url\" content=\"https:\/\/www.africa-press.net\/tchad\/politique\/une-organisation-des-jeunes-se-rejouit-de-la-gratuite-de-lecole-restauree-par-le-president-de-transition\" \/>\n<meta property=\"og:site_name\" content=\"tchad\" \/>\n<meta property=\"article:published_time\" content=\"2023-10-12T15:58:26+00:00\" \/>\n<meta property=\"article:modified_time\" content=\"2023-10-12T16:57:15+00:00\" \/>\n<meta property=\"og:image\" content=\"https:\/\/static.africa-press.net\/tchad\/sites\/41\/2023\/10\/sm_1697117193.257974.jpg\" \/>\n\t<meta property=\"og:image:width\" content=\"735\" \/>\n\t<meta property=\"og:image:height\" content=\"484\" \/>\n\t<meta property=\"og:image:type\" content=\"image\/jpeg\" \/>\n<meta name=\"author\" content=\"cfeditorfr\" \/>\n<meta name=\"twitter:card\" content=\"summary_large_image\" \/>\n<meta name=\"twitter:label1\" content=\"\u00c9crit par\" \/>\n\t<meta name=\"twitter:data1\" content=\"cfeditorfr\" \/>\n\t<meta name=\"twitter:label2\" content=\"Dur\u00e9e de lecture estim\u00e9e\" \/>\n\t<meta name=\"twitter:data2\" content=\"2 minutes\" \/>\n<script type=\"application\/ld+json\" class=\"yoast-schema-graph\">{\"@context\":\"https:\/\/schema.org\",\"@graph\":[{\"@type\":\"Article\",\"@id\":\"https:\/\/www.africa-press.net\/tchad\/politique\/une-organisation-des-jeunes-se-rejouit-de-la-gratuite-de-lecole-restauree-par-le-president-de-transition#article\",\"isPartOf\":{\"@id\":\"https:\/\/www.africa-press.net\/tchad\/politique\/une-organisation-des-jeunes-se-rejouit-de-la-gratuite-de-lecole-restauree-par-le-president-de-transition\"},\"author\":{\"name\":\"cfeditorfr\",\"@id\":\"https:\/\/www.africa-press.net\/tchad\/#\/schema\/person\/2b1cf3cd81a31e3cd26889ca66d677f1\"},\"headline\":\"une organisation des jeunes se r\u00e9jouit de la gratuit\u00e9 de l\u2019\u00e9cole restaur\u00e9e par le pr\u00e9sident de transition\",\"datePublished\":\"2023-10-12T15:58:26+00:00\",\"dateModified\":\"2023-10-12T16:57:15+00:00\",\"mainEntityOfPage\":{\"@id\":\"https:\/\/www.africa-press.net\/tchad\/politique\/une-organisation-des-jeunes-se-rejouit-de-la-gratuite-de-lecole-restauree-par-le-president-de-transition\"},\"wordCount\":370,\"commentCount\":0,\"image\":{\"@id\":\"https:\/\/www.africa-press.net\/tchad\/politique\/une-organisation-des-jeunes-se-rejouit-de-la-gratuite-de-lecole-restauree-par-le-president-de-transition#primaryimage\"},\"thumbnailUrl\":\"https:\/\/static.africa-press.net\/tchad\/sites\/41\/2023\/10\/sm_1697117193.257974.jpg\",\"keywords\":[\"Africa Press\",\"Africa Press-Tchad\",\"Tchad\"],\"articleSection\":[\"Politique\",\"Top Nouvelles\",\"Toutes les actualit\u00e9s\"],\"inLanguage\":\"fr-FR\",\"potentialAction\":[{\"@type\":\"CommentAction\",\"name\":\"Comment\",\"target\":[\"https:\/\/www.africa-press.net\/tchad\/politique\/une-organisation-des-jeunes-se-rejouit-de-la-gratuite-de-lecole-restauree-par-le-president-de-transition#respond\"]}]},{\"@type\":\"WebPage\",\"@id\":\"https:\/\/www.africa-press.net\/tchad\/politique\/une-organisation-des-jeunes-se-rejouit-de-la-gratuite-de-lecole-restauree-par-le-president-de-transition\",\"url\":\"https:\/\/www.africa-press.net\/tchad\/politique\/une-organisation-des-jeunes-se-rejouit-de-la-gratuite-de-lecole-restauree-par-le-president-de-transition\",\"name\":\"une organisation des jeunes se r\u00e9jouit de la gratuit\u00e9 de l\u2019\u00e9cole restaur\u00e9e par le pr\u00e9sident de transition - tchad\",\"isPartOf\":{\"@id\":\"https:\/\/www.africa-press.net\/tchad\/#website\"},\"primaryImageOfPage\":{\"@id\":\"https:\/\/www.africa-press.net\/tchad\/politique\/une-organisation-des-jeunes-se-rejouit-de-la-gratuite-de-lecole-restauree-par-le-president-de-transition#primaryimage\"},\"image\":{\"@id\":\"https:\/\/www.africa-press.net\/tchad\/politique\/une-organisation-des-jeunes-se-rejouit-de-la-gratuite-de-lecole-restauree-par-le-president-de-transition#primaryimage\"},\"thumbnailUrl\":\"https:\/\/static.africa-press.net\/tchad\/sites\/41\/2023\/10\/sm_1697117193.257974.jpg\",\"datePublished\":\"2023-10-12T15:58:26+00:00\",\"dateModified\":\"2023-10-12T16:57:15+00:00\",\"author\":{\"@id\":\"https:\/\/www.africa-press.net\/tchad\/#\/schema\/person\/2b1cf3cd81a31e3cd26889ca66d677f1\"},\"description\":\"Le pre\u0301sident national de la Convention tchadienne des Jeunes pour la Paix et la Cohabitation pacifique au Tchad, Abel D ...\",\"breadcrumb\":{\"@id\":\"https:\/\/www.africa-press.net\/tchad\/politique\/une-organisation-des-jeunes-se-rejouit-de-la-gratuite-de-lecole-restauree-par-le-president-de-transition#breadcrumb\"},\"inLanguage\":\"fr-FR\",\"potentialAction\":[{\"@type\":\"ReadAction\",\"target\":[\"https:\/\/www.africa-press.net\/tchad\/politique\/une-organisation-des-jeunes-se-rejouit-de-la-gratuite-de-lecole-restauree-par-le-president-de-transition\"]}]},{\"@type\":\"ImageObject\",\"inLanguage\":\"fr-FR\",\"@id\":\"https:\/\/www.africa-press.net\/tchad\/politique\/une-organisation-des-jeunes-se-rejouit-de-la-gratuite-de-lecole-restauree-par-le-president-de-transition#primaryimage\",\"url\":\"https:\/\/static.africa-press.net\/tchad\/sites\/41\/2023\/10\/sm_1697117193.257974.jpg\",\"contentUrl\":\"https:\/\/static.africa-press.net\/tchad\/sites\/41\/2023\/10\/sm_1697117193.257974.jpg\",\"width\":735,\"height\":484,\"caption\":\"une organisation des jeunes se r\u00e9jouit de la gratuit\u00e9 de l\u2019\u00e9cole restaur\u00e9e par le pr\u00e9sident de transition\"},{\"@type\":\"BreadcrumbList\",\"@id\":\"https:\/\/www.africa-press.net\/tchad\/politique\/une-organisation-des-jeunes-se-rejouit-de-la-gratuite-de-lecole-restauree-par-le-president-de-transition#breadcrumb\",\"itemListElement\":[{\"@type\":\"ListItem\",\"position\":1,\"name\":\"Accueil\",\"item\":\"https:\/\/www.africa-press.net\/tchad\/\"},{\"@type\":\"ListItem\",\"position\":2,\"name\":\"une organisation des jeunes se r\u00e9jouit de la gratuit\u00e9 de l\u2019\u00e9cole restaur\u00e9e par le pr\u00e9sident de transition\"}]},{\"@type\":\"WebSite\",\"@id\":\"https:\/\/www.africa-press.net\/tchad\/#website\",\"url\":\"https:\/\/www.africa-press.net\/tchad\/\",\"name\":\"tchad\",\"description\":\"Just another Africa News Agency Sites site\",\"potentialAction\":[{\"@type\":\"SearchAction\",\"target\":{\"@type\":\"EntryPoint\",\"urlTemplate\":\"https:\/\/www.africa-press.net\/tchad\/?s={search_term_string}\"},\"query-input\":{\"@type\":\"PropertyValueSpecification\",\"valueRequired\":true,\"valueName\":\"search_term_string\"}}],\"inLanguage\":\"fr-FR\"},{\"@type\":\"Person\",\"@id\":\"https:\/\/www.africa-press.net\/tchad\/#\/schema\/person\/2b1cf3cd81a31e3cd26889ca66d677f1\",\"name\":\"cfeditorfr\"}]}<\/script>\n<!-- \/ Yoast SEO Premium plugin. -->","yoast_head_json":{"title":"une organisation des jeunes se r\u00e9jouit de la gratuit\u00e9 de l\u2019\u00e9cole restaur\u00e9e par le pr\u00e9sident de transition - tchad","description":"Le pre\u0301sident national de la Convention tchadienne des Jeunes pour la Paix et la Cohabitation pacifique au Tchad, Abel D ...","robots":{"index":"index","follow":"follow","max-snippet":"max-snippet:-1","max-image-preview":"max-image-preview:large","max-video-preview":"max-video-preview:-1"},"canonical":"https:\/\/www.africa-press.net\/tchad\/politique\/une-organisation-des-jeunes-se-rejouit-de-la-gratuite-de-lecole-restauree-par-le-president-de-transition","og_locale":"fr_FR","og_type":"article","og_title":"une organisation des jeunes se r\u00e9jouit de la gratuit\u00e9 de l\u2019\u00e9cole restaur\u00e9e par le pr\u00e9sident de transition","og_description":"Le pre\u0301sident national de la Convention tchadienne des Jeunes pour la Paix et la Cohabitation pacifique au Tchad, Abel D ...","og_url":"https:\/\/www.africa-press.net\/tchad\/politique\/une-organisation-des-jeunes-se-rejouit-de-la-gratuite-de-lecole-restauree-par-le-president-de-transition","og_site_name":"tchad","article_published_time":"2023-10-12T15:58:26+00:00","article_modified_time":"2023-10-12T16:57:15+00:00","og_image":[{"width":735,"height":484,"url":"https:\/\/static.africa-press.net\/tchad\/sites\/41\/2023\/10\/sm_1697117193.257974.jpg","type":"image\/jpeg"}],"author":"cfeditorfr","twitter_card":"summary_large_image","twitter_misc":{"\u00c9crit par":"cfeditorfr","Dur\u00e9e de lecture estim\u00e9e":"2 minutes"},"schema":{"@context":"https:\/\/schema.org","@graph":[{"@type":"Article","@id":"https:\/\/www.africa-press.net\/tchad\/politique\/une-organisation-des-jeunes-se-rejouit-de-la-gratuite-de-lecole-restauree-par-le-president-de-transition#article","isPartOf":{"@id":"https:\/\/www.africa-press.net\/tchad\/politique\/une-organisation-des-jeunes-se-rejouit-de-la-gratuite-de-lecole-restauree-par-le-president-de-transition"},"author":{"name":"cfeditorfr","@id":"https:\/\/www.africa-press.net\/tchad\/#\/schema\/person\/2b1cf3cd81a31e3cd26889ca66d677f1"},"headline":"une organisation des jeunes se r\u00e9jouit de la gratuit\u00e9 de l\u2019\u00e9cole restaur\u00e9e par le pr\u00e9sident de transition","datePublished":"2023-10-12T15:58:26+00:00","dateModified":"2023-10-12T16:57:15+00:00","mainEntityOfPage":{"@id":"https:\/\/www.africa-press.net\/tchad\/politique\/une-organisation-des-jeunes-se-rejouit-de-la-gratuite-de-lecole-restauree-par-le-president-de-transition"},"wordCount":370,"commentCount":0,"image":{"@id":"https:\/\/www.africa-press.net\/tchad\/politique\/une-organisation-des-jeunes-se-rejouit-de-la-gratuite-de-lecole-restauree-par-le-president-de-transition#primaryimage"},"thumbnailUrl":"https:\/\/static.africa-press.net\/tchad\/sites\/41\/2023\/10\/sm_1697117193.257974.jpg","keywords":["Africa Press","Africa Press-Tchad","Tchad"],"articleSection":["Politique","Top Nouvelles","Toutes les actualit\u00e9s"],"inLanguage":"fr-FR","potentialAction":[{"@type":"CommentAction","name":"Comment","target":["https:\/\/www.africa-press.net\/tchad\/politique\/une-organisation-des-jeunes-se-rejouit-de-la-gratuite-de-lecole-restauree-par-le-president-de-transition#respond"]}]},{"@type":"WebPage","@id":"https:\/\/www.africa-press.net\/tchad\/politique\/une-organisation-des-jeunes-se-rejouit-de-la-gratuite-de-lecole-restauree-par-le-president-de-transition","url":"https:\/\/www.africa-press.net\/tchad\/politique\/une-organisation-des-jeunes-se-rejouit-de-la-gratuite-de-lecole-restauree-par-le-president-de-transition","name":"une organisation des jeunes se r\u00e9jouit de la gratuit\u00e9 de l\u2019\u00e9cole restaur\u00e9e par le pr\u00e9sident de transition - tchad","isPartOf":{"@id":"https:\/\/www.africa-press.net\/tchad\/#website"},"primaryImageOfPage":{"@id":"https:\/\/www.africa-press.net\/tchad\/politique\/une-organisation-des-jeunes-se-rejouit-de-la-gratuite-de-lecole-restauree-par-le-president-de-transition#primaryimage"},"image":{"@id":"https:\/\/www.africa-press.net\/tchad\/politique\/une-organisation-des-jeunes-se-rejouit-de-la-gratuite-de-lecole-restauree-par-le-president-de-transition#primaryimage"},"thumbnailUrl":"https:\/\/static.africa-press.net\/tchad\/sites\/41\/2023\/10\/sm_1697117193.257974.jpg","datePublished":"2023-10-12T15:58:26+00:00","dateModified":"2023-10-12T16:57:15+00:00","author":{"@id":"https:\/\/www.africa-press.net\/tchad\/#\/schema\/person\/2b1cf3cd81a31e3cd26889ca66d677f1"},"description":"Le pre\u0301sident national de la Convention tchadienne des Jeunes pour la Paix et la Cohabitation pacifique au Tchad, Abel D ...","breadcrumb":{"@id":"https:\/\/www.africa-press.net\/tchad\/politique\/une-organisation-des-jeunes-se-rejouit-de-la-gratuite-de-lecole-restauree-par-le-president-de-transition#breadcrumb"},"inLanguage":"fr-FR","potentialAction":[{"@type":"ReadAction","target":["https:\/\/www.africa-press.net\/tchad\/politique\/une-organisation-des-jeunes-se-rejouit-de-la-gratuite-de-lecole-restauree-par-le-president-de-transition"]}]},{"@type":"ImageObject","inLanguage":"fr-FR","@id":"https:\/\/www.africa-press.net\/tchad\/politique\/une-organisation-des-jeunes-se-rejouit-de-la-gratuite-de-lecole-restauree-par-le-president-de-transition#primaryimage","url":"https:\/\/static.africa-press.net\/tchad\/sites\/41\/2023\/10\/sm_1697117193.257974.jpg","contentUrl":"https:\/\/static.africa-press.net\/tchad\/sites\/41\/2023\/10\/sm_1697117193.257974.jpg","width":735,"height":484,"caption":"une organisation des jeunes se r\u00e9jouit de la gratuit\u00e9 de l\u2019\u00e9cole restaur\u00e9e par le pr\u00e9sident de transition"},{"@type":"BreadcrumbList","@id":"https:\/\/www.africa-press.net\/tchad\/politique\/une-organisation-des-jeunes-se-rejouit-de-la-gratuite-de-lecole-restauree-par-le-president-de-transition#breadcrumb","itemListElement":[{"@type":"ListItem","position":1,"name":"Accueil","item":"https:\/\/www.africa-press.net\/tchad\/"},{"@type":"ListItem","position":2,"name":"une organisation des jeunes se r\u00e9jouit de la gratuit\u00e9 de l\u2019\u00e9cole restaur\u00e9e par le pr\u00e9sident de transition"}]},{"@type":"WebSite","@id":"https:\/\/www.africa-press.net\/tchad\/#website","url":"https:\/\/www.africa-press.net\/tchad\/","name":"tchad","description":"Just another Africa News Agency Sites site","potentialAction":[{"@type":"SearchAction","target":{"@type":"EntryPoint","urlTemplate":"https:\/\/www.africa-press.net\/tchad\/?s={search_term_string}"},"query-input":{"@type":"PropertyValueSpecification","valueRequired":true,"valueName":"search_term_string"}}],"inLanguage":"fr-FR"},{"@type":"Person","@id":"https:\/\/www.africa-press.net\/tchad\/#\/schema\/person\/2b1cf3cd81a31e3cd26889ca66d677f1","name":"cfeditorfr"}]}},"_links":{"self":[{"href":"https:\/\/www.africa-press.net\/tchad\/wp-json\/wp\/v2\/posts\/52204","targetHints":{"allow":["GET"]}}],"collection":[{"href":"https:\/\/www.africa-press.net\/tchad\/wp-json\/wp\/v2\/posts"}],"about":[{"href":"https:\/\/www.africa-press.net\/tchad\/wp-json\/wp\/v2\/types\/post"}],"author":[{"embeddable":true,"href":"https:\/\/www.africa-press.net\/tchad\/wp-json\/wp\/v2\/users\/82"}],"replies":[{"embeddable":true,"href":"https:\/\/www.africa-press.net\/tchad\/wp-json\/wp\/v2\/comments?post=52204"}],"version-history":[{"count":0,"href":"https:\/\/www.africa-press.net\/tchad\/wp-json\/wp\/v2\/posts\/52204\/revisions"}],"wp:featuredmedia":[{"embeddable":true,"href":"https:\/\/www.africa-press.net\/tchad\/wp-json\/wp\/v2\/media\/52203"}],"wp:attachment":[{"href":"https:\/\/www.africa-press.net\/tchad\/wp-json\/wp\/v2\/media?parent=52204"}],"wp:term":[{"taxonomy":"category","embeddable":true,"href":"https:\/\/www.africa-press.net\/tchad\/wp-json\/wp\/v2\/categories?post=52204"},{"taxonomy":"post_tag","embeddable":true,"href":"https:\/\/www.africa-press.net\/tchad\/wp-json\/wp\/v2\/tags?post=52204"}],"curies":[{"name":"wp","href":"https:\/\/api.w.org\/{rel}","templated":true}]}}