{"id":52213,"date":"2023-10-13T05:40:28","date_gmt":"2023-10-13T05:40:28","guid":{"rendered":"https:\/\/www.africa-press.net\/tchad\/politique\/quelles-repercussions-de-lescalade-israelo-palestinienne-sur-lafrique"},"modified":"2023-10-13T05:52:28","modified_gmt":"2023-10-13T05:52:28","slug":"quelles-repercussions-de-lescalade-israelo-palestinienne-sur-lafrique","status":"publish","type":"post","link":"https:\/\/www.africa-press.net\/tchad\/dossiers\/quelles-repercussions-de-lescalade-israelo-palestinienne-sur-lafrique","title":{"rendered":"Quelles r\u00e9percussions de l\u2019escalade isra\u00e9lo-palestinienne sur l\u2019Afrique?"},"content":{"rendered":"<p><span style=\"color: #ff6600\"><strong>Africa-Press &#8211; Tchad. <\/strong><\/span>Le conflit \u00ab\u00a0aussi lourd, aussi intense, aussi tragique\u00a0\u00bb entre la Palestine et Israe\u0308l induit d\u2019importants risques pour les pays nord-africains, analyse aupre\u0300s de Sputnik Afrique Abdelhak Najib, politologue et e\u0301crivain marocain. Une issue pourrait e\u0302tre trouve\u0301e par \u00ab\u00a0les grandes puissances\u00a0\u00bb, comme la Russie, la Chine, les E\u0301tats-Unis, selon lui.<\/p>\n<p>Les pays qui vont e\u0302tre le plus touche\u0301s par l\u2019escalade du conflit palestino-israe\u0301lien seront d&rsquo;abord les E\u0301tats limitrophes, comme le Liban, la Syrie, l\u2019E\u0301gypte, ainsi que l\u2019Alge\u0301rie, le Maroc, la Tunisie, a de\u0301clare\u0301 a\u0300 Sputnik Afrique Abdelhak Najib, analyste politique et e\u0301crivain marocain.<\/p>\n<p>\u00ab\u00a0Tous ces pays de la re\u0301gion de l&rsquo;Afrique du Nord ont des relations plus ou moins avec Israe\u0308l. Je pense a\u0300 l&rsquo;Egypte, je pense au Maroc, il y a des relations e\u0301conomiques, il y a des partenariats. Toutes ces choses-la\u0300 pe\u0300sent dans la balance quand il s&rsquo;agit d&rsquo;un conflit aussi lourd, aussi intense, aussi tragique\u00a0\u00bb, de\u0301veloppe-t-il.<\/p>\n<p><b>Principe de \u00ab\u00a0deux E\u0301tats se\u0301pare\u0301s, souverains\u00a0\u00bb<\/b><\/p>\n<p>Pour Abdelhak Najib, une solution est possible, celle qui suit la voie pro\u0302ne\u0301e par l\u2019Onu:<\/p>\n<p>\u00ab\u00a0Le proble\u0300me a\u0300 la source, il est claire: il faut que l&rsquo;E\u0301tat d&rsquo;Israe\u0308l vive et il faut que l&rsquo;E\u0301tat palestinien existe et vive aussi. On ne peut re\u0301gler ce proble\u0300me qu&rsquo;en ayant deux E\u0301tats se\u0301pare\u0301s, souverains, dont le respect de l&rsquo;un et l&rsquo;autre et dans le respect surtout du voisinage\u00a0\u00bb.<\/p>\n<p>Ne\u0301anmoins, une issue pourrait e\u0302tre trouve\u0301e par \u00ab\u00a0les grandes puissances\u00a0\u00bb, comme les E\u0301tats-Unis, l\u2019UE, la Russie et la Chine qui \u00ab\u00a0doivent se mettre a\u0300 table et de\u0301cider une bonne fois pour toute de trouver une solution viable a\u0300 ce conflit qui dure depuis plusieurs de\u0301cennies\u00a0\u00bb.<\/p>\n<p><b>Menace d\u2019une \u00ab\u00a0guerre mondiale\u00a0\u00bb<\/b><\/p>\n<p>Ni Washington, ni Bruxelles, ni Pe\u0301kin ne seraient pre\u0302ts a\u0300 ce qu\u2019e\u0301clate \u00ab\u00a0un conflit de cette intensite\u0301 et surtout de cette ampleur dans la re\u0301gion\u00a0\u00bb, soutient Abdelhak Najib.<\/p>\n<p>\u00ab\u00a0Si ce conflit venait a\u0300 prendre d&rsquo;autres proportions, je pense que ce sont les pre\u0301mices d&rsquo;une guerre mondiale\u00a0\u00bb, alerte-t-il, surtout en prenant en compte le conflit actuel en Ukraine.<\/p>\n<p><b>Position du Sahel a\u0300 l\u2019e\u0301gard du conflit<\/b><\/p>\n<p>Le Sahel, re\u0301gion a\u0300 majorite\u0301 musulmane, soutient la cause palestinienne \u00ab\u00a0avec fermete\u0301 et avec vigueur\u00a0\u00bb, estime M.Najib.<\/p>\n<p>Alors qu\u2019Israe\u0308l frappe la bande de Gaza en repre\u0301sailles d\u2019une attaque d\u2019une ampleur ine\u0301dite perpe\u0301tre\u0301e par le Hamas dans le sud de l\u2019E\u0301tat he\u0301breu le 7 octobre, la position africaine est unanime: dans \u00ab\u00a0toutes les de\u0301clarations des responsables des pays du Sahel et me\u0302me en Afrique de l&rsquo;Ouest, il y a ve\u0301ritablement une condamnation envers cette guerre, il y a une condamnation envers cette escalade\u00a0\u00bb, selon l\u2019expert.<\/p>\n<p>\u00ab\u00a0Il y a un appel presque unanime a\u0300 un cessez-le-feu et pour qu&rsquo;on puisse retourner a\u0300 la table des ne\u0301gociations\u00a0\u00bb, lance Abdelhak Najib.<\/p>\n<p><b>Bilan en hausse<\/b><\/p>\n<p>Les frappes israe\u0301liennes ont fait plus de 1.350 morts dans la bande de Gaza, selon le ministe\u0300re de la sante\u0301 local. Au moins 340.000 personnes sont de\u0301place\u0301s, selon l\u2019agence de l\u2019Onu pour les re\u0301fugie\u0301s de Palestine.<\/p>\n<p>Quant a\u0300 Israe\u0308l, le dernier bilan de l\u2019attaque du Hamas fait e\u0301tat de plus de 1.200 morts et de pre\u0300s de 4.000 blesse\u0301s, selon l\u2019arme\u0301e israe\u0301lienne.<\/p>\n<p><strong>Pour plus d&rsquo;informations et d&rsquo;analyses sur la <a href=\"https:\/\/www.africa-press.net\/tchad\">Tchad<\/a>, suivez <a href=\"https:\/\/www.africa-press.net\/\">Africa-Press<\/a><\/strong><\/p>\n","protected":false},"excerpt":{"rendered":"<p>Africa-Press &#8211; Tchad. Le conflit \u00ab\u00a0aussi lourd, aussi intense, aussi tragique\u00a0\u00bb entre la Palestine et Israe\u0308l induit d\u2019importants risques pour les pays nord-africains, analyse aupre\u0300s de Sputnik Afrique Abdelhak Najib, politologue et e\u0301crivain marocain. Une issue pourrait e\u0302tre trouve\u0301e par \u00ab\u00a0les grandes puissances\u00a0\u00bb, comme la Russie, la Chine, les E\u0301tats-Unis, selon lui. Les pays qui [&hellip;]<\/p>\n","protected":false},"author":82,"featured_media":52212,"comment_status":"open","ping_status":"closed","sticky":false,"template":"","format":"standard","meta":{"footnotes":""},"categories":[7,10],"tags":[37,292,29],"class_list":["post-52213","post","type-post","status-publish","format-standard","has-post-thumbnail","hentry","category-dossiers","category-toutes-les-actualites","tag-africa-press","tag-africa-press-tchad","tag-tchad"],"yoast_head":"<!-- This site is optimized with the Yoast SEO Premium plugin v26.1 (Yoast SEO v27.0) - https:\/\/yoast.com\/product\/yoast-seo-premium-wordpress\/ -->\n<title>Quelles r\u00e9percussions de l\u2019escalade isra\u00e9lo-palestinienne sur l\u2019Afrique? - tchad<\/title>\n<meta name=\"description\" content=\"Le conflit &quot;aussi lourd, aussi intense, aussi tragique&quot; entre la Palestine et Israe\u0308l induit d\u2019importants risques pour l ...\" \/>\n<meta name=\"robots\" content=\"index, follow, max-snippet:-1, max-image-preview:large, max-video-preview:-1\" \/>\n<link rel=\"canonical\" href=\"https:\/\/www.africa-press.net\/tchad\/dossiers\/quelles-repercussions-de-lescalade-israelo-palestinienne-sur-lafrique\" \/>\n<meta property=\"og:locale\" content=\"fr_FR\" \/>\n<meta property=\"og:type\" content=\"article\" \/>\n<meta property=\"og:title\" content=\"Quelles r\u00e9percussions de l\u2019escalade isra\u00e9lo-palestinienne sur l\u2019Afrique?\" \/>\n<meta property=\"og:description\" content=\"Le conflit &quot;aussi lourd, aussi intense, aussi tragique&quot; entre la Palestine et Israe\u0308l induit d\u2019importants risques pour l ...\" \/>\n<meta property=\"og:url\" content=\"https:\/\/www.africa-press.net\/tchad\/dossiers\/quelles-repercussions-de-lescalade-israelo-palestinienne-sur-lafrique\" \/>\n<meta property=\"og:site_name\" content=\"tchad\" \/>\n<meta property=\"article:published_time\" content=\"2023-10-13T05:40:28+00:00\" \/>\n<meta property=\"article:modified_time\" content=\"2023-10-13T05:52:28+00:00\" \/>\n<meta property=\"og:image\" content=\"https:\/\/static.africa-press.net\/tchad\/sites\/41\/2023\/10\/sm_1697163630.656931.jpg\" \/>\n\t<meta property=\"og:image:width\" content=\"1350\" \/>\n\t<meta property=\"og:image:height\" content=\"900\" \/>\n\t<meta property=\"og:image:type\" content=\"image\/jpeg\" \/>\n<meta name=\"author\" content=\"cfeditorfr\" \/>\n<meta name=\"twitter:card\" content=\"summary_large_image\" \/>\n<meta name=\"twitter:label1\" content=\"\u00c9crit par\" \/>\n\t<meta name=\"twitter:data1\" content=\"cfeditorfr\" \/>\n\t<meta name=\"twitter:label2\" content=\"Dur\u00e9e de lecture estim\u00e9e\" \/>\n\t<meta name=\"twitter:data2\" content=\"3 minutes\" \/>\n<script type=\"application\/ld+json\" class=\"yoast-schema-graph\">{\"@context\":\"https:\/\/schema.org\",\"@graph\":[{\"@type\":\"Article\",\"@id\":\"https:\/\/www.africa-press.net\/tchad\/dossiers\/quelles-repercussions-de-lescalade-israelo-palestinienne-sur-lafrique#article\",\"isPartOf\":{\"@id\":\"https:\/\/www.africa-press.net\/tchad\/dossiers\/quelles-repercussions-de-lescalade-israelo-palestinienne-sur-lafrique\"},\"author\":{\"name\":\"cfeditorfr\",\"@id\":\"https:\/\/www.africa-press.net\/tchad\/#\/schema\/person\/2b1cf3cd81a31e3cd26889ca66d677f1\"},\"headline\":\"Quelles r\u00e9percussions de l\u2019escalade isra\u00e9lo-palestinienne sur l\u2019Afrique?\",\"datePublished\":\"2023-10-13T05:40:28+00:00\",\"dateModified\":\"2023-10-13T05:52:28+00:00\",\"mainEntityOfPage\":{\"@id\":\"https:\/\/www.africa-press.net\/tchad\/dossiers\/quelles-repercussions-de-lescalade-israelo-palestinienne-sur-lafrique\"},\"wordCount\":628,\"commentCount\":0,\"image\":{\"@id\":\"https:\/\/www.africa-press.net\/tchad\/dossiers\/quelles-repercussions-de-lescalade-israelo-palestinienne-sur-lafrique#primaryimage\"},\"thumbnailUrl\":\"https:\/\/static.africa-press.net\/tchad\/sites\/41\/2023\/10\/sm_1697163630.656931.jpg\",\"keywords\":[\"Africa Press\",\"Africa Press-Tchad\",\"Tchad\"],\"articleSection\":[\"Dossiers\",\"Toutes les actualit\u00e9s\"],\"inLanguage\":\"fr-FR\",\"potentialAction\":[{\"@type\":\"CommentAction\",\"name\":\"Comment\",\"target\":[\"https:\/\/www.africa-press.net\/tchad\/dossiers\/quelles-repercussions-de-lescalade-israelo-palestinienne-sur-lafrique#respond\"]}]},{\"@type\":\"WebPage\",\"@id\":\"https:\/\/www.africa-press.net\/tchad\/dossiers\/quelles-repercussions-de-lescalade-israelo-palestinienne-sur-lafrique\",\"url\":\"https:\/\/www.africa-press.net\/tchad\/dossiers\/quelles-repercussions-de-lescalade-israelo-palestinienne-sur-lafrique\",\"name\":\"Quelles r\u00e9percussions de l\u2019escalade isra\u00e9lo-palestinienne sur l\u2019Afrique? - tchad\",\"isPartOf\":{\"@id\":\"https:\/\/www.africa-press.net\/tchad\/#website\"},\"primaryImageOfPage\":{\"@id\":\"https:\/\/www.africa-press.net\/tchad\/dossiers\/quelles-repercussions-de-lescalade-israelo-palestinienne-sur-lafrique#primaryimage\"},\"image\":{\"@id\":\"https:\/\/www.africa-press.net\/tchad\/dossiers\/quelles-repercussions-de-lescalade-israelo-palestinienne-sur-lafrique#primaryimage\"},\"thumbnailUrl\":\"https:\/\/static.africa-press.net\/tchad\/sites\/41\/2023\/10\/sm_1697163630.656931.jpg\",\"datePublished\":\"2023-10-13T05:40:28+00:00\",\"dateModified\":\"2023-10-13T05:52:28+00:00\",\"author\":{\"@id\":\"https:\/\/www.africa-press.net\/tchad\/#\/schema\/person\/2b1cf3cd81a31e3cd26889ca66d677f1\"},\"description\":\"Le conflit \\\"aussi lourd, aussi intense, aussi tragique\\\" entre la Palestine et Israe\u0308l induit d\u2019importants risques pour l ...\",\"breadcrumb\":{\"@id\":\"https:\/\/www.africa-press.net\/tchad\/dossiers\/quelles-repercussions-de-lescalade-israelo-palestinienne-sur-lafrique#breadcrumb\"},\"inLanguage\":\"fr-FR\",\"potentialAction\":[{\"@type\":\"ReadAction\",\"target\":[\"https:\/\/www.africa-press.net\/tchad\/dossiers\/quelles-repercussions-de-lescalade-israelo-palestinienne-sur-lafrique\"]}]},{\"@type\":\"ImageObject\",\"inLanguage\":\"fr-FR\",\"@id\":\"https:\/\/www.africa-press.net\/tchad\/dossiers\/quelles-repercussions-de-lescalade-israelo-palestinienne-sur-lafrique#primaryimage\",\"url\":\"https:\/\/static.africa-press.net\/tchad\/sites\/41\/2023\/10\/sm_1697163630.656931.jpg\",\"contentUrl\":\"https:\/\/static.africa-press.net\/tchad\/sites\/41\/2023\/10\/sm_1697163630.656931.jpg\",\"width\":1350,\"height\":900,\"caption\":\"Quelles r\u00e9percussions de l\u2019escalade isra\u00e9lo-palestinienne sur l\u2019Afrique?\"},{\"@type\":\"BreadcrumbList\",\"@id\":\"https:\/\/www.africa-press.net\/tchad\/dossiers\/quelles-repercussions-de-lescalade-israelo-palestinienne-sur-lafrique#breadcrumb\",\"itemListElement\":[{\"@type\":\"ListItem\",\"position\":1,\"name\":\"Accueil\",\"item\":\"https:\/\/www.africa-press.net\/tchad\/\"},{\"@type\":\"ListItem\",\"position\":2,\"name\":\"Quelles r\u00e9percussions de l\u2019escalade isra\u00e9lo-palestinienne sur l\u2019Afrique?\"}]},{\"@type\":\"WebSite\",\"@id\":\"https:\/\/www.africa-press.net\/tchad\/#website\",\"url\":\"https:\/\/www.africa-press.net\/tchad\/\",\"name\":\"tchad\",\"description\":\"Just another Africa News Agency Sites site\",\"potentialAction\":[{\"@type\":\"SearchAction\",\"target\":{\"@type\":\"EntryPoint\",\"urlTemplate\":\"https:\/\/www.africa-press.net\/tchad\/?s={search_term_string}\"},\"query-input\":{\"@type\":\"PropertyValueSpecification\",\"valueRequired\":true,\"valueName\":\"search_term_string\"}}],\"inLanguage\":\"fr-FR\"},{\"@type\":\"Person\",\"@id\":\"https:\/\/www.africa-press.net\/tchad\/#\/schema\/person\/2b1cf3cd81a31e3cd26889ca66d677f1\",\"name\":\"cfeditorfr\"}]}<\/script>\n<!-- \/ Yoast SEO Premium plugin. -->","yoast_head_json":{"title":"Quelles r\u00e9percussions de l\u2019escalade isra\u00e9lo-palestinienne sur l\u2019Afrique? - tchad","description":"Le conflit \"aussi lourd, aussi intense, aussi tragique\" entre la Palestine et Israe\u0308l induit d\u2019importants risques pour l ...","robots":{"index":"index","follow":"follow","max-snippet":"max-snippet:-1","max-image-preview":"max-image-preview:large","max-video-preview":"max-video-preview:-1"},"canonical":"https:\/\/www.africa-press.net\/tchad\/dossiers\/quelles-repercussions-de-lescalade-israelo-palestinienne-sur-lafrique","og_locale":"fr_FR","og_type":"article","og_title":"Quelles r\u00e9percussions de l\u2019escalade isra\u00e9lo-palestinienne sur l\u2019Afrique?","og_description":"Le conflit \"aussi lourd, aussi intense, aussi tragique\" entre la Palestine et Israe\u0308l induit d\u2019importants risques pour l ...","og_url":"https:\/\/www.africa-press.net\/tchad\/dossiers\/quelles-repercussions-de-lescalade-israelo-palestinienne-sur-lafrique","og_site_name":"tchad","article_published_time":"2023-10-13T05:40:28+00:00","article_modified_time":"2023-10-13T05:52:28+00:00","og_image":[{"width":1350,"height":900,"url":"https:\/\/static.africa-press.net\/tchad\/sites\/41\/2023\/10\/sm_1697163630.656931.jpg","type":"image\/jpeg"}],"author":"cfeditorfr","twitter_card":"summary_large_image","twitter_misc":{"\u00c9crit par":"cfeditorfr","Dur\u00e9e de lecture estim\u00e9e":"3 minutes"},"schema":{"@context":"https:\/\/schema.org","@graph":[{"@type":"Article","@id":"https:\/\/www.africa-press.net\/tchad\/dossiers\/quelles-repercussions-de-lescalade-israelo-palestinienne-sur-lafrique#article","isPartOf":{"@id":"https:\/\/www.africa-press.net\/tchad\/dossiers\/quelles-repercussions-de-lescalade-israelo-palestinienne-sur-lafrique"},"author":{"name":"cfeditorfr","@id":"https:\/\/www.africa-press.net\/tchad\/#\/schema\/person\/2b1cf3cd81a31e3cd26889ca66d677f1"},"headline":"Quelles r\u00e9percussions de l\u2019escalade isra\u00e9lo-palestinienne sur l\u2019Afrique?","datePublished":"2023-10-13T05:40:28+00:00","dateModified":"2023-10-13T05:52:28+00:00","mainEntityOfPage":{"@id":"https:\/\/www.africa-press.net\/tchad\/dossiers\/quelles-repercussions-de-lescalade-israelo-palestinienne-sur-lafrique"},"wordCount":628,"commentCount":0,"image":{"@id":"https:\/\/www.africa-press.net\/tchad\/dossiers\/quelles-repercussions-de-lescalade-israelo-palestinienne-sur-lafrique#primaryimage"},"thumbnailUrl":"https:\/\/static.africa-press.net\/tchad\/sites\/41\/2023\/10\/sm_1697163630.656931.jpg","keywords":["Africa Press","Africa Press-Tchad","Tchad"],"articleSection":["Dossiers","Toutes les actualit\u00e9s"],"inLanguage":"fr-FR","potentialAction":[{"@type":"CommentAction","name":"Comment","target":["https:\/\/www.africa-press.net\/tchad\/dossiers\/quelles-repercussions-de-lescalade-israelo-palestinienne-sur-lafrique#respond"]}]},{"@type":"WebPage","@id":"https:\/\/www.africa-press.net\/tchad\/dossiers\/quelles-repercussions-de-lescalade-israelo-palestinienne-sur-lafrique","url":"https:\/\/www.africa-press.net\/tchad\/dossiers\/quelles-repercussions-de-lescalade-israelo-palestinienne-sur-lafrique","name":"Quelles r\u00e9percussions de l\u2019escalade isra\u00e9lo-palestinienne sur l\u2019Afrique? - tchad","isPartOf":{"@id":"https:\/\/www.africa-press.net\/tchad\/#website"},"primaryImageOfPage":{"@id":"https:\/\/www.africa-press.net\/tchad\/dossiers\/quelles-repercussions-de-lescalade-israelo-palestinienne-sur-lafrique#primaryimage"},"image":{"@id":"https:\/\/www.africa-press.net\/tchad\/dossiers\/quelles-repercussions-de-lescalade-israelo-palestinienne-sur-lafrique#primaryimage"},"thumbnailUrl":"https:\/\/static.africa-press.net\/tchad\/sites\/41\/2023\/10\/sm_1697163630.656931.jpg","datePublished":"2023-10-13T05:40:28+00:00","dateModified":"2023-10-13T05:52:28+00:00","author":{"@id":"https:\/\/www.africa-press.net\/tchad\/#\/schema\/person\/2b1cf3cd81a31e3cd26889ca66d677f1"},"description":"Le conflit \"aussi lourd, aussi intense, aussi tragique\" entre la Palestine et Israe\u0308l induit d\u2019importants risques pour l ...","breadcrumb":{"@id":"https:\/\/www.africa-press.net\/tchad\/dossiers\/quelles-repercussions-de-lescalade-israelo-palestinienne-sur-lafrique#breadcrumb"},"inLanguage":"fr-FR","potentialAction":[{"@type":"ReadAction","target":["https:\/\/www.africa-press.net\/tchad\/dossiers\/quelles-repercussions-de-lescalade-israelo-palestinienne-sur-lafrique"]}]},{"@type":"ImageObject","inLanguage":"fr-FR","@id":"https:\/\/www.africa-press.net\/tchad\/dossiers\/quelles-repercussions-de-lescalade-israelo-palestinienne-sur-lafrique#primaryimage","url":"https:\/\/static.africa-press.net\/tchad\/sites\/41\/2023\/10\/sm_1697163630.656931.jpg","contentUrl":"https:\/\/static.africa-press.net\/tchad\/sites\/41\/2023\/10\/sm_1697163630.656931.jpg","width":1350,"height":900,"caption":"Quelles r\u00e9percussions de l\u2019escalade isra\u00e9lo-palestinienne sur l\u2019Afrique?"},{"@type":"BreadcrumbList","@id":"https:\/\/www.africa-press.net\/tchad\/dossiers\/quelles-repercussions-de-lescalade-israelo-palestinienne-sur-lafrique#breadcrumb","itemListElement":[{"@type":"ListItem","position":1,"name":"Accueil","item":"https:\/\/www.africa-press.net\/tchad\/"},{"@type":"ListItem","position":2,"name":"Quelles r\u00e9percussions de l\u2019escalade isra\u00e9lo-palestinienne sur l\u2019Afrique?"}]},{"@type":"WebSite","@id":"https:\/\/www.africa-press.net\/tchad\/#website","url":"https:\/\/www.africa-press.net\/tchad\/","name":"tchad","description":"Just another Africa News Agency Sites site","potentialAction":[{"@type":"SearchAction","target":{"@type":"EntryPoint","urlTemplate":"https:\/\/www.africa-press.net\/tchad\/?s={search_term_string}"},"query-input":{"@type":"PropertyValueSpecification","valueRequired":true,"valueName":"search_term_string"}}],"inLanguage":"fr-FR"},{"@type":"Person","@id":"https:\/\/www.africa-press.net\/tchad\/#\/schema\/person\/2b1cf3cd81a31e3cd26889ca66d677f1","name":"cfeditorfr"}]}},"_links":{"self":[{"href":"https:\/\/www.africa-press.net\/tchad\/wp-json\/wp\/v2\/posts\/52213","targetHints":{"allow":["GET"]}}],"collection":[{"href":"https:\/\/www.africa-press.net\/tchad\/wp-json\/wp\/v2\/posts"}],"about":[{"href":"https:\/\/www.africa-press.net\/tchad\/wp-json\/wp\/v2\/types\/post"}],"author":[{"embeddable":true,"href":"https:\/\/www.africa-press.net\/tchad\/wp-json\/wp\/v2\/users\/82"}],"replies":[{"embeddable":true,"href":"https:\/\/www.africa-press.net\/tchad\/wp-json\/wp\/v2\/comments?post=52213"}],"version-history":[{"count":0,"href":"https:\/\/www.africa-press.net\/tchad\/wp-json\/wp\/v2\/posts\/52213\/revisions"}],"wp:featuredmedia":[{"embeddable":true,"href":"https:\/\/www.africa-press.net\/tchad\/wp-json\/wp\/v2\/media\/52212"}],"wp:attachment":[{"href":"https:\/\/www.africa-press.net\/tchad\/wp-json\/wp\/v2\/media?parent=52213"}],"wp:term":[{"taxonomy":"category","embeddable":true,"href":"https:\/\/www.africa-press.net\/tchad\/wp-json\/wp\/v2\/categories?post=52213"},{"taxonomy":"post_tag","embeddable":true,"href":"https:\/\/www.africa-press.net\/tchad\/wp-json\/wp\/v2\/tags?post=52213"}],"curies":[{"name":"wp","href":"https:\/\/api.w.org\/{rel}","templated":true}]}}