{"id":52252,"date":"2023-10-13T12:53:06","date_gmt":"2023-10-13T12:53:06","guid":{"rendered":"https:\/\/www.africa-press.net\/tchad\/politique\/retrait-des-troupes-francaises-du-niger-le-tchad-accorde-un-corridor-de-son-territoire"},"modified":"2023-10-13T13:48:40","modified_gmt":"2023-10-13T13:48:40","slug":"retrait-des-troupes-francaises-du-niger-le-tchad-accorde-un-corridor-de-son-territoire","status":"publish","type":"post","link":"https:\/\/www.africa-press.net\/tchad\/politique\/retrait-des-troupes-francaises-du-niger-le-tchad-accorde-un-corridor-de-son-territoire","title":{"rendered":"Retrait des troupes fran\u00e7aises du Niger : Le Tchad accorde un corridor de son territoire"},"content":{"rendered":"<p><span style=\"color: #ff6600\"><strong>Africa-Press &#8211; Tchad. <\/strong><\/span>Le Tchad a accepte\u0301 d&rsquo;offrir un corridor de son territoire pour le retour des troupes franc\u0327aises en France \u00bb, a annonce\u0301 dans un communique\u0301 du 12 octobre, le chef d\u2019e\u0301tat-major de l\u2019arme\u0301e tchadienne, le Ge\u0301ne\u0301ral d&rsquo;arme\u0301e Abakar Abdelkerim Daoud.<\/p>\n<p>Selon les autorite\u0301s du Tchad, ce retrait des troupes franc\u0327aises du Niger via le Tchad est fait \u00ab conforme\u0301ment a\u0300 l&rsquo;accord parties entre le Niger et la France \u00bb.<\/p>\n<p>\u00ab A\u0300 cet effet, les forces tchadiennes assureront l&rsquo;escorte de ces convois depuis la frontie\u0300re nige\u0301rienne jusqu&rsquo;a\u0300 Ndjamena pour l&rsquo;ae\u0301roport international Hassan Djamouss et a\u0300 la frontie\u0300re camerounaise pour le port de Douala \u00bb, a souligne\u0301 l\u2019arme\u0301e tchadienne.<\/p>\n<p>Il est a\u0300 noter que le retrait des troupes franc\u0327aises avait e\u0301te\u0301 exige\u0301 par la junte du Niger apre\u0300s leur arrive\u0301e au pouvoir et le Pre\u0301sident franc\u0327ais Emmanuel Macron avait annonce\u0301 leur de\u0301part fin septembre.<\/p>\n<p>Environ 1 400 soldats et aviateurs franc\u0327ais e\u0301taient jusqu&rsquo;ici de\u0301ploye\u0301s dans le pays pour lutter contre les terroristes dont environ 1 000 a\u0300 Niamey et 400 sur deux bases avance\u0301es dans l&rsquo;ouest, a\u0300 Ouallam et Tabarey-Barey, au c\u0153ur de la zone dite des \u00ab\u00a0trois frontie\u0300res\u00a0\u00bb avec le Mali et le Burkina Faso.<\/p>\n<p><strong>Pour plus d&rsquo;informations et d&rsquo;analyses sur la <a href=\"https:\/\/www.africa-press.net\/tchad\">Tchad<\/a>, suivez <a href=\"https:\/\/www.africa-press.net\/\">Africa-Press<\/a><\/strong><\/p>\n","protected":false},"excerpt":{"rendered":"<p>Africa-Press &#8211; Tchad. Le Tchad a accepte\u0301 d&rsquo;offrir un corridor de son territoire pour le retour des troupes franc\u0327aises en France \u00bb, a annonce\u0301 dans un communique\u0301 du 12 octobre, le chef d\u2019e\u0301tat-major de l\u2019arme\u0301e tchadienne, le Ge\u0301ne\u0301ral d&rsquo;arme\u0301e Abakar Abdelkerim Daoud. Selon les autorite\u0301s du Tchad, ce retrait des troupes franc\u0327aises du Niger via [&hellip;]<\/p>\n","protected":false},"author":82,"featured_media":52250,"comment_status":"open","ping_status":"closed","sticky":false,"template":"","format":"standard","meta":{"footnotes":""},"categories":[2,20,10],"tags":[37,292,29],"class_list":["post-52252","post","type-post","status-publish","format-standard","has-post-thumbnail","hentry","category-politique","category-top-nouvelles","category-toutes-les-actualites","tag-africa-press","tag-africa-press-tchad","tag-tchad"],"yoast_head":"<!-- This site is optimized with the Yoast SEO Premium plugin v26.1 (Yoast SEO v27.0) - https:\/\/yoast.com\/product\/yoast-seo-premium-wordpress\/ -->\n<title>Retrait des troupes fran\u00e7aises du Niger : Le Tchad accorde un corridor de son territoire - tchad<\/title>\n<meta name=\"description\" content=\"Le Tchad a accepte\u0301 d&#039;offrir un corridor de son territoire pour le retour des troupes franc\u0327aises en France \u00bb, a annonce ...\" \/>\n<meta name=\"robots\" content=\"index, follow, max-snippet:-1, max-image-preview:large, max-video-preview:-1\" \/>\n<link rel=\"canonical\" href=\"https:\/\/www.africa-press.net\/tchad\/politique\/retrait-des-troupes-francaises-du-niger-le-tchad-accorde-un-corridor-de-son-territoire\" \/>\n<meta property=\"og:locale\" content=\"fr_FR\" \/>\n<meta property=\"og:type\" content=\"article\" \/>\n<meta property=\"og:title\" content=\"Retrait des troupes fran\u00e7aises du Niger : Le Tchad accorde un corridor de son territoire\" \/>\n<meta property=\"og:description\" content=\"Le Tchad a accepte\u0301 d&#039;offrir un corridor de son territoire pour le retour des troupes franc\u0327aises en France \u00bb, a annonce ...\" \/>\n<meta property=\"og:url\" content=\"https:\/\/www.africa-press.net\/tchad\/politique\/retrait-des-troupes-francaises-du-niger-le-tchad-accorde-un-corridor-de-son-territoire\" \/>\n<meta property=\"og:site_name\" content=\"tchad\" \/>\n<meta property=\"article:published_time\" content=\"2023-10-13T12:53:06+00:00\" \/>\n<meta property=\"article:modified_time\" content=\"2023-10-13T13:48:40+00:00\" \/>\n<meta property=\"og:image\" content=\"https:\/\/static.africa-press.net\/tchad\/sites\/41\/2023\/10\/sm_1697192263.148436.jpg\" \/>\n\t<meta property=\"og:image:width\" content=\"720\" \/>\n\t<meta property=\"og:image:height\" content=\"480\" \/>\n\t<meta property=\"og:image:type\" content=\"image\/jpeg\" \/>\n<meta name=\"author\" content=\"cfeditorfr\" \/>\n<meta name=\"twitter:card\" content=\"summary_large_image\" \/>\n<meta name=\"twitter:label1\" content=\"\u00c9crit par\" \/>\n\t<meta name=\"twitter:data1\" content=\"cfeditorfr\" \/>\n\t<meta name=\"twitter:label2\" content=\"Dur\u00e9e de lecture estim\u00e9e\" \/>\n\t<meta name=\"twitter:data2\" content=\"2 minutes\" \/>\n<script type=\"application\/ld+json\" class=\"yoast-schema-graph\">{\"@context\":\"https:\/\/schema.org\",\"@graph\":[{\"@type\":\"Article\",\"@id\":\"https:\/\/www.africa-press.net\/tchad\/politique\/retrait-des-troupes-francaises-du-niger-le-tchad-accorde-un-corridor-de-son-territoire#article\",\"isPartOf\":{\"@id\":\"https:\/\/www.africa-press.net\/tchad\/politique\/retrait-des-troupes-francaises-du-niger-le-tchad-accorde-un-corridor-de-son-territoire\"},\"author\":{\"name\":\"cfeditorfr\",\"@id\":\"https:\/\/www.africa-press.net\/tchad\/#\/schema\/person\/2b1cf3cd81a31e3cd26889ca66d677f1\"},\"headline\":\"Retrait des troupes fran\u00e7aises du Niger : Le Tchad accorde un corridor de son territoire\",\"datePublished\":\"2023-10-13T12:53:06+00:00\",\"dateModified\":\"2023-10-13T13:48:40+00:00\",\"mainEntityOfPage\":{\"@id\":\"https:\/\/www.africa-press.net\/tchad\/politique\/retrait-des-troupes-francaises-du-niger-le-tchad-accorde-un-corridor-de-son-territoire\"},\"wordCount\":251,\"commentCount\":0,\"image\":{\"@id\":\"https:\/\/www.africa-press.net\/tchad\/politique\/retrait-des-troupes-francaises-du-niger-le-tchad-accorde-un-corridor-de-son-territoire#primaryimage\"},\"thumbnailUrl\":\"https:\/\/static.africa-press.net\/tchad\/sites\/41\/2023\/10\/sm_1697192263.148436.jpg\",\"keywords\":[\"Africa Press\",\"Africa Press-Tchad\",\"Tchad\"],\"articleSection\":[\"Politique\",\"Top Nouvelles\",\"Toutes les actualit\u00e9s\"],\"inLanguage\":\"fr-FR\",\"potentialAction\":[{\"@type\":\"CommentAction\",\"name\":\"Comment\",\"target\":[\"https:\/\/www.africa-press.net\/tchad\/politique\/retrait-des-troupes-francaises-du-niger-le-tchad-accorde-un-corridor-de-son-territoire#respond\"]}]},{\"@type\":\"WebPage\",\"@id\":\"https:\/\/www.africa-press.net\/tchad\/politique\/retrait-des-troupes-francaises-du-niger-le-tchad-accorde-un-corridor-de-son-territoire\",\"url\":\"https:\/\/www.africa-press.net\/tchad\/politique\/retrait-des-troupes-francaises-du-niger-le-tchad-accorde-un-corridor-de-son-territoire\",\"name\":\"Retrait des troupes fran\u00e7aises du Niger : Le Tchad accorde un corridor de son territoire - tchad\",\"isPartOf\":{\"@id\":\"https:\/\/www.africa-press.net\/tchad\/#website\"},\"primaryImageOfPage\":{\"@id\":\"https:\/\/www.africa-press.net\/tchad\/politique\/retrait-des-troupes-francaises-du-niger-le-tchad-accorde-un-corridor-de-son-territoire#primaryimage\"},\"image\":{\"@id\":\"https:\/\/www.africa-press.net\/tchad\/politique\/retrait-des-troupes-francaises-du-niger-le-tchad-accorde-un-corridor-de-son-territoire#primaryimage\"},\"thumbnailUrl\":\"https:\/\/static.africa-press.net\/tchad\/sites\/41\/2023\/10\/sm_1697192263.148436.jpg\",\"datePublished\":\"2023-10-13T12:53:06+00:00\",\"dateModified\":\"2023-10-13T13:48:40+00:00\",\"author\":{\"@id\":\"https:\/\/www.africa-press.net\/tchad\/#\/schema\/person\/2b1cf3cd81a31e3cd26889ca66d677f1\"},\"description\":\"Le Tchad a accepte\u0301 d'offrir un corridor de son territoire pour le retour des troupes franc\u0327aises en France \u00bb, a annonce ...\",\"breadcrumb\":{\"@id\":\"https:\/\/www.africa-press.net\/tchad\/politique\/retrait-des-troupes-francaises-du-niger-le-tchad-accorde-un-corridor-de-son-territoire#breadcrumb\"},\"inLanguage\":\"fr-FR\",\"potentialAction\":[{\"@type\":\"ReadAction\",\"target\":[\"https:\/\/www.africa-press.net\/tchad\/politique\/retrait-des-troupes-francaises-du-niger-le-tchad-accorde-un-corridor-de-son-territoire\"]}]},{\"@type\":\"ImageObject\",\"inLanguage\":\"fr-FR\",\"@id\":\"https:\/\/www.africa-press.net\/tchad\/politique\/retrait-des-troupes-francaises-du-niger-le-tchad-accorde-un-corridor-de-son-territoire#primaryimage\",\"url\":\"https:\/\/static.africa-press.net\/tchad\/sites\/41\/2023\/10\/sm_1697192263.148436.jpg\",\"contentUrl\":\"https:\/\/static.africa-press.net\/tchad\/sites\/41\/2023\/10\/sm_1697192263.148436.jpg\",\"width\":720,\"height\":480,\"caption\":\"Retrait des troupes fran\u00e7aises du Niger : Le Tchad accorde un corridor de son territoire\"},{\"@type\":\"BreadcrumbList\",\"@id\":\"https:\/\/www.africa-press.net\/tchad\/politique\/retrait-des-troupes-francaises-du-niger-le-tchad-accorde-un-corridor-de-son-territoire#breadcrumb\",\"itemListElement\":[{\"@type\":\"ListItem\",\"position\":1,\"name\":\"Accueil\",\"item\":\"https:\/\/www.africa-press.net\/tchad\/\"},{\"@type\":\"ListItem\",\"position\":2,\"name\":\"Retrait des troupes fran\u00e7aises du Niger : Le Tchad accorde un corridor de son territoire\"}]},{\"@type\":\"WebSite\",\"@id\":\"https:\/\/www.africa-press.net\/tchad\/#website\",\"url\":\"https:\/\/www.africa-press.net\/tchad\/\",\"name\":\"tchad\",\"description\":\"Just another Africa News Agency Sites site\",\"potentialAction\":[{\"@type\":\"SearchAction\",\"target\":{\"@type\":\"EntryPoint\",\"urlTemplate\":\"https:\/\/www.africa-press.net\/tchad\/?s={search_term_string}\"},\"query-input\":{\"@type\":\"PropertyValueSpecification\",\"valueRequired\":true,\"valueName\":\"search_term_string\"}}],\"inLanguage\":\"fr-FR\"},{\"@type\":\"Person\",\"@id\":\"https:\/\/www.africa-press.net\/tchad\/#\/schema\/person\/2b1cf3cd81a31e3cd26889ca66d677f1\",\"name\":\"cfeditorfr\"}]}<\/script>\n<!-- \/ Yoast SEO Premium plugin. -->","yoast_head_json":{"title":"Retrait des troupes fran\u00e7aises du Niger : Le Tchad accorde un corridor de son territoire - tchad","description":"Le Tchad a accepte\u0301 d'offrir un corridor de son territoire pour le retour des troupes franc\u0327aises en France \u00bb, a annonce ...","robots":{"index":"index","follow":"follow","max-snippet":"max-snippet:-1","max-image-preview":"max-image-preview:large","max-video-preview":"max-video-preview:-1"},"canonical":"https:\/\/www.africa-press.net\/tchad\/politique\/retrait-des-troupes-francaises-du-niger-le-tchad-accorde-un-corridor-de-son-territoire","og_locale":"fr_FR","og_type":"article","og_title":"Retrait des troupes fran\u00e7aises du Niger : Le Tchad accorde un corridor de son territoire","og_description":"Le Tchad a accepte\u0301 d'offrir un corridor de son territoire pour le retour des troupes franc\u0327aises en France \u00bb, a annonce ...","og_url":"https:\/\/www.africa-press.net\/tchad\/politique\/retrait-des-troupes-francaises-du-niger-le-tchad-accorde-un-corridor-de-son-territoire","og_site_name":"tchad","article_published_time":"2023-10-13T12:53:06+00:00","article_modified_time":"2023-10-13T13:48:40+00:00","og_image":[{"width":720,"height":480,"url":"https:\/\/static.africa-press.net\/tchad\/sites\/41\/2023\/10\/sm_1697192263.148436.jpg","type":"image\/jpeg"}],"author":"cfeditorfr","twitter_card":"summary_large_image","twitter_misc":{"\u00c9crit par":"cfeditorfr","Dur\u00e9e de lecture estim\u00e9e":"2 minutes"},"schema":{"@context":"https:\/\/schema.org","@graph":[{"@type":"Article","@id":"https:\/\/www.africa-press.net\/tchad\/politique\/retrait-des-troupes-francaises-du-niger-le-tchad-accorde-un-corridor-de-son-territoire#article","isPartOf":{"@id":"https:\/\/www.africa-press.net\/tchad\/politique\/retrait-des-troupes-francaises-du-niger-le-tchad-accorde-un-corridor-de-son-territoire"},"author":{"name":"cfeditorfr","@id":"https:\/\/www.africa-press.net\/tchad\/#\/schema\/person\/2b1cf3cd81a31e3cd26889ca66d677f1"},"headline":"Retrait des troupes fran\u00e7aises du Niger : Le Tchad accorde un corridor de son territoire","datePublished":"2023-10-13T12:53:06+00:00","dateModified":"2023-10-13T13:48:40+00:00","mainEntityOfPage":{"@id":"https:\/\/www.africa-press.net\/tchad\/politique\/retrait-des-troupes-francaises-du-niger-le-tchad-accorde-un-corridor-de-son-territoire"},"wordCount":251,"commentCount":0,"image":{"@id":"https:\/\/www.africa-press.net\/tchad\/politique\/retrait-des-troupes-francaises-du-niger-le-tchad-accorde-un-corridor-de-son-territoire#primaryimage"},"thumbnailUrl":"https:\/\/static.africa-press.net\/tchad\/sites\/41\/2023\/10\/sm_1697192263.148436.jpg","keywords":["Africa Press","Africa Press-Tchad","Tchad"],"articleSection":["Politique","Top Nouvelles","Toutes les actualit\u00e9s"],"inLanguage":"fr-FR","potentialAction":[{"@type":"CommentAction","name":"Comment","target":["https:\/\/www.africa-press.net\/tchad\/politique\/retrait-des-troupes-francaises-du-niger-le-tchad-accorde-un-corridor-de-son-territoire#respond"]}]},{"@type":"WebPage","@id":"https:\/\/www.africa-press.net\/tchad\/politique\/retrait-des-troupes-francaises-du-niger-le-tchad-accorde-un-corridor-de-son-territoire","url":"https:\/\/www.africa-press.net\/tchad\/politique\/retrait-des-troupes-francaises-du-niger-le-tchad-accorde-un-corridor-de-son-territoire","name":"Retrait des troupes fran\u00e7aises du Niger : Le Tchad accorde un corridor de son territoire - tchad","isPartOf":{"@id":"https:\/\/www.africa-press.net\/tchad\/#website"},"primaryImageOfPage":{"@id":"https:\/\/www.africa-press.net\/tchad\/politique\/retrait-des-troupes-francaises-du-niger-le-tchad-accorde-un-corridor-de-son-territoire#primaryimage"},"image":{"@id":"https:\/\/www.africa-press.net\/tchad\/politique\/retrait-des-troupes-francaises-du-niger-le-tchad-accorde-un-corridor-de-son-territoire#primaryimage"},"thumbnailUrl":"https:\/\/static.africa-press.net\/tchad\/sites\/41\/2023\/10\/sm_1697192263.148436.jpg","datePublished":"2023-10-13T12:53:06+00:00","dateModified":"2023-10-13T13:48:40+00:00","author":{"@id":"https:\/\/www.africa-press.net\/tchad\/#\/schema\/person\/2b1cf3cd81a31e3cd26889ca66d677f1"},"description":"Le Tchad a accepte\u0301 d'offrir un corridor de son territoire pour le retour des troupes franc\u0327aises en France \u00bb, a annonce ...","breadcrumb":{"@id":"https:\/\/www.africa-press.net\/tchad\/politique\/retrait-des-troupes-francaises-du-niger-le-tchad-accorde-un-corridor-de-son-territoire#breadcrumb"},"inLanguage":"fr-FR","potentialAction":[{"@type":"ReadAction","target":["https:\/\/www.africa-press.net\/tchad\/politique\/retrait-des-troupes-francaises-du-niger-le-tchad-accorde-un-corridor-de-son-territoire"]}]},{"@type":"ImageObject","inLanguage":"fr-FR","@id":"https:\/\/www.africa-press.net\/tchad\/politique\/retrait-des-troupes-francaises-du-niger-le-tchad-accorde-un-corridor-de-son-territoire#primaryimage","url":"https:\/\/static.africa-press.net\/tchad\/sites\/41\/2023\/10\/sm_1697192263.148436.jpg","contentUrl":"https:\/\/static.africa-press.net\/tchad\/sites\/41\/2023\/10\/sm_1697192263.148436.jpg","width":720,"height":480,"caption":"Retrait des troupes fran\u00e7aises du Niger : Le Tchad accorde un corridor de son territoire"},{"@type":"BreadcrumbList","@id":"https:\/\/www.africa-press.net\/tchad\/politique\/retrait-des-troupes-francaises-du-niger-le-tchad-accorde-un-corridor-de-son-territoire#breadcrumb","itemListElement":[{"@type":"ListItem","position":1,"name":"Accueil","item":"https:\/\/www.africa-press.net\/tchad\/"},{"@type":"ListItem","position":2,"name":"Retrait des troupes fran\u00e7aises du Niger : Le Tchad accorde un corridor de son territoire"}]},{"@type":"WebSite","@id":"https:\/\/www.africa-press.net\/tchad\/#website","url":"https:\/\/www.africa-press.net\/tchad\/","name":"tchad","description":"Just another Africa News Agency Sites site","potentialAction":[{"@type":"SearchAction","target":{"@type":"EntryPoint","urlTemplate":"https:\/\/www.africa-press.net\/tchad\/?s={search_term_string}"},"query-input":{"@type":"PropertyValueSpecification","valueRequired":true,"valueName":"search_term_string"}}],"inLanguage":"fr-FR"},{"@type":"Person","@id":"https:\/\/www.africa-press.net\/tchad\/#\/schema\/person\/2b1cf3cd81a31e3cd26889ca66d677f1","name":"cfeditorfr"}]}},"_links":{"self":[{"href":"https:\/\/www.africa-press.net\/tchad\/wp-json\/wp\/v2\/posts\/52252","targetHints":{"allow":["GET"]}}],"collection":[{"href":"https:\/\/www.africa-press.net\/tchad\/wp-json\/wp\/v2\/posts"}],"about":[{"href":"https:\/\/www.africa-press.net\/tchad\/wp-json\/wp\/v2\/types\/post"}],"author":[{"embeddable":true,"href":"https:\/\/www.africa-press.net\/tchad\/wp-json\/wp\/v2\/users\/82"}],"replies":[{"embeddable":true,"href":"https:\/\/www.africa-press.net\/tchad\/wp-json\/wp\/v2\/comments?post=52252"}],"version-history":[{"count":0,"href":"https:\/\/www.africa-press.net\/tchad\/wp-json\/wp\/v2\/posts\/52252\/revisions"}],"wp:featuredmedia":[{"embeddable":true,"href":"https:\/\/www.africa-press.net\/tchad\/wp-json\/wp\/v2\/media\/52250"}],"wp:attachment":[{"href":"https:\/\/www.africa-press.net\/tchad\/wp-json\/wp\/v2\/media?parent=52252"}],"wp:term":[{"taxonomy":"category","embeddable":true,"href":"https:\/\/www.africa-press.net\/tchad\/wp-json\/wp\/v2\/categories?post=52252"},{"taxonomy":"post_tag","embeddable":true,"href":"https:\/\/www.africa-press.net\/tchad\/wp-json\/wp\/v2\/tags?post=52252"}],"curies":[{"name":"wp","href":"https:\/\/api.w.org\/{rel}","templated":true}]}}