{"id":52260,"date":"2023-10-13T12:54:24","date_gmt":"2023-10-13T12:54:24","guid":{"rendered":"https:\/\/www.africa-press.net\/tchad\/politique\/un-nouveau-commandant-installe-a-la-gendarmerie-de-la-zone-n5-du-guera"},"modified":"2023-10-13T13:50:07","modified_gmt":"2023-10-13T13:50:07","slug":"un-nouveau-commandant-installe-a-la-gendarmerie-de-la-zone-n5-du-guera","status":"publish","type":"post","link":"https:\/\/www.africa-press.net\/tchad\/politique\/un-nouveau-commandant-installe-a-la-gendarmerie-de-la-zone-n5-du-guera","title":{"rendered":"un nouveau commandant install\u00e9 \u00e0 la Gendarmerie de la zone n\u00b05 du Guera"},"content":{"rendered":"<p><span style=\"color: #ff6600\"><strong>Africa-Press &#8211; Tchad. <\/strong><\/span>Une ce\u0301re\u0301monie de passation de commandement de la Gendarmerie nationale de la zone N\u00b0 5 du Guera a eu lieu entre le colonel Adam Abdelkerim, sortant, et le ge\u0301ne\u0301ral Djeroua Kinik Keberde\u0301, entrant, le 13 octobre 2023.<\/p>\n<p>La ce\u0301re\u0301monie a e\u0301te\u0301 pre\u0301side\u0301e par le Directeur ge\u0301ne\u0301ral adjoint de la Gendarmerie nationale, Abdehamid Abdoulaye Haroun, en pre\u0301sence du gouverneur de la province du Guera, Mahamat Togou Tchohimi, ainsi que des autorite\u0301s administratives, civiles, militaires, et traditionnelles.<\/p>\n<p><strong>Pour plus d&rsquo;informations et d&rsquo;analyses sur la <a href=\"https:\/\/www.africa-press.net\/tchad\">Tchad<\/a>, suivez <a href=\"https:\/\/www.africa-press.net\/\">Africa-Press<\/a><\/strong><\/p>\n","protected":false},"excerpt":{"rendered":"<p>Africa-Press &#8211; Tchad. Une ce\u0301re\u0301monie de passation de commandement de la Gendarmerie nationale de la zone N\u00b0 5 du Guera a eu lieu entre le colonel Adam Abdelkerim, sortant, et le ge\u0301ne\u0301ral Djeroua Kinik Keberde\u0301, entrant, le 13 octobre 2023. La ce\u0301re\u0301monie a e\u0301te\u0301 pre\u0301side\u0301e par le Directeur ge\u0301ne\u0301ral adjoint de la Gendarmerie nationale, Abdehamid [&hellip;]<\/p>\n","protected":false},"author":82,"featured_media":52259,"comment_status":"open","ping_status":"closed","sticky":false,"template":"","format":"standard","meta":{"footnotes":""},"categories":[2,20,10],"tags":[37,292,29],"class_list":["post-52260","post","type-post","status-publish","format-standard","has-post-thumbnail","hentry","category-politique","category-top-nouvelles","category-toutes-les-actualites","tag-africa-press","tag-africa-press-tchad","tag-tchad"],"yoast_head":"<!-- This site is optimized with the Yoast SEO Premium plugin v26.1 (Yoast SEO v27.0) - https:\/\/yoast.com\/product\/yoast-seo-premium-wordpress\/ -->\n<title>un nouveau commandant install\u00e9 \u00e0 la Gendarmerie de la zone n\u00b05 du Guera - tchad<\/title>\n<meta name=\"description\" content=\"Une ce\u0301re\u0301monie de passation de commandement de la Gendarmerie nationale de la zone N\u00b0 5 du Guera a eu lieu entre le col ...\" \/>\n<meta name=\"robots\" content=\"index, follow, max-snippet:-1, max-image-preview:large, max-video-preview:-1\" \/>\n<link rel=\"canonical\" href=\"https:\/\/www.africa-press.net\/tchad\/politique\/un-nouveau-commandant-installe-a-la-gendarmerie-de-la-zone-n5-du-guera\" \/>\n<meta property=\"og:locale\" content=\"fr_FR\" \/>\n<meta property=\"og:type\" content=\"article\" \/>\n<meta property=\"og:title\" content=\"un nouveau commandant install\u00e9 \u00e0 la Gendarmerie de la zone n\u00b05 du Guera\" \/>\n<meta property=\"og:description\" content=\"Une ce\u0301re\u0301monie de passation de commandement de la Gendarmerie nationale de la zone N\u00b0 5 du Guera a eu lieu entre le col ...\" \/>\n<meta property=\"og:url\" content=\"https:\/\/www.africa-press.net\/tchad\/politique\/un-nouveau-commandant-installe-a-la-gendarmerie-de-la-zone-n5-du-guera\" \/>\n<meta property=\"og:site_name\" content=\"tchad\" \/>\n<meta property=\"article:published_time\" content=\"2023-10-13T12:54:24+00:00\" \/>\n<meta property=\"article:modified_time\" content=\"2023-10-13T13:50:07+00:00\" \/>\n<meta property=\"og:image\" content=\"https:\/\/static.africa-press.net\/tchad\/sites\/41\/2023\/10\/sm_1697192351.091789.jpg\" \/>\n\t<meta property=\"og:image:width\" content=\"1040\" \/>\n\t<meta property=\"og:image:height\" content=\"468\" \/>\n\t<meta property=\"og:image:type\" content=\"image\/jpeg\" \/>\n<meta name=\"author\" content=\"cfeditorfr\" \/>\n<meta name=\"twitter:card\" content=\"summary_large_image\" \/>\n<meta name=\"twitter:label1\" content=\"\u00c9crit par\" \/>\n\t<meta name=\"twitter:data1\" content=\"cfeditorfr\" \/>\n\t<meta name=\"twitter:label2\" content=\"Dur\u00e9e de lecture estim\u00e9e\" \/>\n\t<meta name=\"twitter:data2\" content=\"1 minute\" \/>\n<script type=\"application\/ld+json\" class=\"yoast-schema-graph\">{\"@context\":\"https:\/\/schema.org\",\"@graph\":[{\"@type\":\"Article\",\"@id\":\"https:\/\/www.africa-press.net\/tchad\/politique\/un-nouveau-commandant-installe-a-la-gendarmerie-de-la-zone-n5-du-guera#article\",\"isPartOf\":{\"@id\":\"https:\/\/www.africa-press.net\/tchad\/politique\/un-nouveau-commandant-installe-a-la-gendarmerie-de-la-zone-n5-du-guera\"},\"author\":{\"name\":\"cfeditorfr\",\"@id\":\"https:\/\/www.africa-press.net\/tchad\/#\/schema\/person\/2b1cf3cd81a31e3cd26889ca66d677f1\"},\"headline\":\"un nouveau commandant install\u00e9 \u00e0 la Gendarmerie de la zone n\u00b05 du Guera\",\"datePublished\":\"2023-10-13T12:54:24+00:00\",\"dateModified\":\"2023-10-13T13:50:07+00:00\",\"mainEntityOfPage\":{\"@id\":\"https:\/\/www.africa-press.net\/tchad\/politique\/un-nouveau-commandant-installe-a-la-gendarmerie-de-la-zone-n5-du-guera\"},\"wordCount\":112,\"commentCount\":0,\"image\":{\"@id\":\"https:\/\/www.africa-press.net\/tchad\/politique\/un-nouveau-commandant-installe-a-la-gendarmerie-de-la-zone-n5-du-guera#primaryimage\"},\"thumbnailUrl\":\"https:\/\/static.africa-press.net\/tchad\/sites\/41\/2023\/10\/sm_1697192351.091789.jpg\",\"keywords\":[\"Africa Press\",\"Africa Press-Tchad\",\"Tchad\"],\"articleSection\":[\"Politique\",\"Top Nouvelles\",\"Toutes les actualit\u00e9s\"],\"inLanguage\":\"fr-FR\",\"potentialAction\":[{\"@type\":\"CommentAction\",\"name\":\"Comment\",\"target\":[\"https:\/\/www.africa-press.net\/tchad\/politique\/un-nouveau-commandant-installe-a-la-gendarmerie-de-la-zone-n5-du-guera#respond\"]}]},{\"@type\":\"WebPage\",\"@id\":\"https:\/\/www.africa-press.net\/tchad\/politique\/un-nouveau-commandant-installe-a-la-gendarmerie-de-la-zone-n5-du-guera\",\"url\":\"https:\/\/www.africa-press.net\/tchad\/politique\/un-nouveau-commandant-installe-a-la-gendarmerie-de-la-zone-n5-du-guera\",\"name\":\"un nouveau commandant install\u00e9 \u00e0 la Gendarmerie de la zone n\u00b05 du Guera - tchad\",\"isPartOf\":{\"@id\":\"https:\/\/www.africa-press.net\/tchad\/#website\"},\"primaryImageOfPage\":{\"@id\":\"https:\/\/www.africa-press.net\/tchad\/politique\/un-nouveau-commandant-installe-a-la-gendarmerie-de-la-zone-n5-du-guera#primaryimage\"},\"image\":{\"@id\":\"https:\/\/www.africa-press.net\/tchad\/politique\/un-nouveau-commandant-installe-a-la-gendarmerie-de-la-zone-n5-du-guera#primaryimage\"},\"thumbnailUrl\":\"https:\/\/static.africa-press.net\/tchad\/sites\/41\/2023\/10\/sm_1697192351.091789.jpg\",\"datePublished\":\"2023-10-13T12:54:24+00:00\",\"dateModified\":\"2023-10-13T13:50:07+00:00\",\"author\":{\"@id\":\"https:\/\/www.africa-press.net\/tchad\/#\/schema\/person\/2b1cf3cd81a31e3cd26889ca66d677f1\"},\"description\":\"Une ce\u0301re\u0301monie de passation de commandement de la Gendarmerie nationale de la zone N\u00b0 5 du Guera a eu lieu entre le col ...\",\"breadcrumb\":{\"@id\":\"https:\/\/www.africa-press.net\/tchad\/politique\/un-nouveau-commandant-installe-a-la-gendarmerie-de-la-zone-n5-du-guera#breadcrumb\"},\"inLanguage\":\"fr-FR\",\"potentialAction\":[{\"@type\":\"ReadAction\",\"target\":[\"https:\/\/www.africa-press.net\/tchad\/politique\/un-nouveau-commandant-installe-a-la-gendarmerie-de-la-zone-n5-du-guera\"]}]},{\"@type\":\"ImageObject\",\"inLanguage\":\"fr-FR\",\"@id\":\"https:\/\/www.africa-press.net\/tchad\/politique\/un-nouveau-commandant-installe-a-la-gendarmerie-de-la-zone-n5-du-guera#primaryimage\",\"url\":\"https:\/\/static.africa-press.net\/tchad\/sites\/41\/2023\/10\/sm_1697192351.091789.jpg\",\"contentUrl\":\"https:\/\/static.africa-press.net\/tchad\/sites\/41\/2023\/10\/sm_1697192351.091789.jpg\",\"width\":1040,\"height\":468,\"caption\":\"un nouveau commandant install\u00e9 \u00e0 la Gendarmerie de la zone n\u00b05 du Guera\"},{\"@type\":\"BreadcrumbList\",\"@id\":\"https:\/\/www.africa-press.net\/tchad\/politique\/un-nouveau-commandant-installe-a-la-gendarmerie-de-la-zone-n5-du-guera#breadcrumb\",\"itemListElement\":[{\"@type\":\"ListItem\",\"position\":1,\"name\":\"Accueil\",\"item\":\"https:\/\/www.africa-press.net\/tchad\/\"},{\"@type\":\"ListItem\",\"position\":2,\"name\":\"un nouveau commandant install\u00e9 \u00e0 la Gendarmerie de la zone n\u00b05 du Guera\"}]},{\"@type\":\"WebSite\",\"@id\":\"https:\/\/www.africa-press.net\/tchad\/#website\",\"url\":\"https:\/\/www.africa-press.net\/tchad\/\",\"name\":\"tchad\",\"description\":\"Just another Africa News Agency Sites site\",\"potentialAction\":[{\"@type\":\"SearchAction\",\"target\":{\"@type\":\"EntryPoint\",\"urlTemplate\":\"https:\/\/www.africa-press.net\/tchad\/?s={search_term_string}\"},\"query-input\":{\"@type\":\"PropertyValueSpecification\",\"valueRequired\":true,\"valueName\":\"search_term_string\"}}],\"inLanguage\":\"fr-FR\"},{\"@type\":\"Person\",\"@id\":\"https:\/\/www.africa-press.net\/tchad\/#\/schema\/person\/2b1cf3cd81a31e3cd26889ca66d677f1\",\"name\":\"cfeditorfr\"}]}<\/script>\n<!-- \/ Yoast SEO Premium plugin. -->","yoast_head_json":{"title":"un nouveau commandant install\u00e9 \u00e0 la Gendarmerie de la zone n\u00b05 du Guera - tchad","description":"Une ce\u0301re\u0301monie de passation de commandement de la Gendarmerie nationale de la zone N\u00b0 5 du Guera a eu lieu entre le col ...","robots":{"index":"index","follow":"follow","max-snippet":"max-snippet:-1","max-image-preview":"max-image-preview:large","max-video-preview":"max-video-preview:-1"},"canonical":"https:\/\/www.africa-press.net\/tchad\/politique\/un-nouveau-commandant-installe-a-la-gendarmerie-de-la-zone-n5-du-guera","og_locale":"fr_FR","og_type":"article","og_title":"un nouveau commandant install\u00e9 \u00e0 la Gendarmerie de la zone n\u00b05 du Guera","og_description":"Une ce\u0301re\u0301monie de passation de commandement de la Gendarmerie nationale de la zone N\u00b0 5 du Guera a eu lieu entre le col ...","og_url":"https:\/\/www.africa-press.net\/tchad\/politique\/un-nouveau-commandant-installe-a-la-gendarmerie-de-la-zone-n5-du-guera","og_site_name":"tchad","article_published_time":"2023-10-13T12:54:24+00:00","article_modified_time":"2023-10-13T13:50:07+00:00","og_image":[{"width":1040,"height":468,"url":"https:\/\/static.africa-press.net\/tchad\/sites\/41\/2023\/10\/sm_1697192351.091789.jpg","type":"image\/jpeg"}],"author":"cfeditorfr","twitter_card":"summary_large_image","twitter_misc":{"\u00c9crit par":"cfeditorfr","Dur\u00e9e de lecture estim\u00e9e":"1 minute"},"schema":{"@context":"https:\/\/schema.org","@graph":[{"@type":"Article","@id":"https:\/\/www.africa-press.net\/tchad\/politique\/un-nouveau-commandant-installe-a-la-gendarmerie-de-la-zone-n5-du-guera#article","isPartOf":{"@id":"https:\/\/www.africa-press.net\/tchad\/politique\/un-nouveau-commandant-installe-a-la-gendarmerie-de-la-zone-n5-du-guera"},"author":{"name":"cfeditorfr","@id":"https:\/\/www.africa-press.net\/tchad\/#\/schema\/person\/2b1cf3cd81a31e3cd26889ca66d677f1"},"headline":"un nouveau commandant install\u00e9 \u00e0 la Gendarmerie de la zone n\u00b05 du Guera","datePublished":"2023-10-13T12:54:24+00:00","dateModified":"2023-10-13T13:50:07+00:00","mainEntityOfPage":{"@id":"https:\/\/www.africa-press.net\/tchad\/politique\/un-nouveau-commandant-installe-a-la-gendarmerie-de-la-zone-n5-du-guera"},"wordCount":112,"commentCount":0,"image":{"@id":"https:\/\/www.africa-press.net\/tchad\/politique\/un-nouveau-commandant-installe-a-la-gendarmerie-de-la-zone-n5-du-guera#primaryimage"},"thumbnailUrl":"https:\/\/static.africa-press.net\/tchad\/sites\/41\/2023\/10\/sm_1697192351.091789.jpg","keywords":["Africa Press","Africa Press-Tchad","Tchad"],"articleSection":["Politique","Top Nouvelles","Toutes les actualit\u00e9s"],"inLanguage":"fr-FR","potentialAction":[{"@type":"CommentAction","name":"Comment","target":["https:\/\/www.africa-press.net\/tchad\/politique\/un-nouveau-commandant-installe-a-la-gendarmerie-de-la-zone-n5-du-guera#respond"]}]},{"@type":"WebPage","@id":"https:\/\/www.africa-press.net\/tchad\/politique\/un-nouveau-commandant-installe-a-la-gendarmerie-de-la-zone-n5-du-guera","url":"https:\/\/www.africa-press.net\/tchad\/politique\/un-nouveau-commandant-installe-a-la-gendarmerie-de-la-zone-n5-du-guera","name":"un nouveau commandant install\u00e9 \u00e0 la Gendarmerie de la zone n\u00b05 du Guera - tchad","isPartOf":{"@id":"https:\/\/www.africa-press.net\/tchad\/#website"},"primaryImageOfPage":{"@id":"https:\/\/www.africa-press.net\/tchad\/politique\/un-nouveau-commandant-installe-a-la-gendarmerie-de-la-zone-n5-du-guera#primaryimage"},"image":{"@id":"https:\/\/www.africa-press.net\/tchad\/politique\/un-nouveau-commandant-installe-a-la-gendarmerie-de-la-zone-n5-du-guera#primaryimage"},"thumbnailUrl":"https:\/\/static.africa-press.net\/tchad\/sites\/41\/2023\/10\/sm_1697192351.091789.jpg","datePublished":"2023-10-13T12:54:24+00:00","dateModified":"2023-10-13T13:50:07+00:00","author":{"@id":"https:\/\/www.africa-press.net\/tchad\/#\/schema\/person\/2b1cf3cd81a31e3cd26889ca66d677f1"},"description":"Une ce\u0301re\u0301monie de passation de commandement de la Gendarmerie nationale de la zone N\u00b0 5 du Guera a eu lieu entre le col ...","breadcrumb":{"@id":"https:\/\/www.africa-press.net\/tchad\/politique\/un-nouveau-commandant-installe-a-la-gendarmerie-de-la-zone-n5-du-guera#breadcrumb"},"inLanguage":"fr-FR","potentialAction":[{"@type":"ReadAction","target":["https:\/\/www.africa-press.net\/tchad\/politique\/un-nouveau-commandant-installe-a-la-gendarmerie-de-la-zone-n5-du-guera"]}]},{"@type":"ImageObject","inLanguage":"fr-FR","@id":"https:\/\/www.africa-press.net\/tchad\/politique\/un-nouveau-commandant-installe-a-la-gendarmerie-de-la-zone-n5-du-guera#primaryimage","url":"https:\/\/static.africa-press.net\/tchad\/sites\/41\/2023\/10\/sm_1697192351.091789.jpg","contentUrl":"https:\/\/static.africa-press.net\/tchad\/sites\/41\/2023\/10\/sm_1697192351.091789.jpg","width":1040,"height":468,"caption":"un nouveau commandant install\u00e9 \u00e0 la Gendarmerie de la zone n\u00b05 du Guera"},{"@type":"BreadcrumbList","@id":"https:\/\/www.africa-press.net\/tchad\/politique\/un-nouveau-commandant-installe-a-la-gendarmerie-de-la-zone-n5-du-guera#breadcrumb","itemListElement":[{"@type":"ListItem","position":1,"name":"Accueil","item":"https:\/\/www.africa-press.net\/tchad\/"},{"@type":"ListItem","position":2,"name":"un nouveau commandant install\u00e9 \u00e0 la Gendarmerie de la zone n\u00b05 du Guera"}]},{"@type":"WebSite","@id":"https:\/\/www.africa-press.net\/tchad\/#website","url":"https:\/\/www.africa-press.net\/tchad\/","name":"tchad","description":"Just another Africa News Agency Sites site","potentialAction":[{"@type":"SearchAction","target":{"@type":"EntryPoint","urlTemplate":"https:\/\/www.africa-press.net\/tchad\/?s={search_term_string}"},"query-input":{"@type":"PropertyValueSpecification","valueRequired":true,"valueName":"search_term_string"}}],"inLanguage":"fr-FR"},{"@type":"Person","@id":"https:\/\/www.africa-press.net\/tchad\/#\/schema\/person\/2b1cf3cd81a31e3cd26889ca66d677f1","name":"cfeditorfr"}]}},"_links":{"self":[{"href":"https:\/\/www.africa-press.net\/tchad\/wp-json\/wp\/v2\/posts\/52260","targetHints":{"allow":["GET"]}}],"collection":[{"href":"https:\/\/www.africa-press.net\/tchad\/wp-json\/wp\/v2\/posts"}],"about":[{"href":"https:\/\/www.africa-press.net\/tchad\/wp-json\/wp\/v2\/types\/post"}],"author":[{"embeddable":true,"href":"https:\/\/www.africa-press.net\/tchad\/wp-json\/wp\/v2\/users\/82"}],"replies":[{"embeddable":true,"href":"https:\/\/www.africa-press.net\/tchad\/wp-json\/wp\/v2\/comments?post=52260"}],"version-history":[{"count":0,"href":"https:\/\/www.africa-press.net\/tchad\/wp-json\/wp\/v2\/posts\/52260\/revisions"}],"wp:featuredmedia":[{"embeddable":true,"href":"https:\/\/www.africa-press.net\/tchad\/wp-json\/wp\/v2\/media\/52259"}],"wp:attachment":[{"href":"https:\/\/www.africa-press.net\/tchad\/wp-json\/wp\/v2\/media?parent=52260"}],"wp:term":[{"taxonomy":"category","embeddable":true,"href":"https:\/\/www.africa-press.net\/tchad\/wp-json\/wp\/v2\/categories?post=52260"},{"taxonomy":"post_tag","embeddable":true,"href":"https:\/\/www.africa-press.net\/tchad\/wp-json\/wp\/v2\/tags?post=52260"}],"curies":[{"name":"wp","href":"https:\/\/api.w.org\/{rel}","templated":true}]}}