{"id":52293,"date":"2023-10-14T12:26:37","date_gmt":"2023-10-14T12:26:37","guid":{"rendered":"https:\/\/www.africa-press.net\/tchad\/politique\/le-collectif-davocats-des-transformateurs-denonce-la-detention-de-72-militants-dans-des-conditions-difficiles"},"modified":"2023-10-14T13:05:37","modified_gmt":"2023-10-14T13:05:37","slug":"le-collectif-davocats-des-transformateurs-denonce-la-detention-de-72-militants-dans-des-conditions-difficiles","status":"publish","type":"post","link":"https:\/\/www.africa-press.net\/tchad\/parties\/le-collectif-davocats-des-transformateurs-denonce-la-detention-de-72-militants-dans-des-conditions-difficiles","title":{"rendered":"le collectif d\u2019avocats des Transformateurs d\u00e9nonce la d\u00e9tention de 72 militants dans des conditions difficiles"},"content":{"rendered":"<p><span style=\"color: #ff6600\"><strong>Africa-Press &#8211; Tchad. <\/strong><\/span>Le porte-parole du collectif des avocats constitu\u00e9s pour la d\u00e9fense des militants du Parti politique \u00ab Les Transformateurs \u00bb , Allata Ndordji a fait ce jeudi un point de presse ce point de presse, pour alerter l&rsquo;opinion nationale et internationale \u00ab les traitements d\u00e9gradants et inhumains perp\u00e9tr\u00e9s contre \u00bb 72 des militants dudit parti politique, interpell\u00e9s et d\u00e9tenus aux Renseignements G\u00e9n\u00e9raux \u00e0 N&rsquo;Djamena depuis le 8 Octobre 2023.<\/p>\n<p>Le Collectif se dit extre\u0302mement inquiet par ces conditions de traitements dont ces 72 militants du Parti Les Transformateurs font I\u2018objet. \u00ab En effet, nous avons appris avec regret et consternation que 78 militants qui faisaient du footing le dimanche le 08 Octobre 2023, ont e\u0301te\u0301 arbitrairement arre\u0302te\u0301s par les forces de I \u2018ordre et garde\u0301s a\u0300 vue dans les locaux des renseignements ge\u0301ne\u0301raux, dans des conditions inhumaines et absolument cruelles, en violation totale des re\u0300gles relatives aux conditions et de\u0301lai de garde a\u0300 vue \u00bb, de\u0301plore le porte-parole du collectif des avocats Allata Ndordji.<\/p>\n<p>Et de pre\u0301ciser qu\u2019alors que la loi accorde aux avocats un droit de visite et de communication syste\u0301matique de leurs clients en de\u0301tention pre\u0301ventive, ni le collectif, ni les parents ont acce\u0300s a\u0300 ces militants pour leur rendre visite ou me\u0302me leur apporter de la nourriture. Les repas pre\u0301sente\u0301s par les parents et amis des de\u0301tenus sont syste\u0301matiquement rejete\u0301s. Toutes les de\u0301marches entreprises par le collectif des avocats ont e\u0301te\u0301 vaines.<\/p>\n<p>Le collectif des avocats affirme avoir constate\u0301 avec amertume que jusqu&rsquo;a\u0300 ce jour aucun officiel, ni aucune autorite\u0301 de la transition, ne soit prononce\u0301 sur la situation inquie\u0301tante et alarmante de ces jeunes qui se meurent dans les locaux des RG. Et pourtant, ces me\u0302mes autorite\u0301s ont place\u0301 cette phase de transition au Tchad, sous le slogan retentissant et bienveillant \u00ab d&rsquo;union nationale \u00bb pour faire respecter les droits et devoirs des citoyens tchadiens.<\/p>\n<p>\u00ab Nous rappelons a\u0300 l&rsquo;attention des autorite\u0301s tchadiennes, que ces faits extre\u0302mement graves que rien ne peut justifier dans un Etat dit de droit, sont perpe\u0301tre\u0301s en violation flagrante des instruments juridiques nationaux et supranationaux que le Tchad a ratifie\u0301s, notamment le code pe\u0301nal tchadiens , les conventions de Gene\u0300ve du 12 aou\u0302t 1949 et la convention contre la torture du 10 de\u0301cembre 1984 etc \u00bb, pre\u0301vient le porte-parole du collectif des avocats des Transformateurs, Allata Ndordji.<\/p>\n<p>Le porte-parole du collectif des avocats des militants de Transformateurs, Allata Ndordji exige que ces jeunes du parti politique \u00abLes Transformateurs \u00bb soient purement et simplement rela\u0302che\u0301s compte tenu du large de\u0301passement du de\u0301lai le\u0301gal de garde a\u0300 vue. Tout en informant l&rsquo;opinion nationale et internationale de ces faits d&rsquo;une gravite\u0301 extre\u0302me, le collectif interpelle respectueusement les partenaires diplomatiques et politiques du Tchad a\u0300 l&rsquo;effet d&rsquo;amener les autorite\u0301s de transition a\u0300 respecter leurs engagements pris en faveur de I \u2018Etat de droit.<\/p>\n<p><strong>Pour plus d&rsquo;informations et d&rsquo;analyses sur la <a href=\"https:\/\/www.africa-press.net\/tchad\">Tchad<\/a>, suivez <a href=\"https:\/\/www.africa-press.net\/\">Africa-Press<\/a><\/strong><\/p>\n","protected":false},"excerpt":{"rendered":"<p>Africa-Press &#8211; Tchad. Le porte-parole du collectif des avocats constitu\u00e9s pour la d\u00e9fense des militants du Parti politique \u00ab Les Transformateurs \u00bb , Allata Ndordji a fait ce jeudi un point de presse ce point de presse, pour alerter l&rsquo;opinion nationale et internationale \u00ab les traitements d\u00e9gradants et inhumains perp\u00e9tr\u00e9s contre \u00bb 72 des militants [&hellip;]<\/p>\n","protected":false},"author":82,"featured_media":52291,"comment_status":"open","ping_status":"closed","sticky":false,"template":"","format":"standard","meta":{"footnotes":""},"categories":[4,20,10],"tags":[37,292,29],"class_list":["post-52293","post","type-post","status-publish","format-standard","has-post-thumbnail","hentry","category-parties","category-top-nouvelles","category-toutes-les-actualites","tag-africa-press","tag-africa-press-tchad","tag-tchad"],"yoast_head":"<!-- This site is optimized with the Yoast SEO Premium plugin v26.1 (Yoast SEO v27.0) - https:\/\/yoast.com\/product\/yoast-seo-premium-wordpress\/ -->\n<title>le collectif d\u2019avocats des Transformateurs d\u00e9nonce la d\u00e9tention de 72 militants dans des conditions difficiles - tchad<\/title>\n<meta name=\"description\" content=\"Le porte-parole du collectif des avocats constitue\u0301s pour la de\u0301fense des militants du Parti politique \u00ab Les Transformateu ...\" \/>\n<meta name=\"robots\" content=\"index, follow, max-snippet:-1, max-image-preview:large, max-video-preview:-1\" \/>\n<link rel=\"canonical\" href=\"https:\/\/www.africa-press.net\/tchad\/parties\/le-collectif-davocats-des-transformateurs-denonce-la-detention-de-72-militants-dans-des-conditions-difficiles\" \/>\n<meta property=\"og:locale\" content=\"fr_FR\" \/>\n<meta property=\"og:type\" content=\"article\" \/>\n<meta property=\"og:title\" content=\"le collectif d\u2019avocats des Transformateurs d\u00e9nonce la d\u00e9tention de 72 militants dans des conditions difficiles\" \/>\n<meta property=\"og:description\" content=\"Le porte-parole du collectif des avocats constitue\u0301s pour la de\u0301fense des militants du Parti politique \u00ab Les Transformateu ...\" \/>\n<meta property=\"og:url\" content=\"https:\/\/www.africa-press.net\/tchad\/parties\/le-collectif-davocats-des-transformateurs-denonce-la-detention-de-72-militants-dans-des-conditions-difficiles\" \/>\n<meta property=\"og:site_name\" content=\"tchad\" \/>\n<meta property=\"article:published_time\" content=\"2023-10-14T12:26:37+00:00\" \/>\n<meta property=\"article:modified_time\" content=\"2023-10-14T13:05:37+00:00\" \/>\n<meta property=\"og:image\" content=\"https:\/\/static.africa-press.net\/tchad\/sites\/41\/2023\/10\/sm_1697276082.550273.jpg\" \/>\n\t<meta property=\"og:image:width\" content=\"995\" \/>\n\t<meta property=\"og:image:height\" content=\"366\" \/>\n\t<meta property=\"og:image:type\" content=\"image\/jpeg\" \/>\n<meta name=\"author\" content=\"cfeditorfr\" \/>\n<meta name=\"twitter:card\" content=\"summary_large_image\" \/>\n<meta name=\"twitter:label1\" content=\"\u00c9crit par\" \/>\n\t<meta name=\"twitter:data1\" content=\"cfeditorfr\" \/>\n\t<meta name=\"twitter:label2\" content=\"Dur\u00e9e de lecture estim\u00e9e\" \/>\n\t<meta name=\"twitter:data2\" content=\"3 minutes\" \/>\n<script type=\"application\/ld+json\" class=\"yoast-schema-graph\">{\"@context\":\"https:\/\/schema.org\",\"@graph\":[{\"@type\":\"Article\",\"@id\":\"https:\/\/www.africa-press.net\/tchad\/parties\/le-collectif-davocats-des-transformateurs-denonce-la-detention-de-72-militants-dans-des-conditions-difficiles#article\",\"isPartOf\":{\"@id\":\"https:\/\/www.africa-press.net\/tchad\/parties\/le-collectif-davocats-des-transformateurs-denonce-la-detention-de-72-militants-dans-des-conditions-difficiles\"},\"author\":{\"name\":\"cfeditorfr\",\"@id\":\"https:\/\/www.africa-press.net\/tchad\/#\/schema\/person\/2b1cf3cd81a31e3cd26889ca66d677f1\"},\"headline\":\"le collectif d\u2019avocats des Transformateurs d\u00e9nonce la d\u00e9tention de 72 militants dans des conditions difficiles\",\"datePublished\":\"2023-10-14T12:26:37+00:00\",\"dateModified\":\"2023-10-14T13:05:37+00:00\",\"mainEntityOfPage\":{\"@id\":\"https:\/\/www.africa-press.net\/tchad\/parties\/le-collectif-davocats-des-transformateurs-denonce-la-detention-de-72-militants-dans-des-conditions-difficiles\"},\"wordCount\":537,\"commentCount\":0,\"image\":{\"@id\":\"https:\/\/www.africa-press.net\/tchad\/parties\/le-collectif-davocats-des-transformateurs-denonce-la-detention-de-72-militants-dans-des-conditions-difficiles#primaryimage\"},\"thumbnailUrl\":\"https:\/\/static.africa-press.net\/tchad\/sites\/41\/2023\/10\/sm_1697276082.550273.jpg\",\"keywords\":[\"Africa Press\",\"Africa Press-Tchad\",\"Tchad\"],\"articleSection\":[\"Parties\",\"Top Nouvelles\",\"Toutes les actualit\u00e9s\"],\"inLanguage\":\"fr-FR\",\"potentialAction\":[{\"@type\":\"CommentAction\",\"name\":\"Comment\",\"target\":[\"https:\/\/www.africa-press.net\/tchad\/parties\/le-collectif-davocats-des-transformateurs-denonce-la-detention-de-72-militants-dans-des-conditions-difficiles#respond\"]}]},{\"@type\":\"WebPage\",\"@id\":\"https:\/\/www.africa-press.net\/tchad\/parties\/le-collectif-davocats-des-transformateurs-denonce-la-detention-de-72-militants-dans-des-conditions-difficiles\",\"url\":\"https:\/\/www.africa-press.net\/tchad\/parties\/le-collectif-davocats-des-transformateurs-denonce-la-detention-de-72-militants-dans-des-conditions-difficiles\",\"name\":\"le collectif d\u2019avocats des Transformateurs d\u00e9nonce la d\u00e9tention de 72 militants dans des conditions difficiles - tchad\",\"isPartOf\":{\"@id\":\"https:\/\/www.africa-press.net\/tchad\/#website\"},\"primaryImageOfPage\":{\"@id\":\"https:\/\/www.africa-press.net\/tchad\/parties\/le-collectif-davocats-des-transformateurs-denonce-la-detention-de-72-militants-dans-des-conditions-difficiles#primaryimage\"},\"image\":{\"@id\":\"https:\/\/www.africa-press.net\/tchad\/parties\/le-collectif-davocats-des-transformateurs-denonce-la-detention-de-72-militants-dans-des-conditions-difficiles#primaryimage\"},\"thumbnailUrl\":\"https:\/\/static.africa-press.net\/tchad\/sites\/41\/2023\/10\/sm_1697276082.550273.jpg\",\"datePublished\":\"2023-10-14T12:26:37+00:00\",\"dateModified\":\"2023-10-14T13:05:37+00:00\",\"author\":{\"@id\":\"https:\/\/www.africa-press.net\/tchad\/#\/schema\/person\/2b1cf3cd81a31e3cd26889ca66d677f1\"},\"description\":\"Le porte-parole du collectif des avocats constitue\u0301s pour la de\u0301fense des militants du Parti politique \u00ab Les Transformateu ...\",\"breadcrumb\":{\"@id\":\"https:\/\/www.africa-press.net\/tchad\/parties\/le-collectif-davocats-des-transformateurs-denonce-la-detention-de-72-militants-dans-des-conditions-difficiles#breadcrumb\"},\"inLanguage\":\"fr-FR\",\"potentialAction\":[{\"@type\":\"ReadAction\",\"target\":[\"https:\/\/www.africa-press.net\/tchad\/parties\/le-collectif-davocats-des-transformateurs-denonce-la-detention-de-72-militants-dans-des-conditions-difficiles\"]}]},{\"@type\":\"ImageObject\",\"inLanguage\":\"fr-FR\",\"@id\":\"https:\/\/www.africa-press.net\/tchad\/parties\/le-collectif-davocats-des-transformateurs-denonce-la-detention-de-72-militants-dans-des-conditions-difficiles#primaryimage\",\"url\":\"https:\/\/static.africa-press.net\/tchad\/sites\/41\/2023\/10\/sm_1697276082.550273.jpg\",\"contentUrl\":\"https:\/\/static.africa-press.net\/tchad\/sites\/41\/2023\/10\/sm_1697276082.550273.jpg\",\"width\":995,\"height\":366,\"caption\":\"le collectif d\u2019avocats des Transformateurs d\u00e9nonce la d\u00e9tention de 72 militants dans des conditions difficiles\"},{\"@type\":\"BreadcrumbList\",\"@id\":\"https:\/\/www.africa-press.net\/tchad\/parties\/le-collectif-davocats-des-transformateurs-denonce-la-detention-de-72-militants-dans-des-conditions-difficiles#breadcrumb\",\"itemListElement\":[{\"@type\":\"ListItem\",\"position\":1,\"name\":\"Accueil\",\"item\":\"https:\/\/www.africa-press.net\/tchad\/\"},{\"@type\":\"ListItem\",\"position\":2,\"name\":\"le collectif d\u2019avocats des Transformateurs d\u00e9nonce la d\u00e9tention de 72 militants dans des conditions difficiles\"}]},{\"@type\":\"WebSite\",\"@id\":\"https:\/\/www.africa-press.net\/tchad\/#website\",\"url\":\"https:\/\/www.africa-press.net\/tchad\/\",\"name\":\"tchad\",\"description\":\"Just another Africa News Agency Sites site\",\"potentialAction\":[{\"@type\":\"SearchAction\",\"target\":{\"@type\":\"EntryPoint\",\"urlTemplate\":\"https:\/\/www.africa-press.net\/tchad\/?s={search_term_string}\"},\"query-input\":{\"@type\":\"PropertyValueSpecification\",\"valueRequired\":true,\"valueName\":\"search_term_string\"}}],\"inLanguage\":\"fr-FR\"},{\"@type\":\"Person\",\"@id\":\"https:\/\/www.africa-press.net\/tchad\/#\/schema\/person\/2b1cf3cd81a31e3cd26889ca66d677f1\",\"name\":\"cfeditorfr\"}]}<\/script>\n<!-- \/ Yoast SEO Premium plugin. -->","yoast_head_json":{"title":"le collectif d\u2019avocats des Transformateurs d\u00e9nonce la d\u00e9tention de 72 militants dans des conditions difficiles - tchad","description":"Le porte-parole du collectif des avocats constitue\u0301s pour la de\u0301fense des militants du Parti politique \u00ab Les Transformateu ...","robots":{"index":"index","follow":"follow","max-snippet":"max-snippet:-1","max-image-preview":"max-image-preview:large","max-video-preview":"max-video-preview:-1"},"canonical":"https:\/\/www.africa-press.net\/tchad\/parties\/le-collectif-davocats-des-transformateurs-denonce-la-detention-de-72-militants-dans-des-conditions-difficiles","og_locale":"fr_FR","og_type":"article","og_title":"le collectif d\u2019avocats des Transformateurs d\u00e9nonce la d\u00e9tention de 72 militants dans des conditions difficiles","og_description":"Le porte-parole du collectif des avocats constitue\u0301s pour la de\u0301fense des militants du Parti politique \u00ab Les Transformateu ...","og_url":"https:\/\/www.africa-press.net\/tchad\/parties\/le-collectif-davocats-des-transformateurs-denonce-la-detention-de-72-militants-dans-des-conditions-difficiles","og_site_name":"tchad","article_published_time":"2023-10-14T12:26:37+00:00","article_modified_time":"2023-10-14T13:05:37+00:00","og_image":[{"width":995,"height":366,"url":"https:\/\/static.africa-press.net\/tchad\/sites\/41\/2023\/10\/sm_1697276082.550273.jpg","type":"image\/jpeg"}],"author":"cfeditorfr","twitter_card":"summary_large_image","twitter_misc":{"\u00c9crit par":"cfeditorfr","Dur\u00e9e de lecture estim\u00e9e":"3 minutes"},"schema":{"@context":"https:\/\/schema.org","@graph":[{"@type":"Article","@id":"https:\/\/www.africa-press.net\/tchad\/parties\/le-collectif-davocats-des-transformateurs-denonce-la-detention-de-72-militants-dans-des-conditions-difficiles#article","isPartOf":{"@id":"https:\/\/www.africa-press.net\/tchad\/parties\/le-collectif-davocats-des-transformateurs-denonce-la-detention-de-72-militants-dans-des-conditions-difficiles"},"author":{"name":"cfeditorfr","@id":"https:\/\/www.africa-press.net\/tchad\/#\/schema\/person\/2b1cf3cd81a31e3cd26889ca66d677f1"},"headline":"le collectif d\u2019avocats des Transformateurs d\u00e9nonce la d\u00e9tention de 72 militants dans des conditions difficiles","datePublished":"2023-10-14T12:26:37+00:00","dateModified":"2023-10-14T13:05:37+00:00","mainEntityOfPage":{"@id":"https:\/\/www.africa-press.net\/tchad\/parties\/le-collectif-davocats-des-transformateurs-denonce-la-detention-de-72-militants-dans-des-conditions-difficiles"},"wordCount":537,"commentCount":0,"image":{"@id":"https:\/\/www.africa-press.net\/tchad\/parties\/le-collectif-davocats-des-transformateurs-denonce-la-detention-de-72-militants-dans-des-conditions-difficiles#primaryimage"},"thumbnailUrl":"https:\/\/static.africa-press.net\/tchad\/sites\/41\/2023\/10\/sm_1697276082.550273.jpg","keywords":["Africa Press","Africa Press-Tchad","Tchad"],"articleSection":["Parties","Top Nouvelles","Toutes les actualit\u00e9s"],"inLanguage":"fr-FR","potentialAction":[{"@type":"CommentAction","name":"Comment","target":["https:\/\/www.africa-press.net\/tchad\/parties\/le-collectif-davocats-des-transformateurs-denonce-la-detention-de-72-militants-dans-des-conditions-difficiles#respond"]}]},{"@type":"WebPage","@id":"https:\/\/www.africa-press.net\/tchad\/parties\/le-collectif-davocats-des-transformateurs-denonce-la-detention-de-72-militants-dans-des-conditions-difficiles","url":"https:\/\/www.africa-press.net\/tchad\/parties\/le-collectif-davocats-des-transformateurs-denonce-la-detention-de-72-militants-dans-des-conditions-difficiles","name":"le collectif d\u2019avocats des Transformateurs d\u00e9nonce la d\u00e9tention de 72 militants dans des conditions difficiles - tchad","isPartOf":{"@id":"https:\/\/www.africa-press.net\/tchad\/#website"},"primaryImageOfPage":{"@id":"https:\/\/www.africa-press.net\/tchad\/parties\/le-collectif-davocats-des-transformateurs-denonce-la-detention-de-72-militants-dans-des-conditions-difficiles#primaryimage"},"image":{"@id":"https:\/\/www.africa-press.net\/tchad\/parties\/le-collectif-davocats-des-transformateurs-denonce-la-detention-de-72-militants-dans-des-conditions-difficiles#primaryimage"},"thumbnailUrl":"https:\/\/static.africa-press.net\/tchad\/sites\/41\/2023\/10\/sm_1697276082.550273.jpg","datePublished":"2023-10-14T12:26:37+00:00","dateModified":"2023-10-14T13:05:37+00:00","author":{"@id":"https:\/\/www.africa-press.net\/tchad\/#\/schema\/person\/2b1cf3cd81a31e3cd26889ca66d677f1"},"description":"Le porte-parole du collectif des avocats constitue\u0301s pour la de\u0301fense des militants du Parti politique \u00ab Les Transformateu ...","breadcrumb":{"@id":"https:\/\/www.africa-press.net\/tchad\/parties\/le-collectif-davocats-des-transformateurs-denonce-la-detention-de-72-militants-dans-des-conditions-difficiles#breadcrumb"},"inLanguage":"fr-FR","potentialAction":[{"@type":"ReadAction","target":["https:\/\/www.africa-press.net\/tchad\/parties\/le-collectif-davocats-des-transformateurs-denonce-la-detention-de-72-militants-dans-des-conditions-difficiles"]}]},{"@type":"ImageObject","inLanguage":"fr-FR","@id":"https:\/\/www.africa-press.net\/tchad\/parties\/le-collectif-davocats-des-transformateurs-denonce-la-detention-de-72-militants-dans-des-conditions-difficiles#primaryimage","url":"https:\/\/static.africa-press.net\/tchad\/sites\/41\/2023\/10\/sm_1697276082.550273.jpg","contentUrl":"https:\/\/static.africa-press.net\/tchad\/sites\/41\/2023\/10\/sm_1697276082.550273.jpg","width":995,"height":366,"caption":"le collectif d\u2019avocats des Transformateurs d\u00e9nonce la d\u00e9tention de 72 militants dans des conditions difficiles"},{"@type":"BreadcrumbList","@id":"https:\/\/www.africa-press.net\/tchad\/parties\/le-collectif-davocats-des-transformateurs-denonce-la-detention-de-72-militants-dans-des-conditions-difficiles#breadcrumb","itemListElement":[{"@type":"ListItem","position":1,"name":"Accueil","item":"https:\/\/www.africa-press.net\/tchad\/"},{"@type":"ListItem","position":2,"name":"le collectif d\u2019avocats des Transformateurs d\u00e9nonce la d\u00e9tention de 72 militants dans des conditions difficiles"}]},{"@type":"WebSite","@id":"https:\/\/www.africa-press.net\/tchad\/#website","url":"https:\/\/www.africa-press.net\/tchad\/","name":"tchad","description":"Just another Africa News Agency Sites site","potentialAction":[{"@type":"SearchAction","target":{"@type":"EntryPoint","urlTemplate":"https:\/\/www.africa-press.net\/tchad\/?s={search_term_string}"},"query-input":{"@type":"PropertyValueSpecification","valueRequired":true,"valueName":"search_term_string"}}],"inLanguage":"fr-FR"},{"@type":"Person","@id":"https:\/\/www.africa-press.net\/tchad\/#\/schema\/person\/2b1cf3cd81a31e3cd26889ca66d677f1","name":"cfeditorfr"}]}},"_links":{"self":[{"href":"https:\/\/www.africa-press.net\/tchad\/wp-json\/wp\/v2\/posts\/52293","targetHints":{"allow":["GET"]}}],"collection":[{"href":"https:\/\/www.africa-press.net\/tchad\/wp-json\/wp\/v2\/posts"}],"about":[{"href":"https:\/\/www.africa-press.net\/tchad\/wp-json\/wp\/v2\/types\/post"}],"author":[{"embeddable":true,"href":"https:\/\/www.africa-press.net\/tchad\/wp-json\/wp\/v2\/users\/82"}],"replies":[{"embeddable":true,"href":"https:\/\/www.africa-press.net\/tchad\/wp-json\/wp\/v2\/comments?post=52293"}],"version-history":[{"count":0,"href":"https:\/\/www.africa-press.net\/tchad\/wp-json\/wp\/v2\/posts\/52293\/revisions"}],"wp:featuredmedia":[{"embeddable":true,"href":"https:\/\/www.africa-press.net\/tchad\/wp-json\/wp\/v2\/media\/52291"}],"wp:attachment":[{"href":"https:\/\/www.africa-press.net\/tchad\/wp-json\/wp\/v2\/media?parent=52293"}],"wp:term":[{"taxonomy":"category","embeddable":true,"href":"https:\/\/www.africa-press.net\/tchad\/wp-json\/wp\/v2\/categories?post=52293"},{"taxonomy":"post_tag","embeddable":true,"href":"https:\/\/www.africa-press.net\/tchad\/wp-json\/wp\/v2\/tags?post=52293"}],"curies":[{"name":"wp","href":"https:\/\/api.w.org\/{rel}","templated":true}]}}