{"id":52296,"date":"2023-10-14T12:27:29","date_gmt":"2023-10-14T12:27:29","guid":{"rendered":"https:\/\/www.africa-press.net\/tchad\/politique\/le-parquet-sexplique-sur-la-perquisition-chez-un-vice-president-des-transformateurs"},"modified":"2023-10-14T13:06:32","modified_gmt":"2023-10-14T13:06:32","slug":"le-parquet-sexplique-sur-la-perquisition-chez-un-vice-president-des-transformateurs","status":"publish","type":"post","link":"https:\/\/www.africa-press.net\/tchad\/politique\/le-parquet-sexplique-sur-la-perquisition-chez-un-vice-president-des-transformateurs","title":{"rendered":"le parquet s\u2019explique sur la perquisition chez un vice-pr\u00e9sident des Transformateurs"},"content":{"rendered":"<p><span style=\"color: #ff6600\"><strong>Africa-Press &#8211; Tchad. <\/strong><\/span>Lors de la perquisition, un individu de nationalite\u0301 tchado-ame\u0301ricaine, Djekolnodji Sade\u0301 Njesada, proche du vice-pre\u0301sident, a e\u0301te\u0301 arre\u0302te\u0301 pour enque\u0302te. Il est accuse\u0301 d&rsquo;avoir tenu des re\u0301unions secre\u0300tes avec des militants du parti, visant potentiellement a\u0300 perturber l&rsquo;ordre public, en raison de son passe\u0301 militaire dans l&rsquo;arme\u0301e ame\u0301ricaine.<\/p>\n<p>De plus, la perquisition a re\u0301ve\u0301le\u0301 des documents sensibles lie\u0301s a\u0300 la se\u0301curite\u0301 de l&rsquo;E\u0301tat chez Ndolembai\u0308 Sade\u0301 Njesada, qui auraient du\u0302 e\u0302tre conserve\u0301s dans un environnement administratif se\u0301curise\u0301 pluto\u0302t que chez un particulier. Le Procureur a justifie\u0301 l&rsquo;arrestation de Djekolnodji Sade\u0301 Njesada en raison de la ne\u0301cessite\u0301 de comprendre comment ces documents importants se sont retrouve\u0301s dans cette maison.<\/p>\n<p>Le Procureur souligne que la Constitution garantit la liberte\u0301 d&rsquo;association, de mouvement et de manifestation, mais ces liberte\u0301s doivent s&rsquo;exercer conforme\u0301ment a\u0300 la loi. Des enque\u0302tes ulte\u0301rieures viseront a\u0300 identifier les responsables, les coauteurs et les complices de cette affaire. Djekolnodji Sade\u0301 Njesada re\u0301pondra de ses actes devant la justice.<\/p>\n<p><strong>Pour plus d&rsquo;informations et d&rsquo;analyses sur la <a href=\"https:\/\/www.africa-press.net\/tchad\">Tchad<\/a>, suivez <a href=\"https:\/\/www.africa-press.net\/\">Africa-Press<\/a><\/strong><\/p>\n","protected":false},"excerpt":{"rendered":"<p>Africa-Press &#8211; Tchad. Lors de la perquisition, un individu de nationalite\u0301 tchado-ame\u0301ricaine, Djekolnodji Sade\u0301 Njesada, proche du vice-pre\u0301sident, a e\u0301te\u0301 arre\u0302te\u0301 pour enque\u0302te. Il est accuse\u0301 d&rsquo;avoir tenu des re\u0301unions secre\u0300tes avec des militants du parti, visant potentiellement a\u0300 perturber l&rsquo;ordre public, en raison de son passe\u0301 militaire dans l&rsquo;arme\u0301e ame\u0301ricaine. De plus, la perquisition [&hellip;]<\/p>\n","protected":false},"author":82,"featured_media":52294,"comment_status":"open","ping_status":"closed","sticky":false,"template":"","format":"standard","meta":{"footnotes":""},"categories":[2,10],"tags":[37,292,29],"class_list":["post-52296","post","type-post","status-publish","format-standard","has-post-thumbnail","hentry","category-politique","category-toutes-les-actualites","tag-africa-press","tag-africa-press-tchad","tag-tchad"],"yoast_head":"<!-- This site is optimized with the Yoast SEO Premium plugin v26.1 (Yoast SEO v27.0) - https:\/\/yoast.com\/product\/yoast-seo-premium-wordpress\/ -->\n<title>le parquet s\u2019explique sur la perquisition chez un vice-pr\u00e9sident des Transformateurs - tchad<\/title>\n<meta name=\"description\" content=\"Lors de la perquisition, un individu de nationalite\u0301 tchado-ame\u0301ricaine, Djekolnodji Sade\u0301 Njesada, proche du vice-pre\u0301s ...\" \/>\n<meta name=\"robots\" content=\"index, follow, max-snippet:-1, max-image-preview:large, max-video-preview:-1\" \/>\n<link rel=\"canonical\" href=\"https:\/\/www.africa-press.net\/tchad\/politique\/le-parquet-sexplique-sur-la-perquisition-chez-un-vice-president-des-transformateurs\" \/>\n<meta property=\"og:locale\" content=\"fr_FR\" \/>\n<meta property=\"og:type\" content=\"article\" \/>\n<meta property=\"og:title\" content=\"le parquet s\u2019explique sur la perquisition chez un vice-pr\u00e9sident des Transformateurs\" \/>\n<meta property=\"og:description\" content=\"Lors de la perquisition, un individu de nationalite\u0301 tchado-ame\u0301ricaine, Djekolnodji Sade\u0301 Njesada, proche du vice-pre\u0301s ...\" \/>\n<meta property=\"og:url\" content=\"https:\/\/www.africa-press.net\/tchad\/politique\/le-parquet-sexplique-sur-la-perquisition-chez-un-vice-president-des-transformateurs\" \/>\n<meta property=\"og:site_name\" content=\"tchad\" \/>\n<meta property=\"article:published_time\" content=\"2023-10-14T12:27:29+00:00\" \/>\n<meta property=\"article:modified_time\" content=\"2023-10-14T13:06:32+00:00\" \/>\n<meta property=\"og:image\" content=\"https:\/\/static.africa-press.net\/tchad\/sites\/41\/2023\/10\/sm_1697276108.262962.jpg\" \/>\n\t<meta property=\"og:image:width\" content=\"884\" \/>\n\t<meta property=\"og:image:height\" content=\"462\" \/>\n\t<meta property=\"og:image:type\" content=\"image\/jpeg\" \/>\n<meta name=\"author\" content=\"cfeditorfr\" \/>\n<meta name=\"twitter:card\" content=\"summary_large_image\" \/>\n<meta name=\"twitter:label1\" content=\"\u00c9crit par\" \/>\n\t<meta name=\"twitter:data1\" content=\"cfeditorfr\" \/>\n\t<meta name=\"twitter:label2\" content=\"Dur\u00e9e de lecture estim\u00e9e\" \/>\n\t<meta name=\"twitter:data2\" content=\"1 minute\" \/>\n<script type=\"application\/ld+json\" class=\"yoast-schema-graph\">{\"@context\":\"https:\/\/schema.org\",\"@graph\":[{\"@type\":\"Article\",\"@id\":\"https:\/\/www.africa-press.net\/tchad\/politique\/le-parquet-sexplique-sur-la-perquisition-chez-un-vice-president-des-transformateurs#article\",\"isPartOf\":{\"@id\":\"https:\/\/www.africa-press.net\/tchad\/politique\/le-parquet-sexplique-sur-la-perquisition-chez-un-vice-president-des-transformateurs\"},\"author\":{\"name\":\"cfeditorfr\",\"@id\":\"https:\/\/www.africa-press.net\/tchad\/#\/schema\/person\/2b1cf3cd81a31e3cd26889ca66d677f1\"},\"headline\":\"le parquet s\u2019explique sur la perquisition chez un vice-pr\u00e9sident des Transformateurs\",\"datePublished\":\"2023-10-14T12:27:29+00:00\",\"dateModified\":\"2023-10-14T13:06:32+00:00\",\"mainEntityOfPage\":{\"@id\":\"https:\/\/www.africa-press.net\/tchad\/politique\/le-parquet-sexplique-sur-la-perquisition-chez-un-vice-president-des-transformateurs\"},\"wordCount\":218,\"commentCount\":0,\"image\":{\"@id\":\"https:\/\/www.africa-press.net\/tchad\/politique\/le-parquet-sexplique-sur-la-perquisition-chez-un-vice-president-des-transformateurs#primaryimage\"},\"thumbnailUrl\":\"https:\/\/static.africa-press.net\/tchad\/sites\/41\/2023\/10\/sm_1697276108.262962.jpg\",\"keywords\":[\"Africa Press\",\"Africa Press-Tchad\",\"Tchad\"],\"articleSection\":[\"Politique\",\"Toutes les actualit\u00e9s\"],\"inLanguage\":\"fr-FR\",\"potentialAction\":[{\"@type\":\"CommentAction\",\"name\":\"Comment\",\"target\":[\"https:\/\/www.africa-press.net\/tchad\/politique\/le-parquet-sexplique-sur-la-perquisition-chez-un-vice-president-des-transformateurs#respond\"]}]},{\"@type\":\"WebPage\",\"@id\":\"https:\/\/www.africa-press.net\/tchad\/politique\/le-parquet-sexplique-sur-la-perquisition-chez-un-vice-president-des-transformateurs\",\"url\":\"https:\/\/www.africa-press.net\/tchad\/politique\/le-parquet-sexplique-sur-la-perquisition-chez-un-vice-president-des-transformateurs\",\"name\":\"le parquet s\u2019explique sur la perquisition chez un vice-pr\u00e9sident des Transformateurs - tchad\",\"isPartOf\":{\"@id\":\"https:\/\/www.africa-press.net\/tchad\/#website\"},\"primaryImageOfPage\":{\"@id\":\"https:\/\/www.africa-press.net\/tchad\/politique\/le-parquet-sexplique-sur-la-perquisition-chez-un-vice-president-des-transformateurs#primaryimage\"},\"image\":{\"@id\":\"https:\/\/www.africa-press.net\/tchad\/politique\/le-parquet-sexplique-sur-la-perquisition-chez-un-vice-president-des-transformateurs#primaryimage\"},\"thumbnailUrl\":\"https:\/\/static.africa-press.net\/tchad\/sites\/41\/2023\/10\/sm_1697276108.262962.jpg\",\"datePublished\":\"2023-10-14T12:27:29+00:00\",\"dateModified\":\"2023-10-14T13:06:32+00:00\",\"author\":{\"@id\":\"https:\/\/www.africa-press.net\/tchad\/#\/schema\/person\/2b1cf3cd81a31e3cd26889ca66d677f1\"},\"description\":\"Lors de la perquisition, un individu de nationalite\u0301 tchado-ame\u0301ricaine, Djekolnodji Sade\u0301 Njesada, proche du vice-pre\u0301s ...\",\"breadcrumb\":{\"@id\":\"https:\/\/www.africa-press.net\/tchad\/politique\/le-parquet-sexplique-sur-la-perquisition-chez-un-vice-president-des-transformateurs#breadcrumb\"},\"inLanguage\":\"fr-FR\",\"potentialAction\":[{\"@type\":\"ReadAction\",\"target\":[\"https:\/\/www.africa-press.net\/tchad\/politique\/le-parquet-sexplique-sur-la-perquisition-chez-un-vice-president-des-transformateurs\"]}]},{\"@type\":\"ImageObject\",\"inLanguage\":\"fr-FR\",\"@id\":\"https:\/\/www.africa-press.net\/tchad\/politique\/le-parquet-sexplique-sur-la-perquisition-chez-un-vice-president-des-transformateurs#primaryimage\",\"url\":\"https:\/\/static.africa-press.net\/tchad\/sites\/41\/2023\/10\/sm_1697276108.262962.jpg\",\"contentUrl\":\"https:\/\/static.africa-press.net\/tchad\/sites\/41\/2023\/10\/sm_1697276108.262962.jpg\",\"width\":884,\"height\":462,\"caption\":\"le parquet s\u2019explique sur la perquisition chez un vice-pr\u00e9sident des Transformateurs\"},{\"@type\":\"BreadcrumbList\",\"@id\":\"https:\/\/www.africa-press.net\/tchad\/politique\/le-parquet-sexplique-sur-la-perquisition-chez-un-vice-president-des-transformateurs#breadcrumb\",\"itemListElement\":[{\"@type\":\"ListItem\",\"position\":1,\"name\":\"Accueil\",\"item\":\"https:\/\/www.africa-press.net\/tchad\/\"},{\"@type\":\"ListItem\",\"position\":2,\"name\":\"le parquet s\u2019explique sur la perquisition chez un vice-pr\u00e9sident des Transformateurs\"}]},{\"@type\":\"WebSite\",\"@id\":\"https:\/\/www.africa-press.net\/tchad\/#website\",\"url\":\"https:\/\/www.africa-press.net\/tchad\/\",\"name\":\"tchad\",\"description\":\"Just another Africa News Agency Sites site\",\"potentialAction\":[{\"@type\":\"SearchAction\",\"target\":{\"@type\":\"EntryPoint\",\"urlTemplate\":\"https:\/\/www.africa-press.net\/tchad\/?s={search_term_string}\"},\"query-input\":{\"@type\":\"PropertyValueSpecification\",\"valueRequired\":true,\"valueName\":\"search_term_string\"}}],\"inLanguage\":\"fr-FR\"},{\"@type\":\"Person\",\"@id\":\"https:\/\/www.africa-press.net\/tchad\/#\/schema\/person\/2b1cf3cd81a31e3cd26889ca66d677f1\",\"name\":\"cfeditorfr\"}]}<\/script>\n<!-- \/ Yoast SEO Premium plugin. -->","yoast_head_json":{"title":"le parquet s\u2019explique sur la perquisition chez un vice-pr\u00e9sident des Transformateurs - tchad","description":"Lors de la perquisition, un individu de nationalite\u0301 tchado-ame\u0301ricaine, Djekolnodji Sade\u0301 Njesada, proche du vice-pre\u0301s ...","robots":{"index":"index","follow":"follow","max-snippet":"max-snippet:-1","max-image-preview":"max-image-preview:large","max-video-preview":"max-video-preview:-1"},"canonical":"https:\/\/www.africa-press.net\/tchad\/politique\/le-parquet-sexplique-sur-la-perquisition-chez-un-vice-president-des-transformateurs","og_locale":"fr_FR","og_type":"article","og_title":"le parquet s\u2019explique sur la perquisition chez un vice-pr\u00e9sident des Transformateurs","og_description":"Lors de la perquisition, un individu de nationalite\u0301 tchado-ame\u0301ricaine, Djekolnodji Sade\u0301 Njesada, proche du vice-pre\u0301s ...","og_url":"https:\/\/www.africa-press.net\/tchad\/politique\/le-parquet-sexplique-sur-la-perquisition-chez-un-vice-president-des-transformateurs","og_site_name":"tchad","article_published_time":"2023-10-14T12:27:29+00:00","article_modified_time":"2023-10-14T13:06:32+00:00","og_image":[{"width":884,"height":462,"url":"https:\/\/static.africa-press.net\/tchad\/sites\/41\/2023\/10\/sm_1697276108.262962.jpg","type":"image\/jpeg"}],"author":"cfeditorfr","twitter_card":"summary_large_image","twitter_misc":{"\u00c9crit par":"cfeditorfr","Dur\u00e9e de lecture estim\u00e9e":"1 minute"},"schema":{"@context":"https:\/\/schema.org","@graph":[{"@type":"Article","@id":"https:\/\/www.africa-press.net\/tchad\/politique\/le-parquet-sexplique-sur-la-perquisition-chez-un-vice-president-des-transformateurs#article","isPartOf":{"@id":"https:\/\/www.africa-press.net\/tchad\/politique\/le-parquet-sexplique-sur-la-perquisition-chez-un-vice-president-des-transformateurs"},"author":{"name":"cfeditorfr","@id":"https:\/\/www.africa-press.net\/tchad\/#\/schema\/person\/2b1cf3cd81a31e3cd26889ca66d677f1"},"headline":"le parquet s\u2019explique sur la perquisition chez un vice-pr\u00e9sident des Transformateurs","datePublished":"2023-10-14T12:27:29+00:00","dateModified":"2023-10-14T13:06:32+00:00","mainEntityOfPage":{"@id":"https:\/\/www.africa-press.net\/tchad\/politique\/le-parquet-sexplique-sur-la-perquisition-chez-un-vice-president-des-transformateurs"},"wordCount":218,"commentCount":0,"image":{"@id":"https:\/\/www.africa-press.net\/tchad\/politique\/le-parquet-sexplique-sur-la-perquisition-chez-un-vice-president-des-transformateurs#primaryimage"},"thumbnailUrl":"https:\/\/static.africa-press.net\/tchad\/sites\/41\/2023\/10\/sm_1697276108.262962.jpg","keywords":["Africa Press","Africa Press-Tchad","Tchad"],"articleSection":["Politique","Toutes les actualit\u00e9s"],"inLanguage":"fr-FR","potentialAction":[{"@type":"CommentAction","name":"Comment","target":["https:\/\/www.africa-press.net\/tchad\/politique\/le-parquet-sexplique-sur-la-perquisition-chez-un-vice-president-des-transformateurs#respond"]}]},{"@type":"WebPage","@id":"https:\/\/www.africa-press.net\/tchad\/politique\/le-parquet-sexplique-sur-la-perquisition-chez-un-vice-president-des-transformateurs","url":"https:\/\/www.africa-press.net\/tchad\/politique\/le-parquet-sexplique-sur-la-perquisition-chez-un-vice-president-des-transformateurs","name":"le parquet s\u2019explique sur la perquisition chez un vice-pr\u00e9sident des Transformateurs - tchad","isPartOf":{"@id":"https:\/\/www.africa-press.net\/tchad\/#website"},"primaryImageOfPage":{"@id":"https:\/\/www.africa-press.net\/tchad\/politique\/le-parquet-sexplique-sur-la-perquisition-chez-un-vice-president-des-transformateurs#primaryimage"},"image":{"@id":"https:\/\/www.africa-press.net\/tchad\/politique\/le-parquet-sexplique-sur-la-perquisition-chez-un-vice-president-des-transformateurs#primaryimage"},"thumbnailUrl":"https:\/\/static.africa-press.net\/tchad\/sites\/41\/2023\/10\/sm_1697276108.262962.jpg","datePublished":"2023-10-14T12:27:29+00:00","dateModified":"2023-10-14T13:06:32+00:00","author":{"@id":"https:\/\/www.africa-press.net\/tchad\/#\/schema\/person\/2b1cf3cd81a31e3cd26889ca66d677f1"},"description":"Lors de la perquisition, un individu de nationalite\u0301 tchado-ame\u0301ricaine, Djekolnodji Sade\u0301 Njesada, proche du vice-pre\u0301s ...","breadcrumb":{"@id":"https:\/\/www.africa-press.net\/tchad\/politique\/le-parquet-sexplique-sur-la-perquisition-chez-un-vice-president-des-transformateurs#breadcrumb"},"inLanguage":"fr-FR","potentialAction":[{"@type":"ReadAction","target":["https:\/\/www.africa-press.net\/tchad\/politique\/le-parquet-sexplique-sur-la-perquisition-chez-un-vice-president-des-transformateurs"]}]},{"@type":"ImageObject","inLanguage":"fr-FR","@id":"https:\/\/www.africa-press.net\/tchad\/politique\/le-parquet-sexplique-sur-la-perquisition-chez-un-vice-president-des-transformateurs#primaryimage","url":"https:\/\/static.africa-press.net\/tchad\/sites\/41\/2023\/10\/sm_1697276108.262962.jpg","contentUrl":"https:\/\/static.africa-press.net\/tchad\/sites\/41\/2023\/10\/sm_1697276108.262962.jpg","width":884,"height":462,"caption":"le parquet s\u2019explique sur la perquisition chez un vice-pr\u00e9sident des Transformateurs"},{"@type":"BreadcrumbList","@id":"https:\/\/www.africa-press.net\/tchad\/politique\/le-parquet-sexplique-sur-la-perquisition-chez-un-vice-president-des-transformateurs#breadcrumb","itemListElement":[{"@type":"ListItem","position":1,"name":"Accueil","item":"https:\/\/www.africa-press.net\/tchad\/"},{"@type":"ListItem","position":2,"name":"le parquet s\u2019explique sur la perquisition chez un vice-pr\u00e9sident des Transformateurs"}]},{"@type":"WebSite","@id":"https:\/\/www.africa-press.net\/tchad\/#website","url":"https:\/\/www.africa-press.net\/tchad\/","name":"tchad","description":"Just another Africa News Agency Sites site","potentialAction":[{"@type":"SearchAction","target":{"@type":"EntryPoint","urlTemplate":"https:\/\/www.africa-press.net\/tchad\/?s={search_term_string}"},"query-input":{"@type":"PropertyValueSpecification","valueRequired":true,"valueName":"search_term_string"}}],"inLanguage":"fr-FR"},{"@type":"Person","@id":"https:\/\/www.africa-press.net\/tchad\/#\/schema\/person\/2b1cf3cd81a31e3cd26889ca66d677f1","name":"cfeditorfr"}]}},"_links":{"self":[{"href":"https:\/\/www.africa-press.net\/tchad\/wp-json\/wp\/v2\/posts\/52296","targetHints":{"allow":["GET"]}}],"collection":[{"href":"https:\/\/www.africa-press.net\/tchad\/wp-json\/wp\/v2\/posts"}],"about":[{"href":"https:\/\/www.africa-press.net\/tchad\/wp-json\/wp\/v2\/types\/post"}],"author":[{"embeddable":true,"href":"https:\/\/www.africa-press.net\/tchad\/wp-json\/wp\/v2\/users\/82"}],"replies":[{"embeddable":true,"href":"https:\/\/www.africa-press.net\/tchad\/wp-json\/wp\/v2\/comments?post=52296"}],"version-history":[{"count":0,"href":"https:\/\/www.africa-press.net\/tchad\/wp-json\/wp\/v2\/posts\/52296\/revisions"}],"wp:featuredmedia":[{"embeddable":true,"href":"https:\/\/www.africa-press.net\/tchad\/wp-json\/wp\/v2\/media\/52294"}],"wp:attachment":[{"href":"https:\/\/www.africa-press.net\/tchad\/wp-json\/wp\/v2\/media?parent=52296"}],"wp:term":[{"taxonomy":"category","embeddable":true,"href":"https:\/\/www.africa-press.net\/tchad\/wp-json\/wp\/v2\/categories?post=52296"},{"taxonomy":"post_tag","embeddable":true,"href":"https:\/\/www.africa-press.net\/tchad\/wp-json\/wp\/v2\/tags?post=52296"}],"curies":[{"name":"wp","href":"https:\/\/api.w.org\/{rel}","templated":true}]}}