{"id":52348,"date":"2023-10-15T17:55:48","date_gmt":"2023-10-15T17:55:48","guid":{"rendered":"https:\/\/www.africa-press.net\/tchad\/politique\/la-femme-rurale-a-lhonneur-dans-lennedi-est-a-loccasion-de-la-journee-mondiale"},"modified":"2023-10-15T18:03:32","modified_gmt":"2023-10-15T18:03:32","slug":"la-femme-rurale-a-lhonneur-dans-lennedi-est-a-loccasion-de-la-journee-mondiale","status":"publish","type":"post","link":"https:\/\/www.africa-press.net\/tchad\/toutes-les-actualites\/la-femme-rurale-a-lhonneur-dans-lennedi-est-a-loccasion-de-la-journee-mondiale","title":{"rendered":"la femme rurale \u00e0 l&rsquo;honneur dans l&rsquo;Ennedi Est \u00e0 l&rsquo;occasion de la Journ\u00e9e mondiale"},"content":{"rendered":"<p><span style=\"color: #ff6600\"><strong>Africa-Press &#8211; Tchad. <\/strong><\/span>Dans son discours, le Gouverneur de la province d&rsquo;Ennedi Est, le Ge\u0301ne\u0301ral de Division Ahmat Kardayo Hissein, a exprime\u0301 sa gratitude pour le choix de Kariari comme ho\u0302te de la Journe\u0301e Mondiale de la Femme Rurale e\u0301dition 2023. Les participants ont aborde\u0301 des sujets relatifs a\u0300 la paix, a\u0300 la cohabitation pacifique et a\u0300 la citoyennete\u0301.<\/p>\n<p>Les participantes ont suivi une formation sur les techniques de transformation des produits locaux, la gestion des Activite\u0301s Ge\u0301ne\u0301ratrices de Revenus et le leadership des organisations. De\u0301sormais, elles sont outille\u0301es non seulement en matie\u0300re de leadership, mais aussi en gestion. La session de formation s&rsquo;est clo\u0302ture\u0301e avec l&rsquo;engagement de chaque participante a\u0300 mettre en pratique les connaissances acquises et a\u0300 les partager avec d&rsquo;autres femmes.<\/p>\n<p>Le gouvernement tchadien accorde une grande importance a\u0300 la femme, que ce soit dans le domaine de l&rsquo;e\u0301ducation, de la production, de la se\u0301curite\u0301 alimentaire, ou dans d&rsquo;autres secteurs. Il reconnai\u0302t l&rsquo;importance de\u0301mographique de la femme et les multiples ro\u0302les qu&rsquo;elle joue dans la vie de la nation. Les plus hautes autorite\u0301s du pays ont fixe\u0301 un quota de 30% de femmes dans les instances de prise de de\u0301cision, y compris le De\u0301bat National Inclusif (DNIS), dans le but d&rsquo;acque\u0301rir des avantages significatifs. Le gouvernement s&rsquo;engage a\u0300 soutenir les activite\u0301s des femmes et a\u0300 les accompagner dans ce processus.<\/p>\n<p>Le Gouverneur a exprime\u0301 sa reconnaissance envers le gouvernement, le Ministe\u0300re de la Femme, de la Protection de la Petite Enfance et de la Solidarite\u0301 Nationale, ainsi que leurs partenaires, pour leur appui substantiel qui a permis le renforcement des capacite\u0301s des femmes de la province et la dotation en mate\u0301riel agricole.<\/p>\n<p><strong>Pour plus d&rsquo;informations et d&rsquo;analyses sur la <a href=\"https:\/\/www.africa-press.net\/tchad\">Tchad<\/a>, suivez <a href=\"https:\/\/www.africa-press.net\/\">Africa-Press<\/a><\/strong><\/p>\n","protected":false},"excerpt":{"rendered":"<p>Africa-Press &#8211; Tchad. Dans son discours, le Gouverneur de la province d&rsquo;Ennedi Est, le Ge\u0301ne\u0301ral de Division Ahmat Kardayo Hissein, a exprime\u0301 sa gratitude pour le choix de Kariari comme ho\u0302te de la Journe\u0301e Mondiale de la Femme Rurale e\u0301dition 2023. Les participants ont aborde\u0301 des sujets relatifs a\u0300 la paix, a\u0300 la cohabitation pacifique [&hellip;]<\/p>\n","protected":false},"author":82,"featured_media":52346,"comment_status":"open","ping_status":"closed","sticky":false,"template":"","format":"standard","meta":{"footnotes":""},"categories":[21,10],"tags":[37,292,29],"class_list":["post-52348","post","type-post","status-publish","format-standard","has-post-thumbnail","hentry","category-communaute","category-toutes-les-actualites","tag-africa-press","tag-africa-press-tchad","tag-tchad"],"yoast_head":"<!-- This site is optimized with the Yoast SEO Premium plugin v26.1 (Yoast SEO v27.0) - https:\/\/yoast.com\/product\/yoast-seo-premium-wordpress\/ -->\n<title>la femme rurale \u00e0 l&#039;honneur dans l&#039;Ennedi Est \u00e0 l&#039;occasion de la Journ\u00e9e mondiale - tchad<\/title>\n<meta name=\"description\" content=\"Dans son discours, le Gouverneur de la province d&#039;Ennedi Est, le Ge\u0301ne\u0301ral de Division Ahmat Kardayo Hissein, a exprime\u0301 ...\" \/>\n<meta name=\"robots\" content=\"index, follow, max-snippet:-1, max-image-preview:large, max-video-preview:-1\" \/>\n<link rel=\"canonical\" href=\"https:\/\/www.africa-press.net\/tchad\/toutes-les-actualites\/la-femme-rurale-a-lhonneur-dans-lennedi-est-a-loccasion-de-la-journee-mondiale\" \/>\n<meta property=\"og:locale\" content=\"fr_FR\" \/>\n<meta property=\"og:type\" content=\"article\" \/>\n<meta property=\"og:title\" content=\"la femme rurale \u00e0 l&#039;honneur dans l&#039;Ennedi Est \u00e0 l&#039;occasion de la Journ\u00e9e mondiale\" \/>\n<meta property=\"og:description\" content=\"Dans son discours, le Gouverneur de la province d&#039;Ennedi Est, le Ge\u0301ne\u0301ral de Division Ahmat Kardayo Hissein, a exprime\u0301 ...\" \/>\n<meta property=\"og:url\" content=\"https:\/\/www.africa-press.net\/tchad\/toutes-les-actualites\/la-femme-rurale-a-lhonneur-dans-lennedi-est-a-loccasion-de-la-journee-mondiale\" \/>\n<meta property=\"og:site_name\" content=\"tchad\" \/>\n<meta property=\"article:published_time\" content=\"2023-10-15T17:55:48+00:00\" \/>\n<meta property=\"article:modified_time\" content=\"2023-10-15T18:03:32+00:00\" \/>\n<meta property=\"og:image\" content=\"https:\/\/static.africa-press.net\/tchad\/sites\/41\/2023\/10\/sm_1697380339.978358.jpg\" \/>\n\t<meta property=\"og:image:width\" content=\"1024\" \/>\n\t<meta property=\"og:image:height\" content=\"524\" \/>\n\t<meta property=\"og:image:type\" content=\"image\/jpeg\" \/>\n<meta name=\"author\" content=\"cfeditorfr\" \/>\n<meta name=\"twitter:card\" content=\"summary_large_image\" \/>\n<meta name=\"twitter:label1\" content=\"\u00c9crit par\" \/>\n\t<meta name=\"twitter:data1\" content=\"cfeditorfr\" \/>\n\t<meta name=\"twitter:label2\" content=\"Dur\u00e9e de lecture estim\u00e9e\" \/>\n\t<meta name=\"twitter:data2\" content=\"2 minutes\" \/>\n<script type=\"application\/ld+json\" class=\"yoast-schema-graph\">{\"@context\":\"https:\/\/schema.org\",\"@graph\":[{\"@type\":\"Article\",\"@id\":\"https:\/\/www.africa-press.net\/tchad\/toutes-les-actualites\/la-femme-rurale-a-lhonneur-dans-lennedi-est-a-loccasion-de-la-journee-mondiale#article\",\"isPartOf\":{\"@id\":\"https:\/\/www.africa-press.net\/tchad\/toutes-les-actualites\/la-femme-rurale-a-lhonneur-dans-lennedi-est-a-loccasion-de-la-journee-mondiale\"},\"author\":{\"name\":\"cfeditorfr\",\"@id\":\"https:\/\/www.africa-press.net\/tchad\/#\/schema\/person\/2b1cf3cd81a31e3cd26889ca66d677f1\"},\"headline\":\"la femme rurale \u00e0 l&rsquo;honneur dans l&rsquo;Ennedi Est \u00e0 l&rsquo;occasion de la Journ\u00e9e mondiale\",\"datePublished\":\"2023-10-15T17:55:48+00:00\",\"dateModified\":\"2023-10-15T18:03:32+00:00\",\"mainEntityOfPage\":{\"@id\":\"https:\/\/www.africa-press.net\/tchad\/toutes-les-actualites\/la-femme-rurale-a-lhonneur-dans-lennedi-est-a-loccasion-de-la-journee-mondiale\"},\"wordCount\":337,\"commentCount\":0,\"image\":{\"@id\":\"https:\/\/www.africa-press.net\/tchad\/toutes-les-actualites\/la-femme-rurale-a-lhonneur-dans-lennedi-est-a-loccasion-de-la-journee-mondiale#primaryimage\"},\"thumbnailUrl\":\"https:\/\/static.africa-press.net\/tchad\/sites\/41\/2023\/10\/sm_1697380339.978358.jpg\",\"keywords\":[\"Africa Press\",\"Africa Press-Tchad\",\"Tchad\"],\"articleSection\":[\"Communaut\u00e9\",\"Toutes les actualit\u00e9s\"],\"inLanguage\":\"fr-FR\",\"potentialAction\":[{\"@type\":\"CommentAction\",\"name\":\"Comment\",\"target\":[\"https:\/\/www.africa-press.net\/tchad\/toutes-les-actualites\/la-femme-rurale-a-lhonneur-dans-lennedi-est-a-loccasion-de-la-journee-mondiale#respond\"]}]},{\"@type\":\"WebPage\",\"@id\":\"https:\/\/www.africa-press.net\/tchad\/toutes-les-actualites\/la-femme-rurale-a-lhonneur-dans-lennedi-est-a-loccasion-de-la-journee-mondiale\",\"url\":\"https:\/\/www.africa-press.net\/tchad\/toutes-les-actualites\/la-femme-rurale-a-lhonneur-dans-lennedi-est-a-loccasion-de-la-journee-mondiale\",\"name\":\"la femme rurale \u00e0 l'honneur dans l'Ennedi Est \u00e0 l'occasion de la Journ\u00e9e mondiale - tchad\",\"isPartOf\":{\"@id\":\"https:\/\/www.africa-press.net\/tchad\/#website\"},\"primaryImageOfPage\":{\"@id\":\"https:\/\/www.africa-press.net\/tchad\/toutes-les-actualites\/la-femme-rurale-a-lhonneur-dans-lennedi-est-a-loccasion-de-la-journee-mondiale#primaryimage\"},\"image\":{\"@id\":\"https:\/\/www.africa-press.net\/tchad\/toutes-les-actualites\/la-femme-rurale-a-lhonneur-dans-lennedi-est-a-loccasion-de-la-journee-mondiale#primaryimage\"},\"thumbnailUrl\":\"https:\/\/static.africa-press.net\/tchad\/sites\/41\/2023\/10\/sm_1697380339.978358.jpg\",\"datePublished\":\"2023-10-15T17:55:48+00:00\",\"dateModified\":\"2023-10-15T18:03:32+00:00\",\"author\":{\"@id\":\"https:\/\/www.africa-press.net\/tchad\/#\/schema\/person\/2b1cf3cd81a31e3cd26889ca66d677f1\"},\"description\":\"Dans son discours, le Gouverneur de la province d'Ennedi Est, le Ge\u0301ne\u0301ral de Division Ahmat Kardayo Hissein, a exprime\u0301 ...\",\"breadcrumb\":{\"@id\":\"https:\/\/www.africa-press.net\/tchad\/toutes-les-actualites\/la-femme-rurale-a-lhonneur-dans-lennedi-est-a-loccasion-de-la-journee-mondiale#breadcrumb\"},\"inLanguage\":\"fr-FR\",\"potentialAction\":[{\"@type\":\"ReadAction\",\"target\":[\"https:\/\/www.africa-press.net\/tchad\/toutes-les-actualites\/la-femme-rurale-a-lhonneur-dans-lennedi-est-a-loccasion-de-la-journee-mondiale\"]}]},{\"@type\":\"ImageObject\",\"inLanguage\":\"fr-FR\",\"@id\":\"https:\/\/www.africa-press.net\/tchad\/toutes-les-actualites\/la-femme-rurale-a-lhonneur-dans-lennedi-est-a-loccasion-de-la-journee-mondiale#primaryimage\",\"url\":\"https:\/\/static.africa-press.net\/tchad\/sites\/41\/2023\/10\/sm_1697380339.978358.jpg\",\"contentUrl\":\"https:\/\/static.africa-press.net\/tchad\/sites\/41\/2023\/10\/sm_1697380339.978358.jpg\",\"width\":1024,\"height\":524,\"caption\":\"la femme rurale \u00e0 l'honneur dans l'Ennedi Est \u00e0 l'occasion de la Journ\u00e9e mondiale\"},{\"@type\":\"BreadcrumbList\",\"@id\":\"https:\/\/www.africa-press.net\/tchad\/toutes-les-actualites\/la-femme-rurale-a-lhonneur-dans-lennedi-est-a-loccasion-de-la-journee-mondiale#breadcrumb\",\"itemListElement\":[{\"@type\":\"ListItem\",\"position\":1,\"name\":\"Accueil\",\"item\":\"https:\/\/www.africa-press.net\/tchad\/\"},{\"@type\":\"ListItem\",\"position\":2,\"name\":\"la femme rurale \u00e0 l&#8217;honneur dans l&#8217;Ennedi Est \u00e0 l&#8217;occasion de la Journ\u00e9e mondiale\"}]},{\"@type\":\"WebSite\",\"@id\":\"https:\/\/www.africa-press.net\/tchad\/#website\",\"url\":\"https:\/\/www.africa-press.net\/tchad\/\",\"name\":\"tchad\",\"description\":\"Just another Africa News Agency Sites site\",\"potentialAction\":[{\"@type\":\"SearchAction\",\"target\":{\"@type\":\"EntryPoint\",\"urlTemplate\":\"https:\/\/www.africa-press.net\/tchad\/?s={search_term_string}\"},\"query-input\":{\"@type\":\"PropertyValueSpecification\",\"valueRequired\":true,\"valueName\":\"search_term_string\"}}],\"inLanguage\":\"fr-FR\"},{\"@type\":\"Person\",\"@id\":\"https:\/\/www.africa-press.net\/tchad\/#\/schema\/person\/2b1cf3cd81a31e3cd26889ca66d677f1\",\"name\":\"cfeditorfr\"}]}<\/script>\n<!-- \/ Yoast SEO Premium plugin. -->","yoast_head_json":{"title":"la femme rurale \u00e0 l'honneur dans l'Ennedi Est \u00e0 l'occasion de la Journ\u00e9e mondiale - tchad","description":"Dans son discours, le Gouverneur de la province d'Ennedi Est, le Ge\u0301ne\u0301ral de Division Ahmat Kardayo Hissein, a exprime\u0301 ...","robots":{"index":"index","follow":"follow","max-snippet":"max-snippet:-1","max-image-preview":"max-image-preview:large","max-video-preview":"max-video-preview:-1"},"canonical":"https:\/\/www.africa-press.net\/tchad\/toutes-les-actualites\/la-femme-rurale-a-lhonneur-dans-lennedi-est-a-loccasion-de-la-journee-mondiale","og_locale":"fr_FR","og_type":"article","og_title":"la femme rurale \u00e0 l'honneur dans l'Ennedi Est \u00e0 l'occasion de la Journ\u00e9e mondiale","og_description":"Dans son discours, le Gouverneur de la province d'Ennedi Est, le Ge\u0301ne\u0301ral de Division Ahmat Kardayo Hissein, a exprime\u0301 ...","og_url":"https:\/\/www.africa-press.net\/tchad\/toutes-les-actualites\/la-femme-rurale-a-lhonneur-dans-lennedi-est-a-loccasion-de-la-journee-mondiale","og_site_name":"tchad","article_published_time":"2023-10-15T17:55:48+00:00","article_modified_time":"2023-10-15T18:03:32+00:00","og_image":[{"width":1024,"height":524,"url":"https:\/\/static.africa-press.net\/tchad\/sites\/41\/2023\/10\/sm_1697380339.978358.jpg","type":"image\/jpeg"}],"author":"cfeditorfr","twitter_card":"summary_large_image","twitter_misc":{"\u00c9crit par":"cfeditorfr","Dur\u00e9e de lecture estim\u00e9e":"2 minutes"},"schema":{"@context":"https:\/\/schema.org","@graph":[{"@type":"Article","@id":"https:\/\/www.africa-press.net\/tchad\/toutes-les-actualites\/la-femme-rurale-a-lhonneur-dans-lennedi-est-a-loccasion-de-la-journee-mondiale#article","isPartOf":{"@id":"https:\/\/www.africa-press.net\/tchad\/toutes-les-actualites\/la-femme-rurale-a-lhonneur-dans-lennedi-est-a-loccasion-de-la-journee-mondiale"},"author":{"name":"cfeditorfr","@id":"https:\/\/www.africa-press.net\/tchad\/#\/schema\/person\/2b1cf3cd81a31e3cd26889ca66d677f1"},"headline":"la femme rurale \u00e0 l&rsquo;honneur dans l&rsquo;Ennedi Est \u00e0 l&rsquo;occasion de la Journ\u00e9e mondiale","datePublished":"2023-10-15T17:55:48+00:00","dateModified":"2023-10-15T18:03:32+00:00","mainEntityOfPage":{"@id":"https:\/\/www.africa-press.net\/tchad\/toutes-les-actualites\/la-femme-rurale-a-lhonneur-dans-lennedi-est-a-loccasion-de-la-journee-mondiale"},"wordCount":337,"commentCount":0,"image":{"@id":"https:\/\/www.africa-press.net\/tchad\/toutes-les-actualites\/la-femme-rurale-a-lhonneur-dans-lennedi-est-a-loccasion-de-la-journee-mondiale#primaryimage"},"thumbnailUrl":"https:\/\/static.africa-press.net\/tchad\/sites\/41\/2023\/10\/sm_1697380339.978358.jpg","keywords":["Africa Press","Africa Press-Tchad","Tchad"],"articleSection":["Communaut\u00e9","Toutes les actualit\u00e9s"],"inLanguage":"fr-FR","potentialAction":[{"@type":"CommentAction","name":"Comment","target":["https:\/\/www.africa-press.net\/tchad\/toutes-les-actualites\/la-femme-rurale-a-lhonneur-dans-lennedi-est-a-loccasion-de-la-journee-mondiale#respond"]}]},{"@type":"WebPage","@id":"https:\/\/www.africa-press.net\/tchad\/toutes-les-actualites\/la-femme-rurale-a-lhonneur-dans-lennedi-est-a-loccasion-de-la-journee-mondiale","url":"https:\/\/www.africa-press.net\/tchad\/toutes-les-actualites\/la-femme-rurale-a-lhonneur-dans-lennedi-est-a-loccasion-de-la-journee-mondiale","name":"la femme rurale \u00e0 l'honneur dans l'Ennedi Est \u00e0 l'occasion de la Journ\u00e9e mondiale - tchad","isPartOf":{"@id":"https:\/\/www.africa-press.net\/tchad\/#website"},"primaryImageOfPage":{"@id":"https:\/\/www.africa-press.net\/tchad\/toutes-les-actualites\/la-femme-rurale-a-lhonneur-dans-lennedi-est-a-loccasion-de-la-journee-mondiale#primaryimage"},"image":{"@id":"https:\/\/www.africa-press.net\/tchad\/toutes-les-actualites\/la-femme-rurale-a-lhonneur-dans-lennedi-est-a-loccasion-de-la-journee-mondiale#primaryimage"},"thumbnailUrl":"https:\/\/static.africa-press.net\/tchad\/sites\/41\/2023\/10\/sm_1697380339.978358.jpg","datePublished":"2023-10-15T17:55:48+00:00","dateModified":"2023-10-15T18:03:32+00:00","author":{"@id":"https:\/\/www.africa-press.net\/tchad\/#\/schema\/person\/2b1cf3cd81a31e3cd26889ca66d677f1"},"description":"Dans son discours, le Gouverneur de la province d'Ennedi Est, le Ge\u0301ne\u0301ral de Division Ahmat Kardayo Hissein, a exprime\u0301 ...","breadcrumb":{"@id":"https:\/\/www.africa-press.net\/tchad\/toutes-les-actualites\/la-femme-rurale-a-lhonneur-dans-lennedi-est-a-loccasion-de-la-journee-mondiale#breadcrumb"},"inLanguage":"fr-FR","potentialAction":[{"@type":"ReadAction","target":["https:\/\/www.africa-press.net\/tchad\/toutes-les-actualites\/la-femme-rurale-a-lhonneur-dans-lennedi-est-a-loccasion-de-la-journee-mondiale"]}]},{"@type":"ImageObject","inLanguage":"fr-FR","@id":"https:\/\/www.africa-press.net\/tchad\/toutes-les-actualites\/la-femme-rurale-a-lhonneur-dans-lennedi-est-a-loccasion-de-la-journee-mondiale#primaryimage","url":"https:\/\/static.africa-press.net\/tchad\/sites\/41\/2023\/10\/sm_1697380339.978358.jpg","contentUrl":"https:\/\/static.africa-press.net\/tchad\/sites\/41\/2023\/10\/sm_1697380339.978358.jpg","width":1024,"height":524,"caption":"la femme rurale \u00e0 l'honneur dans l'Ennedi Est \u00e0 l'occasion de la Journ\u00e9e mondiale"},{"@type":"BreadcrumbList","@id":"https:\/\/www.africa-press.net\/tchad\/toutes-les-actualites\/la-femme-rurale-a-lhonneur-dans-lennedi-est-a-loccasion-de-la-journee-mondiale#breadcrumb","itemListElement":[{"@type":"ListItem","position":1,"name":"Accueil","item":"https:\/\/www.africa-press.net\/tchad\/"},{"@type":"ListItem","position":2,"name":"la femme rurale \u00e0 l&#8217;honneur dans l&#8217;Ennedi Est \u00e0 l&#8217;occasion de la Journ\u00e9e mondiale"}]},{"@type":"WebSite","@id":"https:\/\/www.africa-press.net\/tchad\/#website","url":"https:\/\/www.africa-press.net\/tchad\/","name":"tchad","description":"Just another Africa News Agency Sites site","potentialAction":[{"@type":"SearchAction","target":{"@type":"EntryPoint","urlTemplate":"https:\/\/www.africa-press.net\/tchad\/?s={search_term_string}"},"query-input":{"@type":"PropertyValueSpecification","valueRequired":true,"valueName":"search_term_string"}}],"inLanguage":"fr-FR"},{"@type":"Person","@id":"https:\/\/www.africa-press.net\/tchad\/#\/schema\/person\/2b1cf3cd81a31e3cd26889ca66d677f1","name":"cfeditorfr"}]}},"_links":{"self":[{"href":"https:\/\/www.africa-press.net\/tchad\/wp-json\/wp\/v2\/posts\/52348","targetHints":{"allow":["GET"]}}],"collection":[{"href":"https:\/\/www.africa-press.net\/tchad\/wp-json\/wp\/v2\/posts"}],"about":[{"href":"https:\/\/www.africa-press.net\/tchad\/wp-json\/wp\/v2\/types\/post"}],"author":[{"embeddable":true,"href":"https:\/\/www.africa-press.net\/tchad\/wp-json\/wp\/v2\/users\/82"}],"replies":[{"embeddable":true,"href":"https:\/\/www.africa-press.net\/tchad\/wp-json\/wp\/v2\/comments?post=52348"}],"version-history":[{"count":0,"href":"https:\/\/www.africa-press.net\/tchad\/wp-json\/wp\/v2\/posts\/52348\/revisions"}],"wp:featuredmedia":[{"embeddable":true,"href":"https:\/\/www.africa-press.net\/tchad\/wp-json\/wp\/v2\/media\/52346"}],"wp:attachment":[{"href":"https:\/\/www.africa-press.net\/tchad\/wp-json\/wp\/v2\/media?parent=52348"}],"wp:term":[{"taxonomy":"category","embeddable":true,"href":"https:\/\/www.africa-press.net\/tchad\/wp-json\/wp\/v2\/categories?post=52348"},{"taxonomy":"post_tag","embeddable":true,"href":"https:\/\/www.africa-press.net\/tchad\/wp-json\/wp\/v2\/tags?post=52348"}],"curies":[{"name":"wp","href":"https:\/\/api.w.org\/{rel}","templated":true}]}}