{"id":52353,"date":"2023-10-15T18:04:24","date_gmt":"2023-10-15T18:04:24","guid":{"rendered":"https:\/\/www.africa-press.net\/tchad\/politique\/cloture-de-la-10e-edition-du-festival-le-souffle-de-lharmattan"},"modified":"2023-10-15T18:13:31","modified_gmt":"2023-10-15T18:13:31","slug":"cloture-de-la-10e-edition-du-festival-le-souffle-de-lharmattan","status":"publish","type":"post","link":"https:\/\/www.africa-press.net\/tchad\/culture-et-art\/cloture-de-la-10e-edition-du-festival-le-souffle-de-lharmattan","title":{"rendered":"cl\u00f4ture de la 10e \u00e9dition du Festival Le Souffle de l&rsquo;Harmattan"},"content":{"rendered":"<p><span style=\"color: #ff6600\"><strong>Africa-Press &#8211; Tchad. <\/strong><\/span>Ce festival se tient dans la capitale tchadienne depuis sa cre\u0301ation, constituant un e\u0301ve\u0300nement culturel et artistique majeur qui met en avant les richesses culturelles du Tchad. Il offre chaque anne\u0301e l&rsquo;opportunite\u0301 a\u0300 des artistes, des musiciens, des e\u0301crivains, des poe\u0300tes et des intellectuels africains, ainsi que ceux de la diaspora, de se re\u0301unir, d&rsquo;e\u0301changer et de partager leurs visions pour l&rsquo;avenir du continent africain.<\/p>\n<p>Le parrain de ce festival, Me Mbailassem Laoumbatnan Franklin, a souligne\u0301 que la puissance des mots et de l&rsquo;e\u0301criture n&rsquo;a ni sexe ni tribu, c&rsquo;est pourquoi il s&rsquo;est associe\u0301 a\u0300 cet e\u0301ve\u0301nement. Apre\u0300s avoir rendu hommage a\u0300 tous les organisateurs de ce festival, il a exhorte\u0301 les participants a\u0300 devenir des messagers du Souffle de l&rsquo;Harmattan partout dans le monde.<\/p>\n<p>De son co\u0302te\u0301, le commissaire ge\u0301ne\u0301ral du festival, Sosthe\u0300ne Mbernodji, a souligne\u0301 que cet e\u0301ve\u0301nement permettra de donner un nouvel e\u0301lan a\u0300 la litte\u0301rature tchadienne en renforc\u0327ant sa vitalite\u0301 et sa visibilite\u0301. Selon lui, ce festival est un lieu de ce\u0301le\u0301bration de la litte\u0301rature africaine. Il a appele\u0301 a\u0300 multiplier les activite\u0301s du Souffle de l&rsquo;Harmattan afin d&rsquo;accroi\u0302tre son influence.<\/p>\n<p>Le Festival international Le Souffle de l&rsquo;Harmattan s&rsquo;est acheve\u0301 par la remise de plusieurs parchemins a\u0300 des personnalite\u0301s africaines qui ont marque\u0301 la litte\u0301rature par leurs \u0153uvres. A\u0300 titre d&rsquo;exemple, le diplo\u0302me d&rsquo;honneur a e\u0301te\u0301 de\u0301cerne\u0301 a\u0300 l&rsquo;invite\u0301 d&rsquo;honneur venu du Se\u0301ne\u0301gal, Dr Ndongo Mbaye, le prix du me\u0301ce\u0300ne a\u0300 Djekombe\u0301 Franc\u0327ois, le prix de l&rsquo;incitation a\u0300 la litte\u0301rature et a\u0300 la production et l&rsquo;accompagnement des auteurs revient au Dr Patrick Cle\u0301ment Oyieh, la jeune plume performante a e\u0301te\u0301 de\u0301cerne\u0301e a\u0300 Sitina Abdelmadjid Hassan Haggar. Le Prix des Belles Lettres a e\u0301te\u0301 attribue\u0301 a\u0300 la Burkinabe\u0300 Kouevi Gloria Rose. Enfin, le Prix du Meilleur Livre et de la Plume Engage\u0301e a e\u0301te\u0301 de\u0301die\u0301 au Dr Ousmane Koudangbe\u0301 Houzibe\u0301.<\/p>\n<p><strong>Pour plus d&rsquo;informations et d&rsquo;analyses sur la <a href=\"https:\/\/www.africa-press.net\/tchad\">Tchad<\/a>, suivez <a href=\"https:\/\/www.africa-press.net\/\">Africa-Press<\/a><\/strong><\/p>\n","protected":false},"excerpt":{"rendered":"<p>Africa-Press &#8211; Tchad. Ce festival se tient dans la capitale tchadienne depuis sa cre\u0301ation, constituant un e\u0301ve\u0300nement culturel et artistique majeur qui met en avant les richesses culturelles du Tchad. Il offre chaque anne\u0301e l&rsquo;opportunite\u0301 a\u0300 des artistes, des musiciens, des e\u0301crivains, des poe\u0300tes et des intellectuels africains, ainsi que ceux de la diaspora, de [&hellip;]<\/p>\n","protected":false},"author":82,"featured_media":52352,"comment_status":"open","ping_status":"closed","sticky":false,"template":"","format":"standard","meta":{"footnotes":""},"categories":[5,10],"tags":[37,292,29],"class_list":["post-52353","post","type-post","status-publish","format-standard","has-post-thumbnail","hentry","category-culture-et-art","category-toutes-les-actualites","tag-africa-press","tag-africa-press-tchad","tag-tchad"],"yoast_head":"<!-- This site is optimized with the Yoast SEO Premium plugin v26.1 (Yoast SEO v27.0) - https:\/\/yoast.com\/product\/yoast-seo-premium-wordpress\/ -->\n<title>cl\u00f4ture de la 10e \u00e9dition du Festival Le Souffle de l&#039;Harmattan - tchad<\/title>\n<meta name=\"description\" content=\"Ce festival se tient dans la capitale tchadienne depuis sa cre\u0301ation, constituant un e\u0301ve\u0300nement culturel et artistique ...\" \/>\n<meta name=\"robots\" content=\"index, follow, max-snippet:-1, max-image-preview:large, max-video-preview:-1\" \/>\n<link rel=\"canonical\" href=\"https:\/\/www.africa-press.net\/tchad\/culture-et-art\/cloture-de-la-10e-edition-du-festival-le-souffle-de-lharmattan\" \/>\n<meta property=\"og:locale\" content=\"fr_FR\" \/>\n<meta property=\"og:type\" content=\"article\" \/>\n<meta property=\"og:title\" content=\"cl\u00f4ture de la 10e \u00e9dition du Festival Le Souffle de l&#039;Harmattan\" \/>\n<meta property=\"og:description\" content=\"Ce festival se tient dans la capitale tchadienne depuis sa cre\u0301ation, constituant un e\u0301ve\u0300nement culturel et artistique ...\" \/>\n<meta property=\"og:url\" content=\"https:\/\/www.africa-press.net\/tchad\/culture-et-art\/cloture-de-la-10e-edition-du-festival-le-souffle-de-lharmattan\" \/>\n<meta property=\"og:site_name\" content=\"tchad\" \/>\n<meta property=\"article:published_time\" content=\"2023-10-15T18:04:24+00:00\" \/>\n<meta property=\"article:modified_time\" content=\"2023-10-15T18:13:31+00:00\" \/>\n<meta property=\"og:image\" content=\"https:\/\/static.africa-press.net\/tchad\/sites\/41\/2023\/10\/sm_1697380990.017383.jpg\" \/>\n\t<meta property=\"og:image:width\" content=\"1080\" \/>\n\t<meta property=\"og:image:height\" content=\"810\" \/>\n\t<meta property=\"og:image:type\" content=\"image\/jpeg\" \/>\n<meta name=\"author\" content=\"cfeditorfr\" \/>\n<meta name=\"twitter:card\" content=\"summary_large_image\" \/>\n<meta name=\"twitter:label1\" content=\"\u00c9crit par\" \/>\n\t<meta name=\"twitter:data1\" content=\"cfeditorfr\" \/>\n\t<meta name=\"twitter:label2\" content=\"Dur\u00e9e de lecture estim\u00e9e\" \/>\n\t<meta name=\"twitter:data2\" content=\"2 minutes\" \/>\n<script type=\"application\/ld+json\" class=\"yoast-schema-graph\">{\"@context\":\"https:\/\/schema.org\",\"@graph\":[{\"@type\":\"Article\",\"@id\":\"https:\/\/www.africa-press.net\/tchad\/culture-et-art\/cloture-de-la-10e-edition-du-festival-le-souffle-de-lharmattan#article\",\"isPartOf\":{\"@id\":\"https:\/\/www.africa-press.net\/tchad\/culture-et-art\/cloture-de-la-10e-edition-du-festival-le-souffle-de-lharmattan\"},\"author\":{\"name\":\"cfeditorfr\",\"@id\":\"https:\/\/www.africa-press.net\/tchad\/#\/schema\/person\/2b1cf3cd81a31e3cd26889ca66d677f1\"},\"headline\":\"cl\u00f4ture de la 10e \u00e9dition du Festival Le Souffle de l&rsquo;Harmattan\",\"datePublished\":\"2023-10-15T18:04:24+00:00\",\"dateModified\":\"2023-10-15T18:13:31+00:00\",\"mainEntityOfPage\":{\"@id\":\"https:\/\/www.africa-press.net\/tchad\/culture-et-art\/cloture-de-la-10e-edition-du-festival-le-souffle-de-lharmattan\"},\"wordCount\":394,\"commentCount\":0,\"image\":{\"@id\":\"https:\/\/www.africa-press.net\/tchad\/culture-et-art\/cloture-de-la-10e-edition-du-festival-le-souffle-de-lharmattan#primaryimage\"},\"thumbnailUrl\":\"https:\/\/static.africa-press.net\/tchad\/sites\/41\/2023\/10\/sm_1697380990.017383.jpg\",\"keywords\":[\"Africa Press\",\"Africa Press-Tchad\",\"Tchad\"],\"articleSection\":[\"Culture et Art\",\"Toutes les actualit\u00e9s\"],\"inLanguage\":\"fr-FR\",\"potentialAction\":[{\"@type\":\"CommentAction\",\"name\":\"Comment\",\"target\":[\"https:\/\/www.africa-press.net\/tchad\/culture-et-art\/cloture-de-la-10e-edition-du-festival-le-souffle-de-lharmattan#respond\"]}]},{\"@type\":\"WebPage\",\"@id\":\"https:\/\/www.africa-press.net\/tchad\/culture-et-art\/cloture-de-la-10e-edition-du-festival-le-souffle-de-lharmattan\",\"url\":\"https:\/\/www.africa-press.net\/tchad\/culture-et-art\/cloture-de-la-10e-edition-du-festival-le-souffle-de-lharmattan\",\"name\":\"cl\u00f4ture de la 10e \u00e9dition du Festival Le Souffle de l'Harmattan - tchad\",\"isPartOf\":{\"@id\":\"https:\/\/www.africa-press.net\/tchad\/#website\"},\"primaryImageOfPage\":{\"@id\":\"https:\/\/www.africa-press.net\/tchad\/culture-et-art\/cloture-de-la-10e-edition-du-festival-le-souffle-de-lharmattan#primaryimage\"},\"image\":{\"@id\":\"https:\/\/www.africa-press.net\/tchad\/culture-et-art\/cloture-de-la-10e-edition-du-festival-le-souffle-de-lharmattan#primaryimage\"},\"thumbnailUrl\":\"https:\/\/static.africa-press.net\/tchad\/sites\/41\/2023\/10\/sm_1697380990.017383.jpg\",\"datePublished\":\"2023-10-15T18:04:24+00:00\",\"dateModified\":\"2023-10-15T18:13:31+00:00\",\"author\":{\"@id\":\"https:\/\/www.africa-press.net\/tchad\/#\/schema\/person\/2b1cf3cd81a31e3cd26889ca66d677f1\"},\"description\":\"Ce festival se tient dans la capitale tchadienne depuis sa cre\u0301ation, constituant un e\u0301ve\u0300nement culturel et artistique ...\",\"breadcrumb\":{\"@id\":\"https:\/\/www.africa-press.net\/tchad\/culture-et-art\/cloture-de-la-10e-edition-du-festival-le-souffle-de-lharmattan#breadcrumb\"},\"inLanguage\":\"fr-FR\",\"potentialAction\":[{\"@type\":\"ReadAction\",\"target\":[\"https:\/\/www.africa-press.net\/tchad\/culture-et-art\/cloture-de-la-10e-edition-du-festival-le-souffle-de-lharmattan\"]}]},{\"@type\":\"ImageObject\",\"inLanguage\":\"fr-FR\",\"@id\":\"https:\/\/www.africa-press.net\/tchad\/culture-et-art\/cloture-de-la-10e-edition-du-festival-le-souffle-de-lharmattan#primaryimage\",\"url\":\"https:\/\/static.africa-press.net\/tchad\/sites\/41\/2023\/10\/sm_1697380990.017383.jpg\",\"contentUrl\":\"https:\/\/static.africa-press.net\/tchad\/sites\/41\/2023\/10\/sm_1697380990.017383.jpg\",\"width\":1080,\"height\":810,\"caption\":\"cl\u00f4ture de la 10e \u00e9dition du Festival Le Souffle de l'Harmattan\"},{\"@type\":\"BreadcrumbList\",\"@id\":\"https:\/\/www.africa-press.net\/tchad\/culture-et-art\/cloture-de-la-10e-edition-du-festival-le-souffle-de-lharmattan#breadcrumb\",\"itemListElement\":[{\"@type\":\"ListItem\",\"position\":1,\"name\":\"Accueil\",\"item\":\"https:\/\/www.africa-press.net\/tchad\/\"},{\"@type\":\"ListItem\",\"position\":2,\"name\":\"cl\u00f4ture de la 10e \u00e9dition du Festival Le Souffle de l&#8217;Harmattan\"}]},{\"@type\":\"WebSite\",\"@id\":\"https:\/\/www.africa-press.net\/tchad\/#website\",\"url\":\"https:\/\/www.africa-press.net\/tchad\/\",\"name\":\"tchad\",\"description\":\"Just another Africa News Agency Sites site\",\"potentialAction\":[{\"@type\":\"SearchAction\",\"target\":{\"@type\":\"EntryPoint\",\"urlTemplate\":\"https:\/\/www.africa-press.net\/tchad\/?s={search_term_string}\"},\"query-input\":{\"@type\":\"PropertyValueSpecification\",\"valueRequired\":true,\"valueName\":\"search_term_string\"}}],\"inLanguage\":\"fr-FR\"},{\"@type\":\"Person\",\"@id\":\"https:\/\/www.africa-press.net\/tchad\/#\/schema\/person\/2b1cf3cd81a31e3cd26889ca66d677f1\",\"name\":\"cfeditorfr\"}]}<\/script>\n<!-- \/ Yoast SEO Premium plugin. -->","yoast_head_json":{"title":"cl\u00f4ture de la 10e \u00e9dition du Festival Le Souffle de l'Harmattan - tchad","description":"Ce festival se tient dans la capitale tchadienne depuis sa cre\u0301ation, constituant un e\u0301ve\u0300nement culturel et artistique ...","robots":{"index":"index","follow":"follow","max-snippet":"max-snippet:-1","max-image-preview":"max-image-preview:large","max-video-preview":"max-video-preview:-1"},"canonical":"https:\/\/www.africa-press.net\/tchad\/culture-et-art\/cloture-de-la-10e-edition-du-festival-le-souffle-de-lharmattan","og_locale":"fr_FR","og_type":"article","og_title":"cl\u00f4ture de la 10e \u00e9dition du Festival Le Souffle de l'Harmattan","og_description":"Ce festival se tient dans la capitale tchadienne depuis sa cre\u0301ation, constituant un e\u0301ve\u0300nement culturel et artistique ...","og_url":"https:\/\/www.africa-press.net\/tchad\/culture-et-art\/cloture-de-la-10e-edition-du-festival-le-souffle-de-lharmattan","og_site_name":"tchad","article_published_time":"2023-10-15T18:04:24+00:00","article_modified_time":"2023-10-15T18:13:31+00:00","og_image":[{"width":1080,"height":810,"url":"https:\/\/static.africa-press.net\/tchad\/sites\/41\/2023\/10\/sm_1697380990.017383.jpg","type":"image\/jpeg"}],"author":"cfeditorfr","twitter_card":"summary_large_image","twitter_misc":{"\u00c9crit par":"cfeditorfr","Dur\u00e9e de lecture estim\u00e9e":"2 minutes"},"schema":{"@context":"https:\/\/schema.org","@graph":[{"@type":"Article","@id":"https:\/\/www.africa-press.net\/tchad\/culture-et-art\/cloture-de-la-10e-edition-du-festival-le-souffle-de-lharmattan#article","isPartOf":{"@id":"https:\/\/www.africa-press.net\/tchad\/culture-et-art\/cloture-de-la-10e-edition-du-festival-le-souffle-de-lharmattan"},"author":{"name":"cfeditorfr","@id":"https:\/\/www.africa-press.net\/tchad\/#\/schema\/person\/2b1cf3cd81a31e3cd26889ca66d677f1"},"headline":"cl\u00f4ture de la 10e \u00e9dition du Festival Le Souffle de l&rsquo;Harmattan","datePublished":"2023-10-15T18:04:24+00:00","dateModified":"2023-10-15T18:13:31+00:00","mainEntityOfPage":{"@id":"https:\/\/www.africa-press.net\/tchad\/culture-et-art\/cloture-de-la-10e-edition-du-festival-le-souffle-de-lharmattan"},"wordCount":394,"commentCount":0,"image":{"@id":"https:\/\/www.africa-press.net\/tchad\/culture-et-art\/cloture-de-la-10e-edition-du-festival-le-souffle-de-lharmattan#primaryimage"},"thumbnailUrl":"https:\/\/static.africa-press.net\/tchad\/sites\/41\/2023\/10\/sm_1697380990.017383.jpg","keywords":["Africa Press","Africa Press-Tchad","Tchad"],"articleSection":["Culture et Art","Toutes les actualit\u00e9s"],"inLanguage":"fr-FR","potentialAction":[{"@type":"CommentAction","name":"Comment","target":["https:\/\/www.africa-press.net\/tchad\/culture-et-art\/cloture-de-la-10e-edition-du-festival-le-souffle-de-lharmattan#respond"]}]},{"@type":"WebPage","@id":"https:\/\/www.africa-press.net\/tchad\/culture-et-art\/cloture-de-la-10e-edition-du-festival-le-souffle-de-lharmattan","url":"https:\/\/www.africa-press.net\/tchad\/culture-et-art\/cloture-de-la-10e-edition-du-festival-le-souffle-de-lharmattan","name":"cl\u00f4ture de la 10e \u00e9dition du Festival Le Souffle de l'Harmattan - tchad","isPartOf":{"@id":"https:\/\/www.africa-press.net\/tchad\/#website"},"primaryImageOfPage":{"@id":"https:\/\/www.africa-press.net\/tchad\/culture-et-art\/cloture-de-la-10e-edition-du-festival-le-souffle-de-lharmattan#primaryimage"},"image":{"@id":"https:\/\/www.africa-press.net\/tchad\/culture-et-art\/cloture-de-la-10e-edition-du-festival-le-souffle-de-lharmattan#primaryimage"},"thumbnailUrl":"https:\/\/static.africa-press.net\/tchad\/sites\/41\/2023\/10\/sm_1697380990.017383.jpg","datePublished":"2023-10-15T18:04:24+00:00","dateModified":"2023-10-15T18:13:31+00:00","author":{"@id":"https:\/\/www.africa-press.net\/tchad\/#\/schema\/person\/2b1cf3cd81a31e3cd26889ca66d677f1"},"description":"Ce festival se tient dans la capitale tchadienne depuis sa cre\u0301ation, constituant un e\u0301ve\u0300nement culturel et artistique ...","breadcrumb":{"@id":"https:\/\/www.africa-press.net\/tchad\/culture-et-art\/cloture-de-la-10e-edition-du-festival-le-souffle-de-lharmattan#breadcrumb"},"inLanguage":"fr-FR","potentialAction":[{"@type":"ReadAction","target":["https:\/\/www.africa-press.net\/tchad\/culture-et-art\/cloture-de-la-10e-edition-du-festival-le-souffle-de-lharmattan"]}]},{"@type":"ImageObject","inLanguage":"fr-FR","@id":"https:\/\/www.africa-press.net\/tchad\/culture-et-art\/cloture-de-la-10e-edition-du-festival-le-souffle-de-lharmattan#primaryimage","url":"https:\/\/static.africa-press.net\/tchad\/sites\/41\/2023\/10\/sm_1697380990.017383.jpg","contentUrl":"https:\/\/static.africa-press.net\/tchad\/sites\/41\/2023\/10\/sm_1697380990.017383.jpg","width":1080,"height":810,"caption":"cl\u00f4ture de la 10e \u00e9dition du Festival Le Souffle de l'Harmattan"},{"@type":"BreadcrumbList","@id":"https:\/\/www.africa-press.net\/tchad\/culture-et-art\/cloture-de-la-10e-edition-du-festival-le-souffle-de-lharmattan#breadcrumb","itemListElement":[{"@type":"ListItem","position":1,"name":"Accueil","item":"https:\/\/www.africa-press.net\/tchad\/"},{"@type":"ListItem","position":2,"name":"cl\u00f4ture de la 10e \u00e9dition du Festival Le Souffle de l&#8217;Harmattan"}]},{"@type":"WebSite","@id":"https:\/\/www.africa-press.net\/tchad\/#website","url":"https:\/\/www.africa-press.net\/tchad\/","name":"tchad","description":"Just another Africa News Agency Sites site","potentialAction":[{"@type":"SearchAction","target":{"@type":"EntryPoint","urlTemplate":"https:\/\/www.africa-press.net\/tchad\/?s={search_term_string}"},"query-input":{"@type":"PropertyValueSpecification","valueRequired":true,"valueName":"search_term_string"}}],"inLanguage":"fr-FR"},{"@type":"Person","@id":"https:\/\/www.africa-press.net\/tchad\/#\/schema\/person\/2b1cf3cd81a31e3cd26889ca66d677f1","name":"cfeditorfr"}]}},"_links":{"self":[{"href":"https:\/\/www.africa-press.net\/tchad\/wp-json\/wp\/v2\/posts\/52353","targetHints":{"allow":["GET"]}}],"collection":[{"href":"https:\/\/www.africa-press.net\/tchad\/wp-json\/wp\/v2\/posts"}],"about":[{"href":"https:\/\/www.africa-press.net\/tchad\/wp-json\/wp\/v2\/types\/post"}],"author":[{"embeddable":true,"href":"https:\/\/www.africa-press.net\/tchad\/wp-json\/wp\/v2\/users\/82"}],"replies":[{"embeddable":true,"href":"https:\/\/www.africa-press.net\/tchad\/wp-json\/wp\/v2\/comments?post=52353"}],"version-history":[{"count":0,"href":"https:\/\/www.africa-press.net\/tchad\/wp-json\/wp\/v2\/posts\/52353\/revisions"}],"wp:featuredmedia":[{"embeddable":true,"href":"https:\/\/www.africa-press.net\/tchad\/wp-json\/wp\/v2\/media\/52352"}],"wp:attachment":[{"href":"https:\/\/www.africa-press.net\/tchad\/wp-json\/wp\/v2\/media?parent=52353"}],"wp:term":[{"taxonomy":"category","embeddable":true,"href":"https:\/\/www.africa-press.net\/tchad\/wp-json\/wp\/v2\/categories?post=52353"},{"taxonomy":"post_tag","embeddable":true,"href":"https:\/\/www.africa-press.net\/tchad\/wp-json\/wp\/v2\/tags?post=52353"}],"curies":[{"name":"wp","href":"https:\/\/api.w.org\/{rel}","templated":true}]}}