{"id":52357,"date":"2023-10-15T18:08:54","date_gmt":"2023-10-15T18:08:54","guid":{"rendered":"https:\/\/www.africa-press.net\/tchad\/politique\/lancement-officiel-des-operations-de-revision-du-fichier-electoral-des-tchadiens-vivants-au-canada"},"modified":"2023-10-15T18:14:02","modified_gmt":"2023-10-15T18:14:02","slug":"lancement-officiel-des-operations-de-revision-du-fichier-electoral-des-tchadiens-vivants-au-canada","status":"publish","type":"post","link":"https:\/\/www.africa-press.net\/tchad\/politique\/lancement-officiel-des-operations-de-revision-du-fichier-electoral-des-tchadiens-vivants-au-canada","title":{"rendered":"Lancement officiel des op\u00e9rations de r\u00e9vision du fichier \u00e9lectoral des Tchadiens vivants au Canada"},"content":{"rendered":"<p><span style=\"color: #ff6600\"><strong>Africa-Press &#8211; Tchad. <\/strong><\/span>Le lancement officiel des ope\u0301rations de re\u0301vision du fichier e\u0301lectoral des tchadiens vivant au Canada s&rsquo;est de\u0301roule\u0301 ce vendredi 13 octobre en pre\u0301sence de l&rsquo;Ambassadeur du Tchad. La mission de la CONEREC est dirige\u0301e par Abdallah Chidi Djorkodei\u0308 Chef mission pour le Canada.<\/p>\n<p><img loading=\"lazy\" decoding=\"async\" width=\"417\" height=\"591\" class=\"alignnone wp-image-52354 size-full\" src=\"https:\/\/static.africa-press.net\/tchad\/sites\/41\/2023\/10\/sm_1697381007.351999.jpg\" srcset=\"https:\/\/static.africa-press.net\/tchad\/sites\/41\/2023\/10\/sm_1697381007.351999.jpg 417w, https:\/\/static.africa-press.net\/tchad\/sites\/41\/2023\/10\/sm_1697381007.351999-212x300.jpg 212w\" sizes=\"auto, (max-width: 417px) 100vw, 417px\" \/><\/p>\n<p><strong>Pour plus d&rsquo;informations et d&rsquo;analyses sur la <a href=\"https:\/\/www.africa-press.net\/tchad\">Tchad<\/a>, suivez <a href=\"https:\/\/www.africa-press.net\/\">Africa-Press<\/a><\/strong><\/p>\n","protected":false},"excerpt":{"rendered":"<p>Africa-Press &#8211; Tchad. Le lancement officiel des ope\u0301rations de re\u0301vision du fichier e\u0301lectoral des tchadiens vivant au Canada s&rsquo;est de\u0301roule\u0301 ce vendredi 13 octobre en pre\u0301sence de l&rsquo;Ambassadeur du Tchad. La mission de la CONEREC est dirige\u0301e par Abdallah Chidi Djorkodei\u0308 Chef mission pour le Canada. Pour plus d&rsquo;informations et d&rsquo;analyses sur la Tchad, suivez [&hellip;]<\/p>\n","protected":false},"author":82,"featured_media":52356,"comment_status":"open","ping_status":"closed","sticky":false,"template":"","format":"standard","meta":{"footnotes":""},"categories":[2,10],"tags":[37,292,29],"class_list":["post-52357","post","type-post","status-publish","format-standard","has-post-thumbnail","hentry","category-politique","category-toutes-les-actualites","tag-africa-press","tag-africa-press-tchad","tag-tchad"],"yoast_head":"<!-- This site is optimized with the Yoast SEO Premium plugin v26.1 (Yoast SEO v27.0) - https:\/\/yoast.com\/product\/yoast-seo-premium-wordpress\/ -->\n<title>Lancement officiel des op\u00e9rations de r\u00e9vision du fichier \u00e9lectoral des Tchadiens vivants au Canada - tchad<\/title>\n<meta name=\"description\" content=\"Le lancement officiel des ope\u0301rations de re\u0301vision du fichier e\u0301lectoral des tchadiens vivant au Canada s&#039;est de\u0301roule\u0301 ...\" \/>\n<meta name=\"robots\" content=\"index, follow, max-snippet:-1, max-image-preview:large, max-video-preview:-1\" \/>\n<link rel=\"canonical\" href=\"https:\/\/www.africa-press.net\/tchad\/politique\/lancement-officiel-des-operations-de-revision-du-fichier-electoral-des-tchadiens-vivants-au-canada\" \/>\n<meta property=\"og:locale\" content=\"fr_FR\" \/>\n<meta property=\"og:type\" content=\"article\" \/>\n<meta property=\"og:title\" content=\"Lancement officiel des op\u00e9rations de r\u00e9vision du fichier \u00e9lectoral des Tchadiens vivants au Canada\" \/>\n<meta property=\"og:description\" content=\"Le lancement officiel des ope\u0301rations de re\u0301vision du fichier e\u0301lectoral des tchadiens vivant au Canada s&#039;est de\u0301roule\u0301 ...\" \/>\n<meta property=\"og:url\" content=\"https:\/\/www.africa-press.net\/tchad\/politique\/lancement-officiel-des-operations-de-revision-du-fichier-electoral-des-tchadiens-vivants-au-canada\" \/>\n<meta property=\"og:site_name\" content=\"tchad\" \/>\n<meta property=\"article:published_time\" content=\"2023-10-15T18:08:54+00:00\" \/>\n<meta property=\"article:modified_time\" content=\"2023-10-15T18:14:02+00:00\" \/>\n<meta property=\"og:image\" content=\"https:\/\/static.africa-press.net\/tchad\/sites\/41\/2023\/10\/sm_1697381016.828206.jpg\" \/>\n\t<meta property=\"og:image:width\" content=\"720\" \/>\n\t<meta property=\"og:image:height\" content=\"540\" \/>\n\t<meta property=\"og:image:type\" content=\"image\/jpeg\" \/>\n<meta name=\"author\" content=\"cfeditorfr\" \/>\n<meta name=\"twitter:card\" content=\"summary_large_image\" \/>\n<meta name=\"twitter:label1\" content=\"\u00c9crit par\" \/>\n\t<meta name=\"twitter:data1\" content=\"cfeditorfr\" \/>\n\t<meta name=\"twitter:label2\" content=\"Dur\u00e9e de lecture estim\u00e9e\" \/>\n\t<meta name=\"twitter:data2\" content=\"1 minute\" \/>\n<script type=\"application\/ld+json\" class=\"yoast-schema-graph\">{\"@context\":\"https:\/\/schema.org\",\"@graph\":[{\"@type\":\"Article\",\"@id\":\"https:\/\/www.africa-press.net\/tchad\/politique\/lancement-officiel-des-operations-de-revision-du-fichier-electoral-des-tchadiens-vivants-au-canada#article\",\"isPartOf\":{\"@id\":\"https:\/\/www.africa-press.net\/tchad\/politique\/lancement-officiel-des-operations-de-revision-du-fichier-electoral-des-tchadiens-vivants-au-canada\"},\"author\":{\"name\":\"cfeditorfr\",\"@id\":\"https:\/\/www.africa-press.net\/tchad\/#\/schema\/person\/2b1cf3cd81a31e3cd26889ca66d677f1\"},\"headline\":\"Lancement officiel des op\u00e9rations de r\u00e9vision du fichier \u00e9lectoral des Tchadiens vivants au Canada\",\"datePublished\":\"2023-10-15T18:08:54+00:00\",\"dateModified\":\"2023-10-15T18:14:02+00:00\",\"mainEntityOfPage\":{\"@id\":\"https:\/\/www.africa-press.net\/tchad\/politique\/lancement-officiel-des-operations-de-revision-du-fichier-electoral-des-tchadiens-vivants-au-canada\"},\"wordCount\":81,\"commentCount\":0,\"image\":{\"@id\":\"https:\/\/www.africa-press.net\/tchad\/politique\/lancement-officiel-des-operations-de-revision-du-fichier-electoral-des-tchadiens-vivants-au-canada#primaryimage\"},\"thumbnailUrl\":\"https:\/\/static.africa-press.net\/tchad\/sites\/41\/2023\/10\/sm_1697381016.828206.jpg\",\"keywords\":[\"Africa Press\",\"Africa Press-Tchad\",\"Tchad\"],\"articleSection\":[\"Politique\",\"Toutes les actualit\u00e9s\"],\"inLanguage\":\"fr-FR\",\"potentialAction\":[{\"@type\":\"CommentAction\",\"name\":\"Comment\",\"target\":[\"https:\/\/www.africa-press.net\/tchad\/politique\/lancement-officiel-des-operations-de-revision-du-fichier-electoral-des-tchadiens-vivants-au-canada#respond\"]}]},{\"@type\":\"WebPage\",\"@id\":\"https:\/\/www.africa-press.net\/tchad\/politique\/lancement-officiel-des-operations-de-revision-du-fichier-electoral-des-tchadiens-vivants-au-canada\",\"url\":\"https:\/\/www.africa-press.net\/tchad\/politique\/lancement-officiel-des-operations-de-revision-du-fichier-electoral-des-tchadiens-vivants-au-canada\",\"name\":\"Lancement officiel des op\u00e9rations de r\u00e9vision du fichier \u00e9lectoral des Tchadiens vivants au Canada - tchad\",\"isPartOf\":{\"@id\":\"https:\/\/www.africa-press.net\/tchad\/#website\"},\"primaryImageOfPage\":{\"@id\":\"https:\/\/www.africa-press.net\/tchad\/politique\/lancement-officiel-des-operations-de-revision-du-fichier-electoral-des-tchadiens-vivants-au-canada#primaryimage\"},\"image\":{\"@id\":\"https:\/\/www.africa-press.net\/tchad\/politique\/lancement-officiel-des-operations-de-revision-du-fichier-electoral-des-tchadiens-vivants-au-canada#primaryimage\"},\"thumbnailUrl\":\"https:\/\/static.africa-press.net\/tchad\/sites\/41\/2023\/10\/sm_1697381016.828206.jpg\",\"datePublished\":\"2023-10-15T18:08:54+00:00\",\"dateModified\":\"2023-10-15T18:14:02+00:00\",\"author\":{\"@id\":\"https:\/\/www.africa-press.net\/tchad\/#\/schema\/person\/2b1cf3cd81a31e3cd26889ca66d677f1\"},\"description\":\"Le lancement officiel des ope\u0301rations de re\u0301vision du fichier e\u0301lectoral des tchadiens vivant au Canada s'est de\u0301roule\u0301 ...\",\"breadcrumb\":{\"@id\":\"https:\/\/www.africa-press.net\/tchad\/politique\/lancement-officiel-des-operations-de-revision-du-fichier-electoral-des-tchadiens-vivants-au-canada#breadcrumb\"},\"inLanguage\":\"fr-FR\",\"potentialAction\":[{\"@type\":\"ReadAction\",\"target\":[\"https:\/\/www.africa-press.net\/tchad\/politique\/lancement-officiel-des-operations-de-revision-du-fichier-electoral-des-tchadiens-vivants-au-canada\"]}]},{\"@type\":\"ImageObject\",\"inLanguage\":\"fr-FR\",\"@id\":\"https:\/\/www.africa-press.net\/tchad\/politique\/lancement-officiel-des-operations-de-revision-du-fichier-electoral-des-tchadiens-vivants-au-canada#primaryimage\",\"url\":\"https:\/\/static.africa-press.net\/tchad\/sites\/41\/2023\/10\/sm_1697381016.828206.jpg\",\"contentUrl\":\"https:\/\/static.africa-press.net\/tchad\/sites\/41\/2023\/10\/sm_1697381016.828206.jpg\",\"width\":720,\"height\":540,\"caption\":\"Lancement officiel des op\u00e9rations de r\u00e9vision du fichier \u00e9lectoral des Tchadiens vivants au Canada\"},{\"@type\":\"BreadcrumbList\",\"@id\":\"https:\/\/www.africa-press.net\/tchad\/politique\/lancement-officiel-des-operations-de-revision-du-fichier-electoral-des-tchadiens-vivants-au-canada#breadcrumb\",\"itemListElement\":[{\"@type\":\"ListItem\",\"position\":1,\"name\":\"Accueil\",\"item\":\"https:\/\/www.africa-press.net\/tchad\/\"},{\"@type\":\"ListItem\",\"position\":2,\"name\":\"Lancement officiel des op\u00e9rations de r\u00e9vision du fichier \u00e9lectoral des Tchadiens vivants au Canada\"}]},{\"@type\":\"WebSite\",\"@id\":\"https:\/\/www.africa-press.net\/tchad\/#website\",\"url\":\"https:\/\/www.africa-press.net\/tchad\/\",\"name\":\"tchad\",\"description\":\"Just another Africa News Agency Sites site\",\"potentialAction\":[{\"@type\":\"SearchAction\",\"target\":{\"@type\":\"EntryPoint\",\"urlTemplate\":\"https:\/\/www.africa-press.net\/tchad\/?s={search_term_string}\"},\"query-input\":{\"@type\":\"PropertyValueSpecification\",\"valueRequired\":true,\"valueName\":\"search_term_string\"}}],\"inLanguage\":\"fr-FR\"},{\"@type\":\"Person\",\"@id\":\"https:\/\/www.africa-press.net\/tchad\/#\/schema\/person\/2b1cf3cd81a31e3cd26889ca66d677f1\",\"name\":\"cfeditorfr\"}]}<\/script>\n<!-- \/ Yoast SEO Premium plugin. -->","yoast_head_json":{"title":"Lancement officiel des op\u00e9rations de r\u00e9vision du fichier \u00e9lectoral des Tchadiens vivants au Canada - tchad","description":"Le lancement officiel des ope\u0301rations de re\u0301vision du fichier e\u0301lectoral des tchadiens vivant au Canada s'est de\u0301roule\u0301 ...","robots":{"index":"index","follow":"follow","max-snippet":"max-snippet:-1","max-image-preview":"max-image-preview:large","max-video-preview":"max-video-preview:-1"},"canonical":"https:\/\/www.africa-press.net\/tchad\/politique\/lancement-officiel-des-operations-de-revision-du-fichier-electoral-des-tchadiens-vivants-au-canada","og_locale":"fr_FR","og_type":"article","og_title":"Lancement officiel des op\u00e9rations de r\u00e9vision du fichier \u00e9lectoral des Tchadiens vivants au Canada","og_description":"Le lancement officiel des ope\u0301rations de re\u0301vision du fichier e\u0301lectoral des tchadiens vivant au Canada s'est de\u0301roule\u0301 ...","og_url":"https:\/\/www.africa-press.net\/tchad\/politique\/lancement-officiel-des-operations-de-revision-du-fichier-electoral-des-tchadiens-vivants-au-canada","og_site_name":"tchad","article_published_time":"2023-10-15T18:08:54+00:00","article_modified_time":"2023-10-15T18:14:02+00:00","og_image":[{"width":720,"height":540,"url":"https:\/\/static.africa-press.net\/tchad\/sites\/41\/2023\/10\/sm_1697381016.828206.jpg","type":"image\/jpeg"}],"author":"cfeditorfr","twitter_card":"summary_large_image","twitter_misc":{"\u00c9crit par":"cfeditorfr","Dur\u00e9e de lecture estim\u00e9e":"1 minute"},"schema":{"@context":"https:\/\/schema.org","@graph":[{"@type":"Article","@id":"https:\/\/www.africa-press.net\/tchad\/politique\/lancement-officiel-des-operations-de-revision-du-fichier-electoral-des-tchadiens-vivants-au-canada#article","isPartOf":{"@id":"https:\/\/www.africa-press.net\/tchad\/politique\/lancement-officiel-des-operations-de-revision-du-fichier-electoral-des-tchadiens-vivants-au-canada"},"author":{"name":"cfeditorfr","@id":"https:\/\/www.africa-press.net\/tchad\/#\/schema\/person\/2b1cf3cd81a31e3cd26889ca66d677f1"},"headline":"Lancement officiel des op\u00e9rations de r\u00e9vision du fichier \u00e9lectoral des Tchadiens vivants au Canada","datePublished":"2023-10-15T18:08:54+00:00","dateModified":"2023-10-15T18:14:02+00:00","mainEntityOfPage":{"@id":"https:\/\/www.africa-press.net\/tchad\/politique\/lancement-officiel-des-operations-de-revision-du-fichier-electoral-des-tchadiens-vivants-au-canada"},"wordCount":81,"commentCount":0,"image":{"@id":"https:\/\/www.africa-press.net\/tchad\/politique\/lancement-officiel-des-operations-de-revision-du-fichier-electoral-des-tchadiens-vivants-au-canada#primaryimage"},"thumbnailUrl":"https:\/\/static.africa-press.net\/tchad\/sites\/41\/2023\/10\/sm_1697381016.828206.jpg","keywords":["Africa Press","Africa Press-Tchad","Tchad"],"articleSection":["Politique","Toutes les actualit\u00e9s"],"inLanguage":"fr-FR","potentialAction":[{"@type":"CommentAction","name":"Comment","target":["https:\/\/www.africa-press.net\/tchad\/politique\/lancement-officiel-des-operations-de-revision-du-fichier-electoral-des-tchadiens-vivants-au-canada#respond"]}]},{"@type":"WebPage","@id":"https:\/\/www.africa-press.net\/tchad\/politique\/lancement-officiel-des-operations-de-revision-du-fichier-electoral-des-tchadiens-vivants-au-canada","url":"https:\/\/www.africa-press.net\/tchad\/politique\/lancement-officiel-des-operations-de-revision-du-fichier-electoral-des-tchadiens-vivants-au-canada","name":"Lancement officiel des op\u00e9rations de r\u00e9vision du fichier \u00e9lectoral des Tchadiens vivants au Canada - tchad","isPartOf":{"@id":"https:\/\/www.africa-press.net\/tchad\/#website"},"primaryImageOfPage":{"@id":"https:\/\/www.africa-press.net\/tchad\/politique\/lancement-officiel-des-operations-de-revision-du-fichier-electoral-des-tchadiens-vivants-au-canada#primaryimage"},"image":{"@id":"https:\/\/www.africa-press.net\/tchad\/politique\/lancement-officiel-des-operations-de-revision-du-fichier-electoral-des-tchadiens-vivants-au-canada#primaryimage"},"thumbnailUrl":"https:\/\/static.africa-press.net\/tchad\/sites\/41\/2023\/10\/sm_1697381016.828206.jpg","datePublished":"2023-10-15T18:08:54+00:00","dateModified":"2023-10-15T18:14:02+00:00","author":{"@id":"https:\/\/www.africa-press.net\/tchad\/#\/schema\/person\/2b1cf3cd81a31e3cd26889ca66d677f1"},"description":"Le lancement officiel des ope\u0301rations de re\u0301vision du fichier e\u0301lectoral des tchadiens vivant au Canada s'est de\u0301roule\u0301 ...","breadcrumb":{"@id":"https:\/\/www.africa-press.net\/tchad\/politique\/lancement-officiel-des-operations-de-revision-du-fichier-electoral-des-tchadiens-vivants-au-canada#breadcrumb"},"inLanguage":"fr-FR","potentialAction":[{"@type":"ReadAction","target":["https:\/\/www.africa-press.net\/tchad\/politique\/lancement-officiel-des-operations-de-revision-du-fichier-electoral-des-tchadiens-vivants-au-canada"]}]},{"@type":"ImageObject","inLanguage":"fr-FR","@id":"https:\/\/www.africa-press.net\/tchad\/politique\/lancement-officiel-des-operations-de-revision-du-fichier-electoral-des-tchadiens-vivants-au-canada#primaryimage","url":"https:\/\/static.africa-press.net\/tchad\/sites\/41\/2023\/10\/sm_1697381016.828206.jpg","contentUrl":"https:\/\/static.africa-press.net\/tchad\/sites\/41\/2023\/10\/sm_1697381016.828206.jpg","width":720,"height":540,"caption":"Lancement officiel des op\u00e9rations de r\u00e9vision du fichier \u00e9lectoral des Tchadiens vivants au Canada"},{"@type":"BreadcrumbList","@id":"https:\/\/www.africa-press.net\/tchad\/politique\/lancement-officiel-des-operations-de-revision-du-fichier-electoral-des-tchadiens-vivants-au-canada#breadcrumb","itemListElement":[{"@type":"ListItem","position":1,"name":"Accueil","item":"https:\/\/www.africa-press.net\/tchad\/"},{"@type":"ListItem","position":2,"name":"Lancement officiel des op\u00e9rations de r\u00e9vision du fichier \u00e9lectoral des Tchadiens vivants au Canada"}]},{"@type":"WebSite","@id":"https:\/\/www.africa-press.net\/tchad\/#website","url":"https:\/\/www.africa-press.net\/tchad\/","name":"tchad","description":"Just another Africa News Agency Sites site","potentialAction":[{"@type":"SearchAction","target":{"@type":"EntryPoint","urlTemplate":"https:\/\/www.africa-press.net\/tchad\/?s={search_term_string}"},"query-input":{"@type":"PropertyValueSpecification","valueRequired":true,"valueName":"search_term_string"}}],"inLanguage":"fr-FR"},{"@type":"Person","@id":"https:\/\/www.africa-press.net\/tchad\/#\/schema\/person\/2b1cf3cd81a31e3cd26889ca66d677f1","name":"cfeditorfr"}]}},"_links":{"self":[{"href":"https:\/\/www.africa-press.net\/tchad\/wp-json\/wp\/v2\/posts\/52357","targetHints":{"allow":["GET"]}}],"collection":[{"href":"https:\/\/www.africa-press.net\/tchad\/wp-json\/wp\/v2\/posts"}],"about":[{"href":"https:\/\/www.africa-press.net\/tchad\/wp-json\/wp\/v2\/types\/post"}],"author":[{"embeddable":true,"href":"https:\/\/www.africa-press.net\/tchad\/wp-json\/wp\/v2\/users\/82"}],"replies":[{"embeddable":true,"href":"https:\/\/www.africa-press.net\/tchad\/wp-json\/wp\/v2\/comments?post=52357"}],"version-history":[{"count":0,"href":"https:\/\/www.africa-press.net\/tchad\/wp-json\/wp\/v2\/posts\/52357\/revisions"}],"wp:featuredmedia":[{"embeddable":true,"href":"https:\/\/www.africa-press.net\/tchad\/wp-json\/wp\/v2\/media\/52356"}],"wp:attachment":[{"href":"https:\/\/www.africa-press.net\/tchad\/wp-json\/wp\/v2\/media?parent=52357"}],"wp:term":[{"taxonomy":"category","embeddable":true,"href":"https:\/\/www.africa-press.net\/tchad\/wp-json\/wp\/v2\/categories?post=52357"},{"taxonomy":"post_tag","embeddable":true,"href":"https:\/\/www.africa-press.net\/tchad\/wp-json\/wp\/v2\/tags?post=52357"}],"curies":[{"name":"wp","href":"https:\/\/api.w.org\/{rel}","templated":true}]}}