{"id":52360,"date":"2023-10-15T18:10:24","date_gmt":"2023-10-15T18:10:24","guid":{"rendered":"https:\/\/www.africa-press.net\/tchad\/politique\/le-ministre-de-la-prospective-economique-echange-avec-des-partenariats-internationaux-et-le-vice-president-de-lafrique-de-louest-et-lafrique-centrale-de-la-banque-mondiale"},"modified":"2023-10-15T18:14:37","modified_gmt":"2023-10-15T18:14:37","slug":"le-ministre-de-la-prospective-economique-echange-avec-des-partenariats-internationaux-et-le-vice-president-de-lafrique-de-louest-et-lafrique-centrale-de-la-banque-mondiale","status":"publish","type":"post","link":"https:\/\/www.africa-press.net\/tchad\/economie\/le-ministre-de-la-prospective-economique-echange-avec-des-partenariats-internationaux-et-le-vice-president-de-lafrique-de-louest-et-lafrique-centrale-de-la-banque-mondiale","title":{"rendered":"Le ministre de la prospective \u00e9conomique \u00e9change avec des partenariats internationaux et le vice-pr\u00e9sident de l\u2019Afrique de l\u2019Ouest et l\u2019Afrique centrale de la banque mondiale"},"content":{"rendered":"<p><span style=\"color: #ff6600\"><strong>Africa-Press &#8211; Tchad. <\/strong><\/span>Au Tchad, le ministre de la Prospective E\u0301conomique et des Partenariats Internationaux M. Moussa S. Batraki, a rencontre\u0301 M. Ousmane Diagana vice-pre\u0301sident Afrique de l\u2019Ouest et Afrique centrale de la Banque mondiale, a rapporte\u0301 son ministe\u0300re.<\/p>\n<p>Lors de ces e\u0301changes, ne nombreux sujets ont e\u0301te\u0301 aborde\u0301 notamment les progre\u0300s politiques dans le cadre de la pe\u0301riode de transition au Tchad et les progre\u0300s en termes de croissance e\u0301conomique et de diversification.<\/p>\n<p>Un point de\u0301taille\u0301 sur crise politique au Soudan et l\u2019afflux des re\u0301fugie\u0301s soudanais au Tchad a e\u0301te\u0301 fait et on a revu la situation politique et se\u0301curitaire dans la sous-re\u0301gion.<\/p>\n<p>Un aperc\u0327u des projets en cours de mise en \u0153uvre au Tchad, une mise en avant de la ne\u0301cessite\u0301 d\u2019une coordination e\u0301troite avec la Banque Mondiale et d&rsquo;autres partenaires pour maximiser l&rsquo;efficacite\u0301 des projets et des re\u0301formes ont e\u0301te\u0301 aussi discute\u0301<\/p>\n<p>A a\u0300 la fin un appel a\u0300 un soutien continu de la Banque Mondiale pour les initiatives et les re\u0301formes en cours et a\u0300 venir, en mettant en e\u0301vidence la valeur ajoute\u0301e de ce partenariat pour le Tchad a e\u0301te\u0301 fait.<\/p>\n<p><strong>Pour plus d&rsquo;informations et d&rsquo;analyses sur la <a href=\"https:\/\/www.africa-press.net\/tchad\">Tchad<\/a>, suivez <a href=\"https:\/\/www.africa-press.net\/\">Africa-Press<\/a><\/strong><\/p>\n","protected":false},"excerpt":{"rendered":"<p>Africa-Press &#8211; Tchad. Au Tchad, le ministre de la Prospective E\u0301conomique et des Partenariats Internationaux M. Moussa S. Batraki, a rencontre\u0301 M. Ousmane Diagana vice-pre\u0301sident Afrique de l\u2019Ouest et Afrique centrale de la Banque mondiale, a rapporte\u0301 son ministe\u0300re. Lors de ces e\u0301changes, ne nombreux sujets ont e\u0301te\u0301 aborde\u0301 notamment les progre\u0300s politiques dans le [&hellip;]<\/p>\n","protected":false},"author":82,"featured_media":52358,"comment_status":"open","ping_status":"closed","sticky":false,"template":"","format":"standard","meta":{"footnotes":""},"categories":[3,20,10],"tags":[37,292,29],"class_list":["post-52360","post","type-post","status-publish","format-standard","has-post-thumbnail","hentry","category-economie","category-top-nouvelles","category-toutes-les-actualites","tag-africa-press","tag-africa-press-tchad","tag-tchad"],"yoast_head":"<!-- This site is optimized with the Yoast SEO Premium plugin v26.1 (Yoast SEO v27.0) - https:\/\/yoast.com\/product\/yoast-seo-premium-wordpress\/ -->\n<title>Le ministre de la prospective \u00e9conomique \u00e9change avec des partenariats internationaux et le vice-pr\u00e9sident de l\u2019Afrique de l\u2019Ouest et l\u2019Afrique centrale de la banque mondiale - tchad<\/title>\n<meta name=\"description\" content=\"Au Tchad, le ministre de la Prospective E\u0301conomique et des Partenariats Internationaux M. Moussa S. Batraki, a rencontre ...\" \/>\n<meta name=\"robots\" content=\"index, follow, max-snippet:-1, max-image-preview:large, max-video-preview:-1\" \/>\n<link rel=\"canonical\" href=\"https:\/\/www.africa-press.net\/tchad\/economie\/le-ministre-de-la-prospective-economique-echange-avec-des-partenariats-internationaux-et-le-vice-president-de-lafrique-de-louest-et-lafrique-centrale-de-la-banque-mondiale\" \/>\n<meta property=\"og:locale\" content=\"fr_FR\" \/>\n<meta property=\"og:type\" content=\"article\" \/>\n<meta property=\"og:title\" content=\"Le ministre de la prospective \u00e9conomique \u00e9change avec des partenariats internationaux et le vice-pr\u00e9sident de l\u2019Afrique de l\u2019Ouest et l\u2019Afrique centrale de la banque mondiale\" \/>\n<meta property=\"og:description\" content=\"Au Tchad, le ministre de la Prospective E\u0301conomique et des Partenariats Internationaux M. Moussa S. Batraki, a rencontre ...\" \/>\n<meta property=\"og:url\" content=\"https:\/\/www.africa-press.net\/tchad\/economie\/le-ministre-de-la-prospective-economique-echange-avec-des-partenariats-internationaux-et-le-vice-president-de-lafrique-de-louest-et-lafrique-centrale-de-la-banque-mondiale\" \/>\n<meta property=\"og:site_name\" content=\"tchad\" \/>\n<meta property=\"article:published_time\" content=\"2023-10-15T18:10:24+00:00\" \/>\n<meta property=\"article:modified_time\" content=\"2023-10-15T18:14:37+00:00\" \/>\n<meta property=\"og:image\" content=\"https:\/\/static.africa-press.net\/tchad\/sites\/41\/2023\/10\/sm_1697381035.186792.jpg\" \/>\n\t<meta property=\"og:image:width\" content=\"1920\" \/>\n\t<meta property=\"og:image:height\" content=\"1080\" \/>\n\t<meta property=\"og:image:type\" content=\"image\/jpeg\" \/>\n<meta name=\"author\" content=\"cfeditorfr\" \/>\n<meta name=\"twitter:card\" content=\"summary_large_image\" \/>\n<meta name=\"twitter:label1\" content=\"\u00c9crit par\" \/>\n\t<meta name=\"twitter:data1\" content=\"cfeditorfr\" \/>\n\t<meta name=\"twitter:label2\" content=\"Dur\u00e9e de lecture estim\u00e9e\" \/>\n\t<meta name=\"twitter:data2\" content=\"1 minute\" \/>\n<script type=\"application\/ld+json\" class=\"yoast-schema-graph\">{\"@context\":\"https:\/\/schema.org\",\"@graph\":[{\"@type\":\"Article\",\"@id\":\"https:\/\/www.africa-press.net\/tchad\/economie\/le-ministre-de-la-prospective-economique-echange-avec-des-partenariats-internationaux-et-le-vice-president-de-lafrique-de-louest-et-lafrique-centrale-de-la-banque-mondiale#article\",\"isPartOf\":{\"@id\":\"https:\/\/www.africa-press.net\/tchad\/economie\/le-ministre-de-la-prospective-economique-echange-avec-des-partenariats-internationaux-et-le-vice-president-de-lafrique-de-louest-et-lafrique-centrale-de-la-banque-mondiale\"},\"author\":{\"name\":\"cfeditorfr\",\"@id\":\"https:\/\/www.africa-press.net\/tchad\/#\/schema\/person\/2b1cf3cd81a31e3cd26889ca66d677f1\"},\"headline\":\"Le ministre de la prospective \u00e9conomique \u00e9change avec des partenariats internationaux et le vice-pr\u00e9sident de l\u2019Afrique de l\u2019Ouest et l\u2019Afrique centrale de la banque mondiale\",\"datePublished\":\"2023-10-15T18:10:24+00:00\",\"dateModified\":\"2023-10-15T18:14:37+00:00\",\"mainEntityOfPage\":{\"@id\":\"https:\/\/www.africa-press.net\/tchad\/economie\/le-ministre-de-la-prospective-economique-echange-avec-des-partenariats-internationaux-et-le-vice-president-de-lafrique-de-louest-et-lafrique-centrale-de-la-banque-mondiale\"},\"wordCount\":256,\"commentCount\":0,\"image\":{\"@id\":\"https:\/\/www.africa-press.net\/tchad\/economie\/le-ministre-de-la-prospective-economique-echange-avec-des-partenariats-internationaux-et-le-vice-president-de-lafrique-de-louest-et-lafrique-centrale-de-la-banque-mondiale#primaryimage\"},\"thumbnailUrl\":\"https:\/\/static.africa-press.net\/tchad\/sites\/41\/2023\/10\/sm_1697381035.186792.jpg\",\"keywords\":[\"Africa Press\",\"Africa Press-Tchad\",\"Tchad\"],\"articleSection\":[\"\u00c9conomie\",\"Top Nouvelles\",\"Toutes les actualit\u00e9s\"],\"inLanguage\":\"fr-FR\",\"potentialAction\":[{\"@type\":\"CommentAction\",\"name\":\"Comment\",\"target\":[\"https:\/\/www.africa-press.net\/tchad\/economie\/le-ministre-de-la-prospective-economique-echange-avec-des-partenariats-internationaux-et-le-vice-president-de-lafrique-de-louest-et-lafrique-centrale-de-la-banque-mondiale#respond\"]}]},{\"@type\":\"WebPage\",\"@id\":\"https:\/\/www.africa-press.net\/tchad\/economie\/le-ministre-de-la-prospective-economique-echange-avec-des-partenariats-internationaux-et-le-vice-president-de-lafrique-de-louest-et-lafrique-centrale-de-la-banque-mondiale\",\"url\":\"https:\/\/www.africa-press.net\/tchad\/economie\/le-ministre-de-la-prospective-economique-echange-avec-des-partenariats-internationaux-et-le-vice-president-de-lafrique-de-louest-et-lafrique-centrale-de-la-banque-mondiale\",\"name\":\"Le ministre de la prospective \u00e9conomique \u00e9change avec des partenariats internationaux et le vice-pr\u00e9sident de l\u2019Afrique de l\u2019Ouest et l\u2019Afrique centrale de la banque mondiale - tchad\",\"isPartOf\":{\"@id\":\"https:\/\/www.africa-press.net\/tchad\/#website\"},\"primaryImageOfPage\":{\"@id\":\"https:\/\/www.africa-press.net\/tchad\/economie\/le-ministre-de-la-prospective-economique-echange-avec-des-partenariats-internationaux-et-le-vice-president-de-lafrique-de-louest-et-lafrique-centrale-de-la-banque-mondiale#primaryimage\"},\"image\":{\"@id\":\"https:\/\/www.africa-press.net\/tchad\/economie\/le-ministre-de-la-prospective-economique-echange-avec-des-partenariats-internationaux-et-le-vice-president-de-lafrique-de-louest-et-lafrique-centrale-de-la-banque-mondiale#primaryimage\"},\"thumbnailUrl\":\"https:\/\/static.africa-press.net\/tchad\/sites\/41\/2023\/10\/sm_1697381035.186792.jpg\",\"datePublished\":\"2023-10-15T18:10:24+00:00\",\"dateModified\":\"2023-10-15T18:14:37+00:00\",\"author\":{\"@id\":\"https:\/\/www.africa-press.net\/tchad\/#\/schema\/person\/2b1cf3cd81a31e3cd26889ca66d677f1\"},\"description\":\"Au Tchad, le ministre de la Prospective E\u0301conomique et des Partenariats Internationaux M. Moussa S. Batraki, a rencontre ...\",\"breadcrumb\":{\"@id\":\"https:\/\/www.africa-press.net\/tchad\/economie\/le-ministre-de-la-prospective-economique-echange-avec-des-partenariats-internationaux-et-le-vice-president-de-lafrique-de-louest-et-lafrique-centrale-de-la-banque-mondiale#breadcrumb\"},\"inLanguage\":\"fr-FR\",\"potentialAction\":[{\"@type\":\"ReadAction\",\"target\":[\"https:\/\/www.africa-press.net\/tchad\/economie\/le-ministre-de-la-prospective-economique-echange-avec-des-partenariats-internationaux-et-le-vice-president-de-lafrique-de-louest-et-lafrique-centrale-de-la-banque-mondiale\"]}]},{\"@type\":\"ImageObject\",\"inLanguage\":\"fr-FR\",\"@id\":\"https:\/\/www.africa-press.net\/tchad\/economie\/le-ministre-de-la-prospective-economique-echange-avec-des-partenariats-internationaux-et-le-vice-president-de-lafrique-de-louest-et-lafrique-centrale-de-la-banque-mondiale#primaryimage\",\"url\":\"https:\/\/static.africa-press.net\/tchad\/sites\/41\/2023\/10\/sm_1697381035.186792.jpg\",\"contentUrl\":\"https:\/\/static.africa-press.net\/tchad\/sites\/41\/2023\/10\/sm_1697381035.186792.jpg\",\"width\":1920,\"height\":1080,\"caption\":\"Le ministre de la prospective \u00e9conomique \u00e9change avec des partenariats internationaux et le vice-pr\u00e9sident de l\u2019Afrique de l\u2019Ouest et l\u2019Afrique centrale de la banque mondiale\"},{\"@type\":\"BreadcrumbList\",\"@id\":\"https:\/\/www.africa-press.net\/tchad\/economie\/le-ministre-de-la-prospective-economique-echange-avec-des-partenariats-internationaux-et-le-vice-president-de-lafrique-de-louest-et-lafrique-centrale-de-la-banque-mondiale#breadcrumb\",\"itemListElement\":[{\"@type\":\"ListItem\",\"position\":1,\"name\":\"Accueil\",\"item\":\"https:\/\/www.africa-press.net\/tchad\/\"},{\"@type\":\"ListItem\",\"position\":2,\"name\":\"Le ministre de la prospective \u00e9conomique \u00e9change avec des partenariats internationaux et le vice-pr\u00e9sident de l\u2019Afrique de l\u2019Ouest et l\u2019Afrique centrale de la banque mondiale\"}]},{\"@type\":\"WebSite\",\"@id\":\"https:\/\/www.africa-press.net\/tchad\/#website\",\"url\":\"https:\/\/www.africa-press.net\/tchad\/\",\"name\":\"tchad\",\"description\":\"Just another Africa News Agency Sites site\",\"potentialAction\":[{\"@type\":\"SearchAction\",\"target\":{\"@type\":\"EntryPoint\",\"urlTemplate\":\"https:\/\/www.africa-press.net\/tchad\/?s={search_term_string}\"},\"query-input\":{\"@type\":\"PropertyValueSpecification\",\"valueRequired\":true,\"valueName\":\"search_term_string\"}}],\"inLanguage\":\"fr-FR\"},{\"@type\":\"Person\",\"@id\":\"https:\/\/www.africa-press.net\/tchad\/#\/schema\/person\/2b1cf3cd81a31e3cd26889ca66d677f1\",\"name\":\"cfeditorfr\"}]}<\/script>\n<!-- \/ Yoast SEO Premium plugin. -->","yoast_head_json":{"title":"Le ministre de la prospective \u00e9conomique \u00e9change avec des partenariats internationaux et le vice-pr\u00e9sident de l\u2019Afrique de l\u2019Ouest et l\u2019Afrique centrale de la banque mondiale - tchad","description":"Au Tchad, le ministre de la Prospective E\u0301conomique et des Partenariats Internationaux M. Moussa S. Batraki, a rencontre ...","robots":{"index":"index","follow":"follow","max-snippet":"max-snippet:-1","max-image-preview":"max-image-preview:large","max-video-preview":"max-video-preview:-1"},"canonical":"https:\/\/www.africa-press.net\/tchad\/economie\/le-ministre-de-la-prospective-economique-echange-avec-des-partenariats-internationaux-et-le-vice-president-de-lafrique-de-louest-et-lafrique-centrale-de-la-banque-mondiale","og_locale":"fr_FR","og_type":"article","og_title":"Le ministre de la prospective \u00e9conomique \u00e9change avec des partenariats internationaux et le vice-pr\u00e9sident de l\u2019Afrique de l\u2019Ouest et l\u2019Afrique centrale de la banque mondiale","og_description":"Au Tchad, le ministre de la Prospective E\u0301conomique et des Partenariats Internationaux M. Moussa S. Batraki, a rencontre ...","og_url":"https:\/\/www.africa-press.net\/tchad\/economie\/le-ministre-de-la-prospective-economique-echange-avec-des-partenariats-internationaux-et-le-vice-president-de-lafrique-de-louest-et-lafrique-centrale-de-la-banque-mondiale","og_site_name":"tchad","article_published_time":"2023-10-15T18:10:24+00:00","article_modified_time":"2023-10-15T18:14:37+00:00","og_image":[{"width":1920,"height":1080,"url":"https:\/\/static.africa-press.net\/tchad\/sites\/41\/2023\/10\/sm_1697381035.186792.jpg","type":"image\/jpeg"}],"author":"cfeditorfr","twitter_card":"summary_large_image","twitter_misc":{"\u00c9crit par":"cfeditorfr","Dur\u00e9e de lecture estim\u00e9e":"1 minute"},"schema":{"@context":"https:\/\/schema.org","@graph":[{"@type":"Article","@id":"https:\/\/www.africa-press.net\/tchad\/economie\/le-ministre-de-la-prospective-economique-echange-avec-des-partenariats-internationaux-et-le-vice-president-de-lafrique-de-louest-et-lafrique-centrale-de-la-banque-mondiale#article","isPartOf":{"@id":"https:\/\/www.africa-press.net\/tchad\/economie\/le-ministre-de-la-prospective-economique-echange-avec-des-partenariats-internationaux-et-le-vice-president-de-lafrique-de-louest-et-lafrique-centrale-de-la-banque-mondiale"},"author":{"name":"cfeditorfr","@id":"https:\/\/www.africa-press.net\/tchad\/#\/schema\/person\/2b1cf3cd81a31e3cd26889ca66d677f1"},"headline":"Le ministre de la prospective \u00e9conomique \u00e9change avec des partenariats internationaux et le vice-pr\u00e9sident de l\u2019Afrique de l\u2019Ouest et l\u2019Afrique centrale de la banque mondiale","datePublished":"2023-10-15T18:10:24+00:00","dateModified":"2023-10-15T18:14:37+00:00","mainEntityOfPage":{"@id":"https:\/\/www.africa-press.net\/tchad\/economie\/le-ministre-de-la-prospective-economique-echange-avec-des-partenariats-internationaux-et-le-vice-president-de-lafrique-de-louest-et-lafrique-centrale-de-la-banque-mondiale"},"wordCount":256,"commentCount":0,"image":{"@id":"https:\/\/www.africa-press.net\/tchad\/economie\/le-ministre-de-la-prospective-economique-echange-avec-des-partenariats-internationaux-et-le-vice-president-de-lafrique-de-louest-et-lafrique-centrale-de-la-banque-mondiale#primaryimage"},"thumbnailUrl":"https:\/\/static.africa-press.net\/tchad\/sites\/41\/2023\/10\/sm_1697381035.186792.jpg","keywords":["Africa Press","Africa Press-Tchad","Tchad"],"articleSection":["\u00c9conomie","Top Nouvelles","Toutes les actualit\u00e9s"],"inLanguage":"fr-FR","potentialAction":[{"@type":"CommentAction","name":"Comment","target":["https:\/\/www.africa-press.net\/tchad\/economie\/le-ministre-de-la-prospective-economique-echange-avec-des-partenariats-internationaux-et-le-vice-president-de-lafrique-de-louest-et-lafrique-centrale-de-la-banque-mondiale#respond"]}]},{"@type":"WebPage","@id":"https:\/\/www.africa-press.net\/tchad\/economie\/le-ministre-de-la-prospective-economique-echange-avec-des-partenariats-internationaux-et-le-vice-president-de-lafrique-de-louest-et-lafrique-centrale-de-la-banque-mondiale","url":"https:\/\/www.africa-press.net\/tchad\/economie\/le-ministre-de-la-prospective-economique-echange-avec-des-partenariats-internationaux-et-le-vice-president-de-lafrique-de-louest-et-lafrique-centrale-de-la-banque-mondiale","name":"Le ministre de la prospective \u00e9conomique \u00e9change avec des partenariats internationaux et le vice-pr\u00e9sident de l\u2019Afrique de l\u2019Ouest et l\u2019Afrique centrale de la banque mondiale - tchad","isPartOf":{"@id":"https:\/\/www.africa-press.net\/tchad\/#website"},"primaryImageOfPage":{"@id":"https:\/\/www.africa-press.net\/tchad\/economie\/le-ministre-de-la-prospective-economique-echange-avec-des-partenariats-internationaux-et-le-vice-president-de-lafrique-de-louest-et-lafrique-centrale-de-la-banque-mondiale#primaryimage"},"image":{"@id":"https:\/\/www.africa-press.net\/tchad\/economie\/le-ministre-de-la-prospective-economique-echange-avec-des-partenariats-internationaux-et-le-vice-president-de-lafrique-de-louest-et-lafrique-centrale-de-la-banque-mondiale#primaryimage"},"thumbnailUrl":"https:\/\/static.africa-press.net\/tchad\/sites\/41\/2023\/10\/sm_1697381035.186792.jpg","datePublished":"2023-10-15T18:10:24+00:00","dateModified":"2023-10-15T18:14:37+00:00","author":{"@id":"https:\/\/www.africa-press.net\/tchad\/#\/schema\/person\/2b1cf3cd81a31e3cd26889ca66d677f1"},"description":"Au Tchad, le ministre de la Prospective E\u0301conomique et des Partenariats Internationaux M. Moussa S. Batraki, a rencontre ...","breadcrumb":{"@id":"https:\/\/www.africa-press.net\/tchad\/economie\/le-ministre-de-la-prospective-economique-echange-avec-des-partenariats-internationaux-et-le-vice-president-de-lafrique-de-louest-et-lafrique-centrale-de-la-banque-mondiale#breadcrumb"},"inLanguage":"fr-FR","potentialAction":[{"@type":"ReadAction","target":["https:\/\/www.africa-press.net\/tchad\/economie\/le-ministre-de-la-prospective-economique-echange-avec-des-partenariats-internationaux-et-le-vice-president-de-lafrique-de-louest-et-lafrique-centrale-de-la-banque-mondiale"]}]},{"@type":"ImageObject","inLanguage":"fr-FR","@id":"https:\/\/www.africa-press.net\/tchad\/economie\/le-ministre-de-la-prospective-economique-echange-avec-des-partenariats-internationaux-et-le-vice-president-de-lafrique-de-louest-et-lafrique-centrale-de-la-banque-mondiale#primaryimage","url":"https:\/\/static.africa-press.net\/tchad\/sites\/41\/2023\/10\/sm_1697381035.186792.jpg","contentUrl":"https:\/\/static.africa-press.net\/tchad\/sites\/41\/2023\/10\/sm_1697381035.186792.jpg","width":1920,"height":1080,"caption":"Le ministre de la prospective \u00e9conomique \u00e9change avec des partenariats internationaux et le vice-pr\u00e9sident de l\u2019Afrique de l\u2019Ouest et l\u2019Afrique centrale de la banque mondiale"},{"@type":"BreadcrumbList","@id":"https:\/\/www.africa-press.net\/tchad\/economie\/le-ministre-de-la-prospective-economique-echange-avec-des-partenariats-internationaux-et-le-vice-president-de-lafrique-de-louest-et-lafrique-centrale-de-la-banque-mondiale#breadcrumb","itemListElement":[{"@type":"ListItem","position":1,"name":"Accueil","item":"https:\/\/www.africa-press.net\/tchad\/"},{"@type":"ListItem","position":2,"name":"Le ministre de la prospective \u00e9conomique \u00e9change avec des partenariats internationaux et le vice-pr\u00e9sident de l\u2019Afrique de l\u2019Ouest et l\u2019Afrique centrale de la banque mondiale"}]},{"@type":"WebSite","@id":"https:\/\/www.africa-press.net\/tchad\/#website","url":"https:\/\/www.africa-press.net\/tchad\/","name":"tchad","description":"Just another Africa News Agency Sites site","potentialAction":[{"@type":"SearchAction","target":{"@type":"EntryPoint","urlTemplate":"https:\/\/www.africa-press.net\/tchad\/?s={search_term_string}"},"query-input":{"@type":"PropertyValueSpecification","valueRequired":true,"valueName":"search_term_string"}}],"inLanguage":"fr-FR"},{"@type":"Person","@id":"https:\/\/www.africa-press.net\/tchad\/#\/schema\/person\/2b1cf3cd81a31e3cd26889ca66d677f1","name":"cfeditorfr"}]}},"_links":{"self":[{"href":"https:\/\/www.africa-press.net\/tchad\/wp-json\/wp\/v2\/posts\/52360","targetHints":{"allow":["GET"]}}],"collection":[{"href":"https:\/\/www.africa-press.net\/tchad\/wp-json\/wp\/v2\/posts"}],"about":[{"href":"https:\/\/www.africa-press.net\/tchad\/wp-json\/wp\/v2\/types\/post"}],"author":[{"embeddable":true,"href":"https:\/\/www.africa-press.net\/tchad\/wp-json\/wp\/v2\/users\/82"}],"replies":[{"embeddable":true,"href":"https:\/\/www.africa-press.net\/tchad\/wp-json\/wp\/v2\/comments?post=52360"}],"version-history":[{"count":0,"href":"https:\/\/www.africa-press.net\/tchad\/wp-json\/wp\/v2\/posts\/52360\/revisions"}],"wp:featuredmedia":[{"embeddable":true,"href":"https:\/\/www.africa-press.net\/tchad\/wp-json\/wp\/v2\/media\/52358"}],"wp:attachment":[{"href":"https:\/\/www.africa-press.net\/tchad\/wp-json\/wp\/v2\/media?parent=52360"}],"wp:term":[{"taxonomy":"category","embeddable":true,"href":"https:\/\/www.africa-press.net\/tchad\/wp-json\/wp\/v2\/categories?post=52360"},{"taxonomy":"post_tag","embeddable":true,"href":"https:\/\/www.africa-press.net\/tchad\/wp-json\/wp\/v2\/tags?post=52360"}],"curies":[{"name":"wp","href":"https:\/\/api.w.org\/{rel}","templated":true}]}}