{"id":52365,"date":"2023-10-15T17:10:40","date_gmt":"2023-10-15T17:10:40","guid":{"rendered":"https:\/\/www.africa-press.net\/tchad\/politique\/le-personnel-de-la-primature-initie-une-operation-de-salubrite-citoyenne"},"modified":"2023-10-15T18:15:37","modified_gmt":"2023-10-15T18:15:37","slug":"le-personnel-de-la-primature-initie-une-operation-de-salubrite-citoyenne","status":"publish","type":"post","link":"https:\/\/www.africa-press.net\/tchad\/photo\/le-personnel-de-la-primature-initie-une-operation-de-salubrite-citoyenne","title":{"rendered":"Le personnel de la Primature initie une op\u00e9ration de salubrit\u00e9 citoyenne"},"content":{"rendered":"<p><span style=\"color: #ff6600\"><strong>Africa-Press &#8211; Tchad. <\/strong><\/span>A Ndjamena, il y a eu une \u00ab grande mobilisation du personnel de la Primature du Tchad, ce samedi 14 octobre 2023, pour le lancement de l&rsquo;ope\u0301ration de salubrite\u0301 citoyenne, instaure\u0301e dore\u0301navant chaque premier samedi du mois sur l&rsquo;ensemble du territoire national \u00bb, a annonce\u0301 la Primature samedi.<\/p>\n<p>\u00ab Les membres du cabinet et tous le personnel de la Primature ont pris d&rsquo;assaut les locaux de\u0300s 06h du matin, pour ce grand coup de balai \u00bb.<\/p>\n<p>\u00ab En avant-plan de la promotion de la citoyennete\u0301 et de la lutte contre l&rsquo;insalubrite\u0301, le Premier ministre Saleh Kebzabo a fait le de\u0301placement pour encourager le personnel sur place, et constater le re\u0301sultat de cette ope\u0301ration qu&rsquo;il appelle a\u0300 pe\u0301renniser \u00bb.<\/p>\n<p>L\u2019avantage d\u2019un cadre de vie sain n\u2019est plus a\u0300 de\u0301montrer pour la sante\u0301 publique des citoyens. C\u2019est pourquoi, les initiatives visant a\u0300 ame\u0301liorer le cadre de vie, sont a\u0300 encourager. Le Tchad est confronte\u0301 a\u0300 des proble\u0300mes d\u2019assainissement et de salubrite\u0301, dues a\u0300 une insuffisance d\u2019infrastructures d\u2019e\u0301vacuation des de\u0301chets solides et liquides.<\/p>\n\r\n                <style type=\"text\/css\">\r\n                    \r\n                    #td_uid_1_69f2f4e123b50  .td-doubleSlider-2 .td-item1 {\r\n                        background: url(https:\/\/static.africa-press.net\/tchad\/sites\/41\/2023\/10\/sm_1697381065.978843-80x60.jpg) 0 0 no-repeat;\r\n                    }\r\n                    #td_uid_1_69f2f4e123b50  .td-doubleSlider-2 .td-item2 {\r\n                        background: url(https:\/\/static.africa-press.net\/tchad\/sites\/41\/2023\/10\/sm_1697381081.93789-80x60.jpg) 0 0 no-repeat;\r\n                    }\r\n                <\/style>\r\n\r\n                <div id=\"td_uid_1_69f2f4e123b50\" class=\"td-gallery td-slide-on-2-columns\">\r\n                    <div class=\"post_td_gallery\">\r\n                        <div class=\"td-gallery-slide-top\">\r\n                           <div class=\"td-gallery-title\"><\/div>\r\n\r\n                            <div class=\"td-gallery-controls-wrapper\">\r\n                                <div class=\"td-gallery-slide-count\"><span class=\"td-gallery-slide-item-focus\">1<\/span> de 2<\/div>\r\n                                <div class=\"td-gallery-slide-prev-next-but\">\r\n                                    <i class = \"td-icon-left doubleSliderPrevButton\"><\/i>\r\n                                    <i class = \"td-icon-right doubleSliderNextButton\"><\/i>\r\n                                <\/div>\r\n                            <\/div>\r\n                        <\/div>\r\n\r\n                        <div class = \"td-doubleSlider-1 \">\r\n                            <div class = \"td-slider\">\r\n                                \r\n                    <div class = \"td-slide-item td-item1\">\r\n                        <figure class=\"td-slide-galery-figure td-slide-popup-gallery\">\r\n                            <a class=\"slide-gallery-image-link\" href=\"https:\/\/static.africa-press.net\/tchad\/sites\/41\/2023\/10\/sm_1697381065.978843.jpg\" title=\"sm_1697381065.978843\"  data-caption=\"\"  data-description=\"\">\r\n                                <img decoding=\"async\" src=\"https:\/\/static.africa-press.net\/tchad\/sites\/41\/2023\/10\/sm_1697381065.978843.jpg\" srcset=\"https:\/\/static.africa-press.net\/tchad\/sites\/41\/2023\/10\/sm_1697381065.978843.jpg 869w, https:\/\/static.africa-press.net\/tchad\/sites\/41\/2023\/10\/sm_1697381065.978843-300x200.jpg 300w, https:\/\/static.africa-press.net\/tchad\/sites\/41\/2023\/10\/sm_1697381065.978843-768x512.jpg 768w\" sizes=\"(max-width: 869px) 100vw, 869px\" alt=\"\">\r\n                            <\/a>\r\n                            \r\n                        <\/figure>\r\n                    <\/div>\r\n                    <div class = \"td-slide-item td-item2\">\r\n                        <figure class=\"td-slide-galery-figure td-slide-popup-gallery\">\r\n                            <a class=\"slide-gallery-image-link\" href=\"https:\/\/static.africa-press.net\/tchad\/sites\/41\/2023\/10\/sm_1697381081.93789.jpg\" title=\"sm_1697381081.93789\"  data-caption=\"\"  data-description=\"\">\r\n                                <img decoding=\"async\" src=\"https:\/\/static.africa-press.net\/tchad\/sites\/41\/2023\/10\/sm_1697381081.93789.jpg\" srcset=\"https:\/\/static.africa-press.net\/tchad\/sites\/41\/2023\/10\/sm_1697381081.93789.jpg 593w, https:\/\/static.africa-press.net\/tchad\/sites\/41\/2023\/10\/sm_1697381081.93789-300x200.jpg 300w\" sizes=\"(max-width: 593px) 100vw, 593px\" alt=\"\">\r\n                            <\/a>\r\n                            \r\n                        <\/figure>\r\n                    <\/div>\r\n                            <\/div>\r\n                        <\/div>\r\n\r\n                        <div class = \"td-doubleSlider-2\">\r\n                            <div class = \"td-slider\">\r\n                                \r\n                    <div class = \"td-button td-item1\">\r\n                        <div class = \"td-border\"><\/div>\r\n                    <\/div>\r\n                    <div class = \"td-button td-item2\">\r\n                        <div class = \"td-border\"><\/div>\r\n                    <\/div>\r\n                            <\/div>\r\n                        <\/div>\r\n\r\n                    <\/div>\r\n\r\n                <\/div>\r\n                \n<p><strong>Pour plus d&rsquo;informations et d&rsquo;analyses sur la <a href=\"https:\/\/www.africa-press.net\/tchad\">Tchad<\/a>, suivez <a href=\"https:\/\/www.africa-press.net\/\">Africa-Press<\/a><\/strong><\/p>\n","protected":false},"excerpt":{"rendered":"<p>Africa-Press &#8211; Tchad. A Ndjamena, il y a eu une \u00ab grande mobilisation du personnel de la Primature du Tchad, ce samedi 14 octobre 2023, pour le lancement de l&rsquo;ope\u0301ration de salubrite\u0301 citoyenne, instaure\u0301e dore\u0301navant chaque premier samedi du mois sur l&rsquo;ensemble du territoire national \u00bb, a annonce\u0301 la Primature samedi. \u00ab Les membres du [&hellip;]<\/p>\n","protected":false},"author":82,"featured_media":52364,"comment_status":"open","ping_status":"closed","sticky":false,"template":"","format":"standard","meta":{"footnotes":""},"categories":[21,8,10],"tags":[37,292,29],"class_list":["post-52365","post","type-post","status-publish","format-standard","has-post-thumbnail","hentry","category-communaute","category-photo","category-toutes-les-actualites","tag-africa-press","tag-africa-press-tchad","tag-tchad"],"yoast_head":"<!-- This site is optimized with the Yoast SEO Premium plugin v26.1 (Yoast SEO v27.0) - https:\/\/yoast.com\/product\/yoast-seo-premium-wordpress\/ -->\n<title>Le personnel de la Primature initie une op\u00e9ration de salubrit\u00e9 citoyenne - tchad<\/title>\n<meta name=\"description\" content=\"A Ndjamena, il y a eu une \u00ab grande mobilisation du personnel de la Primature du Tchad, ce samedi 14 octobre 2023, pour l ...\" \/>\n<meta name=\"robots\" content=\"index, follow, max-snippet:-1, max-image-preview:large, max-video-preview:-1\" \/>\n<link rel=\"canonical\" href=\"https:\/\/www.africa-press.net\/tchad\/photo\/le-personnel-de-la-primature-initie-une-operation-de-salubrite-citoyenne\" \/>\n<meta property=\"og:locale\" content=\"fr_FR\" \/>\n<meta property=\"og:type\" content=\"article\" \/>\n<meta property=\"og:title\" content=\"Le personnel de la Primature initie une op\u00e9ration de salubrit\u00e9 citoyenne\" \/>\n<meta property=\"og:description\" content=\"A Ndjamena, il y a eu une \u00ab grande mobilisation du personnel de la Primature du Tchad, ce samedi 14 octobre 2023, pour l ...\" \/>\n<meta property=\"og:url\" content=\"https:\/\/www.africa-press.net\/tchad\/photo\/le-personnel-de-la-primature-initie-une-operation-de-salubrite-citoyenne\" \/>\n<meta property=\"og:site_name\" content=\"tchad\" \/>\n<meta property=\"article:published_time\" content=\"2023-10-15T17:10:40+00:00\" \/>\n<meta property=\"article:modified_time\" content=\"2023-10-15T18:15:37+00:00\" \/>\n<meta property=\"og:image\" content=\"https:\/\/static.africa-press.net\/tchad\/sites\/41\/2023\/10\/sm_1697381099.966947.jpg\" \/>\n\t<meta property=\"og:image:width\" content=\"960\" \/>\n\t<meta property=\"og:image:height\" content=\"639\" \/>\n\t<meta property=\"og:image:type\" content=\"image\/jpeg\" \/>\n<meta name=\"author\" content=\"cfeditorfr\" \/>\n<meta name=\"twitter:card\" content=\"summary_large_image\" \/>\n<meta name=\"twitter:label1\" content=\"\u00c9crit par\" \/>\n\t<meta name=\"twitter:data1\" content=\"cfeditorfr\" \/>\n\t<meta name=\"twitter:label2\" content=\"Dur\u00e9e de lecture estim\u00e9e\" \/>\n\t<meta name=\"twitter:data2\" content=\"1 minute\" \/>\n<script type=\"application\/ld+json\" class=\"yoast-schema-graph\">{\"@context\":\"https:\/\/schema.org\",\"@graph\":[{\"@type\":\"Article\",\"@id\":\"https:\/\/www.africa-press.net\/tchad\/photo\/le-personnel-de-la-primature-initie-une-operation-de-salubrite-citoyenne#article\",\"isPartOf\":{\"@id\":\"https:\/\/www.africa-press.net\/tchad\/photo\/le-personnel-de-la-primature-initie-une-operation-de-salubrite-citoyenne\"},\"author\":{\"name\":\"cfeditorfr\",\"@id\":\"https:\/\/www.africa-press.net\/tchad\/#\/schema\/person\/2b1cf3cd81a31e3cd26889ca66d677f1\"},\"headline\":\"Le personnel de la Primature initie une op\u00e9ration de salubrit\u00e9 citoyenne\",\"datePublished\":\"2023-10-15T17:10:40+00:00\",\"dateModified\":\"2023-10-15T18:15:37+00:00\",\"mainEntityOfPage\":{\"@id\":\"https:\/\/www.africa-press.net\/tchad\/photo\/le-personnel-de-la-primature-initie-une-operation-de-salubrite-citoyenne\"},\"wordCount\":224,\"commentCount\":0,\"image\":{\"@id\":\"https:\/\/www.africa-press.net\/tchad\/photo\/le-personnel-de-la-primature-initie-une-operation-de-salubrite-citoyenne#primaryimage\"},\"thumbnailUrl\":\"https:\/\/static.africa-press.net\/tchad\/sites\/41\/2023\/10\/sm_1697381099.966947.jpg\",\"keywords\":[\"Africa Press\",\"Africa Press-Tchad\",\"Tchad\"],\"articleSection\":[\"Communaut\u00e9\",\"Photo\",\"Toutes les actualit\u00e9s\"],\"inLanguage\":\"fr-FR\",\"potentialAction\":[{\"@type\":\"CommentAction\",\"name\":\"Comment\",\"target\":[\"https:\/\/www.africa-press.net\/tchad\/photo\/le-personnel-de-la-primature-initie-une-operation-de-salubrite-citoyenne#respond\"]}]},{\"@type\":\"WebPage\",\"@id\":\"https:\/\/www.africa-press.net\/tchad\/photo\/le-personnel-de-la-primature-initie-une-operation-de-salubrite-citoyenne\",\"url\":\"https:\/\/www.africa-press.net\/tchad\/photo\/le-personnel-de-la-primature-initie-une-operation-de-salubrite-citoyenne\",\"name\":\"Le personnel de la Primature initie une op\u00e9ration de salubrit\u00e9 citoyenne - tchad\",\"isPartOf\":{\"@id\":\"https:\/\/www.africa-press.net\/tchad\/#website\"},\"primaryImageOfPage\":{\"@id\":\"https:\/\/www.africa-press.net\/tchad\/photo\/le-personnel-de-la-primature-initie-une-operation-de-salubrite-citoyenne#primaryimage\"},\"image\":{\"@id\":\"https:\/\/www.africa-press.net\/tchad\/photo\/le-personnel-de-la-primature-initie-une-operation-de-salubrite-citoyenne#primaryimage\"},\"thumbnailUrl\":\"https:\/\/static.africa-press.net\/tchad\/sites\/41\/2023\/10\/sm_1697381099.966947.jpg\",\"datePublished\":\"2023-10-15T17:10:40+00:00\",\"dateModified\":\"2023-10-15T18:15:37+00:00\",\"author\":{\"@id\":\"https:\/\/www.africa-press.net\/tchad\/#\/schema\/person\/2b1cf3cd81a31e3cd26889ca66d677f1\"},\"description\":\"A Ndjamena, il y a eu une \u00ab grande mobilisation du personnel de la Primature du Tchad, ce samedi 14 octobre 2023, pour l ...\",\"breadcrumb\":{\"@id\":\"https:\/\/www.africa-press.net\/tchad\/photo\/le-personnel-de-la-primature-initie-une-operation-de-salubrite-citoyenne#breadcrumb\"},\"inLanguage\":\"fr-FR\",\"potentialAction\":[{\"@type\":\"ReadAction\",\"target\":[\"https:\/\/www.africa-press.net\/tchad\/photo\/le-personnel-de-la-primature-initie-une-operation-de-salubrite-citoyenne\"]}]},{\"@type\":\"ImageObject\",\"inLanguage\":\"fr-FR\",\"@id\":\"https:\/\/www.africa-press.net\/tchad\/photo\/le-personnel-de-la-primature-initie-une-operation-de-salubrite-citoyenne#primaryimage\",\"url\":\"https:\/\/static.africa-press.net\/tchad\/sites\/41\/2023\/10\/sm_1697381099.966947.jpg\",\"contentUrl\":\"https:\/\/static.africa-press.net\/tchad\/sites\/41\/2023\/10\/sm_1697381099.966947.jpg\",\"width\":960,\"height\":639,\"caption\":\"Le personnel de la Primature initie une op\u00e9ration de salubrit\u00e9 citoyenne\"},{\"@type\":\"BreadcrumbList\",\"@id\":\"https:\/\/www.africa-press.net\/tchad\/photo\/le-personnel-de-la-primature-initie-une-operation-de-salubrite-citoyenne#breadcrumb\",\"itemListElement\":[{\"@type\":\"ListItem\",\"position\":1,\"name\":\"Accueil\",\"item\":\"https:\/\/www.africa-press.net\/tchad\/\"},{\"@type\":\"ListItem\",\"position\":2,\"name\":\"Le personnel de la Primature initie une op\u00e9ration de salubrit\u00e9 citoyenne\"}]},{\"@type\":\"WebSite\",\"@id\":\"https:\/\/www.africa-press.net\/tchad\/#website\",\"url\":\"https:\/\/www.africa-press.net\/tchad\/\",\"name\":\"tchad\",\"description\":\"Just another Africa News Agency Sites site\",\"potentialAction\":[{\"@type\":\"SearchAction\",\"target\":{\"@type\":\"EntryPoint\",\"urlTemplate\":\"https:\/\/www.africa-press.net\/tchad\/?s={search_term_string}\"},\"query-input\":{\"@type\":\"PropertyValueSpecification\",\"valueRequired\":true,\"valueName\":\"search_term_string\"}}],\"inLanguage\":\"fr-FR\"},{\"@type\":\"Person\",\"@id\":\"https:\/\/www.africa-press.net\/tchad\/#\/schema\/person\/2b1cf3cd81a31e3cd26889ca66d677f1\",\"name\":\"cfeditorfr\"}]}<\/script>\n<!-- \/ Yoast SEO Premium plugin. -->","yoast_head_json":{"title":"Le personnel de la Primature initie une op\u00e9ration de salubrit\u00e9 citoyenne - tchad","description":"A Ndjamena, il y a eu une \u00ab grande mobilisation du personnel de la Primature du Tchad, ce samedi 14 octobre 2023, pour l ...","robots":{"index":"index","follow":"follow","max-snippet":"max-snippet:-1","max-image-preview":"max-image-preview:large","max-video-preview":"max-video-preview:-1"},"canonical":"https:\/\/www.africa-press.net\/tchad\/photo\/le-personnel-de-la-primature-initie-une-operation-de-salubrite-citoyenne","og_locale":"fr_FR","og_type":"article","og_title":"Le personnel de la Primature initie une op\u00e9ration de salubrit\u00e9 citoyenne","og_description":"A Ndjamena, il y a eu une \u00ab grande mobilisation du personnel de la Primature du Tchad, ce samedi 14 octobre 2023, pour l ...","og_url":"https:\/\/www.africa-press.net\/tchad\/photo\/le-personnel-de-la-primature-initie-une-operation-de-salubrite-citoyenne","og_site_name":"tchad","article_published_time":"2023-10-15T17:10:40+00:00","article_modified_time":"2023-10-15T18:15:37+00:00","og_image":[{"width":960,"height":639,"url":"https:\/\/static.africa-press.net\/tchad\/sites\/41\/2023\/10\/sm_1697381099.966947.jpg","type":"image\/jpeg"}],"author":"cfeditorfr","twitter_card":"summary_large_image","twitter_misc":{"\u00c9crit par":"cfeditorfr","Dur\u00e9e de lecture estim\u00e9e":"1 minute"},"schema":{"@context":"https:\/\/schema.org","@graph":[{"@type":"Article","@id":"https:\/\/www.africa-press.net\/tchad\/photo\/le-personnel-de-la-primature-initie-une-operation-de-salubrite-citoyenne#article","isPartOf":{"@id":"https:\/\/www.africa-press.net\/tchad\/photo\/le-personnel-de-la-primature-initie-une-operation-de-salubrite-citoyenne"},"author":{"name":"cfeditorfr","@id":"https:\/\/www.africa-press.net\/tchad\/#\/schema\/person\/2b1cf3cd81a31e3cd26889ca66d677f1"},"headline":"Le personnel de la Primature initie une op\u00e9ration de salubrit\u00e9 citoyenne","datePublished":"2023-10-15T17:10:40+00:00","dateModified":"2023-10-15T18:15:37+00:00","mainEntityOfPage":{"@id":"https:\/\/www.africa-press.net\/tchad\/photo\/le-personnel-de-la-primature-initie-une-operation-de-salubrite-citoyenne"},"wordCount":224,"commentCount":0,"image":{"@id":"https:\/\/www.africa-press.net\/tchad\/photo\/le-personnel-de-la-primature-initie-une-operation-de-salubrite-citoyenne#primaryimage"},"thumbnailUrl":"https:\/\/static.africa-press.net\/tchad\/sites\/41\/2023\/10\/sm_1697381099.966947.jpg","keywords":["Africa Press","Africa Press-Tchad","Tchad"],"articleSection":["Communaut\u00e9","Photo","Toutes les actualit\u00e9s"],"inLanguage":"fr-FR","potentialAction":[{"@type":"CommentAction","name":"Comment","target":["https:\/\/www.africa-press.net\/tchad\/photo\/le-personnel-de-la-primature-initie-une-operation-de-salubrite-citoyenne#respond"]}]},{"@type":"WebPage","@id":"https:\/\/www.africa-press.net\/tchad\/photo\/le-personnel-de-la-primature-initie-une-operation-de-salubrite-citoyenne","url":"https:\/\/www.africa-press.net\/tchad\/photo\/le-personnel-de-la-primature-initie-une-operation-de-salubrite-citoyenne","name":"Le personnel de la Primature initie une op\u00e9ration de salubrit\u00e9 citoyenne - tchad","isPartOf":{"@id":"https:\/\/www.africa-press.net\/tchad\/#website"},"primaryImageOfPage":{"@id":"https:\/\/www.africa-press.net\/tchad\/photo\/le-personnel-de-la-primature-initie-une-operation-de-salubrite-citoyenne#primaryimage"},"image":{"@id":"https:\/\/www.africa-press.net\/tchad\/photo\/le-personnel-de-la-primature-initie-une-operation-de-salubrite-citoyenne#primaryimage"},"thumbnailUrl":"https:\/\/static.africa-press.net\/tchad\/sites\/41\/2023\/10\/sm_1697381099.966947.jpg","datePublished":"2023-10-15T17:10:40+00:00","dateModified":"2023-10-15T18:15:37+00:00","author":{"@id":"https:\/\/www.africa-press.net\/tchad\/#\/schema\/person\/2b1cf3cd81a31e3cd26889ca66d677f1"},"description":"A Ndjamena, il y a eu une \u00ab grande mobilisation du personnel de la Primature du Tchad, ce samedi 14 octobre 2023, pour l ...","breadcrumb":{"@id":"https:\/\/www.africa-press.net\/tchad\/photo\/le-personnel-de-la-primature-initie-une-operation-de-salubrite-citoyenne#breadcrumb"},"inLanguage":"fr-FR","potentialAction":[{"@type":"ReadAction","target":["https:\/\/www.africa-press.net\/tchad\/photo\/le-personnel-de-la-primature-initie-une-operation-de-salubrite-citoyenne"]}]},{"@type":"ImageObject","inLanguage":"fr-FR","@id":"https:\/\/www.africa-press.net\/tchad\/photo\/le-personnel-de-la-primature-initie-une-operation-de-salubrite-citoyenne#primaryimage","url":"https:\/\/static.africa-press.net\/tchad\/sites\/41\/2023\/10\/sm_1697381099.966947.jpg","contentUrl":"https:\/\/static.africa-press.net\/tchad\/sites\/41\/2023\/10\/sm_1697381099.966947.jpg","width":960,"height":639,"caption":"Le personnel de la Primature initie une op\u00e9ration de salubrit\u00e9 citoyenne"},{"@type":"BreadcrumbList","@id":"https:\/\/www.africa-press.net\/tchad\/photo\/le-personnel-de-la-primature-initie-une-operation-de-salubrite-citoyenne#breadcrumb","itemListElement":[{"@type":"ListItem","position":1,"name":"Accueil","item":"https:\/\/www.africa-press.net\/tchad\/"},{"@type":"ListItem","position":2,"name":"Le personnel de la Primature initie une op\u00e9ration de salubrit\u00e9 citoyenne"}]},{"@type":"WebSite","@id":"https:\/\/www.africa-press.net\/tchad\/#website","url":"https:\/\/www.africa-press.net\/tchad\/","name":"tchad","description":"Just another Africa News Agency Sites site","potentialAction":[{"@type":"SearchAction","target":{"@type":"EntryPoint","urlTemplate":"https:\/\/www.africa-press.net\/tchad\/?s={search_term_string}"},"query-input":{"@type":"PropertyValueSpecification","valueRequired":true,"valueName":"search_term_string"}}],"inLanguage":"fr-FR"},{"@type":"Person","@id":"https:\/\/www.africa-press.net\/tchad\/#\/schema\/person\/2b1cf3cd81a31e3cd26889ca66d677f1","name":"cfeditorfr"}]}},"_links":{"self":[{"href":"https:\/\/www.africa-press.net\/tchad\/wp-json\/wp\/v2\/posts\/52365","targetHints":{"allow":["GET"]}}],"collection":[{"href":"https:\/\/www.africa-press.net\/tchad\/wp-json\/wp\/v2\/posts"}],"about":[{"href":"https:\/\/www.africa-press.net\/tchad\/wp-json\/wp\/v2\/types\/post"}],"author":[{"embeddable":true,"href":"https:\/\/www.africa-press.net\/tchad\/wp-json\/wp\/v2\/users\/82"}],"replies":[{"embeddable":true,"href":"https:\/\/www.africa-press.net\/tchad\/wp-json\/wp\/v2\/comments?post=52365"}],"version-history":[{"count":0,"href":"https:\/\/www.africa-press.net\/tchad\/wp-json\/wp\/v2\/posts\/52365\/revisions"}],"wp:featuredmedia":[{"embeddable":true,"href":"https:\/\/www.africa-press.net\/tchad\/wp-json\/wp\/v2\/media\/52364"}],"wp:attachment":[{"href":"https:\/\/www.africa-press.net\/tchad\/wp-json\/wp\/v2\/media?parent=52365"}],"wp:term":[{"taxonomy":"category","embeddable":true,"href":"https:\/\/www.africa-press.net\/tchad\/wp-json\/wp\/v2\/categories?post=52365"},{"taxonomy":"post_tag","embeddable":true,"href":"https:\/\/www.africa-press.net\/tchad\/wp-json\/wp\/v2\/tags?post=52365"}],"curies":[{"name":"wp","href":"https:\/\/api.w.org\/{rel}","templated":true}]}}