{"id":52388,"date":"2023-10-16T15:51:44","date_gmt":"2023-10-16T15:51:44","guid":{"rendered":"https:\/\/www.africa-press.net\/tchad\/politique\/au-kanem-une-plateforme-feminine-engagee-pour-la-promotion-de-legalite-et-du-developpement"},"modified":"2023-10-16T16:18:50","modified_gmt":"2023-10-16T16:18:50","slug":"au-kanem-une-plateforme-feminine-engagee-pour-la-promotion-de-legalite-et-du-developpement","status":"publish","type":"post","link":"https:\/\/www.africa-press.net\/tchad\/toutes-les-actualites\/au-kanem-une-plateforme-feminine-engagee-pour-la-promotion-de-legalite-et-du-developpement","title":{"rendered":"au Kanem, une plateforme f\u00e9minine engag\u00e9e pour la promotion de l\u2019\u00e9galit\u00e9 et du d\u00e9veloppement"},"content":{"rendered":"<p><span style=\"color: #ff6600\"><strong>Africa-Press &#8211; Tchad. <\/strong><\/span>De\u0300s son arrive\u0301e a\u0300 Rig-Rig, le chef-lieu du de\u0301partement du Kanem-Ouest, la mission de la Plate-forme a rendu visite au pre\u0301fet du de\u0301partement, Abdellatif Bahar Abakoura, pour pre\u0301senter ses respects.<\/p>\n<p>Apre\u0300s avoir e\u0301tabli des bureaux dans d&rsquo;autres de\u0301partements, la mission de la coalition des organisations fe\u0301minines pour le de\u0301veloppement du Kanem (Plate-forme) a installe\u0301 les membres du bureau de\u0301partemental du Kanem-Ouest. La ce\u0301re\u0301monie d&rsquo;installation a e\u0301te\u0301 pre\u0301side\u0301e par la Pre\u0301sidente provinciale, Mdm Ache\u0301 Bougoudi, en pre\u0301sence du repre\u0301sentant du pre\u0301fet du Kanem-Ouest, Abbas Mahamat Fougoumi. Cette installation a eu lieu samedi 14 octobre 2023 dans l&rsquo;apre\u0300s-midi. Le bureau est compose\u0301 de 7 membres, avec Hadje\u0301 Nekele\u0301 Abakar comme pre\u0301sidente, assiste\u0301e de Bintou Adamou, ainsi que d&rsquo;autres membres et conseille\u0300res, qui sont des membres des diffe\u0301rentes organisations fe\u0301minines locales.<\/p>\n<p>Comme dans les autres de\u0301partements, l&rsquo;e\u0301quipe de la Plate-forme a transmis des messages importants concernant la paix, la scolarisation des filles, la lutte contre le mariage pre\u0301coce, le ro\u0302le des femmes dans la re\u0301solution des conflits, la cohabitation pacifique et le vivre-ensemble. De plus, elles ont fourni des semences a\u0300 l&rsquo;e\u0301quipe de\u0301partementale.<\/p>\n<p>Le repre\u0301sentant du pre\u0301fet du Kanem-Ouest, Abbas Mahamat Fougoumi, a ensuite encourage\u0301 les membres installe\u0301s a\u0300 se mettre au travail et leur a prodigue\u0301 des conseils et des orientations.<\/p>\n<p>La mission s&rsquo;est clo\u0302ture\u0301e par une photo de groupe avec les membres de la Plate-forme fe\u0301minine du Kanem-Ouest.<\/p>\n<p><strong>Pour plus d&rsquo;informations et d&rsquo;analyses sur la <a href=\"https:\/\/www.africa-press.net\/tchad\">Tchad<\/a>, suivez <a href=\"https:\/\/www.africa-press.net\/\">Africa-Press<\/a><\/strong><\/p>\n","protected":false},"excerpt":{"rendered":"<p>Africa-Press &#8211; Tchad. De\u0300s son arrive\u0301e a\u0300 Rig-Rig, le chef-lieu du de\u0301partement du Kanem-Ouest, la mission de la Plate-forme a rendu visite au pre\u0301fet du de\u0301partement, Abdellatif Bahar Abakoura, pour pre\u0301senter ses respects. Apre\u0300s avoir e\u0301tabli des bureaux dans d&rsquo;autres de\u0301partements, la mission de la coalition des organisations fe\u0301minines pour le de\u0301veloppement du Kanem (Plate-forme) [&hellip;]<\/p>\n","protected":false},"author":82,"featured_media":52387,"comment_status":"open","ping_status":"closed","sticky":false,"template":"","format":"standard","meta":{"footnotes":""},"categories":[21,10],"tags":[37,292,29],"class_list":["post-52388","post","type-post","status-publish","format-standard","has-post-thumbnail","hentry","category-communaute","category-toutes-les-actualites","tag-africa-press","tag-africa-press-tchad","tag-tchad"],"yoast_head":"<!-- This site is optimized with the Yoast SEO Premium plugin v26.1 (Yoast SEO v27.0) - https:\/\/yoast.com\/product\/yoast-seo-premium-wordpress\/ -->\n<title>au Kanem, une plateforme f\u00e9minine engag\u00e9e pour la promotion de l\u2019\u00e9galit\u00e9 et du d\u00e9veloppement - tchad<\/title>\n<meta name=\"description\" content=\"De\u0300s son arrive\u0301e a\u0300 Rig-Rig, le chef-lieu du de\u0301partement du Kanem-Ouest, la mission de la Plate-forme a rendu visite a ...\" \/>\n<meta name=\"robots\" content=\"index, follow, max-snippet:-1, max-image-preview:large, max-video-preview:-1\" \/>\n<link rel=\"canonical\" href=\"https:\/\/www.africa-press.net\/tchad\/toutes-les-actualites\/au-kanem-une-plateforme-feminine-engagee-pour-la-promotion-de-legalite-et-du-developpement\" \/>\n<meta property=\"og:locale\" content=\"fr_FR\" \/>\n<meta property=\"og:type\" content=\"article\" \/>\n<meta property=\"og:title\" content=\"au Kanem, une plateforme f\u00e9minine engag\u00e9e pour la promotion de l\u2019\u00e9galit\u00e9 et du d\u00e9veloppement\" \/>\n<meta property=\"og:description\" content=\"De\u0300s son arrive\u0301e a\u0300 Rig-Rig, le chef-lieu du de\u0301partement du Kanem-Ouest, la mission de la Plate-forme a rendu visite a ...\" \/>\n<meta property=\"og:url\" content=\"https:\/\/www.africa-press.net\/tchad\/toutes-les-actualites\/au-kanem-une-plateforme-feminine-engagee-pour-la-promotion-de-legalite-et-du-developpement\" \/>\n<meta property=\"og:site_name\" content=\"tchad\" \/>\n<meta property=\"article:published_time\" content=\"2023-10-16T15:51:44+00:00\" \/>\n<meta property=\"article:modified_time\" content=\"2023-10-16T16:18:50+00:00\" \/>\n<meta property=\"og:image\" content=\"https:\/\/static.africa-press.net\/tchad\/sites\/41\/2023\/10\/sm_1697460472.641037.jpg\" \/>\n\t<meta property=\"og:image:width\" content=\"1280\" \/>\n\t<meta property=\"og:image:height\" content=\"607\" \/>\n\t<meta property=\"og:image:type\" content=\"image\/jpeg\" \/>\n<meta name=\"author\" content=\"cfeditorfr\" \/>\n<meta name=\"twitter:card\" content=\"summary_large_image\" \/>\n<meta name=\"twitter:label1\" content=\"\u00c9crit par\" \/>\n\t<meta name=\"twitter:data1\" content=\"cfeditorfr\" \/>\n\t<meta name=\"twitter:label2\" content=\"Dur\u00e9e de lecture estim\u00e9e\" \/>\n\t<meta name=\"twitter:data2\" content=\"2 minutes\" \/>\n<script type=\"application\/ld+json\" class=\"yoast-schema-graph\">{\"@context\":\"https:\/\/schema.org\",\"@graph\":[{\"@type\":\"Article\",\"@id\":\"https:\/\/www.africa-press.net\/tchad\/toutes-les-actualites\/au-kanem-une-plateforme-feminine-engagee-pour-la-promotion-de-legalite-et-du-developpement#article\",\"isPartOf\":{\"@id\":\"https:\/\/www.africa-press.net\/tchad\/toutes-les-actualites\/au-kanem-une-plateforme-feminine-engagee-pour-la-promotion-de-legalite-et-du-developpement\"},\"author\":{\"name\":\"cfeditorfr\",\"@id\":\"https:\/\/www.africa-press.net\/tchad\/#\/schema\/person\/2b1cf3cd81a31e3cd26889ca66d677f1\"},\"headline\":\"au Kanem, une plateforme f\u00e9minine engag\u00e9e pour la promotion de l\u2019\u00e9galit\u00e9 et du d\u00e9veloppement\",\"datePublished\":\"2023-10-16T15:51:44+00:00\",\"dateModified\":\"2023-10-16T16:18:50+00:00\",\"mainEntityOfPage\":{\"@id\":\"https:\/\/www.africa-press.net\/tchad\/toutes-les-actualites\/au-kanem-une-plateforme-feminine-engagee-pour-la-promotion-de-legalite-et-du-developpement\"},\"wordCount\":304,\"commentCount\":0,\"image\":{\"@id\":\"https:\/\/www.africa-press.net\/tchad\/toutes-les-actualites\/au-kanem-une-plateforme-feminine-engagee-pour-la-promotion-de-legalite-et-du-developpement#primaryimage\"},\"thumbnailUrl\":\"https:\/\/static.africa-press.net\/tchad\/sites\/41\/2023\/10\/sm_1697460472.641037.jpg\",\"keywords\":[\"Africa Press\",\"Africa Press-Tchad\",\"Tchad\"],\"articleSection\":[\"Communaut\u00e9\",\"Toutes les actualit\u00e9s\"],\"inLanguage\":\"fr-FR\",\"potentialAction\":[{\"@type\":\"CommentAction\",\"name\":\"Comment\",\"target\":[\"https:\/\/www.africa-press.net\/tchad\/toutes-les-actualites\/au-kanem-une-plateforme-feminine-engagee-pour-la-promotion-de-legalite-et-du-developpement#respond\"]}]},{\"@type\":\"WebPage\",\"@id\":\"https:\/\/www.africa-press.net\/tchad\/toutes-les-actualites\/au-kanem-une-plateforme-feminine-engagee-pour-la-promotion-de-legalite-et-du-developpement\",\"url\":\"https:\/\/www.africa-press.net\/tchad\/toutes-les-actualites\/au-kanem-une-plateforme-feminine-engagee-pour-la-promotion-de-legalite-et-du-developpement\",\"name\":\"au Kanem, une plateforme f\u00e9minine engag\u00e9e pour la promotion de l\u2019\u00e9galit\u00e9 et du d\u00e9veloppement - tchad\",\"isPartOf\":{\"@id\":\"https:\/\/www.africa-press.net\/tchad\/#website\"},\"primaryImageOfPage\":{\"@id\":\"https:\/\/www.africa-press.net\/tchad\/toutes-les-actualites\/au-kanem-une-plateforme-feminine-engagee-pour-la-promotion-de-legalite-et-du-developpement#primaryimage\"},\"image\":{\"@id\":\"https:\/\/www.africa-press.net\/tchad\/toutes-les-actualites\/au-kanem-une-plateforme-feminine-engagee-pour-la-promotion-de-legalite-et-du-developpement#primaryimage\"},\"thumbnailUrl\":\"https:\/\/static.africa-press.net\/tchad\/sites\/41\/2023\/10\/sm_1697460472.641037.jpg\",\"datePublished\":\"2023-10-16T15:51:44+00:00\",\"dateModified\":\"2023-10-16T16:18:50+00:00\",\"author\":{\"@id\":\"https:\/\/www.africa-press.net\/tchad\/#\/schema\/person\/2b1cf3cd81a31e3cd26889ca66d677f1\"},\"description\":\"De\u0300s son arrive\u0301e a\u0300 Rig-Rig, le chef-lieu du de\u0301partement du Kanem-Ouest, la mission de la Plate-forme a rendu visite a ...\",\"breadcrumb\":{\"@id\":\"https:\/\/www.africa-press.net\/tchad\/toutes-les-actualites\/au-kanem-une-plateforme-feminine-engagee-pour-la-promotion-de-legalite-et-du-developpement#breadcrumb\"},\"inLanguage\":\"fr-FR\",\"potentialAction\":[{\"@type\":\"ReadAction\",\"target\":[\"https:\/\/www.africa-press.net\/tchad\/toutes-les-actualites\/au-kanem-une-plateforme-feminine-engagee-pour-la-promotion-de-legalite-et-du-developpement\"]}]},{\"@type\":\"ImageObject\",\"inLanguage\":\"fr-FR\",\"@id\":\"https:\/\/www.africa-press.net\/tchad\/toutes-les-actualites\/au-kanem-une-plateforme-feminine-engagee-pour-la-promotion-de-legalite-et-du-developpement#primaryimage\",\"url\":\"https:\/\/static.africa-press.net\/tchad\/sites\/41\/2023\/10\/sm_1697460472.641037.jpg\",\"contentUrl\":\"https:\/\/static.africa-press.net\/tchad\/sites\/41\/2023\/10\/sm_1697460472.641037.jpg\",\"width\":1280,\"height\":607,\"caption\":\"au Kanem, une plateforme f\u00e9minine engag\u00e9e pour la promotion de l\u2019\u00e9galit\u00e9 et du d\u00e9veloppement\"},{\"@type\":\"BreadcrumbList\",\"@id\":\"https:\/\/www.africa-press.net\/tchad\/toutes-les-actualites\/au-kanem-une-plateforme-feminine-engagee-pour-la-promotion-de-legalite-et-du-developpement#breadcrumb\",\"itemListElement\":[{\"@type\":\"ListItem\",\"position\":1,\"name\":\"Accueil\",\"item\":\"https:\/\/www.africa-press.net\/tchad\/\"},{\"@type\":\"ListItem\",\"position\":2,\"name\":\"au Kanem, une plateforme f\u00e9minine engag\u00e9e pour la promotion de l\u2019\u00e9galit\u00e9 et du d\u00e9veloppement\"}]},{\"@type\":\"WebSite\",\"@id\":\"https:\/\/www.africa-press.net\/tchad\/#website\",\"url\":\"https:\/\/www.africa-press.net\/tchad\/\",\"name\":\"tchad\",\"description\":\"Just another Africa News Agency Sites site\",\"potentialAction\":[{\"@type\":\"SearchAction\",\"target\":{\"@type\":\"EntryPoint\",\"urlTemplate\":\"https:\/\/www.africa-press.net\/tchad\/?s={search_term_string}\"},\"query-input\":{\"@type\":\"PropertyValueSpecification\",\"valueRequired\":true,\"valueName\":\"search_term_string\"}}],\"inLanguage\":\"fr-FR\"},{\"@type\":\"Person\",\"@id\":\"https:\/\/www.africa-press.net\/tchad\/#\/schema\/person\/2b1cf3cd81a31e3cd26889ca66d677f1\",\"name\":\"cfeditorfr\"}]}<\/script>\n<!-- \/ Yoast SEO Premium plugin. -->","yoast_head_json":{"title":"au Kanem, une plateforme f\u00e9minine engag\u00e9e pour la promotion de l\u2019\u00e9galit\u00e9 et du d\u00e9veloppement - tchad","description":"De\u0300s son arrive\u0301e a\u0300 Rig-Rig, le chef-lieu du de\u0301partement du Kanem-Ouest, la mission de la Plate-forme a rendu visite a ...","robots":{"index":"index","follow":"follow","max-snippet":"max-snippet:-1","max-image-preview":"max-image-preview:large","max-video-preview":"max-video-preview:-1"},"canonical":"https:\/\/www.africa-press.net\/tchad\/toutes-les-actualites\/au-kanem-une-plateforme-feminine-engagee-pour-la-promotion-de-legalite-et-du-developpement","og_locale":"fr_FR","og_type":"article","og_title":"au Kanem, une plateforme f\u00e9minine engag\u00e9e pour la promotion de l\u2019\u00e9galit\u00e9 et du d\u00e9veloppement","og_description":"De\u0300s son arrive\u0301e a\u0300 Rig-Rig, le chef-lieu du de\u0301partement du Kanem-Ouest, la mission de la Plate-forme a rendu visite a ...","og_url":"https:\/\/www.africa-press.net\/tchad\/toutes-les-actualites\/au-kanem-une-plateforme-feminine-engagee-pour-la-promotion-de-legalite-et-du-developpement","og_site_name":"tchad","article_published_time":"2023-10-16T15:51:44+00:00","article_modified_time":"2023-10-16T16:18:50+00:00","og_image":[{"width":1280,"height":607,"url":"https:\/\/static.africa-press.net\/tchad\/sites\/41\/2023\/10\/sm_1697460472.641037.jpg","type":"image\/jpeg"}],"author":"cfeditorfr","twitter_card":"summary_large_image","twitter_misc":{"\u00c9crit par":"cfeditorfr","Dur\u00e9e de lecture estim\u00e9e":"2 minutes"},"schema":{"@context":"https:\/\/schema.org","@graph":[{"@type":"Article","@id":"https:\/\/www.africa-press.net\/tchad\/toutes-les-actualites\/au-kanem-une-plateforme-feminine-engagee-pour-la-promotion-de-legalite-et-du-developpement#article","isPartOf":{"@id":"https:\/\/www.africa-press.net\/tchad\/toutes-les-actualites\/au-kanem-une-plateforme-feminine-engagee-pour-la-promotion-de-legalite-et-du-developpement"},"author":{"name":"cfeditorfr","@id":"https:\/\/www.africa-press.net\/tchad\/#\/schema\/person\/2b1cf3cd81a31e3cd26889ca66d677f1"},"headline":"au Kanem, une plateforme f\u00e9minine engag\u00e9e pour la promotion de l\u2019\u00e9galit\u00e9 et du d\u00e9veloppement","datePublished":"2023-10-16T15:51:44+00:00","dateModified":"2023-10-16T16:18:50+00:00","mainEntityOfPage":{"@id":"https:\/\/www.africa-press.net\/tchad\/toutes-les-actualites\/au-kanem-une-plateforme-feminine-engagee-pour-la-promotion-de-legalite-et-du-developpement"},"wordCount":304,"commentCount":0,"image":{"@id":"https:\/\/www.africa-press.net\/tchad\/toutes-les-actualites\/au-kanem-une-plateforme-feminine-engagee-pour-la-promotion-de-legalite-et-du-developpement#primaryimage"},"thumbnailUrl":"https:\/\/static.africa-press.net\/tchad\/sites\/41\/2023\/10\/sm_1697460472.641037.jpg","keywords":["Africa Press","Africa Press-Tchad","Tchad"],"articleSection":["Communaut\u00e9","Toutes les actualit\u00e9s"],"inLanguage":"fr-FR","potentialAction":[{"@type":"CommentAction","name":"Comment","target":["https:\/\/www.africa-press.net\/tchad\/toutes-les-actualites\/au-kanem-une-plateforme-feminine-engagee-pour-la-promotion-de-legalite-et-du-developpement#respond"]}]},{"@type":"WebPage","@id":"https:\/\/www.africa-press.net\/tchad\/toutes-les-actualites\/au-kanem-une-plateforme-feminine-engagee-pour-la-promotion-de-legalite-et-du-developpement","url":"https:\/\/www.africa-press.net\/tchad\/toutes-les-actualites\/au-kanem-une-plateforme-feminine-engagee-pour-la-promotion-de-legalite-et-du-developpement","name":"au Kanem, une plateforme f\u00e9minine engag\u00e9e pour la promotion de l\u2019\u00e9galit\u00e9 et du d\u00e9veloppement - tchad","isPartOf":{"@id":"https:\/\/www.africa-press.net\/tchad\/#website"},"primaryImageOfPage":{"@id":"https:\/\/www.africa-press.net\/tchad\/toutes-les-actualites\/au-kanem-une-plateforme-feminine-engagee-pour-la-promotion-de-legalite-et-du-developpement#primaryimage"},"image":{"@id":"https:\/\/www.africa-press.net\/tchad\/toutes-les-actualites\/au-kanem-une-plateforme-feminine-engagee-pour-la-promotion-de-legalite-et-du-developpement#primaryimage"},"thumbnailUrl":"https:\/\/static.africa-press.net\/tchad\/sites\/41\/2023\/10\/sm_1697460472.641037.jpg","datePublished":"2023-10-16T15:51:44+00:00","dateModified":"2023-10-16T16:18:50+00:00","author":{"@id":"https:\/\/www.africa-press.net\/tchad\/#\/schema\/person\/2b1cf3cd81a31e3cd26889ca66d677f1"},"description":"De\u0300s son arrive\u0301e a\u0300 Rig-Rig, le chef-lieu du de\u0301partement du Kanem-Ouest, la mission de la Plate-forme a rendu visite a ...","breadcrumb":{"@id":"https:\/\/www.africa-press.net\/tchad\/toutes-les-actualites\/au-kanem-une-plateforme-feminine-engagee-pour-la-promotion-de-legalite-et-du-developpement#breadcrumb"},"inLanguage":"fr-FR","potentialAction":[{"@type":"ReadAction","target":["https:\/\/www.africa-press.net\/tchad\/toutes-les-actualites\/au-kanem-une-plateforme-feminine-engagee-pour-la-promotion-de-legalite-et-du-developpement"]}]},{"@type":"ImageObject","inLanguage":"fr-FR","@id":"https:\/\/www.africa-press.net\/tchad\/toutes-les-actualites\/au-kanem-une-plateforme-feminine-engagee-pour-la-promotion-de-legalite-et-du-developpement#primaryimage","url":"https:\/\/static.africa-press.net\/tchad\/sites\/41\/2023\/10\/sm_1697460472.641037.jpg","contentUrl":"https:\/\/static.africa-press.net\/tchad\/sites\/41\/2023\/10\/sm_1697460472.641037.jpg","width":1280,"height":607,"caption":"au Kanem, une plateforme f\u00e9minine engag\u00e9e pour la promotion de l\u2019\u00e9galit\u00e9 et du d\u00e9veloppement"},{"@type":"BreadcrumbList","@id":"https:\/\/www.africa-press.net\/tchad\/toutes-les-actualites\/au-kanem-une-plateforme-feminine-engagee-pour-la-promotion-de-legalite-et-du-developpement#breadcrumb","itemListElement":[{"@type":"ListItem","position":1,"name":"Accueil","item":"https:\/\/www.africa-press.net\/tchad\/"},{"@type":"ListItem","position":2,"name":"au Kanem, une plateforme f\u00e9minine engag\u00e9e pour la promotion de l\u2019\u00e9galit\u00e9 et du d\u00e9veloppement"}]},{"@type":"WebSite","@id":"https:\/\/www.africa-press.net\/tchad\/#website","url":"https:\/\/www.africa-press.net\/tchad\/","name":"tchad","description":"Just another Africa News Agency Sites site","potentialAction":[{"@type":"SearchAction","target":{"@type":"EntryPoint","urlTemplate":"https:\/\/www.africa-press.net\/tchad\/?s={search_term_string}"},"query-input":{"@type":"PropertyValueSpecification","valueRequired":true,"valueName":"search_term_string"}}],"inLanguage":"fr-FR"},{"@type":"Person","@id":"https:\/\/www.africa-press.net\/tchad\/#\/schema\/person\/2b1cf3cd81a31e3cd26889ca66d677f1","name":"cfeditorfr"}]}},"_links":{"self":[{"href":"https:\/\/www.africa-press.net\/tchad\/wp-json\/wp\/v2\/posts\/52388","targetHints":{"allow":["GET"]}}],"collection":[{"href":"https:\/\/www.africa-press.net\/tchad\/wp-json\/wp\/v2\/posts"}],"about":[{"href":"https:\/\/www.africa-press.net\/tchad\/wp-json\/wp\/v2\/types\/post"}],"author":[{"embeddable":true,"href":"https:\/\/www.africa-press.net\/tchad\/wp-json\/wp\/v2\/users\/82"}],"replies":[{"embeddable":true,"href":"https:\/\/www.africa-press.net\/tchad\/wp-json\/wp\/v2\/comments?post=52388"}],"version-history":[{"count":0,"href":"https:\/\/www.africa-press.net\/tchad\/wp-json\/wp\/v2\/posts\/52388\/revisions"}],"wp:featuredmedia":[{"embeddable":true,"href":"https:\/\/www.africa-press.net\/tchad\/wp-json\/wp\/v2\/media\/52387"}],"wp:attachment":[{"href":"https:\/\/www.africa-press.net\/tchad\/wp-json\/wp\/v2\/media?parent=52388"}],"wp:term":[{"taxonomy":"category","embeddable":true,"href":"https:\/\/www.africa-press.net\/tchad\/wp-json\/wp\/v2\/categories?post=52388"},{"taxonomy":"post_tag","embeddable":true,"href":"https:\/\/www.africa-press.net\/tchad\/wp-json\/wp\/v2\/tags?post=52388"}],"curies":[{"name":"wp","href":"https:\/\/api.w.org\/{rel}","templated":true}]}}