{"id":52396,"date":"2023-10-16T15:54:17","date_gmt":"2023-10-16T15:54:17","guid":{"rendered":"https:\/\/www.africa-press.net\/tchad\/politique\/kariari-a-lhonneur-lors-de-la-celebration-de-la-journee-mondiale-de-la-femme-rurale-2023"},"modified":"2023-10-16T16:20:25","modified_gmt":"2023-10-16T16:20:25","slug":"kariari-a-lhonneur-lors-de-la-celebration-de-la-journee-mondiale-de-la-femme-rurale-2023","status":"publish","type":"post","link":"https:\/\/www.africa-press.net\/tchad\/photo\/kariari-a-lhonneur-lors-de-la-celebration-de-la-journee-mondiale-de-la-femme-rurale-2023","title":{"rendered":"Kariari \u00e0 l&rsquo;honneur lors de la c\u00e9l\u00e9bration de la Journ\u00e9e mondiale de la femme rurale 2023"},"content":{"rendered":"<p><span style=\"color: #ff6600\"><strong>Africa-Press &#8211; Tchad. <\/strong><\/span>Le 15 octobre 2023, la province de l&rsquo;Ennedi-Est \u00e0 Kariari a abrit\u00e9 la c\u00e9l\u00e9bration de l&rsquo;\u00e9dition 2023 de la Journ\u00e9e Mondiale de la Femme Rurale. L&rsquo;\u00e9v\u00e9nement a \u00e9t\u00e9 honor\u00e9 par la pr\u00e9sence du gouverneur de la province et de divers responsables locaux.<br \/>\nDans son discours d&rsquo;ouverture, le gouverneur de l&rsquo;Ennedi-Est, Ahmat Kardayo Hissein, a exprime\u0301 sa gratitude pour l&rsquo;organisation de cette e\u0301dition 2023 dans sa province. Il a souligne\u0301 l&rsquo;importance de l&rsquo;autonomisation des femmes en milieu rural et a mis en avant l&rsquo;impact positif des activite\u0301s socio-e\u0301conomiques des femmes sur la qualite\u0301 de vie des communaute\u0301s. Il a rappele\u0301 que le Tchad, avec une population essentiellement rurale (78%), partage les me\u0302mes enjeux que de nombreux pays du monde.<\/p>\n<p>Le gouverneur a rappele\u0301 que le pre\u0301sident de transition s&rsquo;est engage\u0301 a\u0300 faire du Tchad un pays e\u0301mergent en e\u0301liminant les obstacles a\u0300 l&rsquo;e\u0301panouissement des femmes, ouvrant ainsi la voie a\u0300 de nouvelles opportunite\u0301s dans le domaine de l&#8217;emploi et de l&rsquo;entrepreneuriat. L&rsquo;une des priorite\u0301s est de garantir une formation de qualite\u0301 pour les femmes, en particulier celles vivant en milieu rural, afin de re\u0301pondre aux besoins du marche\u0301 de l&#8217;emploi et de l&rsquo;entrepreneuriat.<\/p>\n<p>De son co\u0302te\u0301, la ministre d&rsquo;E\u0301tat, ministre de la Femme, de la Protection de la Petite Enfance et de la Solidarite\u0301 Nationale, Amina Priscille Longoh, a souligne\u0301 l&rsquo;importance de l&rsquo;autonomisation des femmes rurales pour ba\u0302tir un avenir prospe\u0300re, e\u0301quitable et pacifique. Elle a souligne\u0301 que l&rsquo;e\u0301galite\u0301 des sexes, la cre\u0301ation d&#8217;emplois de\u0301cents, la lutte contre la pauvrete\u0301 et la faim, ainsi que le de\u0301veloppement, e\u0301taient des objectifs essentiels lie\u0301s a\u0300 l&rsquo;autonomisation des femmes et des filles en milieu rural.<\/p>\n<p>Les femmes et les filles en milieu rural sont souvent touche\u0301es de manie\u0300re disproportionne\u0301e par la pauvrete\u0301, les ine\u0301galite\u0301s, l&rsquo;exclusion et les effets des changements climatiques. La ministre a insiste\u0301 sur l&rsquo;importance de garantir leurs droits fondamentaux, y compris les droits fonciers, la se\u0301curite\u0301 alimentaire, la protection contre la violence et la discrimination, l&rsquo;acce\u0300s a\u0300 des soins de sante\u0301 de qualite\u0301, y compris en matie\u0300re de sante\u0301 sexuelle et reproductive, et l&rsquo;acce\u0300s a\u0300 une e\u0301ducation abordable et de qualite\u0301.<\/p>\n\r\n                <style type=\"text\/css\">\r\n                    \r\n                    #td_uid_1_69f5bf9614069  .td-doubleSlider-2 .td-item1 {\r\n                        background: url(https:\/\/static.africa-press.net\/tchad\/sites\/41\/2023\/10\/sm_1697460545.294206-80x60.jpg) 0 0 no-repeat;\r\n                    }\r\n                    #td_uid_1_69f5bf9614069  .td-doubleSlider-2 .td-item2 {\r\n                        background: url(https:\/\/static.africa-press.net\/tchad\/sites\/41\/2023\/10\/sm_1697460569.923083-80x60.jpg) 0 0 no-repeat;\r\n                    }\r\n                <\/style>\r\n\r\n                <div id=\"td_uid_1_69f5bf9614069\" class=\"td-gallery td-slide-on-2-columns\">\r\n                    <div class=\"post_td_gallery\">\r\n                        <div class=\"td-gallery-slide-top\">\r\n                           <div class=\"td-gallery-title\"><\/div>\r\n\r\n                            <div class=\"td-gallery-controls-wrapper\">\r\n                                <div class=\"td-gallery-slide-count\"><span class=\"td-gallery-slide-item-focus\">1<\/span> de 2<\/div>\r\n                                <div class=\"td-gallery-slide-prev-next-but\">\r\n                                    <i class = \"td-icon-left doubleSliderPrevButton\"><\/i>\r\n                                    <i class = \"td-icon-right doubleSliderNextButton\"><\/i>\r\n                                <\/div>\r\n                            <\/div>\r\n                        <\/div>\r\n\r\n                        <div class = \"td-doubleSlider-1 \">\r\n                            <div class = \"td-slider\">\r\n                                \r\n                    <div class = \"td-slide-item td-item1\">\r\n                        <figure class=\"td-slide-galery-figure td-slide-popup-gallery\">\r\n                            <a class=\"slide-gallery-image-link\" href=\"https:\/\/static.africa-press.net\/tchad\/sites\/41\/2023\/10\/sm_1697460545.294206.jpg\" title=\"sm_1697460545.294206\"  data-caption=\"\"  data-description=\"\">\r\n                                <img decoding=\"async\" src=\"https:\/\/static.africa-press.net\/tchad\/sites\/41\/2023\/10\/sm_1697460545.294206.jpg\" srcset=\"https:\/\/static.africa-press.net\/tchad\/sites\/41\/2023\/10\/sm_1697460545.294206.jpg 870w, https:\/\/static.africa-press.net\/tchad\/sites\/41\/2023\/10\/sm_1697460545.294206-300x200.jpg 300w, https:\/\/static.africa-press.net\/tchad\/sites\/41\/2023\/10\/sm_1697460545.294206-768x511.jpg 768w\" sizes=\"(max-width: 870px) 100vw, 870px\" alt=\"\">\r\n                            <\/a>\r\n                            \r\n                        <\/figure>\r\n                    <\/div>\r\n                    <div class = \"td-slide-item td-item2\">\r\n                        <figure class=\"td-slide-galery-figure td-slide-popup-gallery\">\r\n                            <a class=\"slide-gallery-image-link\" href=\"https:\/\/static.africa-press.net\/tchad\/sites\/41\/2023\/10\/sm_1697460569.923083.jpg\" title=\"sm_1697460569.923083\"  data-caption=\"\"  data-description=\"\">\r\n                                <img decoding=\"async\" src=\"https:\/\/static.africa-press.net\/tchad\/sites\/41\/2023\/10\/sm_1697460569.923083.jpg\" srcset=\"https:\/\/static.africa-press.net\/tchad\/sites\/41\/2023\/10\/sm_1697460569.923083.jpg 870w, https:\/\/static.africa-press.net\/tchad\/sites\/41\/2023\/10\/sm_1697460569.923083-300x200.jpg 300w, https:\/\/static.africa-press.net\/tchad\/sites\/41\/2023\/10\/sm_1697460569.923083-768x511.jpg 768w\" sizes=\"(max-width: 870px) 100vw, 870px\" alt=\"\">\r\n                            <\/a>\r\n                            \r\n                        <\/figure>\r\n                    <\/div>\r\n                            <\/div>\r\n                        <\/div>\r\n\r\n                        <div class = \"td-doubleSlider-2\">\r\n                            <div class = \"td-slider\">\r\n                                \r\n                    <div class = \"td-button td-item1\">\r\n                        <div class = \"td-border\"><\/div>\r\n                    <\/div>\r\n                    <div class = \"td-button td-item2\">\r\n                        <div class = \"td-border\"><\/div>\r\n                    <\/div>\r\n                            <\/div>\r\n                        <\/div>\r\n\r\n                    <\/div>\r\n\r\n                <\/div>\r\n                \n<p><strong>Pour plus d&rsquo;informations et d&rsquo;analyses sur la <a href=\"https:\/\/www.africa-press.net\/tchad\">Tchad<\/a>, suivez <a href=\"https:\/\/www.africa-press.net\/\">Africa-Press<\/a><\/strong><\/p>\n","protected":false},"excerpt":{"rendered":"<p>Africa-Press &#8211; Tchad. Le 15 octobre 2023, la province de l&rsquo;Ennedi-Est \u00e0 Kariari a abrit\u00e9 la c\u00e9l\u00e9bration de l&rsquo;\u00e9dition 2023 de la Journ\u00e9e Mondiale de la Femme Rurale. L&rsquo;\u00e9v\u00e9nement a \u00e9t\u00e9 honor\u00e9 par la pr\u00e9sence du gouverneur de la province et de divers responsables locaux. Dans son discours d&rsquo;ouverture, le gouverneur de l&rsquo;Ennedi-Est, Ahmat Kardayo [&hellip;]<\/p>\n","protected":false},"author":82,"featured_media":52395,"comment_status":"open","ping_status":"closed","sticky":false,"template":"","format":"standard","meta":{"footnotes":""},"categories":[21,8,10],"tags":[37,292,29],"class_list":["post-52396","post","type-post","status-publish","format-standard","has-post-thumbnail","hentry","category-communaute","category-photo","category-toutes-les-actualites","tag-africa-press","tag-africa-press-tchad","tag-tchad"],"yoast_head":"<!-- This site is optimized with the Yoast SEO Premium plugin v26.1 (Yoast SEO v27.0) - https:\/\/yoast.com\/product\/yoast-seo-premium-wordpress\/ -->\n<title>Kariari \u00e0 l&#039;honneur lors de la c\u00e9l\u00e9bration de la Journ\u00e9e mondiale de la femme rurale 2023 - tchad<\/title>\n<meta name=\"description\" content=\"Le 15 octobre 2023, la province de l&#039;Ennedi-Est a\u0300 Kariari a abrite\u0301 la ce\u0301le\u0301bration de l&#039;e\u0301dition 2023 de la Journe\u0301e Mondia ...\" \/>\n<meta name=\"robots\" content=\"index, follow, max-snippet:-1, max-image-preview:large, max-video-preview:-1\" \/>\n<link rel=\"canonical\" href=\"https:\/\/www.africa-press.net\/tchad\/photo\/kariari-a-lhonneur-lors-de-la-celebration-de-la-journee-mondiale-de-la-femme-rurale-2023\" \/>\n<meta property=\"og:locale\" content=\"fr_FR\" \/>\n<meta property=\"og:type\" content=\"article\" \/>\n<meta property=\"og:title\" content=\"Kariari \u00e0 l&#039;honneur lors de la c\u00e9l\u00e9bration de la Journ\u00e9e mondiale de la femme rurale 2023\" \/>\n<meta property=\"og:description\" content=\"Le 15 octobre 2023, la province de l&#039;Ennedi-Est a\u0300 Kariari a abrite\u0301 la ce\u0301le\u0301bration de l&#039;e\u0301dition 2023 de la Journe\u0301e Mondia ...\" \/>\n<meta property=\"og:url\" content=\"https:\/\/www.africa-press.net\/tchad\/photo\/kariari-a-lhonneur-lors-de-la-celebration-de-la-journee-mondiale-de-la-femme-rurale-2023\" \/>\n<meta property=\"og:site_name\" content=\"tchad\" \/>\n<meta property=\"article:published_time\" content=\"2023-10-16T15:54:17+00:00\" \/>\n<meta property=\"article:modified_time\" content=\"2023-10-16T16:20:25+00:00\" \/>\n<meta property=\"og:image\" content=\"https:\/\/static.africa-press.net\/tchad\/sites\/41\/2023\/10\/sm_1697460586.858451.jpg\" \/>\n\t<meta property=\"og:image:width\" content=\"1080\" \/>\n\t<meta property=\"og:image:height\" content=\"718\" \/>\n\t<meta property=\"og:image:type\" content=\"image\/jpeg\" \/>\n<meta name=\"author\" content=\"cfeditorfr\" \/>\n<meta name=\"twitter:card\" content=\"summary_large_image\" \/>\n<meta name=\"twitter:label1\" content=\"\u00c9crit par\" \/>\n\t<meta name=\"twitter:data1\" content=\"cfeditorfr\" \/>\n\t<meta name=\"twitter:label2\" content=\"Dur\u00e9e de lecture estim\u00e9e\" \/>\n\t<meta name=\"twitter:data2\" content=\"2 minutes\" \/>\n<script type=\"application\/ld+json\" class=\"yoast-schema-graph\">{\"@context\":\"https:\/\/schema.org\",\"@graph\":[{\"@type\":\"Article\",\"@id\":\"https:\/\/www.africa-press.net\/tchad\/photo\/kariari-a-lhonneur-lors-de-la-celebration-de-la-journee-mondiale-de-la-femme-rurale-2023#article\",\"isPartOf\":{\"@id\":\"https:\/\/www.africa-press.net\/tchad\/photo\/kariari-a-lhonneur-lors-de-la-celebration-de-la-journee-mondiale-de-la-femme-rurale-2023\"},\"author\":{\"name\":\"cfeditorfr\",\"@id\":\"https:\/\/www.africa-press.net\/tchad\/#\/schema\/person\/2b1cf3cd81a31e3cd26889ca66d677f1\"},\"headline\":\"Kariari \u00e0 l&rsquo;honneur lors de la c\u00e9l\u00e9bration de la Journ\u00e9e mondiale de la femme rurale 2023\",\"datePublished\":\"2023-10-16T15:54:17+00:00\",\"dateModified\":\"2023-10-16T16:20:25+00:00\",\"mainEntityOfPage\":{\"@id\":\"https:\/\/www.africa-press.net\/tchad\/photo\/kariari-a-lhonneur-lors-de-la-celebration-de-la-journee-mondiale-de-la-femme-rurale-2023\"},\"wordCount\":451,\"commentCount\":0,\"image\":{\"@id\":\"https:\/\/www.africa-press.net\/tchad\/photo\/kariari-a-lhonneur-lors-de-la-celebration-de-la-journee-mondiale-de-la-femme-rurale-2023#primaryimage\"},\"thumbnailUrl\":\"https:\/\/static.africa-press.net\/tchad\/sites\/41\/2023\/10\/sm_1697460586.858451.jpg\",\"keywords\":[\"Africa Press\",\"Africa Press-Tchad\",\"Tchad\"],\"articleSection\":[\"Communaut\u00e9\",\"Photo\",\"Toutes les actualit\u00e9s\"],\"inLanguage\":\"fr-FR\",\"potentialAction\":[{\"@type\":\"CommentAction\",\"name\":\"Comment\",\"target\":[\"https:\/\/www.africa-press.net\/tchad\/photo\/kariari-a-lhonneur-lors-de-la-celebration-de-la-journee-mondiale-de-la-femme-rurale-2023#respond\"]}]},{\"@type\":\"WebPage\",\"@id\":\"https:\/\/www.africa-press.net\/tchad\/photo\/kariari-a-lhonneur-lors-de-la-celebration-de-la-journee-mondiale-de-la-femme-rurale-2023\",\"url\":\"https:\/\/www.africa-press.net\/tchad\/photo\/kariari-a-lhonneur-lors-de-la-celebration-de-la-journee-mondiale-de-la-femme-rurale-2023\",\"name\":\"Kariari \u00e0 l'honneur lors de la c\u00e9l\u00e9bration de la Journ\u00e9e mondiale de la femme rurale 2023 - tchad\",\"isPartOf\":{\"@id\":\"https:\/\/www.africa-press.net\/tchad\/#website\"},\"primaryImageOfPage\":{\"@id\":\"https:\/\/www.africa-press.net\/tchad\/photo\/kariari-a-lhonneur-lors-de-la-celebration-de-la-journee-mondiale-de-la-femme-rurale-2023#primaryimage\"},\"image\":{\"@id\":\"https:\/\/www.africa-press.net\/tchad\/photo\/kariari-a-lhonneur-lors-de-la-celebration-de-la-journee-mondiale-de-la-femme-rurale-2023#primaryimage\"},\"thumbnailUrl\":\"https:\/\/static.africa-press.net\/tchad\/sites\/41\/2023\/10\/sm_1697460586.858451.jpg\",\"datePublished\":\"2023-10-16T15:54:17+00:00\",\"dateModified\":\"2023-10-16T16:20:25+00:00\",\"author\":{\"@id\":\"https:\/\/www.africa-press.net\/tchad\/#\/schema\/person\/2b1cf3cd81a31e3cd26889ca66d677f1\"},\"description\":\"Le 15 octobre 2023, la province de l'Ennedi-Est a\u0300 Kariari a abrite\u0301 la ce\u0301le\u0301bration de l'e\u0301dition 2023 de la Journe\u0301e Mondia ...\",\"breadcrumb\":{\"@id\":\"https:\/\/www.africa-press.net\/tchad\/photo\/kariari-a-lhonneur-lors-de-la-celebration-de-la-journee-mondiale-de-la-femme-rurale-2023#breadcrumb\"},\"inLanguage\":\"fr-FR\",\"potentialAction\":[{\"@type\":\"ReadAction\",\"target\":[\"https:\/\/www.africa-press.net\/tchad\/photo\/kariari-a-lhonneur-lors-de-la-celebration-de-la-journee-mondiale-de-la-femme-rurale-2023\"]}]},{\"@type\":\"ImageObject\",\"inLanguage\":\"fr-FR\",\"@id\":\"https:\/\/www.africa-press.net\/tchad\/photo\/kariari-a-lhonneur-lors-de-la-celebration-de-la-journee-mondiale-de-la-femme-rurale-2023#primaryimage\",\"url\":\"https:\/\/static.africa-press.net\/tchad\/sites\/41\/2023\/10\/sm_1697460586.858451.jpg\",\"contentUrl\":\"https:\/\/static.africa-press.net\/tchad\/sites\/41\/2023\/10\/sm_1697460586.858451.jpg\",\"width\":1080,\"height\":718,\"caption\":\"Kariari \u00e0 l'honneur lors de la c\u00e9l\u00e9bration de la Journ\u00e9e mondiale de la femme rurale 2023\"},{\"@type\":\"BreadcrumbList\",\"@id\":\"https:\/\/www.africa-press.net\/tchad\/photo\/kariari-a-lhonneur-lors-de-la-celebration-de-la-journee-mondiale-de-la-femme-rurale-2023#breadcrumb\",\"itemListElement\":[{\"@type\":\"ListItem\",\"position\":1,\"name\":\"Accueil\",\"item\":\"https:\/\/www.africa-press.net\/tchad\/\"},{\"@type\":\"ListItem\",\"position\":2,\"name\":\"Kariari \u00e0 l&#8217;honneur lors de la c\u00e9l\u00e9bration de la Journ\u00e9e mondiale de la femme rurale 2023\"}]},{\"@type\":\"WebSite\",\"@id\":\"https:\/\/www.africa-press.net\/tchad\/#website\",\"url\":\"https:\/\/www.africa-press.net\/tchad\/\",\"name\":\"tchad\",\"description\":\"Just another Africa News Agency Sites site\",\"potentialAction\":[{\"@type\":\"SearchAction\",\"target\":{\"@type\":\"EntryPoint\",\"urlTemplate\":\"https:\/\/www.africa-press.net\/tchad\/?s={search_term_string}\"},\"query-input\":{\"@type\":\"PropertyValueSpecification\",\"valueRequired\":true,\"valueName\":\"search_term_string\"}}],\"inLanguage\":\"fr-FR\"},{\"@type\":\"Person\",\"@id\":\"https:\/\/www.africa-press.net\/tchad\/#\/schema\/person\/2b1cf3cd81a31e3cd26889ca66d677f1\",\"name\":\"cfeditorfr\"}]}<\/script>\n<!-- \/ Yoast SEO Premium plugin. -->","yoast_head_json":{"title":"Kariari \u00e0 l'honneur lors de la c\u00e9l\u00e9bration de la Journ\u00e9e mondiale de la femme rurale 2023 - tchad","description":"Le 15 octobre 2023, la province de l'Ennedi-Est a\u0300 Kariari a abrite\u0301 la ce\u0301le\u0301bration de l'e\u0301dition 2023 de la Journe\u0301e Mondia ...","robots":{"index":"index","follow":"follow","max-snippet":"max-snippet:-1","max-image-preview":"max-image-preview:large","max-video-preview":"max-video-preview:-1"},"canonical":"https:\/\/www.africa-press.net\/tchad\/photo\/kariari-a-lhonneur-lors-de-la-celebration-de-la-journee-mondiale-de-la-femme-rurale-2023","og_locale":"fr_FR","og_type":"article","og_title":"Kariari \u00e0 l'honneur lors de la c\u00e9l\u00e9bration de la Journ\u00e9e mondiale de la femme rurale 2023","og_description":"Le 15 octobre 2023, la province de l'Ennedi-Est a\u0300 Kariari a abrite\u0301 la ce\u0301le\u0301bration de l'e\u0301dition 2023 de la Journe\u0301e Mondia ...","og_url":"https:\/\/www.africa-press.net\/tchad\/photo\/kariari-a-lhonneur-lors-de-la-celebration-de-la-journee-mondiale-de-la-femme-rurale-2023","og_site_name":"tchad","article_published_time":"2023-10-16T15:54:17+00:00","article_modified_time":"2023-10-16T16:20:25+00:00","og_image":[{"width":1080,"height":718,"url":"https:\/\/static.africa-press.net\/tchad\/sites\/41\/2023\/10\/sm_1697460586.858451.jpg","type":"image\/jpeg"}],"author":"cfeditorfr","twitter_card":"summary_large_image","twitter_misc":{"\u00c9crit par":"cfeditorfr","Dur\u00e9e de lecture estim\u00e9e":"2 minutes"},"schema":{"@context":"https:\/\/schema.org","@graph":[{"@type":"Article","@id":"https:\/\/www.africa-press.net\/tchad\/photo\/kariari-a-lhonneur-lors-de-la-celebration-de-la-journee-mondiale-de-la-femme-rurale-2023#article","isPartOf":{"@id":"https:\/\/www.africa-press.net\/tchad\/photo\/kariari-a-lhonneur-lors-de-la-celebration-de-la-journee-mondiale-de-la-femme-rurale-2023"},"author":{"name":"cfeditorfr","@id":"https:\/\/www.africa-press.net\/tchad\/#\/schema\/person\/2b1cf3cd81a31e3cd26889ca66d677f1"},"headline":"Kariari \u00e0 l&rsquo;honneur lors de la c\u00e9l\u00e9bration de la Journ\u00e9e mondiale de la femme rurale 2023","datePublished":"2023-10-16T15:54:17+00:00","dateModified":"2023-10-16T16:20:25+00:00","mainEntityOfPage":{"@id":"https:\/\/www.africa-press.net\/tchad\/photo\/kariari-a-lhonneur-lors-de-la-celebration-de-la-journee-mondiale-de-la-femme-rurale-2023"},"wordCount":451,"commentCount":0,"image":{"@id":"https:\/\/www.africa-press.net\/tchad\/photo\/kariari-a-lhonneur-lors-de-la-celebration-de-la-journee-mondiale-de-la-femme-rurale-2023#primaryimage"},"thumbnailUrl":"https:\/\/static.africa-press.net\/tchad\/sites\/41\/2023\/10\/sm_1697460586.858451.jpg","keywords":["Africa Press","Africa Press-Tchad","Tchad"],"articleSection":["Communaut\u00e9","Photo","Toutes les actualit\u00e9s"],"inLanguage":"fr-FR","potentialAction":[{"@type":"CommentAction","name":"Comment","target":["https:\/\/www.africa-press.net\/tchad\/photo\/kariari-a-lhonneur-lors-de-la-celebration-de-la-journee-mondiale-de-la-femme-rurale-2023#respond"]}]},{"@type":"WebPage","@id":"https:\/\/www.africa-press.net\/tchad\/photo\/kariari-a-lhonneur-lors-de-la-celebration-de-la-journee-mondiale-de-la-femme-rurale-2023","url":"https:\/\/www.africa-press.net\/tchad\/photo\/kariari-a-lhonneur-lors-de-la-celebration-de-la-journee-mondiale-de-la-femme-rurale-2023","name":"Kariari \u00e0 l'honneur lors de la c\u00e9l\u00e9bration de la Journ\u00e9e mondiale de la femme rurale 2023 - tchad","isPartOf":{"@id":"https:\/\/www.africa-press.net\/tchad\/#website"},"primaryImageOfPage":{"@id":"https:\/\/www.africa-press.net\/tchad\/photo\/kariari-a-lhonneur-lors-de-la-celebration-de-la-journee-mondiale-de-la-femme-rurale-2023#primaryimage"},"image":{"@id":"https:\/\/www.africa-press.net\/tchad\/photo\/kariari-a-lhonneur-lors-de-la-celebration-de-la-journee-mondiale-de-la-femme-rurale-2023#primaryimage"},"thumbnailUrl":"https:\/\/static.africa-press.net\/tchad\/sites\/41\/2023\/10\/sm_1697460586.858451.jpg","datePublished":"2023-10-16T15:54:17+00:00","dateModified":"2023-10-16T16:20:25+00:00","author":{"@id":"https:\/\/www.africa-press.net\/tchad\/#\/schema\/person\/2b1cf3cd81a31e3cd26889ca66d677f1"},"description":"Le 15 octobre 2023, la province de l'Ennedi-Est a\u0300 Kariari a abrite\u0301 la ce\u0301le\u0301bration de l'e\u0301dition 2023 de la Journe\u0301e Mondia ...","breadcrumb":{"@id":"https:\/\/www.africa-press.net\/tchad\/photo\/kariari-a-lhonneur-lors-de-la-celebration-de-la-journee-mondiale-de-la-femme-rurale-2023#breadcrumb"},"inLanguage":"fr-FR","potentialAction":[{"@type":"ReadAction","target":["https:\/\/www.africa-press.net\/tchad\/photo\/kariari-a-lhonneur-lors-de-la-celebration-de-la-journee-mondiale-de-la-femme-rurale-2023"]}]},{"@type":"ImageObject","inLanguage":"fr-FR","@id":"https:\/\/www.africa-press.net\/tchad\/photo\/kariari-a-lhonneur-lors-de-la-celebration-de-la-journee-mondiale-de-la-femme-rurale-2023#primaryimage","url":"https:\/\/static.africa-press.net\/tchad\/sites\/41\/2023\/10\/sm_1697460586.858451.jpg","contentUrl":"https:\/\/static.africa-press.net\/tchad\/sites\/41\/2023\/10\/sm_1697460586.858451.jpg","width":1080,"height":718,"caption":"Kariari \u00e0 l'honneur lors de la c\u00e9l\u00e9bration de la Journ\u00e9e mondiale de la femme rurale 2023"},{"@type":"BreadcrumbList","@id":"https:\/\/www.africa-press.net\/tchad\/photo\/kariari-a-lhonneur-lors-de-la-celebration-de-la-journee-mondiale-de-la-femme-rurale-2023#breadcrumb","itemListElement":[{"@type":"ListItem","position":1,"name":"Accueil","item":"https:\/\/www.africa-press.net\/tchad\/"},{"@type":"ListItem","position":2,"name":"Kariari \u00e0 l&#8217;honneur lors de la c\u00e9l\u00e9bration de la Journ\u00e9e mondiale de la femme rurale 2023"}]},{"@type":"WebSite","@id":"https:\/\/www.africa-press.net\/tchad\/#website","url":"https:\/\/www.africa-press.net\/tchad\/","name":"tchad","description":"Just another Africa News Agency Sites site","potentialAction":[{"@type":"SearchAction","target":{"@type":"EntryPoint","urlTemplate":"https:\/\/www.africa-press.net\/tchad\/?s={search_term_string}"},"query-input":{"@type":"PropertyValueSpecification","valueRequired":true,"valueName":"search_term_string"}}],"inLanguage":"fr-FR"},{"@type":"Person","@id":"https:\/\/www.africa-press.net\/tchad\/#\/schema\/person\/2b1cf3cd81a31e3cd26889ca66d677f1","name":"cfeditorfr"}]}},"_links":{"self":[{"href":"https:\/\/www.africa-press.net\/tchad\/wp-json\/wp\/v2\/posts\/52396","targetHints":{"allow":["GET"]}}],"collection":[{"href":"https:\/\/www.africa-press.net\/tchad\/wp-json\/wp\/v2\/posts"}],"about":[{"href":"https:\/\/www.africa-press.net\/tchad\/wp-json\/wp\/v2\/types\/post"}],"author":[{"embeddable":true,"href":"https:\/\/www.africa-press.net\/tchad\/wp-json\/wp\/v2\/users\/82"}],"replies":[{"embeddable":true,"href":"https:\/\/www.africa-press.net\/tchad\/wp-json\/wp\/v2\/comments?post=52396"}],"version-history":[{"count":0,"href":"https:\/\/www.africa-press.net\/tchad\/wp-json\/wp\/v2\/posts\/52396\/revisions"}],"wp:featuredmedia":[{"embeddable":true,"href":"https:\/\/www.africa-press.net\/tchad\/wp-json\/wp\/v2\/media\/52395"}],"wp:attachment":[{"href":"https:\/\/www.africa-press.net\/tchad\/wp-json\/wp\/v2\/media?parent=52396"}],"wp:term":[{"taxonomy":"category","embeddable":true,"href":"https:\/\/www.africa-press.net\/tchad\/wp-json\/wp\/v2\/categories?post=52396"},{"taxonomy":"post_tag","embeddable":true,"href":"https:\/\/www.africa-press.net\/tchad\/wp-json\/wp\/v2\/tags?post=52396"}],"curies":[{"name":"wp","href":"https:\/\/api.w.org\/{rel}","templated":true}]}}