{"id":52405,"date":"2023-10-16T15:55:59","date_gmt":"2023-10-16T15:55:59","guid":{"rendered":"https:\/\/www.africa-press.net\/tchad\/politique\/le-ministre-des-affaires-etrangeres-en-visite-de-travail-en-algerie"},"modified":"2023-10-16T16:21:45","modified_gmt":"2023-10-16T16:21:45","slug":"le-ministre-des-affaires-etrangeres-en-visite-de-travail-en-algerie","status":"publish","type":"post","link":"https:\/\/www.africa-press.net\/tchad\/politique\/le-ministre-des-affaires-etrangeres-en-visite-de-travail-en-algerie","title":{"rendered":"Le ministre des Affaires Etrang\u00e8res en visite de travail en Alg\u00e9rie"},"content":{"rendered":"<p><span style=\"color: #ff6600\"><strong>Africa-Press &#8211; Tchad. <\/strong><\/span>Le ministre des Affaires Etrange\u0300res, des Tchadiens de l&rsquo;Etranger et de la Coope\u0301ration Internationale, l&rsquo;ambassadeur Mahamat Saleh Annadif se trouve depuis dimanche, 15 octobre 2023 a\u0300 Alger \u00ab sur invitation de son colle\u0300gue Alge\u0301rien \u00bb, a annonce\u0301 son ministe\u0300re dans un communique\u0301.<\/p>\n<p>\u00ab Le ministre d&rsquo;Etat prendra part du 16 au 18 octobre courant, a\u0300 la 20e\u0300me re\u0301union des Ministres des Affaires Etrange\u0300res des pays africains et nordiques \u00bb.<\/p>\n<p>Selon le ministe\u0300re tchadien des affaires e\u0301trange\u0300res, \u00ab cette rencontre vise a\u0300 renforcer le dialogue et la coope\u0301ration entre les pays africains et nordiques sur un large e\u0301ventail de questions relatives a\u0300 la paix et a\u0300 la se\u0301curite\u0301 internationales, au de\u0301veloppement durable et aux partenariats \u00bb.<\/p>\n<p>Dans cette visite de travail \u00ab le ministre d&rsquo;Etat est accompagne\u0301 dans ce de\u0301placement du Directeur Ge\u0301ne\u0301ral Afrique et Inte\u0301gration africaine, Monsieur Kourma Abakar Kourma et de Madame Ngarbatinan Solalta, Directrice Ge\u0301ne\u0301rale, Europe- Ame\u0301rique-Carai\u0308bes au Ministe\u0300re des Affaires Etrange\u0300res, des Tchadiens de l\u2019Etranger et de la Coope\u0301ration Internationale \u00bb.<\/p>\n<p><strong>Pour plus d&rsquo;informations et d&rsquo;analyses sur la <a href=\"https:\/\/www.africa-press.net\/tchad\">Tchad<\/a>, suivez <a href=\"https:\/\/www.africa-press.net\/\">Africa-Press<\/a><\/strong><\/p>\n","protected":false},"excerpt":{"rendered":"<p>Africa-Press &#8211; Tchad. Le ministre des Affaires Etrange\u0300res, des Tchadiens de l&rsquo;Etranger et de la Coope\u0301ration Internationale, l&rsquo;ambassadeur Mahamat Saleh Annadif se trouve depuis dimanche, 15 octobre 2023 a\u0300 Alger \u00ab sur invitation de son colle\u0300gue Alge\u0301rien \u00bb, a annonce\u0301 son ministe\u0300re dans un communique\u0301. \u00ab Le ministre d&rsquo;Etat prendra part du 16 au 18 [&hellip;]<\/p>\n","protected":false},"author":82,"featured_media":52403,"comment_status":"open","ping_status":"closed","sticky":false,"template":"","format":"standard","meta":{"footnotes":""},"categories":[2,20,10],"tags":[37,292,29],"class_list":["post-52405","post","type-post","status-publish","format-standard","has-post-thumbnail","hentry","category-politique","category-top-nouvelles","category-toutes-les-actualites","tag-africa-press","tag-africa-press-tchad","tag-tchad"],"yoast_head":"<!-- This site is optimized with the Yoast SEO Premium plugin v26.1 (Yoast SEO v27.0) - https:\/\/yoast.com\/product\/yoast-seo-premium-wordpress\/ -->\n<title>Le ministre des Affaires Etrang\u00e8res en visite de travail en Alg\u00e9rie - tchad<\/title>\n<meta name=\"description\" content=\"Le ministre des Affaires Etrange\u0300res, des Tchadiens de l&#039;Etranger et de la Coope\u0301ration Internationale, l&#039;ambassadeur Ma ...\" \/>\n<meta name=\"robots\" content=\"index, follow, max-snippet:-1, max-image-preview:large, max-video-preview:-1\" \/>\n<link rel=\"canonical\" href=\"https:\/\/www.africa-press.net\/tchad\/politique\/le-ministre-des-affaires-etrangeres-en-visite-de-travail-en-algerie\" \/>\n<meta property=\"og:locale\" content=\"fr_FR\" \/>\n<meta property=\"og:type\" content=\"article\" \/>\n<meta property=\"og:title\" content=\"Le ministre des Affaires Etrang\u00e8res en visite de travail en Alg\u00e9rie\" \/>\n<meta property=\"og:description\" content=\"Le ministre des Affaires Etrange\u0300res, des Tchadiens de l&#039;Etranger et de la Coope\u0301ration Internationale, l&#039;ambassadeur Ma ...\" \/>\n<meta property=\"og:url\" content=\"https:\/\/www.africa-press.net\/tchad\/politique\/le-ministre-des-affaires-etrangeres-en-visite-de-travail-en-algerie\" \/>\n<meta property=\"og:site_name\" content=\"tchad\" \/>\n<meta property=\"article:published_time\" content=\"2023-10-16T15:55:59+00:00\" \/>\n<meta property=\"article:modified_time\" content=\"2023-10-16T16:21:45+00:00\" \/>\n<meta property=\"og:image\" content=\"https:\/\/static.africa-press.net\/tchad\/sites\/41\/2023\/10\/sm_1697460673.760477.jpg\" \/>\n\t<meta property=\"og:image:width\" content=\"1600\" \/>\n\t<meta property=\"og:image:height\" content=\"1068\" \/>\n\t<meta property=\"og:image:type\" content=\"image\/jpeg\" \/>\n<meta name=\"author\" content=\"cfeditorfr\" \/>\n<meta name=\"twitter:card\" content=\"summary_large_image\" \/>\n<meta name=\"twitter:label1\" content=\"\u00c9crit par\" \/>\n\t<meta name=\"twitter:data1\" content=\"cfeditorfr\" \/>\n\t<meta name=\"twitter:label2\" content=\"Dur\u00e9e de lecture estim\u00e9e\" \/>\n\t<meta name=\"twitter:data2\" content=\"1 minute\" \/>\n<script type=\"application\/ld+json\" class=\"yoast-schema-graph\">{\"@context\":\"https:\/\/schema.org\",\"@graph\":[{\"@type\":\"Article\",\"@id\":\"https:\/\/www.africa-press.net\/tchad\/politique\/le-ministre-des-affaires-etrangeres-en-visite-de-travail-en-algerie#article\",\"isPartOf\":{\"@id\":\"https:\/\/www.africa-press.net\/tchad\/politique\/le-ministre-des-affaires-etrangeres-en-visite-de-travail-en-algerie\"},\"author\":{\"name\":\"cfeditorfr\",\"@id\":\"https:\/\/www.africa-press.net\/tchad\/#\/schema\/person\/2b1cf3cd81a31e3cd26889ca66d677f1\"},\"headline\":\"Le ministre des Affaires Etrang\u00e8res en visite de travail en Alg\u00e9rie\",\"datePublished\":\"2023-10-16T15:55:59+00:00\",\"dateModified\":\"2023-10-16T16:21:45+00:00\",\"mainEntityOfPage\":{\"@id\":\"https:\/\/www.africa-press.net\/tchad\/politique\/le-ministre-des-affaires-etrangeres-en-visite-de-travail-en-algerie\"},\"wordCount\":211,\"commentCount\":0,\"image\":{\"@id\":\"https:\/\/www.africa-press.net\/tchad\/politique\/le-ministre-des-affaires-etrangeres-en-visite-de-travail-en-algerie#primaryimage\"},\"thumbnailUrl\":\"https:\/\/static.africa-press.net\/tchad\/sites\/41\/2023\/10\/sm_1697460673.760477.jpg\",\"keywords\":[\"Africa Press\",\"Africa Press-Tchad\",\"Tchad\"],\"articleSection\":[\"Politique\",\"Top Nouvelles\",\"Toutes les actualit\u00e9s\"],\"inLanguage\":\"fr-FR\",\"potentialAction\":[{\"@type\":\"CommentAction\",\"name\":\"Comment\",\"target\":[\"https:\/\/www.africa-press.net\/tchad\/politique\/le-ministre-des-affaires-etrangeres-en-visite-de-travail-en-algerie#respond\"]}]},{\"@type\":\"WebPage\",\"@id\":\"https:\/\/www.africa-press.net\/tchad\/politique\/le-ministre-des-affaires-etrangeres-en-visite-de-travail-en-algerie\",\"url\":\"https:\/\/www.africa-press.net\/tchad\/politique\/le-ministre-des-affaires-etrangeres-en-visite-de-travail-en-algerie\",\"name\":\"Le ministre des Affaires Etrang\u00e8res en visite de travail en Alg\u00e9rie - tchad\",\"isPartOf\":{\"@id\":\"https:\/\/www.africa-press.net\/tchad\/#website\"},\"primaryImageOfPage\":{\"@id\":\"https:\/\/www.africa-press.net\/tchad\/politique\/le-ministre-des-affaires-etrangeres-en-visite-de-travail-en-algerie#primaryimage\"},\"image\":{\"@id\":\"https:\/\/www.africa-press.net\/tchad\/politique\/le-ministre-des-affaires-etrangeres-en-visite-de-travail-en-algerie#primaryimage\"},\"thumbnailUrl\":\"https:\/\/static.africa-press.net\/tchad\/sites\/41\/2023\/10\/sm_1697460673.760477.jpg\",\"datePublished\":\"2023-10-16T15:55:59+00:00\",\"dateModified\":\"2023-10-16T16:21:45+00:00\",\"author\":{\"@id\":\"https:\/\/www.africa-press.net\/tchad\/#\/schema\/person\/2b1cf3cd81a31e3cd26889ca66d677f1\"},\"description\":\"Le ministre des Affaires Etrange\u0300res, des Tchadiens de l'Etranger et de la Coope\u0301ration Internationale, l'ambassadeur Ma ...\",\"breadcrumb\":{\"@id\":\"https:\/\/www.africa-press.net\/tchad\/politique\/le-ministre-des-affaires-etrangeres-en-visite-de-travail-en-algerie#breadcrumb\"},\"inLanguage\":\"fr-FR\",\"potentialAction\":[{\"@type\":\"ReadAction\",\"target\":[\"https:\/\/www.africa-press.net\/tchad\/politique\/le-ministre-des-affaires-etrangeres-en-visite-de-travail-en-algerie\"]}]},{\"@type\":\"ImageObject\",\"inLanguage\":\"fr-FR\",\"@id\":\"https:\/\/www.africa-press.net\/tchad\/politique\/le-ministre-des-affaires-etrangeres-en-visite-de-travail-en-algerie#primaryimage\",\"url\":\"https:\/\/static.africa-press.net\/tchad\/sites\/41\/2023\/10\/sm_1697460673.760477.jpg\",\"contentUrl\":\"https:\/\/static.africa-press.net\/tchad\/sites\/41\/2023\/10\/sm_1697460673.760477.jpg\",\"width\":1600,\"height\":1068,\"caption\":\"Le ministre des Affaires Etrang\u00e8res en visite de travail en Alg\u00e9rie\"},{\"@type\":\"BreadcrumbList\",\"@id\":\"https:\/\/www.africa-press.net\/tchad\/politique\/le-ministre-des-affaires-etrangeres-en-visite-de-travail-en-algerie#breadcrumb\",\"itemListElement\":[{\"@type\":\"ListItem\",\"position\":1,\"name\":\"Accueil\",\"item\":\"https:\/\/www.africa-press.net\/tchad\/\"},{\"@type\":\"ListItem\",\"position\":2,\"name\":\"Le ministre des Affaires Etrang\u00e8res en visite de travail en Alg\u00e9rie\"}]},{\"@type\":\"WebSite\",\"@id\":\"https:\/\/www.africa-press.net\/tchad\/#website\",\"url\":\"https:\/\/www.africa-press.net\/tchad\/\",\"name\":\"tchad\",\"description\":\"Just another Africa News Agency Sites site\",\"potentialAction\":[{\"@type\":\"SearchAction\",\"target\":{\"@type\":\"EntryPoint\",\"urlTemplate\":\"https:\/\/www.africa-press.net\/tchad\/?s={search_term_string}\"},\"query-input\":{\"@type\":\"PropertyValueSpecification\",\"valueRequired\":true,\"valueName\":\"search_term_string\"}}],\"inLanguage\":\"fr-FR\"},{\"@type\":\"Person\",\"@id\":\"https:\/\/www.africa-press.net\/tchad\/#\/schema\/person\/2b1cf3cd81a31e3cd26889ca66d677f1\",\"name\":\"cfeditorfr\"}]}<\/script>\n<!-- \/ Yoast SEO Premium plugin. -->","yoast_head_json":{"title":"Le ministre des Affaires Etrang\u00e8res en visite de travail en Alg\u00e9rie - tchad","description":"Le ministre des Affaires Etrange\u0300res, des Tchadiens de l'Etranger et de la Coope\u0301ration Internationale, l'ambassadeur Ma ...","robots":{"index":"index","follow":"follow","max-snippet":"max-snippet:-1","max-image-preview":"max-image-preview:large","max-video-preview":"max-video-preview:-1"},"canonical":"https:\/\/www.africa-press.net\/tchad\/politique\/le-ministre-des-affaires-etrangeres-en-visite-de-travail-en-algerie","og_locale":"fr_FR","og_type":"article","og_title":"Le ministre des Affaires Etrang\u00e8res en visite de travail en Alg\u00e9rie","og_description":"Le ministre des Affaires Etrange\u0300res, des Tchadiens de l'Etranger et de la Coope\u0301ration Internationale, l'ambassadeur Ma ...","og_url":"https:\/\/www.africa-press.net\/tchad\/politique\/le-ministre-des-affaires-etrangeres-en-visite-de-travail-en-algerie","og_site_name":"tchad","article_published_time":"2023-10-16T15:55:59+00:00","article_modified_time":"2023-10-16T16:21:45+00:00","og_image":[{"width":1600,"height":1068,"url":"https:\/\/static.africa-press.net\/tchad\/sites\/41\/2023\/10\/sm_1697460673.760477.jpg","type":"image\/jpeg"}],"author":"cfeditorfr","twitter_card":"summary_large_image","twitter_misc":{"\u00c9crit par":"cfeditorfr","Dur\u00e9e de lecture estim\u00e9e":"1 minute"},"schema":{"@context":"https:\/\/schema.org","@graph":[{"@type":"Article","@id":"https:\/\/www.africa-press.net\/tchad\/politique\/le-ministre-des-affaires-etrangeres-en-visite-de-travail-en-algerie#article","isPartOf":{"@id":"https:\/\/www.africa-press.net\/tchad\/politique\/le-ministre-des-affaires-etrangeres-en-visite-de-travail-en-algerie"},"author":{"name":"cfeditorfr","@id":"https:\/\/www.africa-press.net\/tchad\/#\/schema\/person\/2b1cf3cd81a31e3cd26889ca66d677f1"},"headline":"Le ministre des Affaires Etrang\u00e8res en visite de travail en Alg\u00e9rie","datePublished":"2023-10-16T15:55:59+00:00","dateModified":"2023-10-16T16:21:45+00:00","mainEntityOfPage":{"@id":"https:\/\/www.africa-press.net\/tchad\/politique\/le-ministre-des-affaires-etrangeres-en-visite-de-travail-en-algerie"},"wordCount":211,"commentCount":0,"image":{"@id":"https:\/\/www.africa-press.net\/tchad\/politique\/le-ministre-des-affaires-etrangeres-en-visite-de-travail-en-algerie#primaryimage"},"thumbnailUrl":"https:\/\/static.africa-press.net\/tchad\/sites\/41\/2023\/10\/sm_1697460673.760477.jpg","keywords":["Africa Press","Africa Press-Tchad","Tchad"],"articleSection":["Politique","Top Nouvelles","Toutes les actualit\u00e9s"],"inLanguage":"fr-FR","potentialAction":[{"@type":"CommentAction","name":"Comment","target":["https:\/\/www.africa-press.net\/tchad\/politique\/le-ministre-des-affaires-etrangeres-en-visite-de-travail-en-algerie#respond"]}]},{"@type":"WebPage","@id":"https:\/\/www.africa-press.net\/tchad\/politique\/le-ministre-des-affaires-etrangeres-en-visite-de-travail-en-algerie","url":"https:\/\/www.africa-press.net\/tchad\/politique\/le-ministre-des-affaires-etrangeres-en-visite-de-travail-en-algerie","name":"Le ministre des Affaires Etrang\u00e8res en visite de travail en Alg\u00e9rie - tchad","isPartOf":{"@id":"https:\/\/www.africa-press.net\/tchad\/#website"},"primaryImageOfPage":{"@id":"https:\/\/www.africa-press.net\/tchad\/politique\/le-ministre-des-affaires-etrangeres-en-visite-de-travail-en-algerie#primaryimage"},"image":{"@id":"https:\/\/www.africa-press.net\/tchad\/politique\/le-ministre-des-affaires-etrangeres-en-visite-de-travail-en-algerie#primaryimage"},"thumbnailUrl":"https:\/\/static.africa-press.net\/tchad\/sites\/41\/2023\/10\/sm_1697460673.760477.jpg","datePublished":"2023-10-16T15:55:59+00:00","dateModified":"2023-10-16T16:21:45+00:00","author":{"@id":"https:\/\/www.africa-press.net\/tchad\/#\/schema\/person\/2b1cf3cd81a31e3cd26889ca66d677f1"},"description":"Le ministre des Affaires Etrange\u0300res, des Tchadiens de l'Etranger et de la Coope\u0301ration Internationale, l'ambassadeur Ma ...","breadcrumb":{"@id":"https:\/\/www.africa-press.net\/tchad\/politique\/le-ministre-des-affaires-etrangeres-en-visite-de-travail-en-algerie#breadcrumb"},"inLanguage":"fr-FR","potentialAction":[{"@type":"ReadAction","target":["https:\/\/www.africa-press.net\/tchad\/politique\/le-ministre-des-affaires-etrangeres-en-visite-de-travail-en-algerie"]}]},{"@type":"ImageObject","inLanguage":"fr-FR","@id":"https:\/\/www.africa-press.net\/tchad\/politique\/le-ministre-des-affaires-etrangeres-en-visite-de-travail-en-algerie#primaryimage","url":"https:\/\/static.africa-press.net\/tchad\/sites\/41\/2023\/10\/sm_1697460673.760477.jpg","contentUrl":"https:\/\/static.africa-press.net\/tchad\/sites\/41\/2023\/10\/sm_1697460673.760477.jpg","width":1600,"height":1068,"caption":"Le ministre des Affaires Etrang\u00e8res en visite de travail en Alg\u00e9rie"},{"@type":"BreadcrumbList","@id":"https:\/\/www.africa-press.net\/tchad\/politique\/le-ministre-des-affaires-etrangeres-en-visite-de-travail-en-algerie#breadcrumb","itemListElement":[{"@type":"ListItem","position":1,"name":"Accueil","item":"https:\/\/www.africa-press.net\/tchad\/"},{"@type":"ListItem","position":2,"name":"Le ministre des Affaires Etrang\u00e8res en visite de travail en Alg\u00e9rie"}]},{"@type":"WebSite","@id":"https:\/\/www.africa-press.net\/tchad\/#website","url":"https:\/\/www.africa-press.net\/tchad\/","name":"tchad","description":"Just another Africa News Agency Sites site","potentialAction":[{"@type":"SearchAction","target":{"@type":"EntryPoint","urlTemplate":"https:\/\/www.africa-press.net\/tchad\/?s={search_term_string}"},"query-input":{"@type":"PropertyValueSpecification","valueRequired":true,"valueName":"search_term_string"}}],"inLanguage":"fr-FR"},{"@type":"Person","@id":"https:\/\/www.africa-press.net\/tchad\/#\/schema\/person\/2b1cf3cd81a31e3cd26889ca66d677f1","name":"cfeditorfr"}]}},"_links":{"self":[{"href":"https:\/\/www.africa-press.net\/tchad\/wp-json\/wp\/v2\/posts\/52405","targetHints":{"allow":["GET"]}}],"collection":[{"href":"https:\/\/www.africa-press.net\/tchad\/wp-json\/wp\/v2\/posts"}],"about":[{"href":"https:\/\/www.africa-press.net\/tchad\/wp-json\/wp\/v2\/types\/post"}],"author":[{"embeddable":true,"href":"https:\/\/www.africa-press.net\/tchad\/wp-json\/wp\/v2\/users\/82"}],"replies":[{"embeddable":true,"href":"https:\/\/www.africa-press.net\/tchad\/wp-json\/wp\/v2\/comments?post=52405"}],"version-history":[{"count":0,"href":"https:\/\/www.africa-press.net\/tchad\/wp-json\/wp\/v2\/posts\/52405\/revisions"}],"wp:featuredmedia":[{"embeddable":true,"href":"https:\/\/www.africa-press.net\/tchad\/wp-json\/wp\/v2\/media\/52403"}],"wp:attachment":[{"href":"https:\/\/www.africa-press.net\/tchad\/wp-json\/wp\/v2\/media?parent=52405"}],"wp:term":[{"taxonomy":"category","embeddable":true,"href":"https:\/\/www.africa-press.net\/tchad\/wp-json\/wp\/v2\/categories?post=52405"},{"taxonomy":"post_tag","embeddable":true,"href":"https:\/\/www.africa-press.net\/tchad\/wp-json\/wp\/v2\/tags?post=52405"}],"curies":[{"name":"wp","href":"https:\/\/api.w.org\/{rel}","templated":true}]}}