{"id":52413,"date":"2023-10-16T15:58:29","date_gmt":"2023-10-16T15:58:29","guid":{"rendered":"https:\/\/www.africa-press.net\/tchad\/politique\/journee-internationale-de-lalimentation-et-defis-lies-a-la-gestion-de-leau"},"modified":"2023-10-16T16:22:59","modified_gmt":"2023-10-16T16:22:59","slug":"journee-internationale-de-lalimentation-et-defis-lies-a-la-gestion-de-leau","status":"publish","type":"post","link":"https:\/\/www.africa-press.net\/tchad\/toutes-les-actualites\/journee-internationale-de-lalimentation-et-defis-lies-a-la-gestion-de-leau","title":{"rendered":"Journ\u00e9e internationale de l&rsquo;alimentation et d\u00e9fis li\u00e9s \u00e0 la gestion de l&rsquo;eau"},"content":{"rendered":"<p><span style=\"color: #ff6600\"><strong>Africa-Press &#8211; Tchad. <\/strong><\/span>Le ministe\u0300re de la Production et de la Transformation agricole, en partenariat avec la FAO, a ce\u0301le\u0301bre\u0301 la Journe\u0301e internationale de l&rsquo;alimentation. C&rsquo;e\u0301tait ce lundi 16 octobre a\u0300 Radison Blu Ho\u0302tel de Ndjamena.<\/p>\n<p>Le the\u0300me de la journe\u0301e, \u00ab l&rsquo;eau c&rsquo;est la vie, l&rsquo;eau nous nourrit, ne laisser personne de co\u0302te\u0301 \u00bb, constitue un message re\u0301ve\u0301lateur fort qui interpelle tous les acteurs du monde a\u0300 changer la manie\u0300re d&rsquo;utilisation et de gestion de l&rsquo;eau.<\/p>\n<p>Au niveau national, le Tchad dispose d&rsquo;un potentiel conside\u0301rable pour assurer une production en eau conse\u0301quente, afin de re\u0301pondre aux besoins de la population. \u00ab Compte tenu de tout cela, les de\u0301fis sont nombreux afin d&rsquo;atteindre la se\u0301curite\u0301 alimentaire et nutritionnelle au Tchad \u00bb, a de\u0301clare\u0301 le ministre d&rsquo;Etat, ministre de la Production et de la Transformation agricole, Laoukein K. Me\u0301dard.<\/p>\n<p>Selon lui, la politique du gouvernement de la Re\u0301publique du Tchad, contre l&rsquo;inse\u0301curite\u0301 alimentaire et nutritionnelle, est fonde\u0301e sur la mai\u0302trise de l&rsquo;eau. Cependant, il faut souligner que le cycle de se\u0301cheresses re\u0301currentes, que le Tchad a connues depuis plusieurs de\u0301cennies, a rendu la production agricole particulie\u0300rement vulne\u0301rable et ale\u0301atoire, a-t-il soutenu.<\/p>\n<p>L&rsquo;autre aspect mis au point par le ministre d&rsquo;Etat, ministre de la Production et de la Transformation agricole, Laoukein K. Me\u0301dard, est la concurrence croissante entre les agriculteurs et les e\u0301leveurs.<\/p>\n<p>Pour lui, en se de\u0301plac\u0327ant d&rsquo;un endroit a\u0300 un autre, les e\u0301leveurs ont besoin de l&rsquo;eau pour leur be\u0301tail, mais les agriculteurs ne sont pas toujours disponibles a\u0300 partager leurs ressources en eau de\u0301ja\u0300 limite\u0301es. C&rsquo;est l&rsquo;une des causes de conflits entre agriculteurs et e\u0301leveurs.<\/p>\n<p>Le changement climatique, avec ses conse\u0301quences, le de\u0301ficit pluviome\u0301trique, les inondations et les se\u0301cheresses, ont entrai\u0302ne\u0301 l&rsquo;affaiblissement de la se\u0301curite\u0301 e\u0301conomique, alimentaire et nutritionnelle des populations.<\/p>\n<p>Face a\u0300 cette situation, le gouvernement tchadien a consenti d&rsquo;e\u0301normes efforts, a\u0300 travers la mise en \u0153uvre des strate\u0301gies identifiant la mai\u0302trise de l&rsquo;eau comme solution incontournable au proble\u0300me de l&rsquo;inse\u0301curite\u0301 alimentaire et nutritionnelle.<\/p>\n<p>Parmi ces strate\u0301gies, le Programme national de de\u0301veloppement (PND), le Programme national de se\u0301curite\u0301 alimentaire (PNSA) et le Sche\u0301ma directeur de l&rsquo;eau et de l&rsquo;assainissement (SDA).<\/p>\n<p><strong>Pour plus d&rsquo;informations et d&rsquo;analyses sur la <a href=\"https:\/\/www.africa-press.net\/tchad\">Tchad<\/a>, suivez <a href=\"https:\/\/www.africa-press.net\/\">Africa-Press<\/a><\/strong><\/p>\n","protected":false},"excerpt":{"rendered":"<p>Africa-Press &#8211; Tchad. Le ministe\u0300re de la Production et de la Transformation agricole, en partenariat avec la FAO, a ce\u0301le\u0301bre\u0301 la Journe\u0301e internationale de l&rsquo;alimentation. C&rsquo;e\u0301tait ce lundi 16 octobre a\u0300 Radison Blu Ho\u0302tel de Ndjamena. Le the\u0300me de la journe\u0301e, \u00ab l&rsquo;eau c&rsquo;est la vie, l&rsquo;eau nous nourrit, ne laisser personne de co\u0302te\u0301 \u00bb, [&hellip;]<\/p>\n","protected":false},"author":82,"featured_media":52411,"comment_status":"open","ping_status":"closed","sticky":false,"template":"","format":"standard","meta":{"footnotes":""},"categories":[21,10],"tags":[37,292,29],"class_list":["post-52413","post","type-post","status-publish","format-standard","has-post-thumbnail","hentry","category-communaute","category-toutes-les-actualites","tag-africa-press","tag-africa-press-tchad","tag-tchad"],"yoast_head":"<!-- This site is optimized with the Yoast SEO Premium plugin v26.1 (Yoast SEO v27.0) - https:\/\/yoast.com\/product\/yoast-seo-premium-wordpress\/ -->\n<title>Journ\u00e9e internationale de l&#039;alimentation et d\u00e9fis li\u00e9s \u00e0 la gestion de l&#039;eau - tchad<\/title>\n<meta name=\"description\" content=\"Le ministe\u0300re de la Production et de la Transformation agricole, en partenariat avec la FAO, a ce\u0301le\u0301bre\u0301 la Journe\u0301e in ...\" \/>\n<meta name=\"robots\" content=\"index, follow, max-snippet:-1, max-image-preview:large, max-video-preview:-1\" \/>\n<link rel=\"canonical\" href=\"https:\/\/www.africa-press.net\/tchad\/toutes-les-actualites\/journee-internationale-de-lalimentation-et-defis-lies-a-la-gestion-de-leau\" \/>\n<meta property=\"og:locale\" content=\"fr_FR\" \/>\n<meta property=\"og:type\" content=\"article\" \/>\n<meta property=\"og:title\" content=\"Journ\u00e9e internationale de l&#039;alimentation et d\u00e9fis li\u00e9s \u00e0 la gestion de l&#039;eau\" \/>\n<meta property=\"og:description\" content=\"Le ministe\u0300re de la Production et de la Transformation agricole, en partenariat avec la FAO, a ce\u0301le\u0301bre\u0301 la Journe\u0301e in ...\" \/>\n<meta property=\"og:url\" content=\"https:\/\/www.africa-press.net\/tchad\/toutes-les-actualites\/journee-internationale-de-lalimentation-et-defis-lies-a-la-gestion-de-leau\" \/>\n<meta property=\"og:site_name\" content=\"tchad\" \/>\n<meta property=\"article:published_time\" content=\"2023-10-16T15:58:29+00:00\" \/>\n<meta property=\"article:modified_time\" content=\"2023-10-16T16:22:59+00:00\" \/>\n<meta property=\"og:image\" content=\"https:\/\/static.africa-press.net\/tchad\/sites\/41\/2023\/10\/sm_1697460744.500931.jpg\" \/>\n\t<meta property=\"og:image:width\" content=\"1020\" \/>\n\t<meta property=\"og:image:height\" content=\"459\" \/>\n\t<meta property=\"og:image:type\" content=\"image\/jpeg\" \/>\n<meta name=\"author\" content=\"cfeditorfr\" \/>\n<meta name=\"twitter:card\" content=\"summary_large_image\" \/>\n<meta name=\"twitter:label1\" content=\"\u00c9crit par\" \/>\n\t<meta name=\"twitter:data1\" content=\"cfeditorfr\" \/>\n\t<meta name=\"twitter:label2\" content=\"Dur\u00e9e de lecture estim\u00e9e\" \/>\n\t<meta name=\"twitter:data2\" content=\"2 minutes\" \/>\n<script type=\"application\/ld+json\" class=\"yoast-schema-graph\">{\"@context\":\"https:\/\/schema.org\",\"@graph\":[{\"@type\":\"Article\",\"@id\":\"https:\/\/www.africa-press.net\/tchad\/toutes-les-actualites\/journee-internationale-de-lalimentation-et-defis-lies-a-la-gestion-de-leau#article\",\"isPartOf\":{\"@id\":\"https:\/\/www.africa-press.net\/tchad\/toutes-les-actualites\/journee-internationale-de-lalimentation-et-defis-lies-a-la-gestion-de-leau\"},\"author\":{\"name\":\"cfeditorfr\",\"@id\":\"https:\/\/www.africa-press.net\/tchad\/#\/schema\/person\/2b1cf3cd81a31e3cd26889ca66d677f1\"},\"headline\":\"Journ\u00e9e internationale de l&rsquo;alimentation et d\u00e9fis li\u00e9s \u00e0 la gestion de l&rsquo;eau\",\"datePublished\":\"2023-10-16T15:58:29+00:00\",\"dateModified\":\"2023-10-16T16:22:59+00:00\",\"mainEntityOfPage\":{\"@id\":\"https:\/\/www.africa-press.net\/tchad\/toutes-les-actualites\/journee-internationale-de-lalimentation-et-defis-lies-a-la-gestion-de-leau\"},\"wordCount\":453,\"commentCount\":0,\"image\":{\"@id\":\"https:\/\/www.africa-press.net\/tchad\/toutes-les-actualites\/journee-internationale-de-lalimentation-et-defis-lies-a-la-gestion-de-leau#primaryimage\"},\"thumbnailUrl\":\"https:\/\/static.africa-press.net\/tchad\/sites\/41\/2023\/10\/sm_1697460744.500931.jpg\",\"keywords\":[\"Africa Press\",\"Africa Press-Tchad\",\"Tchad\"],\"articleSection\":[\"Communaut\u00e9\",\"Toutes les actualit\u00e9s\"],\"inLanguage\":\"fr-FR\",\"potentialAction\":[{\"@type\":\"CommentAction\",\"name\":\"Comment\",\"target\":[\"https:\/\/www.africa-press.net\/tchad\/toutes-les-actualites\/journee-internationale-de-lalimentation-et-defis-lies-a-la-gestion-de-leau#respond\"]}]},{\"@type\":\"WebPage\",\"@id\":\"https:\/\/www.africa-press.net\/tchad\/toutes-les-actualites\/journee-internationale-de-lalimentation-et-defis-lies-a-la-gestion-de-leau\",\"url\":\"https:\/\/www.africa-press.net\/tchad\/toutes-les-actualites\/journee-internationale-de-lalimentation-et-defis-lies-a-la-gestion-de-leau\",\"name\":\"Journ\u00e9e internationale de l'alimentation et d\u00e9fis li\u00e9s \u00e0 la gestion de l'eau - tchad\",\"isPartOf\":{\"@id\":\"https:\/\/www.africa-press.net\/tchad\/#website\"},\"primaryImageOfPage\":{\"@id\":\"https:\/\/www.africa-press.net\/tchad\/toutes-les-actualites\/journee-internationale-de-lalimentation-et-defis-lies-a-la-gestion-de-leau#primaryimage\"},\"image\":{\"@id\":\"https:\/\/www.africa-press.net\/tchad\/toutes-les-actualites\/journee-internationale-de-lalimentation-et-defis-lies-a-la-gestion-de-leau#primaryimage\"},\"thumbnailUrl\":\"https:\/\/static.africa-press.net\/tchad\/sites\/41\/2023\/10\/sm_1697460744.500931.jpg\",\"datePublished\":\"2023-10-16T15:58:29+00:00\",\"dateModified\":\"2023-10-16T16:22:59+00:00\",\"author\":{\"@id\":\"https:\/\/www.africa-press.net\/tchad\/#\/schema\/person\/2b1cf3cd81a31e3cd26889ca66d677f1\"},\"description\":\"Le ministe\u0300re de la Production et de la Transformation agricole, en partenariat avec la FAO, a ce\u0301le\u0301bre\u0301 la Journe\u0301e in ...\",\"breadcrumb\":{\"@id\":\"https:\/\/www.africa-press.net\/tchad\/toutes-les-actualites\/journee-internationale-de-lalimentation-et-defis-lies-a-la-gestion-de-leau#breadcrumb\"},\"inLanguage\":\"fr-FR\",\"potentialAction\":[{\"@type\":\"ReadAction\",\"target\":[\"https:\/\/www.africa-press.net\/tchad\/toutes-les-actualites\/journee-internationale-de-lalimentation-et-defis-lies-a-la-gestion-de-leau\"]}]},{\"@type\":\"ImageObject\",\"inLanguage\":\"fr-FR\",\"@id\":\"https:\/\/www.africa-press.net\/tchad\/toutes-les-actualites\/journee-internationale-de-lalimentation-et-defis-lies-a-la-gestion-de-leau#primaryimage\",\"url\":\"https:\/\/static.africa-press.net\/tchad\/sites\/41\/2023\/10\/sm_1697460744.500931.jpg\",\"contentUrl\":\"https:\/\/static.africa-press.net\/tchad\/sites\/41\/2023\/10\/sm_1697460744.500931.jpg\",\"width\":1020,\"height\":459,\"caption\":\"Journ\u00e9e internationale de l'alimentation et d\u00e9fis li\u00e9s \u00e0 la gestion de l'eau\"},{\"@type\":\"BreadcrumbList\",\"@id\":\"https:\/\/www.africa-press.net\/tchad\/toutes-les-actualites\/journee-internationale-de-lalimentation-et-defis-lies-a-la-gestion-de-leau#breadcrumb\",\"itemListElement\":[{\"@type\":\"ListItem\",\"position\":1,\"name\":\"Accueil\",\"item\":\"https:\/\/www.africa-press.net\/tchad\/\"},{\"@type\":\"ListItem\",\"position\":2,\"name\":\"Journ\u00e9e internationale de l&#8217;alimentation et d\u00e9fis li\u00e9s \u00e0 la gestion de l&#8217;eau\"}]},{\"@type\":\"WebSite\",\"@id\":\"https:\/\/www.africa-press.net\/tchad\/#website\",\"url\":\"https:\/\/www.africa-press.net\/tchad\/\",\"name\":\"tchad\",\"description\":\"Just another Africa News Agency Sites site\",\"potentialAction\":[{\"@type\":\"SearchAction\",\"target\":{\"@type\":\"EntryPoint\",\"urlTemplate\":\"https:\/\/www.africa-press.net\/tchad\/?s={search_term_string}\"},\"query-input\":{\"@type\":\"PropertyValueSpecification\",\"valueRequired\":true,\"valueName\":\"search_term_string\"}}],\"inLanguage\":\"fr-FR\"},{\"@type\":\"Person\",\"@id\":\"https:\/\/www.africa-press.net\/tchad\/#\/schema\/person\/2b1cf3cd81a31e3cd26889ca66d677f1\",\"name\":\"cfeditorfr\"}]}<\/script>\n<!-- \/ Yoast SEO Premium plugin. -->","yoast_head_json":{"title":"Journ\u00e9e internationale de l'alimentation et d\u00e9fis li\u00e9s \u00e0 la gestion de l'eau - tchad","description":"Le ministe\u0300re de la Production et de la Transformation agricole, en partenariat avec la FAO, a ce\u0301le\u0301bre\u0301 la Journe\u0301e in ...","robots":{"index":"index","follow":"follow","max-snippet":"max-snippet:-1","max-image-preview":"max-image-preview:large","max-video-preview":"max-video-preview:-1"},"canonical":"https:\/\/www.africa-press.net\/tchad\/toutes-les-actualites\/journee-internationale-de-lalimentation-et-defis-lies-a-la-gestion-de-leau","og_locale":"fr_FR","og_type":"article","og_title":"Journ\u00e9e internationale de l'alimentation et d\u00e9fis li\u00e9s \u00e0 la gestion de l'eau","og_description":"Le ministe\u0300re de la Production et de la Transformation agricole, en partenariat avec la FAO, a ce\u0301le\u0301bre\u0301 la Journe\u0301e in ...","og_url":"https:\/\/www.africa-press.net\/tchad\/toutes-les-actualites\/journee-internationale-de-lalimentation-et-defis-lies-a-la-gestion-de-leau","og_site_name":"tchad","article_published_time":"2023-10-16T15:58:29+00:00","article_modified_time":"2023-10-16T16:22:59+00:00","og_image":[{"width":1020,"height":459,"url":"https:\/\/static.africa-press.net\/tchad\/sites\/41\/2023\/10\/sm_1697460744.500931.jpg","type":"image\/jpeg"}],"author":"cfeditorfr","twitter_card":"summary_large_image","twitter_misc":{"\u00c9crit par":"cfeditorfr","Dur\u00e9e de lecture estim\u00e9e":"2 minutes"},"schema":{"@context":"https:\/\/schema.org","@graph":[{"@type":"Article","@id":"https:\/\/www.africa-press.net\/tchad\/toutes-les-actualites\/journee-internationale-de-lalimentation-et-defis-lies-a-la-gestion-de-leau#article","isPartOf":{"@id":"https:\/\/www.africa-press.net\/tchad\/toutes-les-actualites\/journee-internationale-de-lalimentation-et-defis-lies-a-la-gestion-de-leau"},"author":{"name":"cfeditorfr","@id":"https:\/\/www.africa-press.net\/tchad\/#\/schema\/person\/2b1cf3cd81a31e3cd26889ca66d677f1"},"headline":"Journ\u00e9e internationale de l&rsquo;alimentation et d\u00e9fis li\u00e9s \u00e0 la gestion de l&rsquo;eau","datePublished":"2023-10-16T15:58:29+00:00","dateModified":"2023-10-16T16:22:59+00:00","mainEntityOfPage":{"@id":"https:\/\/www.africa-press.net\/tchad\/toutes-les-actualites\/journee-internationale-de-lalimentation-et-defis-lies-a-la-gestion-de-leau"},"wordCount":453,"commentCount":0,"image":{"@id":"https:\/\/www.africa-press.net\/tchad\/toutes-les-actualites\/journee-internationale-de-lalimentation-et-defis-lies-a-la-gestion-de-leau#primaryimage"},"thumbnailUrl":"https:\/\/static.africa-press.net\/tchad\/sites\/41\/2023\/10\/sm_1697460744.500931.jpg","keywords":["Africa Press","Africa Press-Tchad","Tchad"],"articleSection":["Communaut\u00e9","Toutes les actualit\u00e9s"],"inLanguage":"fr-FR","potentialAction":[{"@type":"CommentAction","name":"Comment","target":["https:\/\/www.africa-press.net\/tchad\/toutes-les-actualites\/journee-internationale-de-lalimentation-et-defis-lies-a-la-gestion-de-leau#respond"]}]},{"@type":"WebPage","@id":"https:\/\/www.africa-press.net\/tchad\/toutes-les-actualites\/journee-internationale-de-lalimentation-et-defis-lies-a-la-gestion-de-leau","url":"https:\/\/www.africa-press.net\/tchad\/toutes-les-actualites\/journee-internationale-de-lalimentation-et-defis-lies-a-la-gestion-de-leau","name":"Journ\u00e9e internationale de l'alimentation et d\u00e9fis li\u00e9s \u00e0 la gestion de l'eau - tchad","isPartOf":{"@id":"https:\/\/www.africa-press.net\/tchad\/#website"},"primaryImageOfPage":{"@id":"https:\/\/www.africa-press.net\/tchad\/toutes-les-actualites\/journee-internationale-de-lalimentation-et-defis-lies-a-la-gestion-de-leau#primaryimage"},"image":{"@id":"https:\/\/www.africa-press.net\/tchad\/toutes-les-actualites\/journee-internationale-de-lalimentation-et-defis-lies-a-la-gestion-de-leau#primaryimage"},"thumbnailUrl":"https:\/\/static.africa-press.net\/tchad\/sites\/41\/2023\/10\/sm_1697460744.500931.jpg","datePublished":"2023-10-16T15:58:29+00:00","dateModified":"2023-10-16T16:22:59+00:00","author":{"@id":"https:\/\/www.africa-press.net\/tchad\/#\/schema\/person\/2b1cf3cd81a31e3cd26889ca66d677f1"},"description":"Le ministe\u0300re de la Production et de la Transformation agricole, en partenariat avec la FAO, a ce\u0301le\u0301bre\u0301 la Journe\u0301e in ...","breadcrumb":{"@id":"https:\/\/www.africa-press.net\/tchad\/toutes-les-actualites\/journee-internationale-de-lalimentation-et-defis-lies-a-la-gestion-de-leau#breadcrumb"},"inLanguage":"fr-FR","potentialAction":[{"@type":"ReadAction","target":["https:\/\/www.africa-press.net\/tchad\/toutes-les-actualites\/journee-internationale-de-lalimentation-et-defis-lies-a-la-gestion-de-leau"]}]},{"@type":"ImageObject","inLanguage":"fr-FR","@id":"https:\/\/www.africa-press.net\/tchad\/toutes-les-actualites\/journee-internationale-de-lalimentation-et-defis-lies-a-la-gestion-de-leau#primaryimage","url":"https:\/\/static.africa-press.net\/tchad\/sites\/41\/2023\/10\/sm_1697460744.500931.jpg","contentUrl":"https:\/\/static.africa-press.net\/tchad\/sites\/41\/2023\/10\/sm_1697460744.500931.jpg","width":1020,"height":459,"caption":"Journ\u00e9e internationale de l'alimentation et d\u00e9fis li\u00e9s \u00e0 la gestion de l'eau"},{"@type":"BreadcrumbList","@id":"https:\/\/www.africa-press.net\/tchad\/toutes-les-actualites\/journee-internationale-de-lalimentation-et-defis-lies-a-la-gestion-de-leau#breadcrumb","itemListElement":[{"@type":"ListItem","position":1,"name":"Accueil","item":"https:\/\/www.africa-press.net\/tchad\/"},{"@type":"ListItem","position":2,"name":"Journ\u00e9e internationale de l&#8217;alimentation et d\u00e9fis li\u00e9s \u00e0 la gestion de l&#8217;eau"}]},{"@type":"WebSite","@id":"https:\/\/www.africa-press.net\/tchad\/#website","url":"https:\/\/www.africa-press.net\/tchad\/","name":"tchad","description":"Just another Africa News Agency Sites site","potentialAction":[{"@type":"SearchAction","target":{"@type":"EntryPoint","urlTemplate":"https:\/\/www.africa-press.net\/tchad\/?s={search_term_string}"},"query-input":{"@type":"PropertyValueSpecification","valueRequired":true,"valueName":"search_term_string"}}],"inLanguage":"fr-FR"},{"@type":"Person","@id":"https:\/\/www.africa-press.net\/tchad\/#\/schema\/person\/2b1cf3cd81a31e3cd26889ca66d677f1","name":"cfeditorfr"}]}},"_links":{"self":[{"href":"https:\/\/www.africa-press.net\/tchad\/wp-json\/wp\/v2\/posts\/52413","targetHints":{"allow":["GET"]}}],"collection":[{"href":"https:\/\/www.africa-press.net\/tchad\/wp-json\/wp\/v2\/posts"}],"about":[{"href":"https:\/\/www.africa-press.net\/tchad\/wp-json\/wp\/v2\/types\/post"}],"author":[{"embeddable":true,"href":"https:\/\/www.africa-press.net\/tchad\/wp-json\/wp\/v2\/users\/82"}],"replies":[{"embeddable":true,"href":"https:\/\/www.africa-press.net\/tchad\/wp-json\/wp\/v2\/comments?post=52413"}],"version-history":[{"count":0,"href":"https:\/\/www.africa-press.net\/tchad\/wp-json\/wp\/v2\/posts\/52413\/revisions"}],"wp:featuredmedia":[{"embeddable":true,"href":"https:\/\/www.africa-press.net\/tchad\/wp-json\/wp\/v2\/media\/52411"}],"wp:attachment":[{"href":"https:\/\/www.africa-press.net\/tchad\/wp-json\/wp\/v2\/media?parent=52413"}],"wp:term":[{"taxonomy":"category","embeddable":true,"href":"https:\/\/www.africa-press.net\/tchad\/wp-json\/wp\/v2\/categories?post=52413"},{"taxonomy":"post_tag","embeddable":true,"href":"https:\/\/www.africa-press.net\/tchad\/wp-json\/wp\/v2\/tags?post=52413"}],"curies":[{"name":"wp","href":"https:\/\/api.w.org\/{rel}","templated":true}]}}