{"id":52416,"date":"2023-10-16T16:39:23","date_gmt":"2023-10-16T16:39:23","guid":{"rendered":"https:\/\/www.africa-press.net\/tchad\/politique\/lelection-du-bureau-executif-des-membres-de-la-ligue-provinciale-de-football-du-moyen-chari"},"modified":"2023-10-16T17:06:21","modified_gmt":"2023-10-16T17:06:21","slug":"lelection-du-bureau-executif-des-membres-de-la-ligue-provinciale-de-football-du-moyen-chari","status":"publish","type":"post","link":"https:\/\/www.africa-press.net\/tchad\/sports\/lelection-du-bureau-executif-des-membres-de-la-ligue-provinciale-de-football-du-moyen-chari","title":{"rendered":"L\u2019\u00e9lection du bureau ex\u00e9cutif des membres de la Ligue Provinciale de Football du Moyen-Chari"},"content":{"rendered":"<p><span style=\"color: #ff6600\"><strong>Africa-Press &#8211; Tchad. <\/strong><\/span>Ils e\u0301taient deux candidats pour le poste de pre\u0301sident de la Ligue Provinciale de Football du Moyen-Chari. Il s\u2019agit de Ndiguyenan Fide\u0300le et Baba Ousman. Amoureux du ballon, arbitres, entraineurs, joueurs, anciens footballeurs et autorite\u0301s administratifs ont tous re\u0301pondus pre\u0301sent a\u0300 cette e\u0301lection. Depuis plus de trois (03) ans la Ligue provincial de football u Moyen-Chari a traverse\u0301 des moments tre\u0300s difficiles avec des proble\u0300mes de leadership, des petites querelles intestines qui ont bloque\u0301 presque toutes les activite\u0301s footballistiques dans la province du Moyen-Chari.<\/p>\n<p>Apre\u0300s trois (03) heures d\u2019e\u0301lections, les amoureux du ballon ont fait placer leurs confiances a\u0300 Baba Ousman qui a remporte\u0301 cette e\u0301lection avec 13 voix contre 3 voix pour Ndiguyenan Fide\u0300le.<\/p>\n<p>Connu des footballeurs, comme ancien pre\u0301sident de la Ligue provincial de football du Moyen-Chari, Baba Ousman a remercie\u0301 tous ceux qui ont eu confiance en sa modeste personne et promet s\u2019engager pleinement afin que le football dans la province du Moyen-Chari retrouve ses lettres de noblesses d\u2019antan.<\/p>\n<p>Le Coordonnateur de la zone 5 du de\u0301veloppement du football dans les deux Logones, le Mandoul et le Moyen-Chari, Alado Sylvestre a fe\u0301licite\u0301 l\u2019heureux e\u0301lu et lui a demande\u0301 de s\u2019investir dans ce sport qui unis, rassemble les peuples.<\/p>\n<p>Pre\u0301sente a\u0300 cette e\u0301lection, la de\u0301le\u0301gue\u0301e provinciale de la jeunesse et de sport du Moyen-Chari, Ainta Padja Damaris, a indique\u0301 que pour une bonne marche des activite\u0301s , le nouveau pre\u0301sident de la Ligue provinciale de football du Moyen-Chari doit ve\u0301ritablement s\u2019armer de courage et aussi \u0153uvrer dans l\u2019inte\u0301re\u0302t de tout un chacun.<\/p>\n<p>Il faut noter que la nouvelle e\u0301quipe dirigeante de la Ligue provinciale de football du Moyen-Chari est compose\u0301 de huit membres.<\/p>\n<p><strong>Pour plus d&rsquo;informations et d&rsquo;analyses sur la <a href=\"https:\/\/www.africa-press.net\/tchad\">Tchad<\/a>, suivez <a href=\"https:\/\/www.africa-press.net\/\">Africa-Press<\/a><\/strong><\/p>\n","protected":false},"excerpt":{"rendered":"<p>Africa-Press &#8211; Tchad. Ils e\u0301taient deux candidats pour le poste de pre\u0301sident de la Ligue Provinciale de Football du Moyen-Chari. Il s\u2019agit de Ndiguyenan Fide\u0300le et Baba Ousman. Amoureux du ballon, arbitres, entraineurs, joueurs, anciens footballeurs et autorite\u0301s administratifs ont tous re\u0301pondus pre\u0301sent a\u0300 cette e\u0301lection. Depuis plus de trois (03) ans la Ligue provincial [&hellip;]<\/p>\n","protected":false},"author":82,"featured_media":52415,"comment_status":"open","ping_status":"closed","sticky":false,"template":"","format":"standard","meta":{"footnotes":""},"categories":[6,10],"tags":[37,292,29],"class_list":["post-52416","post","type-post","status-publish","format-standard","has-post-thumbnail","hentry","category-sports","category-toutes-les-actualites","tag-africa-press","tag-africa-press-tchad","tag-tchad"],"yoast_head":"<!-- This site is optimized with the Yoast SEO Premium plugin v26.1 (Yoast SEO v27.0) - https:\/\/yoast.com\/product\/yoast-seo-premium-wordpress\/ -->\n<title>L\u2019\u00e9lection du bureau ex\u00e9cutif des membres de la Ligue Provinciale de Football du Moyen-Chari - tchad<\/title>\n<meta name=\"description\" content=\"Ils e\u0301taient deux candidats pour le poste de pre\u0301sident de la Ligue Provinciale de Football du Moyen-Chari. Il s\u2019agit de ...\" \/>\n<meta name=\"robots\" content=\"index, follow, max-snippet:-1, max-image-preview:large, max-video-preview:-1\" \/>\n<link rel=\"canonical\" href=\"https:\/\/www.africa-press.net\/tchad\/sports\/lelection-du-bureau-executif-des-membres-de-la-ligue-provinciale-de-football-du-moyen-chari\" \/>\n<meta property=\"og:locale\" content=\"fr_FR\" \/>\n<meta property=\"og:type\" content=\"article\" \/>\n<meta property=\"og:title\" content=\"L\u2019\u00e9lection du bureau ex\u00e9cutif des membres de la Ligue Provinciale de Football du Moyen-Chari\" \/>\n<meta property=\"og:description\" content=\"Ils e\u0301taient deux candidats pour le poste de pre\u0301sident de la Ligue Provinciale de Football du Moyen-Chari. Il s\u2019agit de ...\" \/>\n<meta property=\"og:url\" content=\"https:\/\/www.africa-press.net\/tchad\/sports\/lelection-du-bureau-executif-des-membres-de-la-ligue-provinciale-de-football-du-moyen-chari\" \/>\n<meta property=\"og:site_name\" content=\"tchad\" \/>\n<meta property=\"article:published_time\" content=\"2023-10-16T16:39:23+00:00\" \/>\n<meta property=\"article:modified_time\" content=\"2023-10-16T17:06:21+00:00\" \/>\n<meta property=\"og:image\" content=\"https:\/\/static.africa-press.net\/tchad\/sites\/41\/2023\/10\/sm_1697463334.732758.jpg\" \/>\n\t<meta property=\"og:image:width\" content=\"1080\" \/>\n\t<meta property=\"og:image:height\" content=\"486\" \/>\n\t<meta property=\"og:image:type\" content=\"image\/jpeg\" \/>\n<meta name=\"author\" content=\"cfeditorfr\" \/>\n<meta name=\"twitter:card\" content=\"summary_large_image\" \/>\n<meta name=\"twitter:label1\" content=\"\u00c9crit par\" \/>\n\t<meta name=\"twitter:data1\" content=\"cfeditorfr\" \/>\n\t<meta name=\"twitter:label2\" content=\"Dur\u00e9e de lecture estim\u00e9e\" \/>\n\t<meta name=\"twitter:data2\" content=\"2 minutes\" \/>\n<script type=\"application\/ld+json\" class=\"yoast-schema-graph\">{\"@context\":\"https:\/\/schema.org\",\"@graph\":[{\"@type\":\"Article\",\"@id\":\"https:\/\/www.africa-press.net\/tchad\/sports\/lelection-du-bureau-executif-des-membres-de-la-ligue-provinciale-de-football-du-moyen-chari#article\",\"isPartOf\":{\"@id\":\"https:\/\/www.africa-press.net\/tchad\/sports\/lelection-du-bureau-executif-des-membres-de-la-ligue-provinciale-de-football-du-moyen-chari\"},\"author\":{\"name\":\"cfeditorfr\",\"@id\":\"https:\/\/www.africa-press.net\/tchad\/#\/schema\/person\/2b1cf3cd81a31e3cd26889ca66d677f1\"},\"headline\":\"L\u2019\u00e9lection du bureau ex\u00e9cutif des membres de la Ligue Provinciale de Football du Moyen-Chari\",\"datePublished\":\"2023-10-16T16:39:23+00:00\",\"dateModified\":\"2023-10-16T17:06:21+00:00\",\"mainEntityOfPage\":{\"@id\":\"https:\/\/www.africa-press.net\/tchad\/sports\/lelection-du-bureau-executif-des-membres-de-la-ligue-provinciale-de-football-du-moyen-chari\"},\"wordCount\":337,\"commentCount\":0,\"image\":{\"@id\":\"https:\/\/www.africa-press.net\/tchad\/sports\/lelection-du-bureau-executif-des-membres-de-la-ligue-provinciale-de-football-du-moyen-chari#primaryimage\"},\"thumbnailUrl\":\"https:\/\/static.africa-press.net\/tchad\/sites\/41\/2023\/10\/sm_1697463334.732758.jpg\",\"keywords\":[\"Africa Press\",\"Africa Press-Tchad\",\"Tchad\"],\"articleSection\":[\"Sports\",\"Toutes les actualit\u00e9s\"],\"inLanguage\":\"fr-FR\",\"potentialAction\":[{\"@type\":\"CommentAction\",\"name\":\"Comment\",\"target\":[\"https:\/\/www.africa-press.net\/tchad\/sports\/lelection-du-bureau-executif-des-membres-de-la-ligue-provinciale-de-football-du-moyen-chari#respond\"]}]},{\"@type\":\"WebPage\",\"@id\":\"https:\/\/www.africa-press.net\/tchad\/sports\/lelection-du-bureau-executif-des-membres-de-la-ligue-provinciale-de-football-du-moyen-chari\",\"url\":\"https:\/\/www.africa-press.net\/tchad\/sports\/lelection-du-bureau-executif-des-membres-de-la-ligue-provinciale-de-football-du-moyen-chari\",\"name\":\"L\u2019\u00e9lection du bureau ex\u00e9cutif des membres de la Ligue Provinciale de Football du Moyen-Chari - tchad\",\"isPartOf\":{\"@id\":\"https:\/\/www.africa-press.net\/tchad\/#website\"},\"primaryImageOfPage\":{\"@id\":\"https:\/\/www.africa-press.net\/tchad\/sports\/lelection-du-bureau-executif-des-membres-de-la-ligue-provinciale-de-football-du-moyen-chari#primaryimage\"},\"image\":{\"@id\":\"https:\/\/www.africa-press.net\/tchad\/sports\/lelection-du-bureau-executif-des-membres-de-la-ligue-provinciale-de-football-du-moyen-chari#primaryimage\"},\"thumbnailUrl\":\"https:\/\/static.africa-press.net\/tchad\/sites\/41\/2023\/10\/sm_1697463334.732758.jpg\",\"datePublished\":\"2023-10-16T16:39:23+00:00\",\"dateModified\":\"2023-10-16T17:06:21+00:00\",\"author\":{\"@id\":\"https:\/\/www.africa-press.net\/tchad\/#\/schema\/person\/2b1cf3cd81a31e3cd26889ca66d677f1\"},\"description\":\"Ils e\u0301taient deux candidats pour le poste de pre\u0301sident de la Ligue Provinciale de Football du Moyen-Chari. Il s\u2019agit de ...\",\"breadcrumb\":{\"@id\":\"https:\/\/www.africa-press.net\/tchad\/sports\/lelection-du-bureau-executif-des-membres-de-la-ligue-provinciale-de-football-du-moyen-chari#breadcrumb\"},\"inLanguage\":\"fr-FR\",\"potentialAction\":[{\"@type\":\"ReadAction\",\"target\":[\"https:\/\/www.africa-press.net\/tchad\/sports\/lelection-du-bureau-executif-des-membres-de-la-ligue-provinciale-de-football-du-moyen-chari\"]}]},{\"@type\":\"ImageObject\",\"inLanguage\":\"fr-FR\",\"@id\":\"https:\/\/www.africa-press.net\/tchad\/sports\/lelection-du-bureau-executif-des-membres-de-la-ligue-provinciale-de-football-du-moyen-chari#primaryimage\",\"url\":\"https:\/\/static.africa-press.net\/tchad\/sites\/41\/2023\/10\/sm_1697463334.732758.jpg\",\"contentUrl\":\"https:\/\/static.africa-press.net\/tchad\/sites\/41\/2023\/10\/sm_1697463334.732758.jpg\",\"width\":1080,\"height\":486,\"caption\":\"L\u2019\u00e9lection du bureau ex\u00e9cutif des membres de la Ligue Provinciale de Football du Moyen-Chari\"},{\"@type\":\"BreadcrumbList\",\"@id\":\"https:\/\/www.africa-press.net\/tchad\/sports\/lelection-du-bureau-executif-des-membres-de-la-ligue-provinciale-de-football-du-moyen-chari#breadcrumb\",\"itemListElement\":[{\"@type\":\"ListItem\",\"position\":1,\"name\":\"Accueil\",\"item\":\"https:\/\/www.africa-press.net\/tchad\/\"},{\"@type\":\"ListItem\",\"position\":2,\"name\":\"L\u2019\u00e9lection du bureau ex\u00e9cutif des membres de la Ligue Provinciale de Football du Moyen-Chari\"}]},{\"@type\":\"WebSite\",\"@id\":\"https:\/\/www.africa-press.net\/tchad\/#website\",\"url\":\"https:\/\/www.africa-press.net\/tchad\/\",\"name\":\"tchad\",\"description\":\"Just another Africa News Agency Sites site\",\"potentialAction\":[{\"@type\":\"SearchAction\",\"target\":{\"@type\":\"EntryPoint\",\"urlTemplate\":\"https:\/\/www.africa-press.net\/tchad\/?s={search_term_string}\"},\"query-input\":{\"@type\":\"PropertyValueSpecification\",\"valueRequired\":true,\"valueName\":\"search_term_string\"}}],\"inLanguage\":\"fr-FR\"},{\"@type\":\"Person\",\"@id\":\"https:\/\/www.africa-press.net\/tchad\/#\/schema\/person\/2b1cf3cd81a31e3cd26889ca66d677f1\",\"name\":\"cfeditorfr\"}]}<\/script>\n<!-- \/ Yoast SEO Premium plugin. -->","yoast_head_json":{"title":"L\u2019\u00e9lection du bureau ex\u00e9cutif des membres de la Ligue Provinciale de Football du Moyen-Chari - tchad","description":"Ils e\u0301taient deux candidats pour le poste de pre\u0301sident de la Ligue Provinciale de Football du Moyen-Chari. Il s\u2019agit de ...","robots":{"index":"index","follow":"follow","max-snippet":"max-snippet:-1","max-image-preview":"max-image-preview:large","max-video-preview":"max-video-preview:-1"},"canonical":"https:\/\/www.africa-press.net\/tchad\/sports\/lelection-du-bureau-executif-des-membres-de-la-ligue-provinciale-de-football-du-moyen-chari","og_locale":"fr_FR","og_type":"article","og_title":"L\u2019\u00e9lection du bureau ex\u00e9cutif des membres de la Ligue Provinciale de Football du Moyen-Chari","og_description":"Ils e\u0301taient deux candidats pour le poste de pre\u0301sident de la Ligue Provinciale de Football du Moyen-Chari. Il s\u2019agit de ...","og_url":"https:\/\/www.africa-press.net\/tchad\/sports\/lelection-du-bureau-executif-des-membres-de-la-ligue-provinciale-de-football-du-moyen-chari","og_site_name":"tchad","article_published_time":"2023-10-16T16:39:23+00:00","article_modified_time":"2023-10-16T17:06:21+00:00","og_image":[{"width":1080,"height":486,"url":"https:\/\/static.africa-press.net\/tchad\/sites\/41\/2023\/10\/sm_1697463334.732758.jpg","type":"image\/jpeg"}],"author":"cfeditorfr","twitter_card":"summary_large_image","twitter_misc":{"\u00c9crit par":"cfeditorfr","Dur\u00e9e de lecture estim\u00e9e":"2 minutes"},"schema":{"@context":"https:\/\/schema.org","@graph":[{"@type":"Article","@id":"https:\/\/www.africa-press.net\/tchad\/sports\/lelection-du-bureau-executif-des-membres-de-la-ligue-provinciale-de-football-du-moyen-chari#article","isPartOf":{"@id":"https:\/\/www.africa-press.net\/tchad\/sports\/lelection-du-bureau-executif-des-membres-de-la-ligue-provinciale-de-football-du-moyen-chari"},"author":{"name":"cfeditorfr","@id":"https:\/\/www.africa-press.net\/tchad\/#\/schema\/person\/2b1cf3cd81a31e3cd26889ca66d677f1"},"headline":"L\u2019\u00e9lection du bureau ex\u00e9cutif des membres de la Ligue Provinciale de Football du Moyen-Chari","datePublished":"2023-10-16T16:39:23+00:00","dateModified":"2023-10-16T17:06:21+00:00","mainEntityOfPage":{"@id":"https:\/\/www.africa-press.net\/tchad\/sports\/lelection-du-bureau-executif-des-membres-de-la-ligue-provinciale-de-football-du-moyen-chari"},"wordCount":337,"commentCount":0,"image":{"@id":"https:\/\/www.africa-press.net\/tchad\/sports\/lelection-du-bureau-executif-des-membres-de-la-ligue-provinciale-de-football-du-moyen-chari#primaryimage"},"thumbnailUrl":"https:\/\/static.africa-press.net\/tchad\/sites\/41\/2023\/10\/sm_1697463334.732758.jpg","keywords":["Africa Press","Africa Press-Tchad","Tchad"],"articleSection":["Sports","Toutes les actualit\u00e9s"],"inLanguage":"fr-FR","potentialAction":[{"@type":"CommentAction","name":"Comment","target":["https:\/\/www.africa-press.net\/tchad\/sports\/lelection-du-bureau-executif-des-membres-de-la-ligue-provinciale-de-football-du-moyen-chari#respond"]}]},{"@type":"WebPage","@id":"https:\/\/www.africa-press.net\/tchad\/sports\/lelection-du-bureau-executif-des-membres-de-la-ligue-provinciale-de-football-du-moyen-chari","url":"https:\/\/www.africa-press.net\/tchad\/sports\/lelection-du-bureau-executif-des-membres-de-la-ligue-provinciale-de-football-du-moyen-chari","name":"L\u2019\u00e9lection du bureau ex\u00e9cutif des membres de la Ligue Provinciale de Football du Moyen-Chari - tchad","isPartOf":{"@id":"https:\/\/www.africa-press.net\/tchad\/#website"},"primaryImageOfPage":{"@id":"https:\/\/www.africa-press.net\/tchad\/sports\/lelection-du-bureau-executif-des-membres-de-la-ligue-provinciale-de-football-du-moyen-chari#primaryimage"},"image":{"@id":"https:\/\/www.africa-press.net\/tchad\/sports\/lelection-du-bureau-executif-des-membres-de-la-ligue-provinciale-de-football-du-moyen-chari#primaryimage"},"thumbnailUrl":"https:\/\/static.africa-press.net\/tchad\/sites\/41\/2023\/10\/sm_1697463334.732758.jpg","datePublished":"2023-10-16T16:39:23+00:00","dateModified":"2023-10-16T17:06:21+00:00","author":{"@id":"https:\/\/www.africa-press.net\/tchad\/#\/schema\/person\/2b1cf3cd81a31e3cd26889ca66d677f1"},"description":"Ils e\u0301taient deux candidats pour le poste de pre\u0301sident de la Ligue Provinciale de Football du Moyen-Chari. Il s\u2019agit de ...","breadcrumb":{"@id":"https:\/\/www.africa-press.net\/tchad\/sports\/lelection-du-bureau-executif-des-membres-de-la-ligue-provinciale-de-football-du-moyen-chari#breadcrumb"},"inLanguage":"fr-FR","potentialAction":[{"@type":"ReadAction","target":["https:\/\/www.africa-press.net\/tchad\/sports\/lelection-du-bureau-executif-des-membres-de-la-ligue-provinciale-de-football-du-moyen-chari"]}]},{"@type":"ImageObject","inLanguage":"fr-FR","@id":"https:\/\/www.africa-press.net\/tchad\/sports\/lelection-du-bureau-executif-des-membres-de-la-ligue-provinciale-de-football-du-moyen-chari#primaryimage","url":"https:\/\/static.africa-press.net\/tchad\/sites\/41\/2023\/10\/sm_1697463334.732758.jpg","contentUrl":"https:\/\/static.africa-press.net\/tchad\/sites\/41\/2023\/10\/sm_1697463334.732758.jpg","width":1080,"height":486,"caption":"L\u2019\u00e9lection du bureau ex\u00e9cutif des membres de la Ligue Provinciale de Football du Moyen-Chari"},{"@type":"BreadcrumbList","@id":"https:\/\/www.africa-press.net\/tchad\/sports\/lelection-du-bureau-executif-des-membres-de-la-ligue-provinciale-de-football-du-moyen-chari#breadcrumb","itemListElement":[{"@type":"ListItem","position":1,"name":"Accueil","item":"https:\/\/www.africa-press.net\/tchad\/"},{"@type":"ListItem","position":2,"name":"L\u2019\u00e9lection du bureau ex\u00e9cutif des membres de la Ligue Provinciale de Football du Moyen-Chari"}]},{"@type":"WebSite","@id":"https:\/\/www.africa-press.net\/tchad\/#website","url":"https:\/\/www.africa-press.net\/tchad\/","name":"tchad","description":"Just another Africa News Agency Sites site","potentialAction":[{"@type":"SearchAction","target":{"@type":"EntryPoint","urlTemplate":"https:\/\/www.africa-press.net\/tchad\/?s={search_term_string}"},"query-input":{"@type":"PropertyValueSpecification","valueRequired":true,"valueName":"search_term_string"}}],"inLanguage":"fr-FR"},{"@type":"Person","@id":"https:\/\/www.africa-press.net\/tchad\/#\/schema\/person\/2b1cf3cd81a31e3cd26889ca66d677f1","name":"cfeditorfr"}]}},"_links":{"self":[{"href":"https:\/\/www.africa-press.net\/tchad\/wp-json\/wp\/v2\/posts\/52416","targetHints":{"allow":["GET"]}}],"collection":[{"href":"https:\/\/www.africa-press.net\/tchad\/wp-json\/wp\/v2\/posts"}],"about":[{"href":"https:\/\/www.africa-press.net\/tchad\/wp-json\/wp\/v2\/types\/post"}],"author":[{"embeddable":true,"href":"https:\/\/www.africa-press.net\/tchad\/wp-json\/wp\/v2\/users\/82"}],"replies":[{"embeddable":true,"href":"https:\/\/www.africa-press.net\/tchad\/wp-json\/wp\/v2\/comments?post=52416"}],"version-history":[{"count":0,"href":"https:\/\/www.africa-press.net\/tchad\/wp-json\/wp\/v2\/posts\/52416\/revisions"}],"wp:featuredmedia":[{"embeddable":true,"href":"https:\/\/www.africa-press.net\/tchad\/wp-json\/wp\/v2\/media\/52415"}],"wp:attachment":[{"href":"https:\/\/www.africa-press.net\/tchad\/wp-json\/wp\/v2\/media?parent=52416"}],"wp:term":[{"taxonomy":"category","embeddable":true,"href":"https:\/\/www.africa-press.net\/tchad\/wp-json\/wp\/v2\/categories?post=52416"},{"taxonomy":"post_tag","embeddable":true,"href":"https:\/\/www.africa-press.net\/tchad\/wp-json\/wp\/v2\/tags?post=52416"}],"curies":[{"name":"wp","href":"https:\/\/api.w.org\/{rel}","templated":true}]}}