{"id":52418,"date":"2023-10-16T16:41:21","date_gmt":"2023-10-16T16:41:21","guid":{"rendered":"https:\/\/www.africa-press.net\/tchad\/politique\/le-ministre-sgg-porte-plainte-contre-x-pour-atteinte-a-son-intimite"},"modified":"2023-10-16T17:06:53","modified_gmt":"2023-10-16T17:06:53","slug":"le-ministre-sgg-porte-plainte-contre-x-pour-atteinte-a-son-intimite","status":"publish","type":"post","link":"https:\/\/www.africa-press.net\/tchad\/toutes-les-actualites\/le-ministre-sgg-porte-plainte-contre-x-pour-atteinte-a-son-intimite","title":{"rendered":"le ministre SGG porte plainte contre X pour atteinte \u00e0 son intimit\u00e9"},"content":{"rendered":"<p><span style=\"color: #ff6600\"><strong>Africa-Press &#8211; Tchad. <\/strong><\/span>Le ministre secre\u0301taire ge\u0301ne\u0301ral du gouvernement, charge\u0301 de la Promotion du bilinguisme dans l&rsquo;Administration et des Relations avec les Grandes institutions, Haliki Choua Mahamat, tient a\u0300 exprimer sa profonde indignation, face a\u0300 la re\u0301cente publication d&rsquo;une vide\u0301o circulant sur le net.<\/p>\n<p>Cette vide\u0301o publie\u0301e sur la page Ge\u0301ne\u0301ral Labo Mobil, et partage\u0301e par d&rsquo;autres plateformes, expose sa vie prive\u0301e et celle de son e\u0301pouse le\u0301gitime. Cette atteinte a\u0300 son intimite\u0301 est inacceptable.<\/p>\n<p>En tant que personnalite\u0301 publique, il est pleinement conscient de son engagement envers le service public, mais cela ne signifie pas que sa vie personnelle soit viole\u0301e. En effet, le respect de la vie prive\u0301e est un droit fondamental a\u0300 tous, y compris des personnes occupant des responsabilite\u0301s publiques. Cette intrusion nuit, non seulement a\u0300 son honneur et a\u0300 sa dignite\u0301, mais aussi a\u0300 celle de sa famille et de ses collaborateurs.<\/p>\n<p>Cela e\u0301tant, il est du devoir de la socie\u0301te\u0301 de prote\u0301ger la vie prive\u0301e de chacun. Par conse\u0301quent, le ministre SGG a pris la de\u0301cision de de\u0301poser une plainte contre X, pour atteinte a\u0300 son intimite\u0301. Aussi, il est important de faire en sorte que de tels actes ne restent impunis.<\/p>\n<p>Enfin, le ministre SGG remercie since\u0300rement tous ceux qui lui ont exprime\u0301 leur soutien en cette pe\u0301riode difficile. Car il est du devoir de tous de promouvoir le respect de la vie prive\u0301e. C&rsquo;est une lutte que le ministre compte mener avec de\u0301termination, non seulement pour sa famille, mais aussi pour l&rsquo;ensemble des concitoyens.<\/p>\n<p><strong>Pour plus d&rsquo;informations et d&rsquo;analyses sur la <a href=\"https:\/\/www.africa-press.net\/tchad\">Tchad<\/a>, suivez <a href=\"https:\/\/www.africa-press.net\/\">Africa-Press<\/a><\/strong><\/p>\n","protected":false},"excerpt":{"rendered":"<p>Africa-Press &#8211; Tchad. Le ministre secre\u0301taire ge\u0301ne\u0301ral du gouvernement, charge\u0301 de la Promotion du bilinguisme dans l&rsquo;Administration et des Relations avec les Grandes institutions, Haliki Choua Mahamat, tient a\u0300 exprimer sa profonde indignation, face a\u0300 la re\u0301cente publication d&rsquo;une vide\u0301o circulant sur le net. Cette vide\u0301o publie\u0301e sur la page Ge\u0301ne\u0301ral Labo Mobil, et partage\u0301e [&hellip;]<\/p>\n","protected":false},"author":82,"featured_media":52417,"comment_status":"open","ping_status":"closed","sticky":false,"template":"","format":"standard","meta":{"footnotes":""},"categories":[21,10],"tags":[37,292,29],"class_list":["post-52418","post","type-post","status-publish","format-standard","has-post-thumbnail","hentry","category-communaute","category-toutes-les-actualites","tag-africa-press","tag-africa-press-tchad","tag-tchad"],"yoast_head":"<!-- This site is optimized with the Yoast SEO Premium plugin v26.1 (Yoast SEO v27.0) - https:\/\/yoast.com\/product\/yoast-seo-premium-wordpress\/ -->\n<title>le ministre SGG porte plainte contre X pour atteinte \u00e0 son intimit\u00e9 - tchad<\/title>\n<meta name=\"description\" content=\"Le ministre secre\u0301taire ge\u0301ne\u0301ral du gouvernement, charge\u0301 de la Promotion du bilinguisme dans l&#039;Administration et des R ...\" \/>\n<meta name=\"robots\" content=\"index, follow, max-snippet:-1, max-image-preview:large, max-video-preview:-1\" \/>\n<link rel=\"canonical\" href=\"https:\/\/www.africa-press.net\/tchad\/toutes-les-actualites\/le-ministre-sgg-porte-plainte-contre-x-pour-atteinte-a-son-intimite\" \/>\n<meta property=\"og:locale\" content=\"fr_FR\" \/>\n<meta property=\"og:type\" content=\"article\" \/>\n<meta property=\"og:title\" content=\"le ministre SGG porte plainte contre X pour atteinte \u00e0 son intimit\u00e9\" \/>\n<meta property=\"og:description\" content=\"Le ministre secre\u0301taire ge\u0301ne\u0301ral du gouvernement, charge\u0301 de la Promotion du bilinguisme dans l&#039;Administration et des R ...\" \/>\n<meta property=\"og:url\" content=\"https:\/\/www.africa-press.net\/tchad\/toutes-les-actualites\/le-ministre-sgg-porte-plainte-contre-x-pour-atteinte-a-son-intimite\" \/>\n<meta property=\"og:site_name\" content=\"tchad\" \/>\n<meta property=\"article:published_time\" content=\"2023-10-16T16:41:21+00:00\" \/>\n<meta property=\"article:modified_time\" content=\"2023-10-16T17:06:53+00:00\" \/>\n<meta property=\"og:image\" content=\"https:\/\/static.africa-press.net\/tchad\/sites\/41\/2023\/10\/sm_1697463362.835458.jpg\" \/>\n\t<meta property=\"og:image:width\" content=\"720\" \/>\n\t<meta property=\"og:image:height\" content=\"446\" \/>\n\t<meta property=\"og:image:type\" content=\"image\/jpeg\" \/>\n<meta name=\"author\" content=\"cfeditorfr\" \/>\n<meta name=\"twitter:card\" content=\"summary_large_image\" \/>\n<meta name=\"twitter:label1\" content=\"\u00c9crit par\" \/>\n\t<meta name=\"twitter:data1\" content=\"cfeditorfr\" \/>\n\t<meta name=\"twitter:label2\" content=\"Dur\u00e9e de lecture estim\u00e9e\" \/>\n\t<meta name=\"twitter:data2\" content=\"1 minute\" \/>\n<script type=\"application\/ld+json\" class=\"yoast-schema-graph\">{\"@context\":\"https:\/\/schema.org\",\"@graph\":[{\"@type\":\"Article\",\"@id\":\"https:\/\/www.africa-press.net\/tchad\/toutes-les-actualites\/le-ministre-sgg-porte-plainte-contre-x-pour-atteinte-a-son-intimite#article\",\"isPartOf\":{\"@id\":\"https:\/\/www.africa-press.net\/tchad\/toutes-les-actualites\/le-ministre-sgg-porte-plainte-contre-x-pour-atteinte-a-son-intimite\"},\"author\":{\"name\":\"cfeditorfr\",\"@id\":\"https:\/\/www.africa-press.net\/tchad\/#\/schema\/person\/2b1cf3cd81a31e3cd26889ca66d677f1\"},\"headline\":\"le ministre SGG porte plainte contre X pour atteinte \u00e0 son intimit\u00e9\",\"datePublished\":\"2023-10-16T16:41:21+00:00\",\"dateModified\":\"2023-10-16T17:06:53+00:00\",\"mainEntityOfPage\":{\"@id\":\"https:\/\/www.africa-press.net\/tchad\/toutes-les-actualites\/le-ministre-sgg-porte-plainte-contre-x-pour-atteinte-a-son-intimite\"},\"wordCount\":307,\"commentCount\":0,\"image\":{\"@id\":\"https:\/\/www.africa-press.net\/tchad\/toutes-les-actualites\/le-ministre-sgg-porte-plainte-contre-x-pour-atteinte-a-son-intimite#primaryimage\"},\"thumbnailUrl\":\"https:\/\/static.africa-press.net\/tchad\/sites\/41\/2023\/10\/sm_1697463362.835458.jpg\",\"keywords\":[\"Africa Press\",\"Africa Press-Tchad\",\"Tchad\"],\"articleSection\":[\"Communaut\u00e9\",\"Toutes les actualit\u00e9s\"],\"inLanguage\":\"fr-FR\",\"potentialAction\":[{\"@type\":\"CommentAction\",\"name\":\"Comment\",\"target\":[\"https:\/\/www.africa-press.net\/tchad\/toutes-les-actualites\/le-ministre-sgg-porte-plainte-contre-x-pour-atteinte-a-son-intimite#respond\"]}]},{\"@type\":\"WebPage\",\"@id\":\"https:\/\/www.africa-press.net\/tchad\/toutes-les-actualites\/le-ministre-sgg-porte-plainte-contre-x-pour-atteinte-a-son-intimite\",\"url\":\"https:\/\/www.africa-press.net\/tchad\/toutes-les-actualites\/le-ministre-sgg-porte-plainte-contre-x-pour-atteinte-a-son-intimite\",\"name\":\"le ministre SGG porte plainte contre X pour atteinte \u00e0 son intimit\u00e9 - tchad\",\"isPartOf\":{\"@id\":\"https:\/\/www.africa-press.net\/tchad\/#website\"},\"primaryImageOfPage\":{\"@id\":\"https:\/\/www.africa-press.net\/tchad\/toutes-les-actualites\/le-ministre-sgg-porte-plainte-contre-x-pour-atteinte-a-son-intimite#primaryimage\"},\"image\":{\"@id\":\"https:\/\/www.africa-press.net\/tchad\/toutes-les-actualites\/le-ministre-sgg-porte-plainte-contre-x-pour-atteinte-a-son-intimite#primaryimage\"},\"thumbnailUrl\":\"https:\/\/static.africa-press.net\/tchad\/sites\/41\/2023\/10\/sm_1697463362.835458.jpg\",\"datePublished\":\"2023-10-16T16:41:21+00:00\",\"dateModified\":\"2023-10-16T17:06:53+00:00\",\"author\":{\"@id\":\"https:\/\/www.africa-press.net\/tchad\/#\/schema\/person\/2b1cf3cd81a31e3cd26889ca66d677f1\"},\"description\":\"Le ministre secre\u0301taire ge\u0301ne\u0301ral du gouvernement, charge\u0301 de la Promotion du bilinguisme dans l'Administration et des R ...\",\"breadcrumb\":{\"@id\":\"https:\/\/www.africa-press.net\/tchad\/toutes-les-actualites\/le-ministre-sgg-porte-plainte-contre-x-pour-atteinte-a-son-intimite#breadcrumb\"},\"inLanguage\":\"fr-FR\",\"potentialAction\":[{\"@type\":\"ReadAction\",\"target\":[\"https:\/\/www.africa-press.net\/tchad\/toutes-les-actualites\/le-ministre-sgg-porte-plainte-contre-x-pour-atteinte-a-son-intimite\"]}]},{\"@type\":\"ImageObject\",\"inLanguage\":\"fr-FR\",\"@id\":\"https:\/\/www.africa-press.net\/tchad\/toutes-les-actualites\/le-ministre-sgg-porte-plainte-contre-x-pour-atteinte-a-son-intimite#primaryimage\",\"url\":\"https:\/\/static.africa-press.net\/tchad\/sites\/41\/2023\/10\/sm_1697463362.835458.jpg\",\"contentUrl\":\"https:\/\/static.africa-press.net\/tchad\/sites\/41\/2023\/10\/sm_1697463362.835458.jpg\",\"width\":720,\"height\":446,\"caption\":\"le ministre SGG porte plainte contre X pour atteinte \u00e0 son intimit\u00e9\"},{\"@type\":\"BreadcrumbList\",\"@id\":\"https:\/\/www.africa-press.net\/tchad\/toutes-les-actualites\/le-ministre-sgg-porte-plainte-contre-x-pour-atteinte-a-son-intimite#breadcrumb\",\"itemListElement\":[{\"@type\":\"ListItem\",\"position\":1,\"name\":\"Accueil\",\"item\":\"https:\/\/www.africa-press.net\/tchad\/\"},{\"@type\":\"ListItem\",\"position\":2,\"name\":\"le ministre SGG porte plainte contre X pour atteinte \u00e0 son intimit\u00e9\"}]},{\"@type\":\"WebSite\",\"@id\":\"https:\/\/www.africa-press.net\/tchad\/#website\",\"url\":\"https:\/\/www.africa-press.net\/tchad\/\",\"name\":\"tchad\",\"description\":\"Just another Africa News Agency Sites site\",\"potentialAction\":[{\"@type\":\"SearchAction\",\"target\":{\"@type\":\"EntryPoint\",\"urlTemplate\":\"https:\/\/www.africa-press.net\/tchad\/?s={search_term_string}\"},\"query-input\":{\"@type\":\"PropertyValueSpecification\",\"valueRequired\":true,\"valueName\":\"search_term_string\"}}],\"inLanguage\":\"fr-FR\"},{\"@type\":\"Person\",\"@id\":\"https:\/\/www.africa-press.net\/tchad\/#\/schema\/person\/2b1cf3cd81a31e3cd26889ca66d677f1\",\"name\":\"cfeditorfr\"}]}<\/script>\n<!-- \/ Yoast SEO Premium plugin. -->","yoast_head_json":{"title":"le ministre SGG porte plainte contre X pour atteinte \u00e0 son intimit\u00e9 - tchad","description":"Le ministre secre\u0301taire ge\u0301ne\u0301ral du gouvernement, charge\u0301 de la Promotion du bilinguisme dans l'Administration et des R ...","robots":{"index":"index","follow":"follow","max-snippet":"max-snippet:-1","max-image-preview":"max-image-preview:large","max-video-preview":"max-video-preview:-1"},"canonical":"https:\/\/www.africa-press.net\/tchad\/toutes-les-actualites\/le-ministre-sgg-porte-plainte-contre-x-pour-atteinte-a-son-intimite","og_locale":"fr_FR","og_type":"article","og_title":"le ministre SGG porte plainte contre X pour atteinte \u00e0 son intimit\u00e9","og_description":"Le ministre secre\u0301taire ge\u0301ne\u0301ral du gouvernement, charge\u0301 de la Promotion du bilinguisme dans l'Administration et des R ...","og_url":"https:\/\/www.africa-press.net\/tchad\/toutes-les-actualites\/le-ministre-sgg-porte-plainte-contre-x-pour-atteinte-a-son-intimite","og_site_name":"tchad","article_published_time":"2023-10-16T16:41:21+00:00","article_modified_time":"2023-10-16T17:06:53+00:00","og_image":[{"width":720,"height":446,"url":"https:\/\/static.africa-press.net\/tchad\/sites\/41\/2023\/10\/sm_1697463362.835458.jpg","type":"image\/jpeg"}],"author":"cfeditorfr","twitter_card":"summary_large_image","twitter_misc":{"\u00c9crit par":"cfeditorfr","Dur\u00e9e de lecture estim\u00e9e":"1 minute"},"schema":{"@context":"https:\/\/schema.org","@graph":[{"@type":"Article","@id":"https:\/\/www.africa-press.net\/tchad\/toutes-les-actualites\/le-ministre-sgg-porte-plainte-contre-x-pour-atteinte-a-son-intimite#article","isPartOf":{"@id":"https:\/\/www.africa-press.net\/tchad\/toutes-les-actualites\/le-ministre-sgg-porte-plainte-contre-x-pour-atteinte-a-son-intimite"},"author":{"name":"cfeditorfr","@id":"https:\/\/www.africa-press.net\/tchad\/#\/schema\/person\/2b1cf3cd81a31e3cd26889ca66d677f1"},"headline":"le ministre SGG porte plainte contre X pour atteinte \u00e0 son intimit\u00e9","datePublished":"2023-10-16T16:41:21+00:00","dateModified":"2023-10-16T17:06:53+00:00","mainEntityOfPage":{"@id":"https:\/\/www.africa-press.net\/tchad\/toutes-les-actualites\/le-ministre-sgg-porte-plainte-contre-x-pour-atteinte-a-son-intimite"},"wordCount":307,"commentCount":0,"image":{"@id":"https:\/\/www.africa-press.net\/tchad\/toutes-les-actualites\/le-ministre-sgg-porte-plainte-contre-x-pour-atteinte-a-son-intimite#primaryimage"},"thumbnailUrl":"https:\/\/static.africa-press.net\/tchad\/sites\/41\/2023\/10\/sm_1697463362.835458.jpg","keywords":["Africa Press","Africa Press-Tchad","Tchad"],"articleSection":["Communaut\u00e9","Toutes les actualit\u00e9s"],"inLanguage":"fr-FR","potentialAction":[{"@type":"CommentAction","name":"Comment","target":["https:\/\/www.africa-press.net\/tchad\/toutes-les-actualites\/le-ministre-sgg-porte-plainte-contre-x-pour-atteinte-a-son-intimite#respond"]}]},{"@type":"WebPage","@id":"https:\/\/www.africa-press.net\/tchad\/toutes-les-actualites\/le-ministre-sgg-porte-plainte-contre-x-pour-atteinte-a-son-intimite","url":"https:\/\/www.africa-press.net\/tchad\/toutes-les-actualites\/le-ministre-sgg-porte-plainte-contre-x-pour-atteinte-a-son-intimite","name":"le ministre SGG porte plainte contre X pour atteinte \u00e0 son intimit\u00e9 - tchad","isPartOf":{"@id":"https:\/\/www.africa-press.net\/tchad\/#website"},"primaryImageOfPage":{"@id":"https:\/\/www.africa-press.net\/tchad\/toutes-les-actualites\/le-ministre-sgg-porte-plainte-contre-x-pour-atteinte-a-son-intimite#primaryimage"},"image":{"@id":"https:\/\/www.africa-press.net\/tchad\/toutes-les-actualites\/le-ministre-sgg-porte-plainte-contre-x-pour-atteinte-a-son-intimite#primaryimage"},"thumbnailUrl":"https:\/\/static.africa-press.net\/tchad\/sites\/41\/2023\/10\/sm_1697463362.835458.jpg","datePublished":"2023-10-16T16:41:21+00:00","dateModified":"2023-10-16T17:06:53+00:00","author":{"@id":"https:\/\/www.africa-press.net\/tchad\/#\/schema\/person\/2b1cf3cd81a31e3cd26889ca66d677f1"},"description":"Le ministre secre\u0301taire ge\u0301ne\u0301ral du gouvernement, charge\u0301 de la Promotion du bilinguisme dans l'Administration et des R ...","breadcrumb":{"@id":"https:\/\/www.africa-press.net\/tchad\/toutes-les-actualites\/le-ministre-sgg-porte-plainte-contre-x-pour-atteinte-a-son-intimite#breadcrumb"},"inLanguage":"fr-FR","potentialAction":[{"@type":"ReadAction","target":["https:\/\/www.africa-press.net\/tchad\/toutes-les-actualites\/le-ministre-sgg-porte-plainte-contre-x-pour-atteinte-a-son-intimite"]}]},{"@type":"ImageObject","inLanguage":"fr-FR","@id":"https:\/\/www.africa-press.net\/tchad\/toutes-les-actualites\/le-ministre-sgg-porte-plainte-contre-x-pour-atteinte-a-son-intimite#primaryimage","url":"https:\/\/static.africa-press.net\/tchad\/sites\/41\/2023\/10\/sm_1697463362.835458.jpg","contentUrl":"https:\/\/static.africa-press.net\/tchad\/sites\/41\/2023\/10\/sm_1697463362.835458.jpg","width":720,"height":446,"caption":"le ministre SGG porte plainte contre X pour atteinte \u00e0 son intimit\u00e9"},{"@type":"BreadcrumbList","@id":"https:\/\/www.africa-press.net\/tchad\/toutes-les-actualites\/le-ministre-sgg-porte-plainte-contre-x-pour-atteinte-a-son-intimite#breadcrumb","itemListElement":[{"@type":"ListItem","position":1,"name":"Accueil","item":"https:\/\/www.africa-press.net\/tchad\/"},{"@type":"ListItem","position":2,"name":"le ministre SGG porte plainte contre X pour atteinte \u00e0 son intimit\u00e9"}]},{"@type":"WebSite","@id":"https:\/\/www.africa-press.net\/tchad\/#website","url":"https:\/\/www.africa-press.net\/tchad\/","name":"tchad","description":"Just another Africa News Agency Sites site","potentialAction":[{"@type":"SearchAction","target":{"@type":"EntryPoint","urlTemplate":"https:\/\/www.africa-press.net\/tchad\/?s={search_term_string}"},"query-input":{"@type":"PropertyValueSpecification","valueRequired":true,"valueName":"search_term_string"}}],"inLanguage":"fr-FR"},{"@type":"Person","@id":"https:\/\/www.africa-press.net\/tchad\/#\/schema\/person\/2b1cf3cd81a31e3cd26889ca66d677f1","name":"cfeditorfr"}]}},"_links":{"self":[{"href":"https:\/\/www.africa-press.net\/tchad\/wp-json\/wp\/v2\/posts\/52418","targetHints":{"allow":["GET"]}}],"collection":[{"href":"https:\/\/www.africa-press.net\/tchad\/wp-json\/wp\/v2\/posts"}],"about":[{"href":"https:\/\/www.africa-press.net\/tchad\/wp-json\/wp\/v2\/types\/post"}],"author":[{"embeddable":true,"href":"https:\/\/www.africa-press.net\/tchad\/wp-json\/wp\/v2\/users\/82"}],"replies":[{"embeddable":true,"href":"https:\/\/www.africa-press.net\/tchad\/wp-json\/wp\/v2\/comments?post=52418"}],"version-history":[{"count":0,"href":"https:\/\/www.africa-press.net\/tchad\/wp-json\/wp\/v2\/posts\/52418\/revisions"}],"wp:featuredmedia":[{"embeddable":true,"href":"https:\/\/www.africa-press.net\/tchad\/wp-json\/wp\/v2\/media\/52417"}],"wp:attachment":[{"href":"https:\/\/www.africa-press.net\/tchad\/wp-json\/wp\/v2\/media?parent=52418"}],"wp:term":[{"taxonomy":"category","embeddable":true,"href":"https:\/\/www.africa-press.net\/tchad\/wp-json\/wp\/v2\/categories?post=52418"},{"taxonomy":"post_tag","embeddable":true,"href":"https:\/\/www.africa-press.net\/tchad\/wp-json\/wp\/v2\/tags?post=52418"}],"curies":[{"name":"wp","href":"https:\/\/api.w.org\/{rel}","templated":true}]}}