{"id":52427,"date":"2023-10-16T19:04:11","date_gmt":"2023-10-16T19:04:11","guid":{"rendered":"https:\/\/www.africa-press.net\/tchad\/politique\/ahmed-attaf-recoit-son-homologue-tchadien"},"modified":"2023-10-16T20:43:17","modified_gmt":"2023-10-16T20:43:17","slug":"ahmed-attaf-recoit-son-homologue-tchadien","status":"publish","type":"post","link":"https:\/\/www.africa-press.net\/tchad\/politique\/ahmed-attaf-recoit-son-homologue-tchadien","title":{"rendered":"Ahmed Attaf re\u00e7oit son homologue Tchadien"},"content":{"rendered":"<p><span style=\"color: #ff6600\"><strong>Africa-Press &#8211; Tchad. <\/strong><\/span>Le Ministre des Affaires e\u0301trange\u0300res, M. Ahmed Attaf, a rec\u0327u aujourd&rsquo;hui lundi, au sie\u0300ge du ministe\u0300re, son homologue de la Re\u0301publique du Tchad, M. Mohamed Salah Ennadhif, selon un communique\u0301 du ministe\u0300re.<\/p>\n<p>Mohamed Salah Ennadhif est arrive\u0301 en Alge\u0301rie afin d\u2019effectuer une visite pour participer a\u0300 la vingtie\u0300me e\u0301dition du sommet ministe\u0301riel Afrique \u2013 Pays Nordiques en Alge\u0301rie.<\/p>\n<p>Au cours de cette rencontre, les deux diplomates se sont mis d\u2019accord sur plusieurs mesures visant a\u0300 consolider les relations alge\u0301ro-tchadiennes, notamment l\u2019organisation de la prochaine session du comite\u0301 mixte de coope\u0301ration en de\u0301but d\u2019anne\u0301e prochaine et l\u2019intensification de la communication entre les ope\u0301rateurs e\u0301conomiques des deux pays pour exploiter les opportunite\u0301s offertes par la zone de libre-e\u0301change continentale, selon le communique\u0301 du ministe\u0300re.<\/p>\n<p>Par ailleurs, les deux parties ont e\u0301galement profite\u0301 de cette occasion pour e\u0301changer leurs points de vue et leurs analyses sur les graves de\u0301veloppements en cours dans la question palestinienne, ainsi que sur les derniers de\u0301veloppements dans la re\u0301gion sahe\u0301lo-saharienne, conclut le communique\u0301.<\/p>\n<p><strong>Pour plus d&rsquo;informations et d&rsquo;analyses sur la <a href=\"https:\/\/www.africa-press.net\/tchad\">Tchad<\/a>, suivez <a href=\"https:\/\/www.africa-press.net\/\">Africa-Press<\/a><\/strong><\/p>\n","protected":false},"excerpt":{"rendered":"<p>Africa-Press &#8211; Tchad. Le Ministre des Affaires e\u0301trange\u0300res, M. Ahmed Attaf, a rec\u0327u aujourd&rsquo;hui lundi, au sie\u0300ge du ministe\u0300re, son homologue de la Re\u0301publique du Tchad, M. Mohamed Salah Ennadhif, selon un communique\u0301 du ministe\u0300re. Mohamed Salah Ennadhif est arrive\u0301 en Alge\u0301rie afin d\u2019effectuer une visite pour participer a\u0300 la vingtie\u0300me e\u0301dition du sommet ministe\u0301riel [&hellip;]<\/p>\n","protected":false},"author":82,"featured_media":52425,"comment_status":"open","ping_status":"closed","sticky":false,"template":"","format":"standard","meta":{"footnotes":""},"categories":[2,10],"tags":[37,292,29],"class_list":["post-52427","post","type-post","status-publish","format-standard","has-post-thumbnail","hentry","category-politique","category-toutes-les-actualites","tag-africa-press","tag-africa-press-tchad","tag-tchad"],"yoast_head":"<!-- This site is optimized with the Yoast SEO Premium plugin v26.1 (Yoast SEO v27.0) - https:\/\/yoast.com\/product\/yoast-seo-premium-wordpress\/ -->\n<title>Ahmed Attaf re\u00e7oit son homologue Tchadien - tchad<\/title>\n<meta name=\"description\" content=\"Le Ministre des Affaires e\u0301trange\u0300res, M. Ahmed Attaf, a rec\u0327u aujourd&#039;hui lundi, au sie\u0300ge du ministe\u0300re, son homologue ...\" \/>\n<meta name=\"robots\" content=\"index, follow, max-snippet:-1, max-image-preview:large, max-video-preview:-1\" \/>\n<link rel=\"canonical\" href=\"https:\/\/www.africa-press.net\/tchad\/politique\/ahmed-attaf-recoit-son-homologue-tchadien\" \/>\n<meta property=\"og:locale\" content=\"fr_FR\" \/>\n<meta property=\"og:type\" content=\"article\" \/>\n<meta property=\"og:title\" content=\"Ahmed Attaf re\u00e7oit son homologue Tchadien\" \/>\n<meta property=\"og:description\" content=\"Le Ministre des Affaires e\u0301trange\u0300res, M. Ahmed Attaf, a rec\u0327u aujourd&#039;hui lundi, au sie\u0300ge du ministe\u0300re, son homologue ...\" \/>\n<meta property=\"og:url\" content=\"https:\/\/www.africa-press.net\/tchad\/politique\/ahmed-attaf-recoit-son-homologue-tchadien\" \/>\n<meta property=\"og:site_name\" content=\"tchad\" \/>\n<meta property=\"article:published_time\" content=\"2023-10-16T19:04:11+00:00\" \/>\n<meta property=\"article:modified_time\" content=\"2023-10-16T20:43:17+00:00\" \/>\n<meta property=\"og:image\" content=\"https:\/\/static.africa-press.net\/tchad\/sites\/41\/2023\/10\/sm_1697476303.930566.jpg\" \/>\n\t<meta property=\"og:image:width\" content=\"1280\" \/>\n\t<meta property=\"og:image:height\" content=\"851\" \/>\n\t<meta property=\"og:image:type\" content=\"image\/jpeg\" \/>\n<meta name=\"author\" content=\"cfeditorfr\" \/>\n<meta name=\"twitter:card\" content=\"summary_large_image\" \/>\n<meta name=\"twitter:label1\" content=\"\u00c9crit par\" \/>\n\t<meta name=\"twitter:data1\" content=\"cfeditorfr\" \/>\n\t<meta name=\"twitter:label2\" content=\"Dur\u00e9e de lecture estim\u00e9e\" \/>\n\t<meta name=\"twitter:data2\" content=\"1 minute\" \/>\n<script type=\"application\/ld+json\" class=\"yoast-schema-graph\">{\"@context\":\"https:\/\/schema.org\",\"@graph\":[{\"@type\":\"Article\",\"@id\":\"https:\/\/www.africa-press.net\/tchad\/politique\/ahmed-attaf-recoit-son-homologue-tchadien#article\",\"isPartOf\":{\"@id\":\"https:\/\/www.africa-press.net\/tchad\/politique\/ahmed-attaf-recoit-son-homologue-tchadien\"},\"author\":{\"name\":\"cfeditorfr\",\"@id\":\"https:\/\/www.africa-press.net\/tchad\/#\/schema\/person\/2b1cf3cd81a31e3cd26889ca66d677f1\"},\"headline\":\"Ahmed Attaf re\u00e7oit son homologue Tchadien\",\"datePublished\":\"2023-10-16T19:04:11+00:00\",\"dateModified\":\"2023-10-16T20:43:17+00:00\",\"mainEntityOfPage\":{\"@id\":\"https:\/\/www.africa-press.net\/tchad\/politique\/ahmed-attaf-recoit-son-homologue-tchadien\"},\"wordCount\":219,\"commentCount\":0,\"image\":{\"@id\":\"https:\/\/www.africa-press.net\/tchad\/politique\/ahmed-attaf-recoit-son-homologue-tchadien#primaryimage\"},\"thumbnailUrl\":\"https:\/\/static.africa-press.net\/tchad\/sites\/41\/2023\/10\/sm_1697476303.930566.jpg\",\"keywords\":[\"Africa Press\",\"Africa Press-Tchad\",\"Tchad\"],\"articleSection\":[\"Politique\",\"Toutes les actualit\u00e9s\"],\"inLanguage\":\"fr-FR\",\"potentialAction\":[{\"@type\":\"CommentAction\",\"name\":\"Comment\",\"target\":[\"https:\/\/www.africa-press.net\/tchad\/politique\/ahmed-attaf-recoit-son-homologue-tchadien#respond\"]}]},{\"@type\":\"WebPage\",\"@id\":\"https:\/\/www.africa-press.net\/tchad\/politique\/ahmed-attaf-recoit-son-homologue-tchadien\",\"url\":\"https:\/\/www.africa-press.net\/tchad\/politique\/ahmed-attaf-recoit-son-homologue-tchadien\",\"name\":\"Ahmed Attaf re\u00e7oit son homologue Tchadien - tchad\",\"isPartOf\":{\"@id\":\"https:\/\/www.africa-press.net\/tchad\/#website\"},\"primaryImageOfPage\":{\"@id\":\"https:\/\/www.africa-press.net\/tchad\/politique\/ahmed-attaf-recoit-son-homologue-tchadien#primaryimage\"},\"image\":{\"@id\":\"https:\/\/www.africa-press.net\/tchad\/politique\/ahmed-attaf-recoit-son-homologue-tchadien#primaryimage\"},\"thumbnailUrl\":\"https:\/\/static.africa-press.net\/tchad\/sites\/41\/2023\/10\/sm_1697476303.930566.jpg\",\"datePublished\":\"2023-10-16T19:04:11+00:00\",\"dateModified\":\"2023-10-16T20:43:17+00:00\",\"author\":{\"@id\":\"https:\/\/www.africa-press.net\/tchad\/#\/schema\/person\/2b1cf3cd81a31e3cd26889ca66d677f1\"},\"description\":\"Le Ministre des Affaires e\u0301trange\u0300res, M. Ahmed Attaf, a rec\u0327u aujourd'hui lundi, au sie\u0300ge du ministe\u0300re, son homologue ...\",\"breadcrumb\":{\"@id\":\"https:\/\/www.africa-press.net\/tchad\/politique\/ahmed-attaf-recoit-son-homologue-tchadien#breadcrumb\"},\"inLanguage\":\"fr-FR\",\"potentialAction\":[{\"@type\":\"ReadAction\",\"target\":[\"https:\/\/www.africa-press.net\/tchad\/politique\/ahmed-attaf-recoit-son-homologue-tchadien\"]}]},{\"@type\":\"ImageObject\",\"inLanguage\":\"fr-FR\",\"@id\":\"https:\/\/www.africa-press.net\/tchad\/politique\/ahmed-attaf-recoit-son-homologue-tchadien#primaryimage\",\"url\":\"https:\/\/static.africa-press.net\/tchad\/sites\/41\/2023\/10\/sm_1697476303.930566.jpg\",\"contentUrl\":\"https:\/\/static.africa-press.net\/tchad\/sites\/41\/2023\/10\/sm_1697476303.930566.jpg\",\"width\":1280,\"height\":851,\"caption\":\"Ahmed Attaf re\u00e7oit son homologue Tchadien\"},{\"@type\":\"BreadcrumbList\",\"@id\":\"https:\/\/www.africa-press.net\/tchad\/politique\/ahmed-attaf-recoit-son-homologue-tchadien#breadcrumb\",\"itemListElement\":[{\"@type\":\"ListItem\",\"position\":1,\"name\":\"Accueil\",\"item\":\"https:\/\/www.africa-press.net\/tchad\/\"},{\"@type\":\"ListItem\",\"position\":2,\"name\":\"Ahmed Attaf re\u00e7oit son homologue Tchadien\"}]},{\"@type\":\"WebSite\",\"@id\":\"https:\/\/www.africa-press.net\/tchad\/#website\",\"url\":\"https:\/\/www.africa-press.net\/tchad\/\",\"name\":\"tchad\",\"description\":\"Just another Africa News Agency Sites site\",\"potentialAction\":[{\"@type\":\"SearchAction\",\"target\":{\"@type\":\"EntryPoint\",\"urlTemplate\":\"https:\/\/www.africa-press.net\/tchad\/?s={search_term_string}\"},\"query-input\":{\"@type\":\"PropertyValueSpecification\",\"valueRequired\":true,\"valueName\":\"search_term_string\"}}],\"inLanguage\":\"fr-FR\"},{\"@type\":\"Person\",\"@id\":\"https:\/\/www.africa-press.net\/tchad\/#\/schema\/person\/2b1cf3cd81a31e3cd26889ca66d677f1\",\"name\":\"cfeditorfr\"}]}<\/script>\n<!-- \/ Yoast SEO Premium plugin. -->","yoast_head_json":{"title":"Ahmed Attaf re\u00e7oit son homologue Tchadien - tchad","description":"Le Ministre des Affaires e\u0301trange\u0300res, M. Ahmed Attaf, a rec\u0327u aujourd'hui lundi, au sie\u0300ge du ministe\u0300re, son homologue ...","robots":{"index":"index","follow":"follow","max-snippet":"max-snippet:-1","max-image-preview":"max-image-preview:large","max-video-preview":"max-video-preview:-1"},"canonical":"https:\/\/www.africa-press.net\/tchad\/politique\/ahmed-attaf-recoit-son-homologue-tchadien","og_locale":"fr_FR","og_type":"article","og_title":"Ahmed Attaf re\u00e7oit son homologue Tchadien","og_description":"Le Ministre des Affaires e\u0301trange\u0300res, M. Ahmed Attaf, a rec\u0327u aujourd'hui lundi, au sie\u0300ge du ministe\u0300re, son homologue ...","og_url":"https:\/\/www.africa-press.net\/tchad\/politique\/ahmed-attaf-recoit-son-homologue-tchadien","og_site_name":"tchad","article_published_time":"2023-10-16T19:04:11+00:00","article_modified_time":"2023-10-16T20:43:17+00:00","og_image":[{"width":1280,"height":851,"url":"https:\/\/static.africa-press.net\/tchad\/sites\/41\/2023\/10\/sm_1697476303.930566.jpg","type":"image\/jpeg"}],"author":"cfeditorfr","twitter_card":"summary_large_image","twitter_misc":{"\u00c9crit par":"cfeditorfr","Dur\u00e9e de lecture estim\u00e9e":"1 minute"},"schema":{"@context":"https:\/\/schema.org","@graph":[{"@type":"Article","@id":"https:\/\/www.africa-press.net\/tchad\/politique\/ahmed-attaf-recoit-son-homologue-tchadien#article","isPartOf":{"@id":"https:\/\/www.africa-press.net\/tchad\/politique\/ahmed-attaf-recoit-son-homologue-tchadien"},"author":{"name":"cfeditorfr","@id":"https:\/\/www.africa-press.net\/tchad\/#\/schema\/person\/2b1cf3cd81a31e3cd26889ca66d677f1"},"headline":"Ahmed Attaf re\u00e7oit son homologue Tchadien","datePublished":"2023-10-16T19:04:11+00:00","dateModified":"2023-10-16T20:43:17+00:00","mainEntityOfPage":{"@id":"https:\/\/www.africa-press.net\/tchad\/politique\/ahmed-attaf-recoit-son-homologue-tchadien"},"wordCount":219,"commentCount":0,"image":{"@id":"https:\/\/www.africa-press.net\/tchad\/politique\/ahmed-attaf-recoit-son-homologue-tchadien#primaryimage"},"thumbnailUrl":"https:\/\/static.africa-press.net\/tchad\/sites\/41\/2023\/10\/sm_1697476303.930566.jpg","keywords":["Africa Press","Africa Press-Tchad","Tchad"],"articleSection":["Politique","Toutes les actualit\u00e9s"],"inLanguage":"fr-FR","potentialAction":[{"@type":"CommentAction","name":"Comment","target":["https:\/\/www.africa-press.net\/tchad\/politique\/ahmed-attaf-recoit-son-homologue-tchadien#respond"]}]},{"@type":"WebPage","@id":"https:\/\/www.africa-press.net\/tchad\/politique\/ahmed-attaf-recoit-son-homologue-tchadien","url":"https:\/\/www.africa-press.net\/tchad\/politique\/ahmed-attaf-recoit-son-homologue-tchadien","name":"Ahmed Attaf re\u00e7oit son homologue Tchadien - tchad","isPartOf":{"@id":"https:\/\/www.africa-press.net\/tchad\/#website"},"primaryImageOfPage":{"@id":"https:\/\/www.africa-press.net\/tchad\/politique\/ahmed-attaf-recoit-son-homologue-tchadien#primaryimage"},"image":{"@id":"https:\/\/www.africa-press.net\/tchad\/politique\/ahmed-attaf-recoit-son-homologue-tchadien#primaryimage"},"thumbnailUrl":"https:\/\/static.africa-press.net\/tchad\/sites\/41\/2023\/10\/sm_1697476303.930566.jpg","datePublished":"2023-10-16T19:04:11+00:00","dateModified":"2023-10-16T20:43:17+00:00","author":{"@id":"https:\/\/www.africa-press.net\/tchad\/#\/schema\/person\/2b1cf3cd81a31e3cd26889ca66d677f1"},"description":"Le Ministre des Affaires e\u0301trange\u0300res, M. Ahmed Attaf, a rec\u0327u aujourd'hui lundi, au sie\u0300ge du ministe\u0300re, son homologue ...","breadcrumb":{"@id":"https:\/\/www.africa-press.net\/tchad\/politique\/ahmed-attaf-recoit-son-homologue-tchadien#breadcrumb"},"inLanguage":"fr-FR","potentialAction":[{"@type":"ReadAction","target":["https:\/\/www.africa-press.net\/tchad\/politique\/ahmed-attaf-recoit-son-homologue-tchadien"]}]},{"@type":"ImageObject","inLanguage":"fr-FR","@id":"https:\/\/www.africa-press.net\/tchad\/politique\/ahmed-attaf-recoit-son-homologue-tchadien#primaryimage","url":"https:\/\/static.africa-press.net\/tchad\/sites\/41\/2023\/10\/sm_1697476303.930566.jpg","contentUrl":"https:\/\/static.africa-press.net\/tchad\/sites\/41\/2023\/10\/sm_1697476303.930566.jpg","width":1280,"height":851,"caption":"Ahmed Attaf re\u00e7oit son homologue Tchadien"},{"@type":"BreadcrumbList","@id":"https:\/\/www.africa-press.net\/tchad\/politique\/ahmed-attaf-recoit-son-homologue-tchadien#breadcrumb","itemListElement":[{"@type":"ListItem","position":1,"name":"Accueil","item":"https:\/\/www.africa-press.net\/tchad\/"},{"@type":"ListItem","position":2,"name":"Ahmed Attaf re\u00e7oit son homologue Tchadien"}]},{"@type":"WebSite","@id":"https:\/\/www.africa-press.net\/tchad\/#website","url":"https:\/\/www.africa-press.net\/tchad\/","name":"tchad","description":"Just another Africa News Agency Sites site","potentialAction":[{"@type":"SearchAction","target":{"@type":"EntryPoint","urlTemplate":"https:\/\/www.africa-press.net\/tchad\/?s={search_term_string}"},"query-input":{"@type":"PropertyValueSpecification","valueRequired":true,"valueName":"search_term_string"}}],"inLanguage":"fr-FR"},{"@type":"Person","@id":"https:\/\/www.africa-press.net\/tchad\/#\/schema\/person\/2b1cf3cd81a31e3cd26889ca66d677f1","name":"cfeditorfr"}]}},"_links":{"self":[{"href":"https:\/\/www.africa-press.net\/tchad\/wp-json\/wp\/v2\/posts\/52427","targetHints":{"allow":["GET"]}}],"collection":[{"href":"https:\/\/www.africa-press.net\/tchad\/wp-json\/wp\/v2\/posts"}],"about":[{"href":"https:\/\/www.africa-press.net\/tchad\/wp-json\/wp\/v2\/types\/post"}],"author":[{"embeddable":true,"href":"https:\/\/www.africa-press.net\/tchad\/wp-json\/wp\/v2\/users\/82"}],"replies":[{"embeddable":true,"href":"https:\/\/www.africa-press.net\/tchad\/wp-json\/wp\/v2\/comments?post=52427"}],"version-history":[{"count":0,"href":"https:\/\/www.africa-press.net\/tchad\/wp-json\/wp\/v2\/posts\/52427\/revisions"}],"wp:featuredmedia":[{"embeddable":true,"href":"https:\/\/www.africa-press.net\/tchad\/wp-json\/wp\/v2\/media\/52425"}],"wp:attachment":[{"href":"https:\/\/www.africa-press.net\/tchad\/wp-json\/wp\/v2\/media?parent=52427"}],"wp:term":[{"taxonomy":"category","embeddable":true,"href":"https:\/\/www.africa-press.net\/tchad\/wp-json\/wp\/v2\/categories?post=52427"},{"taxonomy":"post_tag","embeddable":true,"href":"https:\/\/www.africa-press.net\/tchad\/wp-json\/wp\/v2\/tags?post=52427"}],"curies":[{"name":"wp","href":"https:\/\/api.w.org\/{rel}","templated":true}]}}