{"id":52463,"date":"2023-10-17T15:46:19","date_gmt":"2023-10-17T15:46:19","guid":{"rendered":"https:\/\/www.africa-press.net\/tchad\/politique\/un-atelier-organise-en-faveur-des-officiers-des-forces-de-securite-interieure"},"modified":"2023-10-17T16:24:03","modified_gmt":"2023-10-17T16:24:03","slug":"un-atelier-organise-en-faveur-des-officiers-des-forces-de-securite-interieure","status":"publish","type":"post","link":"https:\/\/www.africa-press.net\/tchad\/politique\/un-atelier-organise-en-faveur-des-officiers-des-forces-de-securite-interieure","title":{"rendered":"un atelier organis\u00e9 en faveur des officiers des Forces de s\u00e9curit\u00e9 int\u00e9rieure"},"content":{"rendered":"<p><span style=\"color: #ff6600\"><strong>Africa-Press &#8211; Tchad. <\/strong><\/span>Le ministe\u0300re de la Se\u0301curite\u0301 publique et de l&rsquo;Immigration, et le ministe\u0300re de la Justice, charge\u0301 des Droits humains, en partenariat avec le Haut-Commissariat des Nations Unies aux Droits de l&rsquo;Homme, organisent l&rsquo;atelier de formation des officiers des forces de se\u0301curite\u0301 inte\u0301rieure et de la police judiciaire.<\/p>\n<p>Place\u0301 sous le the\u0300me, \u00ab les droits de l&rsquo;homme et le maintien de l&rsquo;ordre au Tchad \u00bb, l&rsquo;atelier de formation des officiers des forces de se\u0301curite\u0301 inte\u0301rieure et de la police judiciaire, a pour objectif de renforcer les capacite\u0301s des forces de se\u0301curite\u0301 inte\u0301rieure du Tchad, pour une protection optimale des droits de l&rsquo;homme, y compris la violence base\u0301e sur le genre.<\/p>\n<p>Durant deux jours, les participants seront outille\u0301s sur plusieurs the\u0301matiques relatives aux notions relatives aux droits de l&rsquo;homme.<\/p>\n<p>Au nom du repre\u0301sentant du chef de bureau du Haut-Commissariat des Nations Unies aux Droits de l&rsquo;Homme, Astride Erdain a rappele\u0301 que cette activite\u0301 s&rsquo;inscrit dans le cadre global de l&rsquo;exe\u0301cution du mandat du HCDH Tchad, en matie\u0300re de promotion et de protection de l&rsquo;exercice effectif de tous les droits de l&rsquo;homme.<\/p>\n<p>Elle a exhorte\u0301 les agents des forces de de\u0301fense et de se\u0301curite\u0301 a\u0300 faire preuve de partialite\u0301 et de professionnalisme a\u0300 l\u2019e\u0301gard de la socie\u0301te\u0301.<\/p>\n<p>Officiant la ce\u0301re\u0301monie, le pre\u0301fet du de\u0301partement de Mamdi, Mahamat Be\u0301chir Mahamat, repre\u0301sentant le gouverneur, s&rsquo;est re\u0301joui de la tenue de cette session de formation, car elle cadre parfaitement avec la politique de la plus haute autorite\u0301 de la Transition. Mahamat Be\u0301chir Mahamat fonde l\u2019espoir que ladite formation re\u0301pondra aux attentes des be\u0301ne\u0301ficiaires, et enclenchera en eux une nouvelle mentalite\u0301 citoyenne, et une participation croissante dans les instances de\u0301centralise\u0301es, la pre\u0301vention et la re\u0301solution pacifique des conflits.<\/p>\n<p><strong>Pour plus d&rsquo;informations et d&rsquo;analyses sur la <a href=\"https:\/\/www.africa-press.net\/tchad\">Tchad<\/a>, suivez <a href=\"https:\/\/www.africa-press.net\/\">Africa-Press<\/a><\/strong><\/p>\n","protected":false},"excerpt":{"rendered":"<p>Africa-Press &#8211; Tchad. Le ministe\u0300re de la Se\u0301curite\u0301 publique et de l&rsquo;Immigration, et le ministe\u0300re de la Justice, charge\u0301 des Droits humains, en partenariat avec le Haut-Commissariat des Nations Unies aux Droits de l&rsquo;Homme, organisent l&rsquo;atelier de formation des officiers des forces de se\u0301curite\u0301 inte\u0301rieure et de la police judiciaire. Place\u0301 sous le the\u0300me, \u00ab [&hellip;]<\/p>\n","protected":false},"author":82,"featured_media":52461,"comment_status":"open","ping_status":"closed","sticky":false,"template":"","format":"standard","meta":{"footnotes":""},"categories":[2,10],"tags":[37,292,29],"class_list":["post-52463","post","type-post","status-publish","format-standard","has-post-thumbnail","hentry","category-politique","category-toutes-les-actualites","tag-africa-press","tag-africa-press-tchad","tag-tchad"],"yoast_head":"<!-- This site is optimized with the Yoast SEO Premium plugin v26.1 (Yoast SEO v27.0) - https:\/\/yoast.com\/product\/yoast-seo-premium-wordpress\/ -->\n<title>un atelier organis\u00e9 en faveur des officiers des Forces de s\u00e9curit\u00e9 int\u00e9rieure - tchad<\/title>\n<meta name=\"description\" content=\"Le ministe\u0300re de la Se\u0301curite\u0301 publique et de l&#039;Immigration, et le ministe\u0300re de la Justice, charge\u0301 des Droits humains, ...\" \/>\n<meta name=\"robots\" content=\"index, follow, max-snippet:-1, max-image-preview:large, max-video-preview:-1\" \/>\n<link rel=\"canonical\" href=\"https:\/\/www.africa-press.net\/tchad\/politique\/un-atelier-organise-en-faveur-des-officiers-des-forces-de-securite-interieure\" \/>\n<meta property=\"og:locale\" content=\"fr_FR\" \/>\n<meta property=\"og:type\" content=\"article\" \/>\n<meta property=\"og:title\" content=\"un atelier organis\u00e9 en faveur des officiers des Forces de s\u00e9curit\u00e9 int\u00e9rieure\" \/>\n<meta property=\"og:description\" content=\"Le ministe\u0300re de la Se\u0301curite\u0301 publique et de l&#039;Immigration, et le ministe\u0300re de la Justice, charge\u0301 des Droits humains, ...\" \/>\n<meta property=\"og:url\" content=\"https:\/\/www.africa-press.net\/tchad\/politique\/un-atelier-organise-en-faveur-des-officiers-des-forces-de-securite-interieure\" \/>\n<meta property=\"og:site_name\" content=\"tchad\" \/>\n<meta property=\"article:published_time\" content=\"2023-10-17T15:46:19+00:00\" \/>\n<meta property=\"article:modified_time\" content=\"2023-10-17T16:24:03+00:00\" \/>\n<meta property=\"og:image\" content=\"https:\/\/static.africa-press.net\/tchad\/sites\/41\/2023\/10\/sm_1697547173.689193.jpg\" \/>\n\t<meta property=\"og:image:width\" content=\"1024\" \/>\n\t<meta property=\"og:image:height\" content=\"768\" \/>\n\t<meta property=\"og:image:type\" content=\"image\/jpeg\" \/>\n<meta name=\"author\" content=\"cfeditorfr\" \/>\n<meta name=\"twitter:card\" content=\"summary_large_image\" \/>\n<meta name=\"twitter:label1\" content=\"\u00c9crit par\" \/>\n\t<meta name=\"twitter:data1\" content=\"cfeditorfr\" \/>\n\t<meta name=\"twitter:label2\" content=\"Dur\u00e9e de lecture estim\u00e9e\" \/>\n\t<meta name=\"twitter:data2\" content=\"2 minutes\" \/>\n<script type=\"application\/ld+json\" class=\"yoast-schema-graph\">{\"@context\":\"https:\/\/schema.org\",\"@graph\":[{\"@type\":\"Article\",\"@id\":\"https:\/\/www.africa-press.net\/tchad\/politique\/un-atelier-organise-en-faveur-des-officiers-des-forces-de-securite-interieure#article\",\"isPartOf\":{\"@id\":\"https:\/\/www.africa-press.net\/tchad\/politique\/un-atelier-organise-en-faveur-des-officiers-des-forces-de-securite-interieure\"},\"author\":{\"name\":\"cfeditorfr\",\"@id\":\"https:\/\/www.africa-press.net\/tchad\/#\/schema\/person\/2b1cf3cd81a31e3cd26889ca66d677f1\"},\"headline\":\"un atelier organis\u00e9 en faveur des officiers des Forces de s\u00e9curit\u00e9 int\u00e9rieure\",\"datePublished\":\"2023-10-17T15:46:19+00:00\",\"dateModified\":\"2023-10-17T16:24:03+00:00\",\"mainEntityOfPage\":{\"@id\":\"https:\/\/www.africa-press.net\/tchad\/politique\/un-atelier-organise-en-faveur-des-officiers-des-forces-de-securite-interieure\"},\"wordCount\":360,\"commentCount\":0,\"image\":{\"@id\":\"https:\/\/www.africa-press.net\/tchad\/politique\/un-atelier-organise-en-faveur-des-officiers-des-forces-de-securite-interieure#primaryimage\"},\"thumbnailUrl\":\"https:\/\/static.africa-press.net\/tchad\/sites\/41\/2023\/10\/sm_1697547173.689193.jpg\",\"keywords\":[\"Africa Press\",\"Africa Press-Tchad\",\"Tchad\"],\"articleSection\":[\"Politique\",\"Toutes les actualit\u00e9s\"],\"inLanguage\":\"fr-FR\",\"potentialAction\":[{\"@type\":\"CommentAction\",\"name\":\"Comment\",\"target\":[\"https:\/\/www.africa-press.net\/tchad\/politique\/un-atelier-organise-en-faveur-des-officiers-des-forces-de-securite-interieure#respond\"]}]},{\"@type\":\"WebPage\",\"@id\":\"https:\/\/www.africa-press.net\/tchad\/politique\/un-atelier-organise-en-faveur-des-officiers-des-forces-de-securite-interieure\",\"url\":\"https:\/\/www.africa-press.net\/tchad\/politique\/un-atelier-organise-en-faveur-des-officiers-des-forces-de-securite-interieure\",\"name\":\"un atelier organis\u00e9 en faveur des officiers des Forces de s\u00e9curit\u00e9 int\u00e9rieure - tchad\",\"isPartOf\":{\"@id\":\"https:\/\/www.africa-press.net\/tchad\/#website\"},\"primaryImageOfPage\":{\"@id\":\"https:\/\/www.africa-press.net\/tchad\/politique\/un-atelier-organise-en-faveur-des-officiers-des-forces-de-securite-interieure#primaryimage\"},\"image\":{\"@id\":\"https:\/\/www.africa-press.net\/tchad\/politique\/un-atelier-organise-en-faveur-des-officiers-des-forces-de-securite-interieure#primaryimage\"},\"thumbnailUrl\":\"https:\/\/static.africa-press.net\/tchad\/sites\/41\/2023\/10\/sm_1697547173.689193.jpg\",\"datePublished\":\"2023-10-17T15:46:19+00:00\",\"dateModified\":\"2023-10-17T16:24:03+00:00\",\"author\":{\"@id\":\"https:\/\/www.africa-press.net\/tchad\/#\/schema\/person\/2b1cf3cd81a31e3cd26889ca66d677f1\"},\"description\":\"Le ministe\u0300re de la Se\u0301curite\u0301 publique et de l'Immigration, et le ministe\u0300re de la Justice, charge\u0301 des Droits humains, ...\",\"breadcrumb\":{\"@id\":\"https:\/\/www.africa-press.net\/tchad\/politique\/un-atelier-organise-en-faveur-des-officiers-des-forces-de-securite-interieure#breadcrumb\"},\"inLanguage\":\"fr-FR\",\"potentialAction\":[{\"@type\":\"ReadAction\",\"target\":[\"https:\/\/www.africa-press.net\/tchad\/politique\/un-atelier-organise-en-faveur-des-officiers-des-forces-de-securite-interieure\"]}]},{\"@type\":\"ImageObject\",\"inLanguage\":\"fr-FR\",\"@id\":\"https:\/\/www.africa-press.net\/tchad\/politique\/un-atelier-organise-en-faveur-des-officiers-des-forces-de-securite-interieure#primaryimage\",\"url\":\"https:\/\/static.africa-press.net\/tchad\/sites\/41\/2023\/10\/sm_1697547173.689193.jpg\",\"contentUrl\":\"https:\/\/static.africa-press.net\/tchad\/sites\/41\/2023\/10\/sm_1697547173.689193.jpg\",\"width\":1024,\"height\":768,\"caption\":\"un atelier organis\u00e9 en faveur des officiers des Forces de s\u00e9curit\u00e9 int\u00e9rieure\"},{\"@type\":\"BreadcrumbList\",\"@id\":\"https:\/\/www.africa-press.net\/tchad\/politique\/un-atelier-organise-en-faveur-des-officiers-des-forces-de-securite-interieure#breadcrumb\",\"itemListElement\":[{\"@type\":\"ListItem\",\"position\":1,\"name\":\"Accueil\",\"item\":\"https:\/\/www.africa-press.net\/tchad\/\"},{\"@type\":\"ListItem\",\"position\":2,\"name\":\"un atelier organis\u00e9 en faveur des officiers des Forces de s\u00e9curit\u00e9 int\u00e9rieure\"}]},{\"@type\":\"WebSite\",\"@id\":\"https:\/\/www.africa-press.net\/tchad\/#website\",\"url\":\"https:\/\/www.africa-press.net\/tchad\/\",\"name\":\"tchad\",\"description\":\"Just another Africa News Agency Sites site\",\"potentialAction\":[{\"@type\":\"SearchAction\",\"target\":{\"@type\":\"EntryPoint\",\"urlTemplate\":\"https:\/\/www.africa-press.net\/tchad\/?s={search_term_string}\"},\"query-input\":{\"@type\":\"PropertyValueSpecification\",\"valueRequired\":true,\"valueName\":\"search_term_string\"}}],\"inLanguage\":\"fr-FR\"},{\"@type\":\"Person\",\"@id\":\"https:\/\/www.africa-press.net\/tchad\/#\/schema\/person\/2b1cf3cd81a31e3cd26889ca66d677f1\",\"name\":\"cfeditorfr\"}]}<\/script>\n<!-- \/ Yoast SEO Premium plugin. -->","yoast_head_json":{"title":"un atelier organis\u00e9 en faveur des officiers des Forces de s\u00e9curit\u00e9 int\u00e9rieure - tchad","description":"Le ministe\u0300re de la Se\u0301curite\u0301 publique et de l'Immigration, et le ministe\u0300re de la Justice, charge\u0301 des Droits humains, ...","robots":{"index":"index","follow":"follow","max-snippet":"max-snippet:-1","max-image-preview":"max-image-preview:large","max-video-preview":"max-video-preview:-1"},"canonical":"https:\/\/www.africa-press.net\/tchad\/politique\/un-atelier-organise-en-faveur-des-officiers-des-forces-de-securite-interieure","og_locale":"fr_FR","og_type":"article","og_title":"un atelier organis\u00e9 en faveur des officiers des Forces de s\u00e9curit\u00e9 int\u00e9rieure","og_description":"Le ministe\u0300re de la Se\u0301curite\u0301 publique et de l'Immigration, et le ministe\u0300re de la Justice, charge\u0301 des Droits humains, ...","og_url":"https:\/\/www.africa-press.net\/tchad\/politique\/un-atelier-organise-en-faveur-des-officiers-des-forces-de-securite-interieure","og_site_name":"tchad","article_published_time":"2023-10-17T15:46:19+00:00","article_modified_time":"2023-10-17T16:24:03+00:00","og_image":[{"width":1024,"height":768,"url":"https:\/\/static.africa-press.net\/tchad\/sites\/41\/2023\/10\/sm_1697547173.689193.jpg","type":"image\/jpeg"}],"author":"cfeditorfr","twitter_card":"summary_large_image","twitter_misc":{"\u00c9crit par":"cfeditorfr","Dur\u00e9e de lecture estim\u00e9e":"2 minutes"},"schema":{"@context":"https:\/\/schema.org","@graph":[{"@type":"Article","@id":"https:\/\/www.africa-press.net\/tchad\/politique\/un-atelier-organise-en-faveur-des-officiers-des-forces-de-securite-interieure#article","isPartOf":{"@id":"https:\/\/www.africa-press.net\/tchad\/politique\/un-atelier-organise-en-faveur-des-officiers-des-forces-de-securite-interieure"},"author":{"name":"cfeditorfr","@id":"https:\/\/www.africa-press.net\/tchad\/#\/schema\/person\/2b1cf3cd81a31e3cd26889ca66d677f1"},"headline":"un atelier organis\u00e9 en faveur des officiers des Forces de s\u00e9curit\u00e9 int\u00e9rieure","datePublished":"2023-10-17T15:46:19+00:00","dateModified":"2023-10-17T16:24:03+00:00","mainEntityOfPage":{"@id":"https:\/\/www.africa-press.net\/tchad\/politique\/un-atelier-organise-en-faveur-des-officiers-des-forces-de-securite-interieure"},"wordCount":360,"commentCount":0,"image":{"@id":"https:\/\/www.africa-press.net\/tchad\/politique\/un-atelier-organise-en-faveur-des-officiers-des-forces-de-securite-interieure#primaryimage"},"thumbnailUrl":"https:\/\/static.africa-press.net\/tchad\/sites\/41\/2023\/10\/sm_1697547173.689193.jpg","keywords":["Africa Press","Africa Press-Tchad","Tchad"],"articleSection":["Politique","Toutes les actualit\u00e9s"],"inLanguage":"fr-FR","potentialAction":[{"@type":"CommentAction","name":"Comment","target":["https:\/\/www.africa-press.net\/tchad\/politique\/un-atelier-organise-en-faveur-des-officiers-des-forces-de-securite-interieure#respond"]}]},{"@type":"WebPage","@id":"https:\/\/www.africa-press.net\/tchad\/politique\/un-atelier-organise-en-faveur-des-officiers-des-forces-de-securite-interieure","url":"https:\/\/www.africa-press.net\/tchad\/politique\/un-atelier-organise-en-faveur-des-officiers-des-forces-de-securite-interieure","name":"un atelier organis\u00e9 en faveur des officiers des Forces de s\u00e9curit\u00e9 int\u00e9rieure - tchad","isPartOf":{"@id":"https:\/\/www.africa-press.net\/tchad\/#website"},"primaryImageOfPage":{"@id":"https:\/\/www.africa-press.net\/tchad\/politique\/un-atelier-organise-en-faveur-des-officiers-des-forces-de-securite-interieure#primaryimage"},"image":{"@id":"https:\/\/www.africa-press.net\/tchad\/politique\/un-atelier-organise-en-faveur-des-officiers-des-forces-de-securite-interieure#primaryimage"},"thumbnailUrl":"https:\/\/static.africa-press.net\/tchad\/sites\/41\/2023\/10\/sm_1697547173.689193.jpg","datePublished":"2023-10-17T15:46:19+00:00","dateModified":"2023-10-17T16:24:03+00:00","author":{"@id":"https:\/\/www.africa-press.net\/tchad\/#\/schema\/person\/2b1cf3cd81a31e3cd26889ca66d677f1"},"description":"Le ministe\u0300re de la Se\u0301curite\u0301 publique et de l'Immigration, et le ministe\u0300re de la Justice, charge\u0301 des Droits humains, ...","breadcrumb":{"@id":"https:\/\/www.africa-press.net\/tchad\/politique\/un-atelier-organise-en-faveur-des-officiers-des-forces-de-securite-interieure#breadcrumb"},"inLanguage":"fr-FR","potentialAction":[{"@type":"ReadAction","target":["https:\/\/www.africa-press.net\/tchad\/politique\/un-atelier-organise-en-faveur-des-officiers-des-forces-de-securite-interieure"]}]},{"@type":"ImageObject","inLanguage":"fr-FR","@id":"https:\/\/www.africa-press.net\/tchad\/politique\/un-atelier-organise-en-faveur-des-officiers-des-forces-de-securite-interieure#primaryimage","url":"https:\/\/static.africa-press.net\/tchad\/sites\/41\/2023\/10\/sm_1697547173.689193.jpg","contentUrl":"https:\/\/static.africa-press.net\/tchad\/sites\/41\/2023\/10\/sm_1697547173.689193.jpg","width":1024,"height":768,"caption":"un atelier organis\u00e9 en faveur des officiers des Forces de s\u00e9curit\u00e9 int\u00e9rieure"},{"@type":"BreadcrumbList","@id":"https:\/\/www.africa-press.net\/tchad\/politique\/un-atelier-organise-en-faveur-des-officiers-des-forces-de-securite-interieure#breadcrumb","itemListElement":[{"@type":"ListItem","position":1,"name":"Accueil","item":"https:\/\/www.africa-press.net\/tchad\/"},{"@type":"ListItem","position":2,"name":"un atelier organis\u00e9 en faveur des officiers des Forces de s\u00e9curit\u00e9 int\u00e9rieure"}]},{"@type":"WebSite","@id":"https:\/\/www.africa-press.net\/tchad\/#website","url":"https:\/\/www.africa-press.net\/tchad\/","name":"tchad","description":"Just another Africa News Agency Sites site","potentialAction":[{"@type":"SearchAction","target":{"@type":"EntryPoint","urlTemplate":"https:\/\/www.africa-press.net\/tchad\/?s={search_term_string}"},"query-input":{"@type":"PropertyValueSpecification","valueRequired":true,"valueName":"search_term_string"}}],"inLanguage":"fr-FR"},{"@type":"Person","@id":"https:\/\/www.africa-press.net\/tchad\/#\/schema\/person\/2b1cf3cd81a31e3cd26889ca66d677f1","name":"cfeditorfr"}]}},"_links":{"self":[{"href":"https:\/\/www.africa-press.net\/tchad\/wp-json\/wp\/v2\/posts\/52463","targetHints":{"allow":["GET"]}}],"collection":[{"href":"https:\/\/www.africa-press.net\/tchad\/wp-json\/wp\/v2\/posts"}],"about":[{"href":"https:\/\/www.africa-press.net\/tchad\/wp-json\/wp\/v2\/types\/post"}],"author":[{"embeddable":true,"href":"https:\/\/www.africa-press.net\/tchad\/wp-json\/wp\/v2\/users\/82"}],"replies":[{"embeddable":true,"href":"https:\/\/www.africa-press.net\/tchad\/wp-json\/wp\/v2\/comments?post=52463"}],"version-history":[{"count":0,"href":"https:\/\/www.africa-press.net\/tchad\/wp-json\/wp\/v2\/posts\/52463\/revisions"}],"wp:featuredmedia":[{"embeddable":true,"href":"https:\/\/www.africa-press.net\/tchad\/wp-json\/wp\/v2\/media\/52461"}],"wp:attachment":[{"href":"https:\/\/www.africa-press.net\/tchad\/wp-json\/wp\/v2\/media?parent=52463"}],"wp:term":[{"taxonomy":"category","embeddable":true,"href":"https:\/\/www.africa-press.net\/tchad\/wp-json\/wp\/v2\/categories?post=52463"},{"taxonomy":"post_tag","embeddable":true,"href":"https:\/\/www.africa-press.net\/tchad\/wp-json\/wp\/v2\/tags?post=52463"}],"curies":[{"name":"wp","href":"https:\/\/api.w.org\/{rel}","templated":true}]}}