{"id":52475,"date":"2023-10-17T16:34:38","date_gmt":"2023-10-17T16:34:38","guid":{"rendered":"https:\/\/www.africa-press.net\/tchad\/politique\/affaire-baba-ladde-sylvie-baipo-temon-et-claude-rameau-bireau-depeches-a-ndjamena"},"modified":"2023-10-17T17:12:54","modified_gmt":"2023-10-17T17:12:54","slug":"affaire-baba-ladde-sylvie-baipo-temon-et-claude-rameau-bireau-depeches-a-ndjamena","status":"publish","type":"post","link":"https:\/\/www.africa-press.net\/tchad\/politique\/affaire-baba-ladde-sylvie-baipo-temon-et-claude-rameau-bireau-depeches-a-ndjamena","title":{"rendered":"Affaire Baba Ladd\u00e9, Sylvie Ba\u00efpo-Temon et Claude Rameau Bireau d\u00e9p\u00each\u00e9s \u00e0 Ndjamena"},"content":{"rendered":"<p><span style=\"color: #ff6600\"><strong>Africa-Press &#8211; Tchad. <\/strong><\/span><b>Dans une se\u0301quence d\u2019e\u0301ve\u0301nements aussi complexe que celle entourant l\u2019affaire Baba Ladde\u0301, le pre\u0301sident putschiste centrafricain <\/b>Faustin Archange Touadera <b>s\u2019est retrouve\u0301 une fois de plus au centre des critiques pour ses man\u0153uvres politiques ambigue\u0308s. L\u2019envoi de ministres aupre\u0300s des autorite\u0301s tchadiennes pour nier la pre\u0301sence du chef rebelle tchadien sur le sol centrafricain soule\u0300ve des questions sur la transparence et la cre\u0301dibilite\u0301 de l\u2019administration Touadera.<\/b><br \/>\n<b>Un double jeu persistant :<\/b><\/p>\n<p>Le re\u0301cent e\u0301pisode de la saga <b>Baba Ladde\u0301<\/b> expose le caracte\u0300re persistant du double jeu politique du pre\u0301sident putschiste centrafricain Faustin Archange Touadera,. Malgre\u0301 un communique\u0301 mensonger visant a\u0300 tromper les autorite\u0301s tchadiennes, il envoie ses deux proches ministres, <b>Claude Rameau Bireau<\/b> et <b>Sylvie Bai\u0308po-Temon<\/b> a\u0300 Ndjamena au Tchad, pour affirmer que le chef rebelle n\u2019est pas en Re\u0301publique centrafricaine . Cependant, des informations cre\u0301dibles et oculaires indiquent que Baba Ladde\u0301 se trouve tranquillement a\u0300 Bangui, mettant en lumie\u0300re les contradictions du pre\u0301sident putschiste Touadera.<\/p>\n<p><b>Des ante\u0301ce\u0301dents douteux :<\/b><\/p>\n<p>Ce n\u2019est malheureusement pas la premie\u0300re fois que le Pre\u0301sident putschiste Touadera trompe la communaute\u0301 internationale et certains chefs d\u2019E\u0301tat africains. Nous nous souvenons de ses e\u0301changes avec feu le Pre\u0301sident Idriss Deby du Tchad, lorsqu\u2019il a tenu des discours contradictoires a\u0300 la tribune des Nations Unies en 2017. Face a\u0300 la question de son homologue tchadien, lui demandant pourquoi il avait tenu de tels propos, Faustin Archange Touadera lui a re\u0301pondu de ne pas tenir compte de ses paroles, car elles e\u0301taient destine\u0301es uniquement aux <b>\u201cblancs\u201d<\/b>. Cette mentalite\u0301 du Pre\u0301sident putschiste centrafricain est re\u0301ve\u0301latrice de sa propension a\u0300 mentir, a\u0300 manipuler et a\u0300 agir de manie\u0300re irresponsable.<\/p>\n<p><b>L\u2019ombre d\u2019Idriss De\u0301by :<\/b><\/p>\n<p>Le fait que c\u2019est le fils d\u2019<b>Idriss De\u0301by<\/b> qui dirige actuellement le Tchad n\u2019e\u0301chappe pas a\u0300 l\u2019attention. Faustin Archange Touadera semble avoir oublie\u0301 que son double jeu e\u0301chappe au ge\u0301ne\u0301ral <b>Kaka De\u0301by<\/b>, le fils de feu Idriss De\u0301by, actuel Pre\u0301sident de Transition au Tchad . Sa proportion a\u0300 tout nier, telles que l<b>\u2019he\u0301bergement<\/b> et la <b>formation<\/b> des rebelles tchadiens dans le nord de la RCA l\u2019anne\u0301e dernie\u0300re est aussi une preuve palpable de son caracte\u0300re du double jeu. La de\u0301ne\u0301gation re\u0301pe\u0301te\u0301e de la pre\u0301sence de Baba Ladde\u0301 sur le sol centrafricain, malgre\u0301 des preuves contraires, renforce les doutes sur la cre\u0301dibilite\u0301 de Faustin Archange Touadera.<\/p>\n<p><b>Une de\u0301monstration d\u2019intimidation vaine :<\/b><\/p>\n<p>Malgre\u0301 les efforts d\u2019intimidation des forces du groupe Wagner a\u0300 la frontie\u0300re et le de\u0301ploiement massif des troupes tchadiennes pour pre\u0301venir l\u2019incursion des hommes de Baba Ladde\u0301, le gouvernement centrafricain envoie ses ministres au Tchad dans une tentative apparente d\u2019endormir les autorite\u0301s tchadiennes sur cette affaire. Les actions contradictoires de Touadera soule\u0300vent des questions sur sa ve\u0301ritable intention dans cette situation.<\/p>\n<p>L\u2019affaire Baba Ladde\u0301 met en lumie\u0300re le manque de transparence et de cohe\u0301rence dans les actions de Faustin Archange Touadera. Ses tentatives de ne\u0301gation face a\u0300 des faits ave\u0301re\u0301s et ses man\u0153uvres politiques douteuses soule\u0300vent des pre\u0301occupations quant a\u0300 sa cre\u0301dibilite\u0301 en tant que dirigeant. L\u2019avenir de cette affaire reste incertain, mais une chose est su\u0302re : la saga de Faustin Archange Touadera continue d\u2019alimenter les critiques et de semer le doute. Affaire a\u0300 suivre&#8230;<\/p>\n\r\n                <style type=\"text\/css\">\r\n                    \r\n                    #td_uid_1_69f2a7ec62834  .td-doubleSlider-2 .td-item1 {\r\n                        background: url(https:\/\/static.africa-press.net\/tchad\/sites\/41\/2023\/10\/sm_1697550117.203879-80x60.jpg) 0 0 no-repeat;\r\n                    }\r\n                    #td_uid_1_69f2a7ec62834  .td-doubleSlider-2 .td-item2 {\r\n                        background: url(https:\/\/static.africa-press.net\/tchad\/sites\/41\/2023\/10\/sm_1697550129.093172-80x60.jpg) 0 0 no-repeat;\r\n                    }\r\n                <\/style>\r\n\r\n                <div id=\"td_uid_1_69f2a7ec62834\" class=\"td-gallery td-slide-on-2-columns\">\r\n                    <div class=\"post_td_gallery\">\r\n                        <div class=\"td-gallery-slide-top\">\r\n                           <div class=\"td-gallery-title\"><\/div>\r\n\r\n                            <div class=\"td-gallery-controls-wrapper\">\r\n                                <div class=\"td-gallery-slide-count\"><span class=\"td-gallery-slide-item-focus\">1<\/span> de 2<\/div>\r\n                                <div class=\"td-gallery-slide-prev-next-but\">\r\n                                    <i class = \"td-icon-left doubleSliderPrevButton\"><\/i>\r\n                                    <i class = \"td-icon-right doubleSliderNextButton\"><\/i>\r\n                                <\/div>\r\n                            <\/div>\r\n                        <\/div>\r\n\r\n                        <div class = \"td-doubleSlider-1 \">\r\n                            <div class = \"td-slider\">\r\n                                \r\n                    <div class = \"td-slide-item td-item1\">\r\n                        <figure class=\"td-slide-galery-figure td-slide-popup-gallery\">\r\n                            <a class=\"slide-gallery-image-link\" href=\"https:\/\/static.africa-press.net\/tchad\/sites\/41\/2023\/10\/sm_1697550117.203879.jpg\" title=\"sm_1697550117.203879\"  data-caption=\"\"  data-description=\"\">\r\n                                <img decoding=\"async\" src=\"https:\/\/static.africa-press.net\/tchad\/sites\/41\/2023\/10\/sm_1697550117.203879.jpg\" srcset=\"https:\/\/static.africa-press.net\/tchad\/sites\/41\/2023\/10\/sm_1697550117.203879.jpg 450w, https:\/\/static.africa-press.net\/tchad\/sites\/41\/2023\/10\/sm_1697550117.203879-300x181.jpg 300w\" sizes=\"(max-width: 450px) 100vw, 450px\" alt=\"\">\r\n                            <\/a>\r\n                            \r\n                        <\/figure>\r\n                    <\/div>\r\n                    <div class = \"td-slide-item td-item2\">\r\n                        <figure class=\"td-slide-galery-figure td-slide-popup-gallery\">\r\n                            <a class=\"slide-gallery-image-link\" href=\"https:\/\/static.africa-press.net\/tchad\/sites\/41\/2023\/10\/sm_1697550129.093172.jpg\" title=\"sm_1697550129.093172\"  data-caption=\"\"  data-description=\"\">\r\n                                <img decoding=\"async\" src=\"https:\/\/static.africa-press.net\/tchad\/sites\/41\/2023\/10\/sm_1697550129.093172.jpg\" srcset=\"https:\/\/static.africa-press.net\/tchad\/sites\/41\/2023\/10\/sm_1697550129.093172.jpg 450w, https:\/\/static.africa-press.net\/tchad\/sites\/41\/2023\/10\/sm_1697550129.093172-300x199.jpg 300w\" sizes=\"(max-width: 450px) 100vw, 450px\" alt=\"\">\r\n                            <\/a>\r\n                            \r\n                        <\/figure>\r\n                    <\/div>\r\n                            <\/div>\r\n                        <\/div>\r\n\r\n                        <div class = \"td-doubleSlider-2\">\r\n                            <div class = \"td-slider\">\r\n                                \r\n                    <div class = \"td-button td-item1\">\r\n                        <div class = \"td-border\"><\/div>\r\n                    <\/div>\r\n                    <div class = \"td-button td-item2\">\r\n                        <div class = \"td-border\"><\/div>\r\n                    <\/div>\r\n                            <\/div>\r\n                        <\/div>\r\n\r\n                    <\/div>\r\n\r\n                <\/div>\r\n                \n<p><b>Source: Corbeau News<\/b><\/p>\n<p><strong>Pour plus d&rsquo;informations et d&rsquo;analyses sur la <a href=\"https:\/\/www.africa-press.net\/tchad\">Tchad<\/a>, suivez <a href=\"https:\/\/www.africa-press.net\/\">Africa-Press<\/a><\/strong><\/p>\n","protected":false},"excerpt":{"rendered":"<p>Africa-Press &#8211; Tchad. Dans une se\u0301quence d\u2019e\u0301ve\u0301nements aussi complexe que celle entourant l\u2019affaire Baba Ladde\u0301, le pre\u0301sident putschiste centrafricain Faustin Archange Touadera s\u2019est retrouve\u0301 une fois de plus au centre des critiques pour ses man\u0153uvres politiques ambigue\u0308s. L\u2019envoi de ministres aupre\u0300s des autorite\u0301s tchadiennes pour nier la pre\u0301sence du chef rebelle tchadien sur le sol [&hellip;]<\/p>\n","protected":false},"author":82,"featured_media":52474,"comment_status":"open","ping_status":"closed","sticky":false,"template":"","format":"standard","meta":{"footnotes":""},"categories":[8,2,10],"tags":[37,292,29],"class_list":["post-52475","post","type-post","status-publish","format-standard","has-post-thumbnail","hentry","category-photo","category-politique","category-toutes-les-actualites","tag-africa-press","tag-africa-press-tchad","tag-tchad"],"yoast_head":"<!-- This site is optimized with the Yoast SEO Premium plugin v26.1 (Yoast SEO v27.0) - https:\/\/yoast.com\/product\/yoast-seo-premium-wordpress\/ -->\n<title>Affaire Baba Ladd\u00e9, Sylvie Ba\u00efpo-Temon et Claude Rameau Bireau d\u00e9p\u00each\u00e9s \u00e0 Ndjamena - tchad<\/title>\n<meta name=\"description\" content=\"Dans une se\u0301quence d\u2019e\u0301ve\u0301nements aussi complexe que celle entourant l\u2019affaire Baba Ladde\u0301, le pre\u0301sident putschiste ...\" \/>\n<meta name=\"robots\" content=\"index, follow, max-snippet:-1, max-image-preview:large, max-video-preview:-1\" \/>\n<link rel=\"canonical\" href=\"https:\/\/www.africa-press.net\/tchad\/politique\/affaire-baba-ladde-sylvie-baipo-temon-et-claude-rameau-bireau-depeches-a-ndjamena\" \/>\n<meta property=\"og:locale\" content=\"fr_FR\" \/>\n<meta property=\"og:type\" content=\"article\" \/>\n<meta property=\"og:title\" content=\"Affaire Baba Ladd\u00e9, Sylvie Ba\u00efpo-Temon et Claude Rameau Bireau d\u00e9p\u00each\u00e9s \u00e0 Ndjamena\" \/>\n<meta property=\"og:description\" content=\"Dans une se\u0301quence d\u2019e\u0301ve\u0301nements aussi complexe que celle entourant l\u2019affaire Baba Ladde\u0301, le pre\u0301sident putschiste ...\" \/>\n<meta property=\"og:url\" content=\"https:\/\/www.africa-press.net\/tchad\/politique\/affaire-baba-ladde-sylvie-baipo-temon-et-claude-rameau-bireau-depeches-a-ndjamena\" \/>\n<meta property=\"og:site_name\" content=\"tchad\" \/>\n<meta property=\"article:published_time\" content=\"2023-10-17T16:34:38+00:00\" \/>\n<meta property=\"article:modified_time\" content=\"2023-10-17T17:12:54+00:00\" \/>\n<meta property=\"og:image\" content=\"https:\/\/static.africa-press.net\/tchad\/sites\/41\/2023\/10\/sm_1697550139.426263.jpg\" \/>\n\t<meta property=\"og:image:width\" content=\"720\" \/>\n\t<meta property=\"og:image:height\" content=\"476\" \/>\n\t<meta property=\"og:image:type\" content=\"image\/jpeg\" \/>\n<meta name=\"author\" content=\"cfeditorfr\" \/>\n<meta name=\"twitter:card\" content=\"summary_large_image\" \/>\n<meta name=\"twitter:label1\" content=\"\u00c9crit par\" \/>\n\t<meta name=\"twitter:data1\" content=\"cfeditorfr\" \/>\n\t<meta name=\"twitter:label2\" content=\"Dur\u00e9e de lecture estim\u00e9e\" \/>\n\t<meta name=\"twitter:data2\" content=\"3 minutes\" \/>\n<script type=\"application\/ld+json\" class=\"yoast-schema-graph\">{\"@context\":\"https:\/\/schema.org\",\"@graph\":[{\"@type\":\"Article\",\"@id\":\"https:\/\/www.africa-press.net\/tchad\/politique\/affaire-baba-ladde-sylvie-baipo-temon-et-claude-rameau-bireau-depeches-a-ndjamena#article\",\"isPartOf\":{\"@id\":\"https:\/\/www.africa-press.net\/tchad\/politique\/affaire-baba-ladde-sylvie-baipo-temon-et-claude-rameau-bireau-depeches-a-ndjamena\"},\"author\":{\"name\":\"cfeditorfr\",\"@id\":\"https:\/\/www.africa-press.net\/tchad\/#\/schema\/person\/2b1cf3cd81a31e3cd26889ca66d677f1\"},\"headline\":\"Affaire Baba Ladd\u00e9, Sylvie Ba\u00efpo-Temon et Claude Rameau Bireau d\u00e9p\u00each\u00e9s \u00e0 Ndjamena\",\"datePublished\":\"2023-10-17T16:34:38+00:00\",\"dateModified\":\"2023-10-17T17:12:54+00:00\",\"mainEntityOfPage\":{\"@id\":\"https:\/\/www.africa-press.net\/tchad\/politique\/affaire-baba-ladde-sylvie-baipo-temon-et-claude-rameau-bireau-depeches-a-ndjamena\"},\"wordCount\":648,\"commentCount\":0,\"image\":{\"@id\":\"https:\/\/www.africa-press.net\/tchad\/politique\/affaire-baba-ladde-sylvie-baipo-temon-et-claude-rameau-bireau-depeches-a-ndjamena#primaryimage\"},\"thumbnailUrl\":\"https:\/\/static.africa-press.net\/tchad\/sites\/41\/2023\/10\/sm_1697550139.426263.jpg\",\"keywords\":[\"Africa Press\",\"Africa Press-Tchad\",\"Tchad\"],\"articleSection\":[\"Photo\",\"Politique\",\"Toutes les actualit\u00e9s\"],\"inLanguage\":\"fr-FR\",\"potentialAction\":[{\"@type\":\"CommentAction\",\"name\":\"Comment\",\"target\":[\"https:\/\/www.africa-press.net\/tchad\/politique\/affaire-baba-ladde-sylvie-baipo-temon-et-claude-rameau-bireau-depeches-a-ndjamena#respond\"]}]},{\"@type\":\"WebPage\",\"@id\":\"https:\/\/www.africa-press.net\/tchad\/politique\/affaire-baba-ladde-sylvie-baipo-temon-et-claude-rameau-bireau-depeches-a-ndjamena\",\"url\":\"https:\/\/www.africa-press.net\/tchad\/politique\/affaire-baba-ladde-sylvie-baipo-temon-et-claude-rameau-bireau-depeches-a-ndjamena\",\"name\":\"Affaire Baba Ladd\u00e9, Sylvie Ba\u00efpo-Temon et Claude Rameau Bireau d\u00e9p\u00each\u00e9s \u00e0 Ndjamena - tchad\",\"isPartOf\":{\"@id\":\"https:\/\/www.africa-press.net\/tchad\/#website\"},\"primaryImageOfPage\":{\"@id\":\"https:\/\/www.africa-press.net\/tchad\/politique\/affaire-baba-ladde-sylvie-baipo-temon-et-claude-rameau-bireau-depeches-a-ndjamena#primaryimage\"},\"image\":{\"@id\":\"https:\/\/www.africa-press.net\/tchad\/politique\/affaire-baba-ladde-sylvie-baipo-temon-et-claude-rameau-bireau-depeches-a-ndjamena#primaryimage\"},\"thumbnailUrl\":\"https:\/\/static.africa-press.net\/tchad\/sites\/41\/2023\/10\/sm_1697550139.426263.jpg\",\"datePublished\":\"2023-10-17T16:34:38+00:00\",\"dateModified\":\"2023-10-17T17:12:54+00:00\",\"author\":{\"@id\":\"https:\/\/www.africa-press.net\/tchad\/#\/schema\/person\/2b1cf3cd81a31e3cd26889ca66d677f1\"},\"description\":\"Dans une se\u0301quence d\u2019e\u0301ve\u0301nements aussi complexe que celle entourant l\u2019affaire Baba Ladde\u0301, le pre\u0301sident putschiste ...\",\"breadcrumb\":{\"@id\":\"https:\/\/www.africa-press.net\/tchad\/politique\/affaire-baba-ladde-sylvie-baipo-temon-et-claude-rameau-bireau-depeches-a-ndjamena#breadcrumb\"},\"inLanguage\":\"fr-FR\",\"potentialAction\":[{\"@type\":\"ReadAction\",\"target\":[\"https:\/\/www.africa-press.net\/tchad\/politique\/affaire-baba-ladde-sylvie-baipo-temon-et-claude-rameau-bireau-depeches-a-ndjamena\"]}]},{\"@type\":\"ImageObject\",\"inLanguage\":\"fr-FR\",\"@id\":\"https:\/\/www.africa-press.net\/tchad\/politique\/affaire-baba-ladde-sylvie-baipo-temon-et-claude-rameau-bireau-depeches-a-ndjamena#primaryimage\",\"url\":\"https:\/\/static.africa-press.net\/tchad\/sites\/41\/2023\/10\/sm_1697550139.426263.jpg\",\"contentUrl\":\"https:\/\/static.africa-press.net\/tchad\/sites\/41\/2023\/10\/sm_1697550139.426263.jpg\",\"width\":720,\"height\":476,\"caption\":\"Affaire Baba Ladd\u00e9, Sylvie Ba\u00efpo-Temon et Claude Rameau Bireau d\u00e9p\u00each\u00e9s \u00e0 Ndjamena\"},{\"@type\":\"BreadcrumbList\",\"@id\":\"https:\/\/www.africa-press.net\/tchad\/politique\/affaire-baba-ladde-sylvie-baipo-temon-et-claude-rameau-bireau-depeches-a-ndjamena#breadcrumb\",\"itemListElement\":[{\"@type\":\"ListItem\",\"position\":1,\"name\":\"Accueil\",\"item\":\"https:\/\/www.africa-press.net\/tchad\/\"},{\"@type\":\"ListItem\",\"position\":2,\"name\":\"Affaire Baba Ladd\u00e9, Sylvie Ba\u00efpo-Temon et Claude Rameau Bireau d\u00e9p\u00each\u00e9s \u00e0 Ndjamena\"}]},{\"@type\":\"WebSite\",\"@id\":\"https:\/\/www.africa-press.net\/tchad\/#website\",\"url\":\"https:\/\/www.africa-press.net\/tchad\/\",\"name\":\"tchad\",\"description\":\"Just another Africa News Agency Sites site\",\"potentialAction\":[{\"@type\":\"SearchAction\",\"target\":{\"@type\":\"EntryPoint\",\"urlTemplate\":\"https:\/\/www.africa-press.net\/tchad\/?s={search_term_string}\"},\"query-input\":{\"@type\":\"PropertyValueSpecification\",\"valueRequired\":true,\"valueName\":\"search_term_string\"}}],\"inLanguage\":\"fr-FR\"},{\"@type\":\"Person\",\"@id\":\"https:\/\/www.africa-press.net\/tchad\/#\/schema\/person\/2b1cf3cd81a31e3cd26889ca66d677f1\",\"name\":\"cfeditorfr\"}]}<\/script>\n<!-- \/ Yoast SEO Premium plugin. -->","yoast_head_json":{"title":"Affaire Baba Ladd\u00e9, Sylvie Ba\u00efpo-Temon et Claude Rameau Bireau d\u00e9p\u00each\u00e9s \u00e0 Ndjamena - tchad","description":"Dans une se\u0301quence d\u2019e\u0301ve\u0301nements aussi complexe que celle entourant l\u2019affaire Baba Ladde\u0301, le pre\u0301sident putschiste ...","robots":{"index":"index","follow":"follow","max-snippet":"max-snippet:-1","max-image-preview":"max-image-preview:large","max-video-preview":"max-video-preview:-1"},"canonical":"https:\/\/www.africa-press.net\/tchad\/politique\/affaire-baba-ladde-sylvie-baipo-temon-et-claude-rameau-bireau-depeches-a-ndjamena","og_locale":"fr_FR","og_type":"article","og_title":"Affaire Baba Ladd\u00e9, Sylvie Ba\u00efpo-Temon et Claude Rameau Bireau d\u00e9p\u00each\u00e9s \u00e0 Ndjamena","og_description":"Dans une se\u0301quence d\u2019e\u0301ve\u0301nements aussi complexe que celle entourant l\u2019affaire Baba Ladde\u0301, le pre\u0301sident putschiste ...","og_url":"https:\/\/www.africa-press.net\/tchad\/politique\/affaire-baba-ladde-sylvie-baipo-temon-et-claude-rameau-bireau-depeches-a-ndjamena","og_site_name":"tchad","article_published_time":"2023-10-17T16:34:38+00:00","article_modified_time":"2023-10-17T17:12:54+00:00","og_image":[{"width":720,"height":476,"url":"https:\/\/static.africa-press.net\/tchad\/sites\/41\/2023\/10\/sm_1697550139.426263.jpg","type":"image\/jpeg"}],"author":"cfeditorfr","twitter_card":"summary_large_image","twitter_misc":{"\u00c9crit par":"cfeditorfr","Dur\u00e9e de lecture estim\u00e9e":"3 minutes"},"schema":{"@context":"https:\/\/schema.org","@graph":[{"@type":"Article","@id":"https:\/\/www.africa-press.net\/tchad\/politique\/affaire-baba-ladde-sylvie-baipo-temon-et-claude-rameau-bireau-depeches-a-ndjamena#article","isPartOf":{"@id":"https:\/\/www.africa-press.net\/tchad\/politique\/affaire-baba-ladde-sylvie-baipo-temon-et-claude-rameau-bireau-depeches-a-ndjamena"},"author":{"name":"cfeditorfr","@id":"https:\/\/www.africa-press.net\/tchad\/#\/schema\/person\/2b1cf3cd81a31e3cd26889ca66d677f1"},"headline":"Affaire Baba Ladd\u00e9, Sylvie Ba\u00efpo-Temon et Claude Rameau Bireau d\u00e9p\u00each\u00e9s \u00e0 Ndjamena","datePublished":"2023-10-17T16:34:38+00:00","dateModified":"2023-10-17T17:12:54+00:00","mainEntityOfPage":{"@id":"https:\/\/www.africa-press.net\/tchad\/politique\/affaire-baba-ladde-sylvie-baipo-temon-et-claude-rameau-bireau-depeches-a-ndjamena"},"wordCount":648,"commentCount":0,"image":{"@id":"https:\/\/www.africa-press.net\/tchad\/politique\/affaire-baba-ladde-sylvie-baipo-temon-et-claude-rameau-bireau-depeches-a-ndjamena#primaryimage"},"thumbnailUrl":"https:\/\/static.africa-press.net\/tchad\/sites\/41\/2023\/10\/sm_1697550139.426263.jpg","keywords":["Africa Press","Africa Press-Tchad","Tchad"],"articleSection":["Photo","Politique","Toutes les actualit\u00e9s"],"inLanguage":"fr-FR","potentialAction":[{"@type":"CommentAction","name":"Comment","target":["https:\/\/www.africa-press.net\/tchad\/politique\/affaire-baba-ladde-sylvie-baipo-temon-et-claude-rameau-bireau-depeches-a-ndjamena#respond"]}]},{"@type":"WebPage","@id":"https:\/\/www.africa-press.net\/tchad\/politique\/affaire-baba-ladde-sylvie-baipo-temon-et-claude-rameau-bireau-depeches-a-ndjamena","url":"https:\/\/www.africa-press.net\/tchad\/politique\/affaire-baba-ladde-sylvie-baipo-temon-et-claude-rameau-bireau-depeches-a-ndjamena","name":"Affaire Baba Ladd\u00e9, Sylvie Ba\u00efpo-Temon et Claude Rameau Bireau d\u00e9p\u00each\u00e9s \u00e0 Ndjamena - tchad","isPartOf":{"@id":"https:\/\/www.africa-press.net\/tchad\/#website"},"primaryImageOfPage":{"@id":"https:\/\/www.africa-press.net\/tchad\/politique\/affaire-baba-ladde-sylvie-baipo-temon-et-claude-rameau-bireau-depeches-a-ndjamena#primaryimage"},"image":{"@id":"https:\/\/www.africa-press.net\/tchad\/politique\/affaire-baba-ladde-sylvie-baipo-temon-et-claude-rameau-bireau-depeches-a-ndjamena#primaryimage"},"thumbnailUrl":"https:\/\/static.africa-press.net\/tchad\/sites\/41\/2023\/10\/sm_1697550139.426263.jpg","datePublished":"2023-10-17T16:34:38+00:00","dateModified":"2023-10-17T17:12:54+00:00","author":{"@id":"https:\/\/www.africa-press.net\/tchad\/#\/schema\/person\/2b1cf3cd81a31e3cd26889ca66d677f1"},"description":"Dans une se\u0301quence d\u2019e\u0301ve\u0301nements aussi complexe que celle entourant l\u2019affaire Baba Ladde\u0301, le pre\u0301sident putschiste ...","breadcrumb":{"@id":"https:\/\/www.africa-press.net\/tchad\/politique\/affaire-baba-ladde-sylvie-baipo-temon-et-claude-rameau-bireau-depeches-a-ndjamena#breadcrumb"},"inLanguage":"fr-FR","potentialAction":[{"@type":"ReadAction","target":["https:\/\/www.africa-press.net\/tchad\/politique\/affaire-baba-ladde-sylvie-baipo-temon-et-claude-rameau-bireau-depeches-a-ndjamena"]}]},{"@type":"ImageObject","inLanguage":"fr-FR","@id":"https:\/\/www.africa-press.net\/tchad\/politique\/affaire-baba-ladde-sylvie-baipo-temon-et-claude-rameau-bireau-depeches-a-ndjamena#primaryimage","url":"https:\/\/static.africa-press.net\/tchad\/sites\/41\/2023\/10\/sm_1697550139.426263.jpg","contentUrl":"https:\/\/static.africa-press.net\/tchad\/sites\/41\/2023\/10\/sm_1697550139.426263.jpg","width":720,"height":476,"caption":"Affaire Baba Ladd\u00e9, Sylvie Ba\u00efpo-Temon et Claude Rameau Bireau d\u00e9p\u00each\u00e9s \u00e0 Ndjamena"},{"@type":"BreadcrumbList","@id":"https:\/\/www.africa-press.net\/tchad\/politique\/affaire-baba-ladde-sylvie-baipo-temon-et-claude-rameau-bireau-depeches-a-ndjamena#breadcrumb","itemListElement":[{"@type":"ListItem","position":1,"name":"Accueil","item":"https:\/\/www.africa-press.net\/tchad\/"},{"@type":"ListItem","position":2,"name":"Affaire Baba Ladd\u00e9, Sylvie Ba\u00efpo-Temon et Claude Rameau Bireau d\u00e9p\u00each\u00e9s \u00e0 Ndjamena"}]},{"@type":"WebSite","@id":"https:\/\/www.africa-press.net\/tchad\/#website","url":"https:\/\/www.africa-press.net\/tchad\/","name":"tchad","description":"Just another Africa News Agency Sites site","potentialAction":[{"@type":"SearchAction","target":{"@type":"EntryPoint","urlTemplate":"https:\/\/www.africa-press.net\/tchad\/?s={search_term_string}"},"query-input":{"@type":"PropertyValueSpecification","valueRequired":true,"valueName":"search_term_string"}}],"inLanguage":"fr-FR"},{"@type":"Person","@id":"https:\/\/www.africa-press.net\/tchad\/#\/schema\/person\/2b1cf3cd81a31e3cd26889ca66d677f1","name":"cfeditorfr"}]}},"_links":{"self":[{"href":"https:\/\/www.africa-press.net\/tchad\/wp-json\/wp\/v2\/posts\/52475","targetHints":{"allow":["GET"]}}],"collection":[{"href":"https:\/\/www.africa-press.net\/tchad\/wp-json\/wp\/v2\/posts"}],"about":[{"href":"https:\/\/www.africa-press.net\/tchad\/wp-json\/wp\/v2\/types\/post"}],"author":[{"embeddable":true,"href":"https:\/\/www.africa-press.net\/tchad\/wp-json\/wp\/v2\/users\/82"}],"replies":[{"embeddable":true,"href":"https:\/\/www.africa-press.net\/tchad\/wp-json\/wp\/v2\/comments?post=52475"}],"version-history":[{"count":0,"href":"https:\/\/www.africa-press.net\/tchad\/wp-json\/wp\/v2\/posts\/52475\/revisions"}],"wp:featuredmedia":[{"embeddable":true,"href":"https:\/\/www.africa-press.net\/tchad\/wp-json\/wp\/v2\/media\/52474"}],"wp:attachment":[{"href":"https:\/\/www.africa-press.net\/tchad\/wp-json\/wp\/v2\/media?parent=52475"}],"wp:term":[{"taxonomy":"category","embeddable":true,"href":"https:\/\/www.africa-press.net\/tchad\/wp-json\/wp\/v2\/categories?post=52475"},{"taxonomy":"post_tag","embeddable":true,"href":"https:\/\/www.africa-press.net\/tchad\/wp-json\/wp\/v2\/tags?post=52475"}],"curies":[{"name":"wp","href":"https:\/\/api.w.org\/{rel}","templated":true}]}}