{"id":52507,"date":"2023-10-18T13:03:15","date_gmt":"2023-10-18T13:03:15","guid":{"rendered":"https:\/\/www.africa-press.net\/tchad\/politique\/les-maires-de-ndjamena-expriment-leur-gratitude-pour-les-projets-de-developpement-a-venir"},"modified":"2023-10-18T13:39:42","modified_gmt":"2023-10-18T13:39:42","slug":"les-maires-de-ndjamena-expriment-leur-gratitude-pour-les-projets-de-developpement-a-venir","status":"publish","type":"post","link":"https:\/\/www.africa-press.net\/tchad\/politique\/les-maires-de-ndjamena-expriment-leur-gratitude-pour-les-projets-de-developpement-a-venir","title":{"rendered":"les maires de N\u2019Djamena expriment leur gratitude pour les projets de d\u00e9veloppement \u00e0 venir"},"content":{"rendered":"<p><span style=\"color: #ff6600\"><strong>Africa-Press &#8211; Tchad. <\/strong><\/span>Au cours d&rsquo;une ce\u0301re\u0301monie tenue ce mardi 17 octobre au Palais des Arts et de la Culture, en pre\u0301sence du ministre de l&rsquo;Administration et de plusieurs membres du gouvernement, ainsi que de nombreuses autres personnalite\u0301s de renom, les dix maires des communes ont exprime\u0301 leur reconnaissance envers le pre\u0301sident de Transition Mahamat Idriss Deby.<\/p>\n<p>Cet acte de gratitude fait suite aux promesses de projets de de\u0301veloppement formule\u0301es en faveur de la ville de N&rsquo;Djamena, lors de la dernie\u0300re re\u0301union de consultation nationale qui a eu lieu le 7 octobre dernier avec les forces vives de la capitale.<\/p>\n<p>Dans son discours d&rsquo;ouverture, Djibrine Mahamat Abdelkerim, le coordinateur de l&rsquo;Association des maires des dix communes de N&rsquo;Djamena, a de\u0301clare\u0301 : \u00ab Nous sommes profonde\u0301ment motive\u0301s et e\u0301mus par la de\u0301claration du pre\u0301sident de la Re\u0301publique, qui a lance\u0301 d&rsquo;importants chantiers pour le de\u0301veloppement de nos communes, et surtout de la capitale N&rsquo;Djamena. Cela de\u0301montre clairement que le pre\u0301sident de la Re\u0301publique a pour ambition de faire de notre capitale la cite\u0301 de l&rsquo;Afrique centrale. \u00bb<\/p>\n<p>Quant au ministre de\u0301le\u0301gue\u0301 aupre\u0300s du ministre de l&rsquo;Administration du territoire, charge\u0301 de la De\u0301centralisation, Hissein Brahim Acyl, il a exprime\u0301 sa gratitude en ces termes : \u00ab Je suis profonde\u0301ment touche\u0301 par cet acte qui te\u0301moigne de votre engagement en faveur de la refondation et du de\u0301veloppement de notre pays. Regardez cette courageuse dame qui a obtenu la premie\u0300re place mondiale et nous a apporte\u0301 ce trophe\u0301e, il s&rsquo;agit de Mariam Djimet Ibet \u00bb, a-t-il conclu.<\/p>\n<p><strong>Pour plus d&rsquo;informations et d&rsquo;analyses sur la <a href=\"https:\/\/www.africa-press.net\/tchad\">Tchad<\/a>, suivez <a href=\"https:\/\/www.africa-press.net\/\">Africa-Press<\/a><\/strong><\/p>\n","protected":false},"excerpt":{"rendered":"<p>Africa-Press &#8211; Tchad. Au cours d&rsquo;une ce\u0301re\u0301monie tenue ce mardi 17 octobre au Palais des Arts et de la Culture, en pre\u0301sence du ministre de l&rsquo;Administration et de plusieurs membres du gouvernement, ainsi que de nombreuses autres personnalite\u0301s de renom, les dix maires des communes ont exprime\u0301 leur reconnaissance envers le pre\u0301sident de Transition Mahamat [&hellip;]<\/p>\n","protected":false},"author":82,"featured_media":52505,"comment_status":"open","ping_status":"closed","sticky":false,"template":"","format":"standard","meta":{"footnotes":""},"categories":[2,10],"tags":[37,292,29],"class_list":["post-52507","post","type-post","status-publish","format-standard","has-post-thumbnail","hentry","category-politique","category-toutes-les-actualites","tag-africa-press","tag-africa-press-tchad","tag-tchad"],"yoast_head":"<!-- This site is optimized with the Yoast SEO Premium plugin v26.1 (Yoast SEO v27.0) - https:\/\/yoast.com\/product\/yoast-seo-premium-wordpress\/ -->\n<title>les maires de N\u2019Djamena expriment leur gratitude pour les projets de d\u00e9veloppement \u00e0 venir - tchad<\/title>\n<meta name=\"description\" content=\"Au cours d&#039;une ce\u0301re\u0301monie tenue ce mardi 17 octobre au Palais des Arts et de la Culture, en pre\u0301sence du ministre de l&#039; ...\" \/>\n<meta name=\"robots\" content=\"index, follow, max-snippet:-1, max-image-preview:large, max-video-preview:-1\" \/>\n<link rel=\"canonical\" href=\"https:\/\/www.africa-press.net\/tchad\/politique\/les-maires-de-ndjamena-expriment-leur-gratitude-pour-les-projets-de-developpement-a-venir\" \/>\n<meta property=\"og:locale\" content=\"fr_FR\" \/>\n<meta property=\"og:type\" content=\"article\" \/>\n<meta property=\"og:title\" content=\"les maires de N\u2019Djamena expriment leur gratitude pour les projets de d\u00e9veloppement \u00e0 venir\" \/>\n<meta property=\"og:description\" content=\"Au cours d&#039;une ce\u0301re\u0301monie tenue ce mardi 17 octobre au Palais des Arts et de la Culture, en pre\u0301sence du ministre de l&#039; ...\" \/>\n<meta property=\"og:url\" content=\"https:\/\/www.africa-press.net\/tchad\/politique\/les-maires-de-ndjamena-expriment-leur-gratitude-pour-les-projets-de-developpement-a-venir\" \/>\n<meta property=\"og:site_name\" content=\"tchad\" \/>\n<meta property=\"article:published_time\" content=\"2023-10-18T13:03:15+00:00\" \/>\n<meta property=\"article:modified_time\" content=\"2023-10-18T13:39:42+00:00\" \/>\n<meta property=\"og:image\" content=\"https:\/\/static.africa-press.net\/tchad\/sites\/41\/2023\/10\/sm_1697623737.838869.jpg\" \/>\n\t<meta property=\"og:image:width\" content=\"1600\" \/>\n\t<meta property=\"og:image:height\" content=\"1066\" \/>\n\t<meta property=\"og:image:type\" content=\"image\/jpeg\" \/>\n<meta name=\"author\" content=\"cfeditorfr\" \/>\n<meta name=\"twitter:card\" content=\"summary_large_image\" \/>\n<meta name=\"twitter:label1\" content=\"\u00c9crit par\" \/>\n\t<meta name=\"twitter:data1\" content=\"cfeditorfr\" \/>\n\t<meta name=\"twitter:label2\" content=\"Dur\u00e9e de lecture estim\u00e9e\" \/>\n\t<meta name=\"twitter:data2\" content=\"2 minutes\" \/>\n<script type=\"application\/ld+json\" class=\"yoast-schema-graph\">{\"@context\":\"https:\/\/schema.org\",\"@graph\":[{\"@type\":\"Article\",\"@id\":\"https:\/\/www.africa-press.net\/tchad\/politique\/les-maires-de-ndjamena-expriment-leur-gratitude-pour-les-projets-de-developpement-a-venir#article\",\"isPartOf\":{\"@id\":\"https:\/\/www.africa-press.net\/tchad\/politique\/les-maires-de-ndjamena-expriment-leur-gratitude-pour-les-projets-de-developpement-a-venir\"},\"author\":{\"name\":\"cfeditorfr\",\"@id\":\"https:\/\/www.africa-press.net\/tchad\/#\/schema\/person\/2b1cf3cd81a31e3cd26889ca66d677f1\"},\"headline\":\"les maires de N\u2019Djamena expriment leur gratitude pour les projets de d\u00e9veloppement \u00e0 venir\",\"datePublished\":\"2023-10-18T13:03:15+00:00\",\"dateModified\":\"2023-10-18T13:39:42+00:00\",\"mainEntityOfPage\":{\"@id\":\"https:\/\/www.africa-press.net\/tchad\/politique\/les-maires-de-ndjamena-expriment-leur-gratitude-pour-les-projets-de-developpement-a-venir\"},\"wordCount\":312,\"commentCount\":0,\"image\":{\"@id\":\"https:\/\/www.africa-press.net\/tchad\/politique\/les-maires-de-ndjamena-expriment-leur-gratitude-pour-les-projets-de-developpement-a-venir#primaryimage\"},\"thumbnailUrl\":\"https:\/\/static.africa-press.net\/tchad\/sites\/41\/2023\/10\/sm_1697623737.838869.jpg\",\"keywords\":[\"Africa Press\",\"Africa Press-Tchad\",\"Tchad\"],\"articleSection\":[\"Politique\",\"Toutes les actualit\u00e9s\"],\"inLanguage\":\"fr-FR\",\"potentialAction\":[{\"@type\":\"CommentAction\",\"name\":\"Comment\",\"target\":[\"https:\/\/www.africa-press.net\/tchad\/politique\/les-maires-de-ndjamena-expriment-leur-gratitude-pour-les-projets-de-developpement-a-venir#respond\"]}]},{\"@type\":\"WebPage\",\"@id\":\"https:\/\/www.africa-press.net\/tchad\/politique\/les-maires-de-ndjamena-expriment-leur-gratitude-pour-les-projets-de-developpement-a-venir\",\"url\":\"https:\/\/www.africa-press.net\/tchad\/politique\/les-maires-de-ndjamena-expriment-leur-gratitude-pour-les-projets-de-developpement-a-venir\",\"name\":\"les maires de N\u2019Djamena expriment leur gratitude pour les projets de d\u00e9veloppement \u00e0 venir - tchad\",\"isPartOf\":{\"@id\":\"https:\/\/www.africa-press.net\/tchad\/#website\"},\"primaryImageOfPage\":{\"@id\":\"https:\/\/www.africa-press.net\/tchad\/politique\/les-maires-de-ndjamena-expriment-leur-gratitude-pour-les-projets-de-developpement-a-venir#primaryimage\"},\"image\":{\"@id\":\"https:\/\/www.africa-press.net\/tchad\/politique\/les-maires-de-ndjamena-expriment-leur-gratitude-pour-les-projets-de-developpement-a-venir#primaryimage\"},\"thumbnailUrl\":\"https:\/\/static.africa-press.net\/tchad\/sites\/41\/2023\/10\/sm_1697623737.838869.jpg\",\"datePublished\":\"2023-10-18T13:03:15+00:00\",\"dateModified\":\"2023-10-18T13:39:42+00:00\",\"author\":{\"@id\":\"https:\/\/www.africa-press.net\/tchad\/#\/schema\/person\/2b1cf3cd81a31e3cd26889ca66d677f1\"},\"description\":\"Au cours d'une ce\u0301re\u0301monie tenue ce mardi 17 octobre au Palais des Arts et de la Culture, en pre\u0301sence du ministre de l' ...\",\"breadcrumb\":{\"@id\":\"https:\/\/www.africa-press.net\/tchad\/politique\/les-maires-de-ndjamena-expriment-leur-gratitude-pour-les-projets-de-developpement-a-venir#breadcrumb\"},\"inLanguage\":\"fr-FR\",\"potentialAction\":[{\"@type\":\"ReadAction\",\"target\":[\"https:\/\/www.africa-press.net\/tchad\/politique\/les-maires-de-ndjamena-expriment-leur-gratitude-pour-les-projets-de-developpement-a-venir\"]}]},{\"@type\":\"ImageObject\",\"inLanguage\":\"fr-FR\",\"@id\":\"https:\/\/www.africa-press.net\/tchad\/politique\/les-maires-de-ndjamena-expriment-leur-gratitude-pour-les-projets-de-developpement-a-venir#primaryimage\",\"url\":\"https:\/\/static.africa-press.net\/tchad\/sites\/41\/2023\/10\/sm_1697623737.838869.jpg\",\"contentUrl\":\"https:\/\/static.africa-press.net\/tchad\/sites\/41\/2023\/10\/sm_1697623737.838869.jpg\",\"width\":1600,\"height\":1066,\"caption\":\"les maires de N\u2019Djamena expriment leur gratitude pour les projets de d\u00e9veloppement \u00e0 venir\"},{\"@type\":\"BreadcrumbList\",\"@id\":\"https:\/\/www.africa-press.net\/tchad\/politique\/les-maires-de-ndjamena-expriment-leur-gratitude-pour-les-projets-de-developpement-a-venir#breadcrumb\",\"itemListElement\":[{\"@type\":\"ListItem\",\"position\":1,\"name\":\"Accueil\",\"item\":\"https:\/\/www.africa-press.net\/tchad\/\"},{\"@type\":\"ListItem\",\"position\":2,\"name\":\"les maires de N\u2019Djamena expriment leur gratitude pour les projets de d\u00e9veloppement \u00e0 venir\"}]},{\"@type\":\"WebSite\",\"@id\":\"https:\/\/www.africa-press.net\/tchad\/#website\",\"url\":\"https:\/\/www.africa-press.net\/tchad\/\",\"name\":\"tchad\",\"description\":\"Just another Africa News Agency Sites site\",\"potentialAction\":[{\"@type\":\"SearchAction\",\"target\":{\"@type\":\"EntryPoint\",\"urlTemplate\":\"https:\/\/www.africa-press.net\/tchad\/?s={search_term_string}\"},\"query-input\":{\"@type\":\"PropertyValueSpecification\",\"valueRequired\":true,\"valueName\":\"search_term_string\"}}],\"inLanguage\":\"fr-FR\"},{\"@type\":\"Person\",\"@id\":\"https:\/\/www.africa-press.net\/tchad\/#\/schema\/person\/2b1cf3cd81a31e3cd26889ca66d677f1\",\"name\":\"cfeditorfr\"}]}<\/script>\n<!-- \/ Yoast SEO Premium plugin. -->","yoast_head_json":{"title":"les maires de N\u2019Djamena expriment leur gratitude pour les projets de d\u00e9veloppement \u00e0 venir - tchad","description":"Au cours d'une ce\u0301re\u0301monie tenue ce mardi 17 octobre au Palais des Arts et de la Culture, en pre\u0301sence du ministre de l' ...","robots":{"index":"index","follow":"follow","max-snippet":"max-snippet:-1","max-image-preview":"max-image-preview:large","max-video-preview":"max-video-preview:-1"},"canonical":"https:\/\/www.africa-press.net\/tchad\/politique\/les-maires-de-ndjamena-expriment-leur-gratitude-pour-les-projets-de-developpement-a-venir","og_locale":"fr_FR","og_type":"article","og_title":"les maires de N\u2019Djamena expriment leur gratitude pour les projets de d\u00e9veloppement \u00e0 venir","og_description":"Au cours d'une ce\u0301re\u0301monie tenue ce mardi 17 octobre au Palais des Arts et de la Culture, en pre\u0301sence du ministre de l' ...","og_url":"https:\/\/www.africa-press.net\/tchad\/politique\/les-maires-de-ndjamena-expriment-leur-gratitude-pour-les-projets-de-developpement-a-venir","og_site_name":"tchad","article_published_time":"2023-10-18T13:03:15+00:00","article_modified_time":"2023-10-18T13:39:42+00:00","og_image":[{"width":1600,"height":1066,"url":"https:\/\/static.africa-press.net\/tchad\/sites\/41\/2023\/10\/sm_1697623737.838869.jpg","type":"image\/jpeg"}],"author":"cfeditorfr","twitter_card":"summary_large_image","twitter_misc":{"\u00c9crit par":"cfeditorfr","Dur\u00e9e de lecture estim\u00e9e":"2 minutes"},"schema":{"@context":"https:\/\/schema.org","@graph":[{"@type":"Article","@id":"https:\/\/www.africa-press.net\/tchad\/politique\/les-maires-de-ndjamena-expriment-leur-gratitude-pour-les-projets-de-developpement-a-venir#article","isPartOf":{"@id":"https:\/\/www.africa-press.net\/tchad\/politique\/les-maires-de-ndjamena-expriment-leur-gratitude-pour-les-projets-de-developpement-a-venir"},"author":{"name":"cfeditorfr","@id":"https:\/\/www.africa-press.net\/tchad\/#\/schema\/person\/2b1cf3cd81a31e3cd26889ca66d677f1"},"headline":"les maires de N\u2019Djamena expriment leur gratitude pour les projets de d\u00e9veloppement \u00e0 venir","datePublished":"2023-10-18T13:03:15+00:00","dateModified":"2023-10-18T13:39:42+00:00","mainEntityOfPage":{"@id":"https:\/\/www.africa-press.net\/tchad\/politique\/les-maires-de-ndjamena-expriment-leur-gratitude-pour-les-projets-de-developpement-a-venir"},"wordCount":312,"commentCount":0,"image":{"@id":"https:\/\/www.africa-press.net\/tchad\/politique\/les-maires-de-ndjamena-expriment-leur-gratitude-pour-les-projets-de-developpement-a-venir#primaryimage"},"thumbnailUrl":"https:\/\/static.africa-press.net\/tchad\/sites\/41\/2023\/10\/sm_1697623737.838869.jpg","keywords":["Africa Press","Africa Press-Tchad","Tchad"],"articleSection":["Politique","Toutes les actualit\u00e9s"],"inLanguage":"fr-FR","potentialAction":[{"@type":"CommentAction","name":"Comment","target":["https:\/\/www.africa-press.net\/tchad\/politique\/les-maires-de-ndjamena-expriment-leur-gratitude-pour-les-projets-de-developpement-a-venir#respond"]}]},{"@type":"WebPage","@id":"https:\/\/www.africa-press.net\/tchad\/politique\/les-maires-de-ndjamena-expriment-leur-gratitude-pour-les-projets-de-developpement-a-venir","url":"https:\/\/www.africa-press.net\/tchad\/politique\/les-maires-de-ndjamena-expriment-leur-gratitude-pour-les-projets-de-developpement-a-venir","name":"les maires de N\u2019Djamena expriment leur gratitude pour les projets de d\u00e9veloppement \u00e0 venir - tchad","isPartOf":{"@id":"https:\/\/www.africa-press.net\/tchad\/#website"},"primaryImageOfPage":{"@id":"https:\/\/www.africa-press.net\/tchad\/politique\/les-maires-de-ndjamena-expriment-leur-gratitude-pour-les-projets-de-developpement-a-venir#primaryimage"},"image":{"@id":"https:\/\/www.africa-press.net\/tchad\/politique\/les-maires-de-ndjamena-expriment-leur-gratitude-pour-les-projets-de-developpement-a-venir#primaryimage"},"thumbnailUrl":"https:\/\/static.africa-press.net\/tchad\/sites\/41\/2023\/10\/sm_1697623737.838869.jpg","datePublished":"2023-10-18T13:03:15+00:00","dateModified":"2023-10-18T13:39:42+00:00","author":{"@id":"https:\/\/www.africa-press.net\/tchad\/#\/schema\/person\/2b1cf3cd81a31e3cd26889ca66d677f1"},"description":"Au cours d'une ce\u0301re\u0301monie tenue ce mardi 17 octobre au Palais des Arts et de la Culture, en pre\u0301sence du ministre de l' ...","breadcrumb":{"@id":"https:\/\/www.africa-press.net\/tchad\/politique\/les-maires-de-ndjamena-expriment-leur-gratitude-pour-les-projets-de-developpement-a-venir#breadcrumb"},"inLanguage":"fr-FR","potentialAction":[{"@type":"ReadAction","target":["https:\/\/www.africa-press.net\/tchad\/politique\/les-maires-de-ndjamena-expriment-leur-gratitude-pour-les-projets-de-developpement-a-venir"]}]},{"@type":"ImageObject","inLanguage":"fr-FR","@id":"https:\/\/www.africa-press.net\/tchad\/politique\/les-maires-de-ndjamena-expriment-leur-gratitude-pour-les-projets-de-developpement-a-venir#primaryimage","url":"https:\/\/static.africa-press.net\/tchad\/sites\/41\/2023\/10\/sm_1697623737.838869.jpg","contentUrl":"https:\/\/static.africa-press.net\/tchad\/sites\/41\/2023\/10\/sm_1697623737.838869.jpg","width":1600,"height":1066,"caption":"les maires de N\u2019Djamena expriment leur gratitude pour les projets de d\u00e9veloppement \u00e0 venir"},{"@type":"BreadcrumbList","@id":"https:\/\/www.africa-press.net\/tchad\/politique\/les-maires-de-ndjamena-expriment-leur-gratitude-pour-les-projets-de-developpement-a-venir#breadcrumb","itemListElement":[{"@type":"ListItem","position":1,"name":"Accueil","item":"https:\/\/www.africa-press.net\/tchad\/"},{"@type":"ListItem","position":2,"name":"les maires de N\u2019Djamena expriment leur gratitude pour les projets de d\u00e9veloppement \u00e0 venir"}]},{"@type":"WebSite","@id":"https:\/\/www.africa-press.net\/tchad\/#website","url":"https:\/\/www.africa-press.net\/tchad\/","name":"tchad","description":"Just another Africa News Agency Sites site","potentialAction":[{"@type":"SearchAction","target":{"@type":"EntryPoint","urlTemplate":"https:\/\/www.africa-press.net\/tchad\/?s={search_term_string}"},"query-input":{"@type":"PropertyValueSpecification","valueRequired":true,"valueName":"search_term_string"}}],"inLanguage":"fr-FR"},{"@type":"Person","@id":"https:\/\/www.africa-press.net\/tchad\/#\/schema\/person\/2b1cf3cd81a31e3cd26889ca66d677f1","name":"cfeditorfr"}]}},"_links":{"self":[{"href":"https:\/\/www.africa-press.net\/tchad\/wp-json\/wp\/v2\/posts\/52507","targetHints":{"allow":["GET"]}}],"collection":[{"href":"https:\/\/www.africa-press.net\/tchad\/wp-json\/wp\/v2\/posts"}],"about":[{"href":"https:\/\/www.africa-press.net\/tchad\/wp-json\/wp\/v2\/types\/post"}],"author":[{"embeddable":true,"href":"https:\/\/www.africa-press.net\/tchad\/wp-json\/wp\/v2\/users\/82"}],"replies":[{"embeddable":true,"href":"https:\/\/www.africa-press.net\/tchad\/wp-json\/wp\/v2\/comments?post=52507"}],"version-history":[{"count":0,"href":"https:\/\/www.africa-press.net\/tchad\/wp-json\/wp\/v2\/posts\/52507\/revisions"}],"wp:featuredmedia":[{"embeddable":true,"href":"https:\/\/www.africa-press.net\/tchad\/wp-json\/wp\/v2\/media\/52505"}],"wp:attachment":[{"href":"https:\/\/www.africa-press.net\/tchad\/wp-json\/wp\/v2\/media?parent=52507"}],"wp:term":[{"taxonomy":"category","embeddable":true,"href":"https:\/\/www.africa-press.net\/tchad\/wp-json\/wp\/v2\/categories?post=52507"},{"taxonomy":"post_tag","embeddable":true,"href":"https:\/\/www.africa-press.net\/tchad\/wp-json\/wp\/v2\/tags?post=52507"}],"curies":[{"name":"wp","href":"https:\/\/api.w.org\/{rel}","templated":true}]}}