{"id":52516,"date":"2023-10-18T13:21:46","date_gmt":"2023-10-18T13:21:46","guid":{"rendered":"https:\/\/www.africa-press.net\/tchad\/politique\/le-premier-ministre-kebzabo-accepte-les-demissions-de-deux-ministres"},"modified":"2023-10-18T13:41:34","modified_gmt":"2023-10-18T13:41:34","slug":"le-premier-ministre-kebzabo-accepte-les-demissions-de-deux-ministres","status":"publish","type":"post","link":"https:\/\/www.africa-press.net\/tchad\/politique\/le-premier-ministre-kebzabo-accepte-les-demissions-de-deux-ministres","title":{"rendered":"le Premier ministre Kebzabo accepte les d\u00e9missions de deux ministres"},"content":{"rendered":"<p><span style=\"color: #ff6600\"><strong>Africa-Press &#8211; Tchad. <\/strong><\/span>Le Premier ministre, chef du gouvernement d&rsquo;Union Nationale, Saleh Kebzabo, a rec\u0327u les 17 et 18 octobre 2023, les lettres de de\u0301mission du ministre des Arme\u0301es, des Anciens combattants et des Victimes de guerre, M. Daoud Yaya Brahim et du ministre secre\u0301taire ge\u0301ne\u0301ral du gouvernement, charge\u0301 de la Promotion du Bilinguisme dans l&rsquo;administration et des Relations avec les Grandes Instituions, M. Haliki Choua Mahamat. \u00bb<\/p>\n<p>C\u2019est la quintessence du communique\u0301 de presse rendu public ce 18 octobre 2023, et signe\u0301 du conseiller a\u0300 la communication et aux me\u0301dias, porte-parole de la Primature, Martin Inoua Doulguet.<\/p>\n<p><strong>Pour plus d&rsquo;informations et d&rsquo;analyses sur la <a href=\"https:\/\/www.africa-press.net\/tchad\">Tchad<\/a>, suivez <a href=\"https:\/\/www.africa-press.net\/\">Africa-Press<\/a><\/strong><\/p>\n","protected":false},"excerpt":{"rendered":"<p>Africa-Press &#8211; Tchad. Le Premier ministre, chef du gouvernement d&rsquo;Union Nationale, Saleh Kebzabo, a rec\u0327u les 17 et 18 octobre 2023, les lettres de de\u0301mission du ministre des Arme\u0301es, des Anciens combattants et des Victimes de guerre, M. Daoud Yaya Brahim et du ministre secre\u0301taire ge\u0301ne\u0301ral du gouvernement, charge\u0301 de la Promotion du Bilinguisme dans [&hellip;]<\/p>\n","protected":false},"author":82,"featured_media":52515,"comment_status":"open","ping_status":"closed","sticky":false,"template":"","format":"standard","meta":{"footnotes":""},"categories":[2,426,20,10],"tags":[37,292,29],"class_list":["post-52516","post","type-post","status-publish","format-standard","has-post-thumbnail","hentry","category-politique","category-to-homepage","category-top-nouvelles","category-toutes-les-actualites","tag-africa-press","tag-africa-press-tchad","tag-tchad"],"yoast_head":"<!-- This site is optimized with the Yoast SEO Premium plugin v26.1 (Yoast SEO v27.0) - https:\/\/yoast.com\/product\/yoast-seo-premium-wordpress\/ -->\n<title>le Premier ministre Kebzabo accepte les d\u00e9missions de deux ministres - tchad<\/title>\n<meta name=\"description\" content=\"Le Premier ministre, chef du gouvernement d&#039;Union Nationale, Saleh Kebzabo, a rec\u0327u les 17 et 18 octobre 2023, les lettr ...\" \/>\n<meta name=\"robots\" content=\"index, follow, max-snippet:-1, max-image-preview:large, max-video-preview:-1\" \/>\n<link rel=\"canonical\" href=\"https:\/\/www.africa-press.net\/tchad\/politique\/le-premier-ministre-kebzabo-accepte-les-demissions-de-deux-ministres\" \/>\n<meta property=\"og:locale\" content=\"fr_FR\" \/>\n<meta property=\"og:type\" content=\"article\" \/>\n<meta property=\"og:title\" content=\"le Premier ministre Kebzabo accepte les d\u00e9missions de deux ministres\" \/>\n<meta property=\"og:description\" content=\"Le Premier ministre, chef du gouvernement d&#039;Union Nationale, Saleh Kebzabo, a rec\u0327u les 17 et 18 octobre 2023, les lettr ...\" \/>\n<meta property=\"og:url\" content=\"https:\/\/www.africa-press.net\/tchad\/politique\/le-premier-ministre-kebzabo-accepte-les-demissions-de-deux-ministres\" \/>\n<meta property=\"og:site_name\" content=\"tchad\" \/>\n<meta property=\"article:published_time\" content=\"2023-10-18T13:21:46+00:00\" \/>\n<meta property=\"article:modified_time\" content=\"2023-10-18T13:41:34+00:00\" \/>\n<meta property=\"og:image\" content=\"https:\/\/static.africa-press.net\/tchad\/sites\/41\/2023\/10\/sm_1697623850.409045.jpg\" \/>\n\t<meta property=\"og:image:width\" content=\"720\" \/>\n\t<meta property=\"og:image:height\" content=\"404\" \/>\n\t<meta property=\"og:image:type\" content=\"image\/jpeg\" \/>\n<meta name=\"author\" content=\"cfeditorfr\" \/>\n<meta name=\"twitter:card\" content=\"summary_large_image\" \/>\n<meta name=\"twitter:label1\" content=\"\u00c9crit par\" \/>\n\t<meta name=\"twitter:data1\" content=\"cfeditorfr\" \/>\n\t<meta name=\"twitter:label2\" content=\"Dur\u00e9e de lecture estim\u00e9e\" \/>\n\t<meta name=\"twitter:data2\" content=\"1 minute\" \/>\n<script type=\"application\/ld+json\" class=\"yoast-schema-graph\">{\"@context\":\"https:\/\/schema.org\",\"@graph\":[{\"@type\":\"Article\",\"@id\":\"https:\/\/www.africa-press.net\/tchad\/politique\/le-premier-ministre-kebzabo-accepte-les-demissions-de-deux-ministres#article\",\"isPartOf\":{\"@id\":\"https:\/\/www.africa-press.net\/tchad\/politique\/le-premier-ministre-kebzabo-accepte-les-demissions-de-deux-ministres\"},\"author\":{\"name\":\"cfeditorfr\",\"@id\":\"https:\/\/www.africa-press.net\/tchad\/#\/schema\/person\/2b1cf3cd81a31e3cd26889ca66d677f1\"},\"headline\":\"le Premier ministre Kebzabo accepte les d\u00e9missions de deux ministres\",\"datePublished\":\"2023-10-18T13:21:46+00:00\",\"dateModified\":\"2023-10-18T13:41:34+00:00\",\"mainEntityOfPage\":{\"@id\":\"https:\/\/www.africa-press.net\/tchad\/politique\/le-premier-ministre-kebzabo-accepte-les-demissions-de-deux-ministres\"},\"wordCount\":125,\"commentCount\":0,\"image\":{\"@id\":\"https:\/\/www.africa-press.net\/tchad\/politique\/le-premier-ministre-kebzabo-accepte-les-demissions-de-deux-ministres#primaryimage\"},\"thumbnailUrl\":\"https:\/\/static.africa-press.net\/tchad\/sites\/41\/2023\/10\/sm_1697623850.409045.jpg\",\"keywords\":[\"Africa Press\",\"Africa Press-Tchad\",\"Tchad\"],\"articleSection\":[\"Politique\",\"to-homepage\",\"Top Nouvelles\",\"Toutes les actualit\u00e9s\"],\"inLanguage\":\"fr-FR\",\"potentialAction\":[{\"@type\":\"CommentAction\",\"name\":\"Comment\",\"target\":[\"https:\/\/www.africa-press.net\/tchad\/politique\/le-premier-ministre-kebzabo-accepte-les-demissions-de-deux-ministres#respond\"]}]},{\"@type\":\"WebPage\",\"@id\":\"https:\/\/www.africa-press.net\/tchad\/politique\/le-premier-ministre-kebzabo-accepte-les-demissions-de-deux-ministres\",\"url\":\"https:\/\/www.africa-press.net\/tchad\/politique\/le-premier-ministre-kebzabo-accepte-les-demissions-de-deux-ministres\",\"name\":\"le Premier ministre Kebzabo accepte les d\u00e9missions de deux ministres - tchad\",\"isPartOf\":{\"@id\":\"https:\/\/www.africa-press.net\/tchad\/#website\"},\"primaryImageOfPage\":{\"@id\":\"https:\/\/www.africa-press.net\/tchad\/politique\/le-premier-ministre-kebzabo-accepte-les-demissions-de-deux-ministres#primaryimage\"},\"image\":{\"@id\":\"https:\/\/www.africa-press.net\/tchad\/politique\/le-premier-ministre-kebzabo-accepte-les-demissions-de-deux-ministres#primaryimage\"},\"thumbnailUrl\":\"https:\/\/static.africa-press.net\/tchad\/sites\/41\/2023\/10\/sm_1697623850.409045.jpg\",\"datePublished\":\"2023-10-18T13:21:46+00:00\",\"dateModified\":\"2023-10-18T13:41:34+00:00\",\"author\":{\"@id\":\"https:\/\/www.africa-press.net\/tchad\/#\/schema\/person\/2b1cf3cd81a31e3cd26889ca66d677f1\"},\"description\":\"Le Premier ministre, chef du gouvernement d'Union Nationale, Saleh Kebzabo, a rec\u0327u les 17 et 18 octobre 2023, les lettr ...\",\"breadcrumb\":{\"@id\":\"https:\/\/www.africa-press.net\/tchad\/politique\/le-premier-ministre-kebzabo-accepte-les-demissions-de-deux-ministres#breadcrumb\"},\"inLanguage\":\"fr-FR\",\"potentialAction\":[{\"@type\":\"ReadAction\",\"target\":[\"https:\/\/www.africa-press.net\/tchad\/politique\/le-premier-ministre-kebzabo-accepte-les-demissions-de-deux-ministres\"]}]},{\"@type\":\"ImageObject\",\"inLanguage\":\"fr-FR\",\"@id\":\"https:\/\/www.africa-press.net\/tchad\/politique\/le-premier-ministre-kebzabo-accepte-les-demissions-de-deux-ministres#primaryimage\",\"url\":\"https:\/\/static.africa-press.net\/tchad\/sites\/41\/2023\/10\/sm_1697623850.409045.jpg\",\"contentUrl\":\"https:\/\/static.africa-press.net\/tchad\/sites\/41\/2023\/10\/sm_1697623850.409045.jpg\",\"width\":720,\"height\":404,\"caption\":\"le Premier ministre Kebzabo accepte les d\u00e9missions de deux ministres\"},{\"@type\":\"BreadcrumbList\",\"@id\":\"https:\/\/www.africa-press.net\/tchad\/politique\/le-premier-ministre-kebzabo-accepte-les-demissions-de-deux-ministres#breadcrumb\",\"itemListElement\":[{\"@type\":\"ListItem\",\"position\":1,\"name\":\"Accueil\",\"item\":\"https:\/\/www.africa-press.net\/tchad\/\"},{\"@type\":\"ListItem\",\"position\":2,\"name\":\"le Premier ministre Kebzabo accepte les d\u00e9missions de deux ministres\"}]},{\"@type\":\"WebSite\",\"@id\":\"https:\/\/www.africa-press.net\/tchad\/#website\",\"url\":\"https:\/\/www.africa-press.net\/tchad\/\",\"name\":\"tchad\",\"description\":\"Just another Africa News Agency Sites site\",\"potentialAction\":[{\"@type\":\"SearchAction\",\"target\":{\"@type\":\"EntryPoint\",\"urlTemplate\":\"https:\/\/www.africa-press.net\/tchad\/?s={search_term_string}\"},\"query-input\":{\"@type\":\"PropertyValueSpecification\",\"valueRequired\":true,\"valueName\":\"search_term_string\"}}],\"inLanguage\":\"fr-FR\"},{\"@type\":\"Person\",\"@id\":\"https:\/\/www.africa-press.net\/tchad\/#\/schema\/person\/2b1cf3cd81a31e3cd26889ca66d677f1\",\"name\":\"cfeditorfr\"}]}<\/script>\n<!-- \/ Yoast SEO Premium plugin. -->","yoast_head_json":{"title":"le Premier ministre Kebzabo accepte les d\u00e9missions de deux ministres - tchad","description":"Le Premier ministre, chef du gouvernement d'Union Nationale, Saleh Kebzabo, a rec\u0327u les 17 et 18 octobre 2023, les lettr ...","robots":{"index":"index","follow":"follow","max-snippet":"max-snippet:-1","max-image-preview":"max-image-preview:large","max-video-preview":"max-video-preview:-1"},"canonical":"https:\/\/www.africa-press.net\/tchad\/politique\/le-premier-ministre-kebzabo-accepte-les-demissions-de-deux-ministres","og_locale":"fr_FR","og_type":"article","og_title":"le Premier ministre Kebzabo accepte les d\u00e9missions de deux ministres","og_description":"Le Premier ministre, chef du gouvernement d'Union Nationale, Saleh Kebzabo, a rec\u0327u les 17 et 18 octobre 2023, les lettr ...","og_url":"https:\/\/www.africa-press.net\/tchad\/politique\/le-premier-ministre-kebzabo-accepte-les-demissions-de-deux-ministres","og_site_name":"tchad","article_published_time":"2023-10-18T13:21:46+00:00","article_modified_time":"2023-10-18T13:41:34+00:00","og_image":[{"width":720,"height":404,"url":"https:\/\/static.africa-press.net\/tchad\/sites\/41\/2023\/10\/sm_1697623850.409045.jpg","type":"image\/jpeg"}],"author":"cfeditorfr","twitter_card":"summary_large_image","twitter_misc":{"\u00c9crit par":"cfeditorfr","Dur\u00e9e de lecture estim\u00e9e":"1 minute"},"schema":{"@context":"https:\/\/schema.org","@graph":[{"@type":"Article","@id":"https:\/\/www.africa-press.net\/tchad\/politique\/le-premier-ministre-kebzabo-accepte-les-demissions-de-deux-ministres#article","isPartOf":{"@id":"https:\/\/www.africa-press.net\/tchad\/politique\/le-premier-ministre-kebzabo-accepte-les-demissions-de-deux-ministres"},"author":{"name":"cfeditorfr","@id":"https:\/\/www.africa-press.net\/tchad\/#\/schema\/person\/2b1cf3cd81a31e3cd26889ca66d677f1"},"headline":"le Premier ministre Kebzabo accepte les d\u00e9missions de deux ministres","datePublished":"2023-10-18T13:21:46+00:00","dateModified":"2023-10-18T13:41:34+00:00","mainEntityOfPage":{"@id":"https:\/\/www.africa-press.net\/tchad\/politique\/le-premier-ministre-kebzabo-accepte-les-demissions-de-deux-ministres"},"wordCount":125,"commentCount":0,"image":{"@id":"https:\/\/www.africa-press.net\/tchad\/politique\/le-premier-ministre-kebzabo-accepte-les-demissions-de-deux-ministres#primaryimage"},"thumbnailUrl":"https:\/\/static.africa-press.net\/tchad\/sites\/41\/2023\/10\/sm_1697623850.409045.jpg","keywords":["Africa Press","Africa Press-Tchad","Tchad"],"articleSection":["Politique","to-homepage","Top Nouvelles","Toutes les actualit\u00e9s"],"inLanguage":"fr-FR","potentialAction":[{"@type":"CommentAction","name":"Comment","target":["https:\/\/www.africa-press.net\/tchad\/politique\/le-premier-ministre-kebzabo-accepte-les-demissions-de-deux-ministres#respond"]}]},{"@type":"WebPage","@id":"https:\/\/www.africa-press.net\/tchad\/politique\/le-premier-ministre-kebzabo-accepte-les-demissions-de-deux-ministres","url":"https:\/\/www.africa-press.net\/tchad\/politique\/le-premier-ministre-kebzabo-accepte-les-demissions-de-deux-ministres","name":"le Premier ministre Kebzabo accepte les d\u00e9missions de deux ministres - tchad","isPartOf":{"@id":"https:\/\/www.africa-press.net\/tchad\/#website"},"primaryImageOfPage":{"@id":"https:\/\/www.africa-press.net\/tchad\/politique\/le-premier-ministre-kebzabo-accepte-les-demissions-de-deux-ministres#primaryimage"},"image":{"@id":"https:\/\/www.africa-press.net\/tchad\/politique\/le-premier-ministre-kebzabo-accepte-les-demissions-de-deux-ministres#primaryimage"},"thumbnailUrl":"https:\/\/static.africa-press.net\/tchad\/sites\/41\/2023\/10\/sm_1697623850.409045.jpg","datePublished":"2023-10-18T13:21:46+00:00","dateModified":"2023-10-18T13:41:34+00:00","author":{"@id":"https:\/\/www.africa-press.net\/tchad\/#\/schema\/person\/2b1cf3cd81a31e3cd26889ca66d677f1"},"description":"Le Premier ministre, chef du gouvernement d'Union Nationale, Saleh Kebzabo, a rec\u0327u les 17 et 18 octobre 2023, les lettr ...","breadcrumb":{"@id":"https:\/\/www.africa-press.net\/tchad\/politique\/le-premier-ministre-kebzabo-accepte-les-demissions-de-deux-ministres#breadcrumb"},"inLanguage":"fr-FR","potentialAction":[{"@type":"ReadAction","target":["https:\/\/www.africa-press.net\/tchad\/politique\/le-premier-ministre-kebzabo-accepte-les-demissions-de-deux-ministres"]}]},{"@type":"ImageObject","inLanguage":"fr-FR","@id":"https:\/\/www.africa-press.net\/tchad\/politique\/le-premier-ministre-kebzabo-accepte-les-demissions-de-deux-ministres#primaryimage","url":"https:\/\/static.africa-press.net\/tchad\/sites\/41\/2023\/10\/sm_1697623850.409045.jpg","contentUrl":"https:\/\/static.africa-press.net\/tchad\/sites\/41\/2023\/10\/sm_1697623850.409045.jpg","width":720,"height":404,"caption":"le Premier ministre Kebzabo accepte les d\u00e9missions de deux ministres"},{"@type":"BreadcrumbList","@id":"https:\/\/www.africa-press.net\/tchad\/politique\/le-premier-ministre-kebzabo-accepte-les-demissions-de-deux-ministres#breadcrumb","itemListElement":[{"@type":"ListItem","position":1,"name":"Accueil","item":"https:\/\/www.africa-press.net\/tchad\/"},{"@type":"ListItem","position":2,"name":"le Premier ministre Kebzabo accepte les d\u00e9missions de deux ministres"}]},{"@type":"WebSite","@id":"https:\/\/www.africa-press.net\/tchad\/#website","url":"https:\/\/www.africa-press.net\/tchad\/","name":"tchad","description":"Just another Africa News Agency Sites site","potentialAction":[{"@type":"SearchAction","target":{"@type":"EntryPoint","urlTemplate":"https:\/\/www.africa-press.net\/tchad\/?s={search_term_string}"},"query-input":{"@type":"PropertyValueSpecification","valueRequired":true,"valueName":"search_term_string"}}],"inLanguage":"fr-FR"},{"@type":"Person","@id":"https:\/\/www.africa-press.net\/tchad\/#\/schema\/person\/2b1cf3cd81a31e3cd26889ca66d677f1","name":"cfeditorfr"}]}},"_links":{"self":[{"href":"https:\/\/www.africa-press.net\/tchad\/wp-json\/wp\/v2\/posts\/52516","targetHints":{"allow":["GET"]}}],"collection":[{"href":"https:\/\/www.africa-press.net\/tchad\/wp-json\/wp\/v2\/posts"}],"about":[{"href":"https:\/\/www.africa-press.net\/tchad\/wp-json\/wp\/v2\/types\/post"}],"author":[{"embeddable":true,"href":"https:\/\/www.africa-press.net\/tchad\/wp-json\/wp\/v2\/users\/82"}],"replies":[{"embeddable":true,"href":"https:\/\/www.africa-press.net\/tchad\/wp-json\/wp\/v2\/comments?post=52516"}],"version-history":[{"count":0,"href":"https:\/\/www.africa-press.net\/tchad\/wp-json\/wp\/v2\/posts\/52516\/revisions"}],"wp:featuredmedia":[{"embeddable":true,"href":"https:\/\/www.africa-press.net\/tchad\/wp-json\/wp\/v2\/media\/52515"}],"wp:attachment":[{"href":"https:\/\/www.africa-press.net\/tchad\/wp-json\/wp\/v2\/media?parent=52516"}],"wp:term":[{"taxonomy":"category","embeddable":true,"href":"https:\/\/www.africa-press.net\/tchad\/wp-json\/wp\/v2\/categories?post=52516"},{"taxonomy":"post_tag","embeddable":true,"href":"https:\/\/www.africa-press.net\/tchad\/wp-json\/wp\/v2\/tags?post=52516"}],"curies":[{"name":"wp","href":"https:\/\/api.w.org\/{rel}","templated":true}]}}