{"id":52541,"date":"2023-10-19T11:36:11","date_gmt":"2023-10-19T11:36:11","guid":{"rendered":"https:\/\/www.africa-press.net\/tchad\/politique\/les-presidents-macron-et-deby-discutent-du-retrait-francais-du-niger"},"modified":"2023-10-19T11:36:11","modified_gmt":"2023-10-19T11:36:11","slug":"les-presidents-macron-et-deby-discutent-du-retrait-francais-du-niger","status":"publish","type":"post","link":"https:\/\/www.africa-press.net\/tchad\/politique\/les-presidents-macron-et-deby-discutent-du-retrait-francais-du-niger","title":{"rendered":"Les pr\u00e9sidents Macron et D\u00e9by discutent du retrait fran\u00e7ais du Niger"},"content":{"rendered":"<p><span style=\"color: #ff6600\"><strong>Africa-Press &#8211; Tchad. <\/strong><\/span>Les pre\u0301sidents franc\u0327ais Emmanuel Macron et de transition au Tchad, Mahamat Idriss De\u0301by, ont fait le point, mercredi 18 octobre, a\u0300 l\u2019Elyse\u0301e, sur les crises re\u0301gionales et le retrait des forces franc\u0327aises du Niger, a indique\u0301 l\u2019Elyse\u0301e. Ils ont e\u0301change\u0301 \u00ab sur l\u2019ensemble des dossiers re\u0301gionaux, dont le Soudan, la Libye et le Niger ainsi que sur le retour en France de nos moyens militaires \u00bb, a pre\u0301cise\u0301 la pre\u0301sidence franc\u0327aise. \u00ab L\u2019entretien a e\u0301galement permis aux deux pre\u0301sidents de discuter de la poursuite de la transition politique au Tchad \u00bb, a-t-elle ajoute\u0301.<\/p>\n<p>Pousse\u0301e a\u0300 quitter le Niger apre\u0300s un putsch en juillet, l\u2019arme\u0301e franc\u0327aise doit e\u0301vacuer 1 400 hommes et leurs mate\u0301riels en majeure partie via le Tchad.<\/p>\n<p>Les militaires s\u2019envoleront pour la France depuis N\u2019Djamena tandis que les convois de mate\u0301riel rejoindront le port de Douala, au Cameroun, en traversant des zones abritant des groupes djihadistes. Le pre\u0301sident franc\u0327ais Emmanuel Macron a de\u0301clare\u0301 fin septembre que les troupes franc\u0327aises auraient quitte\u0301 le Niger \u00ab d\u2019ici a\u0300 la fin de l\u2019anne\u0301e \u00bb.<\/p>\n<p>De\u0301fis logistiques Les experts envisagent toutefois pluto\u0302t une dure\u0301e d\u2019environ six mois en raison des de\u0301fis logistiques que pose ce retrait, avec l\u2019e\u0301quivalent de 2 000 conteneurs a\u0300 rapatrier.<\/p>\n<p>Au Soudan, la guerre a e\u0301clate\u0301 le 15 avril entre l\u2019arme\u0301e dirige\u0301e par le ge\u0301ne\u0301ral Abdel Fattah Al-Burhane et les Forces de soutien rapide (FSR) du ge\u0301ne\u0301ral Mohamed Hamdane Daglo. La Libye est de son co\u0302te\u0301 en proie a\u0300 une crise politique majeure depuis la chute du re\u0301gime de Mouammar Kadhafi en 2011, mine\u0301e par les divisions entre l\u2019Est et l\u2019Ouest et par les inge\u0301rences e\u0301trange\u0300res.<\/p>\n<p>Le 20 avril 2021, aussito\u0302t apre\u0300s l\u2019annonce de la mort du pre\u0301sident Idriss De\u0301by Itno, tue\u0301 au front par des rebelles apre\u0300s avoir dirige\u0301 pendant trente ans d\u2019une main de fer le Tchad, une junte de quinze ge\u0301ne\u0301raux avait proclame\u0301 son jeune fils, le ge\u0301ne\u0301ral Mahamat Idriss De\u0301by Itno, pre\u0301sident pour une pe\u0301riode de transition de dix-huit mois avant des e\u0301lections.<\/p>\n<p>Mais, dix-huit mois plus tard, en octobre 2022, il l\u2019a prolonge\u0301e de deux ans en invoquant la de\u0301cision d\u2019un \u00ab dialogue de re\u0301conciliation nationale \u00bb boycotte\u0301 par la grande majorite\u0301 de l\u2019opposition et les plus puissants des groupes rebelles arme\u0301s.<\/p>\n<p><b>Source: Le Monde<\/b><\/p>\n<p><strong>Pour plus d&rsquo;informations et d&rsquo;analyses sur la <a href=\"https:\/\/www.africa-press.net\/tchad\">Tchad<\/a>, suivez <a href=\"https:\/\/www.africa-press.net\/\">Africa-Press<\/a><\/strong><\/p>\n","protected":false},"excerpt":{"rendered":"<p>Africa-Press &#8211; Tchad. Les pre\u0301sidents franc\u0327ais Emmanuel Macron et de transition au Tchad, Mahamat Idriss De\u0301by, ont fait le point, mercredi 18 octobre, a\u0300 l\u2019Elyse\u0301e, sur les crises re\u0301gionales et le retrait des forces franc\u0327aises du Niger, a indique\u0301 l\u2019Elyse\u0301e. Ils ont e\u0301change\u0301 \u00ab sur l\u2019ensemble des dossiers re\u0301gionaux, dont le Soudan, la Libye et [&hellip;]<\/p>\n","protected":false},"author":82,"featured_media":52540,"comment_status":"open","ping_status":"closed","sticky":false,"template":"","format":"standard","meta":{"footnotes":""},"categories":[2,426,20,10],"tags":[37,292,29],"class_list":["post-52541","post","type-post","status-publish","format-standard","has-post-thumbnail","hentry","category-politique","category-to-homepage","category-top-nouvelles","category-toutes-les-actualites","tag-africa-press","tag-africa-press-tchad","tag-tchad"],"yoast_head":"<!-- This site is optimized with the Yoast SEO Premium plugin v26.1 (Yoast SEO v27.0) - https:\/\/yoast.com\/product\/yoast-seo-premium-wordpress\/ -->\n<title>Les pr\u00e9sidents Macron et D\u00e9by discutent du retrait fran\u00e7ais du Niger - tchad<\/title>\n<meta name=\"robots\" content=\"index, follow, max-snippet:-1, max-image-preview:large, max-video-preview:-1\" \/>\n<link rel=\"canonical\" href=\"https:\/\/www.africa-press.net\/tchad\/politique\/les-presidents-macron-et-deby-discutent-du-retrait-francais-du-niger\" \/>\n<meta property=\"og:locale\" content=\"fr_FR\" \/>\n<meta property=\"og:type\" content=\"article\" \/>\n<meta property=\"og:title\" content=\"Les pr\u00e9sidents Macron et D\u00e9by discutent du retrait fran\u00e7ais du Niger\" \/>\n<meta property=\"og:description\" content=\"Africa-Press &#8211; Tchad. Les pre\u0301sidents franc\u0327ais Emmanuel Macron et de transition au Tchad, Mahamat Idriss De\u0301by, ont fait le point, mercredi 18 octobre, a\u0300 l\u2019Elyse\u0301e, sur les crises re\u0301gionales et le retrait des forces franc\u0327aises du Niger, a indique\u0301 l\u2019Elyse\u0301e. Ils ont e\u0301change\u0301 \u00ab sur l\u2019ensemble des dossiers re\u0301gionaux, dont le Soudan, la Libye et [&hellip;]\" \/>\n<meta property=\"og:url\" content=\"https:\/\/www.africa-press.net\/tchad\/politique\/les-presidents-macron-et-deby-discutent-du-retrait-francais-du-niger\" \/>\n<meta property=\"og:site_name\" content=\"tchad\" \/>\n<meta property=\"article:published_time\" content=\"2023-10-19T11:36:11+00:00\" \/>\n<meta name=\"author\" content=\"cfeditorfr\" \/>\n<meta name=\"twitter:card\" content=\"summary_large_image\" \/>\n<meta name=\"twitter:label1\" content=\"\u00c9crit par\" \/>\n\t<meta name=\"twitter:data1\" content=\"cfeditorfr\" \/>\n\t<meta name=\"twitter:label2\" content=\"Dur\u00e9e de lecture estim\u00e9e\" \/>\n\t<meta name=\"twitter:data2\" content=\"2 minutes\" \/>\n<script type=\"application\/ld+json\" class=\"yoast-schema-graph\">{\"@context\":\"https:\/\/schema.org\",\"@graph\":[{\"@type\":\"Article\",\"@id\":\"https:\/\/www.africa-press.net\/tchad\/politique\/les-presidents-macron-et-deby-discutent-du-retrait-francais-du-niger#article\",\"isPartOf\":{\"@id\":\"https:\/\/www.africa-press.net\/tchad\/politique\/les-presidents-macron-et-deby-discutent-du-retrait-francais-du-niger\"},\"author\":{\"name\":\"cfeditorfr\",\"@id\":\"https:\/\/www.africa-press.net\/tchad\/#\/schema\/person\/2b1cf3cd81a31e3cd26889ca66d677f1\"},\"headline\":\"Les pr\u00e9sidents Macron et D\u00e9by discutent du retrait fran\u00e7ais du Niger\",\"datePublished\":\"2023-10-19T11:36:11+00:00\",\"mainEntityOfPage\":{\"@id\":\"https:\/\/www.africa-press.net\/tchad\/politique\/les-presidents-macron-et-deby-discutent-du-retrait-francais-du-niger\"},\"wordCount\":463,\"commentCount\":0,\"image\":{\"@id\":\"https:\/\/www.africa-press.net\/tchad\/politique\/les-presidents-macron-et-deby-discutent-du-retrait-francais-du-niger#primaryimage\"},\"thumbnailUrl\":\"https:\/\/static.africa-press.net\/tchad\/sites\/41\/2023\/10\/sm_1697703797.437839.jpg\",\"keywords\":[\"Africa Press\",\"Africa Press-Tchad\",\"Tchad\"],\"articleSection\":[\"Politique\",\"to-homepage\",\"Top Nouvelles\",\"Toutes les actualit\u00e9s\"],\"inLanguage\":\"fr-FR\",\"potentialAction\":[{\"@type\":\"CommentAction\",\"name\":\"Comment\",\"target\":[\"https:\/\/www.africa-press.net\/tchad\/politique\/les-presidents-macron-et-deby-discutent-du-retrait-francais-du-niger#respond\"]}]},{\"@type\":\"WebPage\",\"@id\":\"https:\/\/www.africa-press.net\/tchad\/politique\/les-presidents-macron-et-deby-discutent-du-retrait-francais-du-niger\",\"url\":\"https:\/\/www.africa-press.net\/tchad\/politique\/les-presidents-macron-et-deby-discutent-du-retrait-francais-du-niger\",\"name\":\"Les pr\u00e9sidents Macron et D\u00e9by discutent du retrait fran\u00e7ais du Niger - tchad\",\"isPartOf\":{\"@id\":\"https:\/\/www.africa-press.net\/tchad\/#website\"},\"primaryImageOfPage\":{\"@id\":\"https:\/\/www.africa-press.net\/tchad\/politique\/les-presidents-macron-et-deby-discutent-du-retrait-francais-du-niger#primaryimage\"},\"image\":{\"@id\":\"https:\/\/www.africa-press.net\/tchad\/politique\/les-presidents-macron-et-deby-discutent-du-retrait-francais-du-niger#primaryimage\"},\"thumbnailUrl\":\"https:\/\/static.africa-press.net\/tchad\/sites\/41\/2023\/10\/sm_1697703797.437839.jpg\",\"datePublished\":\"2023-10-19T11:36:11+00:00\",\"author\":{\"@id\":\"https:\/\/www.africa-press.net\/tchad\/#\/schema\/person\/2b1cf3cd81a31e3cd26889ca66d677f1\"},\"breadcrumb\":{\"@id\":\"https:\/\/www.africa-press.net\/tchad\/politique\/les-presidents-macron-et-deby-discutent-du-retrait-francais-du-niger#breadcrumb\"},\"inLanguage\":\"fr-FR\",\"potentialAction\":[{\"@type\":\"ReadAction\",\"target\":[\"https:\/\/www.africa-press.net\/tchad\/politique\/les-presidents-macron-et-deby-discutent-du-retrait-francais-du-niger\"]}]},{\"@type\":\"ImageObject\",\"inLanguage\":\"fr-FR\",\"@id\":\"https:\/\/www.africa-press.net\/tchad\/politique\/les-presidents-macron-et-deby-discutent-du-retrait-francais-du-niger#primaryimage\",\"url\":\"https:\/\/static.africa-press.net\/tchad\/sites\/41\/2023\/10\/sm_1697703797.437839.jpg\",\"contentUrl\":\"https:\/\/static.africa-press.net\/tchad\/sites\/41\/2023\/10\/sm_1697703797.437839.jpg\",\"width\":1440,\"height\":960,\"caption\":\"Les pr\u00e9sidents Macron et D\u00e9by discutent du retrait fran\u00e7ais du Niger\"},{\"@type\":\"BreadcrumbList\",\"@id\":\"https:\/\/www.africa-press.net\/tchad\/politique\/les-presidents-macron-et-deby-discutent-du-retrait-francais-du-niger#breadcrumb\",\"itemListElement\":[{\"@type\":\"ListItem\",\"position\":1,\"name\":\"Accueil\",\"item\":\"https:\/\/www.africa-press.net\/tchad\/\"},{\"@type\":\"ListItem\",\"position\":2,\"name\":\"Les pr\u00e9sidents Macron et D\u00e9by discutent du retrait fran\u00e7ais du Niger\"}]},{\"@type\":\"WebSite\",\"@id\":\"https:\/\/www.africa-press.net\/tchad\/#website\",\"url\":\"https:\/\/www.africa-press.net\/tchad\/\",\"name\":\"tchad\",\"description\":\"Just another Africa News Agency Sites site\",\"potentialAction\":[{\"@type\":\"SearchAction\",\"target\":{\"@type\":\"EntryPoint\",\"urlTemplate\":\"https:\/\/www.africa-press.net\/tchad\/?s={search_term_string}\"},\"query-input\":{\"@type\":\"PropertyValueSpecification\",\"valueRequired\":true,\"valueName\":\"search_term_string\"}}],\"inLanguage\":\"fr-FR\"},{\"@type\":\"Person\",\"@id\":\"https:\/\/www.africa-press.net\/tchad\/#\/schema\/person\/2b1cf3cd81a31e3cd26889ca66d677f1\",\"name\":\"cfeditorfr\"}]}<\/script>\n<!-- \/ Yoast SEO Premium plugin. -->","yoast_head_json":{"title":"Les pr\u00e9sidents Macron et D\u00e9by discutent du retrait fran\u00e7ais du Niger - tchad","robots":{"index":"index","follow":"follow","max-snippet":"max-snippet:-1","max-image-preview":"max-image-preview:large","max-video-preview":"max-video-preview:-1"},"canonical":"https:\/\/www.africa-press.net\/tchad\/politique\/les-presidents-macron-et-deby-discutent-du-retrait-francais-du-niger","og_locale":"fr_FR","og_type":"article","og_title":"Les pr\u00e9sidents Macron et D\u00e9by discutent du retrait fran\u00e7ais du Niger","og_description":"Africa-Press &#8211; Tchad. Les pre\u0301sidents franc\u0327ais Emmanuel Macron et de transition au Tchad, Mahamat Idriss De\u0301by, ont fait le point, mercredi 18 octobre, a\u0300 l\u2019Elyse\u0301e, sur les crises re\u0301gionales et le retrait des forces franc\u0327aises du Niger, a indique\u0301 l\u2019Elyse\u0301e. Ils ont e\u0301change\u0301 \u00ab sur l\u2019ensemble des dossiers re\u0301gionaux, dont le Soudan, la Libye et [&hellip;]","og_url":"https:\/\/www.africa-press.net\/tchad\/politique\/les-presidents-macron-et-deby-discutent-du-retrait-francais-du-niger","og_site_name":"tchad","article_published_time":"2023-10-19T11:36:11+00:00","author":"cfeditorfr","twitter_card":"summary_large_image","twitter_misc":{"\u00c9crit par":"cfeditorfr","Dur\u00e9e de lecture estim\u00e9e":"2 minutes"},"schema":{"@context":"https:\/\/schema.org","@graph":[{"@type":"Article","@id":"https:\/\/www.africa-press.net\/tchad\/politique\/les-presidents-macron-et-deby-discutent-du-retrait-francais-du-niger#article","isPartOf":{"@id":"https:\/\/www.africa-press.net\/tchad\/politique\/les-presidents-macron-et-deby-discutent-du-retrait-francais-du-niger"},"author":{"name":"cfeditorfr","@id":"https:\/\/www.africa-press.net\/tchad\/#\/schema\/person\/2b1cf3cd81a31e3cd26889ca66d677f1"},"headline":"Les pr\u00e9sidents Macron et D\u00e9by discutent du retrait fran\u00e7ais du Niger","datePublished":"2023-10-19T11:36:11+00:00","mainEntityOfPage":{"@id":"https:\/\/www.africa-press.net\/tchad\/politique\/les-presidents-macron-et-deby-discutent-du-retrait-francais-du-niger"},"wordCount":463,"commentCount":0,"image":{"@id":"https:\/\/www.africa-press.net\/tchad\/politique\/les-presidents-macron-et-deby-discutent-du-retrait-francais-du-niger#primaryimage"},"thumbnailUrl":"https:\/\/static.africa-press.net\/tchad\/sites\/41\/2023\/10\/sm_1697703797.437839.jpg","keywords":["Africa Press","Africa Press-Tchad","Tchad"],"articleSection":["Politique","to-homepage","Top Nouvelles","Toutes les actualit\u00e9s"],"inLanguage":"fr-FR","potentialAction":[{"@type":"CommentAction","name":"Comment","target":["https:\/\/www.africa-press.net\/tchad\/politique\/les-presidents-macron-et-deby-discutent-du-retrait-francais-du-niger#respond"]}]},{"@type":"WebPage","@id":"https:\/\/www.africa-press.net\/tchad\/politique\/les-presidents-macron-et-deby-discutent-du-retrait-francais-du-niger","url":"https:\/\/www.africa-press.net\/tchad\/politique\/les-presidents-macron-et-deby-discutent-du-retrait-francais-du-niger","name":"Les pr\u00e9sidents Macron et D\u00e9by discutent du retrait fran\u00e7ais du Niger - tchad","isPartOf":{"@id":"https:\/\/www.africa-press.net\/tchad\/#website"},"primaryImageOfPage":{"@id":"https:\/\/www.africa-press.net\/tchad\/politique\/les-presidents-macron-et-deby-discutent-du-retrait-francais-du-niger#primaryimage"},"image":{"@id":"https:\/\/www.africa-press.net\/tchad\/politique\/les-presidents-macron-et-deby-discutent-du-retrait-francais-du-niger#primaryimage"},"thumbnailUrl":"https:\/\/static.africa-press.net\/tchad\/sites\/41\/2023\/10\/sm_1697703797.437839.jpg","datePublished":"2023-10-19T11:36:11+00:00","author":{"@id":"https:\/\/www.africa-press.net\/tchad\/#\/schema\/person\/2b1cf3cd81a31e3cd26889ca66d677f1"},"breadcrumb":{"@id":"https:\/\/www.africa-press.net\/tchad\/politique\/les-presidents-macron-et-deby-discutent-du-retrait-francais-du-niger#breadcrumb"},"inLanguage":"fr-FR","potentialAction":[{"@type":"ReadAction","target":["https:\/\/www.africa-press.net\/tchad\/politique\/les-presidents-macron-et-deby-discutent-du-retrait-francais-du-niger"]}]},{"@type":"ImageObject","inLanguage":"fr-FR","@id":"https:\/\/www.africa-press.net\/tchad\/politique\/les-presidents-macron-et-deby-discutent-du-retrait-francais-du-niger#primaryimage","url":"https:\/\/static.africa-press.net\/tchad\/sites\/41\/2023\/10\/sm_1697703797.437839.jpg","contentUrl":"https:\/\/static.africa-press.net\/tchad\/sites\/41\/2023\/10\/sm_1697703797.437839.jpg","width":1440,"height":960,"caption":"Les pr\u00e9sidents Macron et D\u00e9by discutent du retrait fran\u00e7ais du Niger"},{"@type":"BreadcrumbList","@id":"https:\/\/www.africa-press.net\/tchad\/politique\/les-presidents-macron-et-deby-discutent-du-retrait-francais-du-niger#breadcrumb","itemListElement":[{"@type":"ListItem","position":1,"name":"Accueil","item":"https:\/\/www.africa-press.net\/tchad\/"},{"@type":"ListItem","position":2,"name":"Les pr\u00e9sidents Macron et D\u00e9by discutent du retrait fran\u00e7ais du Niger"}]},{"@type":"WebSite","@id":"https:\/\/www.africa-press.net\/tchad\/#website","url":"https:\/\/www.africa-press.net\/tchad\/","name":"tchad","description":"Just another Africa News Agency Sites site","potentialAction":[{"@type":"SearchAction","target":{"@type":"EntryPoint","urlTemplate":"https:\/\/www.africa-press.net\/tchad\/?s={search_term_string}"},"query-input":{"@type":"PropertyValueSpecification","valueRequired":true,"valueName":"search_term_string"}}],"inLanguage":"fr-FR"},{"@type":"Person","@id":"https:\/\/www.africa-press.net\/tchad\/#\/schema\/person\/2b1cf3cd81a31e3cd26889ca66d677f1","name":"cfeditorfr"}]}},"_links":{"self":[{"href":"https:\/\/www.africa-press.net\/tchad\/wp-json\/wp\/v2\/posts\/52541","targetHints":{"allow":["GET"]}}],"collection":[{"href":"https:\/\/www.africa-press.net\/tchad\/wp-json\/wp\/v2\/posts"}],"about":[{"href":"https:\/\/www.africa-press.net\/tchad\/wp-json\/wp\/v2\/types\/post"}],"author":[{"embeddable":true,"href":"https:\/\/www.africa-press.net\/tchad\/wp-json\/wp\/v2\/users\/82"}],"replies":[{"embeddable":true,"href":"https:\/\/www.africa-press.net\/tchad\/wp-json\/wp\/v2\/comments?post=52541"}],"version-history":[{"count":0,"href":"https:\/\/www.africa-press.net\/tchad\/wp-json\/wp\/v2\/posts\/52541\/revisions"}],"wp:featuredmedia":[{"embeddable":true,"href":"https:\/\/www.africa-press.net\/tchad\/wp-json\/wp\/v2\/media\/52540"}],"wp:attachment":[{"href":"https:\/\/www.africa-press.net\/tchad\/wp-json\/wp\/v2\/media?parent=52541"}],"wp:term":[{"taxonomy":"category","embeddable":true,"href":"https:\/\/www.africa-press.net\/tchad\/wp-json\/wp\/v2\/categories?post=52541"},{"taxonomy":"post_tag","embeddable":true,"href":"https:\/\/www.africa-press.net\/tchad\/wp-json\/wp\/v2\/tags?post=52541"}],"curies":[{"name":"wp","href":"https:\/\/api.w.org\/{rel}","templated":true}]}}