{"id":52565,"date":"2023-10-19T16:30:15","date_gmt":"2023-10-19T16:30:15","guid":{"rendered":"https:\/\/www.africa-press.net\/tchad\/politique\/refugies-soudanais-et-locaux-sensibilises-a-la-coexistence-pacifique-a-lest"},"modified":"2023-10-19T17:44:19","modified_gmt":"2023-10-19T17:44:19","slug":"refugies-soudanais-et-locaux-sensibilises-a-la-coexistence-pacifique-a-lest","status":"publish","type":"post","link":"https:\/\/www.africa-press.net\/tchad\/politique\/refugies-soudanais-et-locaux-sensibilises-a-la-coexistence-pacifique-a-lest","title":{"rendered":"r\u00e9fugi\u00e9s soudanais et locaux sensibilis\u00e9s \u00e0 la coexistence pacifique \u00e0 l&rsquo;Est"},"content":{"rendered":"<p><span style=\"color: #ff6600\"><strong>Africa-Press &#8211; Tchad. <\/strong><\/span>Le mardi 17 octobre 2023, l&rsquo;organisation nationale ADOS a organise\u0301 une re\u0301union de masse dans la ville frontalie\u0300re d&rsquo;ADRE, dans le but de sensibiliser les re\u0301fugie\u0301s soudanais re\u0301sidant dans la ville.<\/p>\n<p>Cette re\u0301union s&rsquo;est concentre\u0301e sur trois principaux axes. Le premier point a porte\u0301 sur la promotion de la coexistence pacifique entre les re\u0301fugie\u0301s soudanais et les re\u0301sidents locaux. Le deuxie\u0300me point a mis l&rsquo;accent sur la pre\u0301servation de l&rsquo;environnement qui les entoure. Le dernier point a traite\u0301 de la pre\u0301vention du paludisme.<\/p>\n<p>Les responsables de l&rsquo;organisation ont explique\u0301 ces points au public, qui a re\u0301agi de manie\u0300re tre\u0300s positive.<\/p>\n<p>En cette occasion, M. Abdul Wahab, repre\u0301sentant des re\u0301fugie\u0301s, a exprime\u0301 sa gratitude envers l&rsquo;organisation ADOS, pour son engagement en faveur des citoyens. Il a salue\u0301 l&rsquo;initiative de l&rsquo;organisation visant a\u0300 promouvoir la coexistence pacifique.<\/p>\n<p>Il a encourage\u0301 ses compatriotes re\u0301fugie\u0301s a\u0300 suivre les recommandations concernant la coexistence pacifique, la protection de l&rsquo;environnement et la pre\u0301vention du paludisme. M. Be\u0301le\u0301de\u0301, chef de mission, et Mahamad Nour Saleh, membres de l&rsquo;organisation, ont souligne\u0301 l&rsquo;importance de la coexistence pacifique, rappelant que la paix n&rsquo;a pas de prix. Ils ont exhorte\u0301 les re\u0301fugie\u0301s a\u0300 respecter leurs ho\u0302tes et a\u0300 vivre en se\u0301curite\u0301 et en harmonie.<\/p>\n<p>Ils ont e\u0301galement encourage\u0301 la pre\u0301servation de l&rsquo;environnement, en insistant sur la ne\u0301cessite\u0301 de ne pas abattre les arbres. Ils ont pris l&rsquo;engagement de respecter toutes les directives e\u0301manant de l&rsquo;organisation et du gouvernement tchadien.<\/p>\n<p>Enfin, ils ont sollicite\u0301 une intensification de la sensibilisation dans tous les camps accueillant des re\u0301fugie\u0301s, afin de de\u0301courager les comportements inapproprie\u0301s. Il convient de noter que l&rsquo;organisation ADOS ope\u0300re dans le domaine du de\u0301veloppement et de l&rsquo;orientation sociale.<\/p>\n<p><strong>Pour plus d&rsquo;informations et d&rsquo;analyses sur la <a href=\"https:\/\/www.africa-press.net\/tchad\">Tchad<\/a>, suivez <a href=\"https:\/\/www.africa-press.net\/\">Africa-Press<\/a><\/strong><\/p>\n","protected":false},"excerpt":{"rendered":"<p>Africa-Press &#8211; Tchad. Le mardi 17 octobre 2023, l&rsquo;organisation nationale ADOS a organise\u0301 une re\u0301union de masse dans la ville frontalie\u0300re d&rsquo;ADRE, dans le but de sensibiliser les re\u0301fugie\u0301s soudanais re\u0301sidant dans la ville. Cette re\u0301union s&rsquo;est concentre\u0301e sur trois principaux axes. Le premier point a porte\u0301 sur la promotion de la coexistence pacifique entre [&hellip;]<\/p>\n","protected":false},"author":82,"featured_media":52564,"comment_status":"open","ping_status":"closed","sticky":false,"template":"","format":"standard","meta":{"footnotes":""},"categories":[2,10],"tags":[37,292,29],"class_list":["post-52565","post","type-post","status-publish","format-standard","has-post-thumbnail","hentry","category-politique","category-toutes-les-actualites","tag-africa-press","tag-africa-press-tchad","tag-tchad"],"yoast_head":"<!-- This site is optimized with the Yoast SEO Premium plugin v26.1 (Yoast SEO v27.0) - https:\/\/yoast.com\/product\/yoast-seo-premium-wordpress\/ -->\n<title>r\u00e9fugi\u00e9s soudanais et locaux sensibilis\u00e9s \u00e0 la coexistence pacifique \u00e0 l&#039;Est - tchad<\/title>\n<meta name=\"description\" content=\"Le mardi 17 octobre 2023, l&#039;organisation nationale ADOS a organise\u0301 une re\u0301union de masse dans la ville frontalie\u0300re d&#039;A ...\" \/>\n<meta name=\"robots\" content=\"index, follow, max-snippet:-1, max-image-preview:large, max-video-preview:-1\" \/>\n<link rel=\"canonical\" href=\"https:\/\/www.africa-press.net\/tchad\/politique\/refugies-soudanais-et-locaux-sensibilises-a-la-coexistence-pacifique-a-lest\" \/>\n<meta property=\"og:locale\" content=\"fr_FR\" \/>\n<meta property=\"og:type\" content=\"article\" \/>\n<meta property=\"og:title\" content=\"r\u00e9fugi\u00e9s soudanais et locaux sensibilis\u00e9s \u00e0 la coexistence pacifique \u00e0 l&#039;Est\" \/>\n<meta property=\"og:description\" content=\"Le mardi 17 octobre 2023, l&#039;organisation nationale ADOS a organise\u0301 une re\u0301union de masse dans la ville frontalie\u0300re d&#039;A ...\" \/>\n<meta property=\"og:url\" content=\"https:\/\/www.africa-press.net\/tchad\/politique\/refugies-soudanais-et-locaux-sensibilises-a-la-coexistence-pacifique-a-lest\" \/>\n<meta property=\"og:site_name\" content=\"tchad\" \/>\n<meta property=\"article:published_time\" content=\"2023-10-19T16:30:15+00:00\" \/>\n<meta property=\"article:modified_time\" content=\"2023-10-19T17:44:19+00:00\" \/>\n<meta property=\"og:image\" content=\"https:\/\/static.africa-press.net\/tchad\/sites\/41\/2023\/10\/sm_1697724427.506443.jpg\" \/>\n\t<meta property=\"og:image:width\" content=\"984\" \/>\n\t<meta property=\"og:image:height\" content=\"432\" \/>\n\t<meta property=\"og:image:type\" content=\"image\/jpeg\" \/>\n<meta name=\"author\" content=\"cfeditorfr\" \/>\n<meta name=\"twitter:card\" content=\"summary_large_image\" \/>\n<meta name=\"twitter:label1\" content=\"\u00c9crit par\" \/>\n\t<meta name=\"twitter:data1\" content=\"cfeditorfr\" \/>\n\t<meta name=\"twitter:label2\" content=\"Dur\u00e9e de lecture estim\u00e9e\" \/>\n\t<meta name=\"twitter:data2\" content=\"2 minutes\" \/>\n<script type=\"application\/ld+json\" class=\"yoast-schema-graph\">{\"@context\":\"https:\/\/schema.org\",\"@graph\":[{\"@type\":\"Article\",\"@id\":\"https:\/\/www.africa-press.net\/tchad\/politique\/refugies-soudanais-et-locaux-sensibilises-a-la-coexistence-pacifique-a-lest#article\",\"isPartOf\":{\"@id\":\"https:\/\/www.africa-press.net\/tchad\/politique\/refugies-soudanais-et-locaux-sensibilises-a-la-coexistence-pacifique-a-lest\"},\"author\":{\"name\":\"cfeditorfr\",\"@id\":\"https:\/\/www.africa-press.net\/tchad\/#\/schema\/person\/2b1cf3cd81a31e3cd26889ca66d677f1\"},\"headline\":\"r\u00e9fugi\u00e9s soudanais et locaux sensibilis\u00e9s \u00e0 la coexistence pacifique \u00e0 l&rsquo;Est\",\"datePublished\":\"2023-10-19T16:30:15+00:00\",\"dateModified\":\"2023-10-19T17:44:19+00:00\",\"mainEntityOfPage\":{\"@id\":\"https:\/\/www.africa-press.net\/tchad\/politique\/refugies-soudanais-et-locaux-sensibilises-a-la-coexistence-pacifique-a-lest\"},\"wordCount\":358,\"commentCount\":0,\"image\":{\"@id\":\"https:\/\/www.africa-press.net\/tchad\/politique\/refugies-soudanais-et-locaux-sensibilises-a-la-coexistence-pacifique-a-lest#primaryimage\"},\"thumbnailUrl\":\"https:\/\/static.africa-press.net\/tchad\/sites\/41\/2023\/10\/sm_1697724427.506443.jpg\",\"keywords\":[\"Africa Press\",\"Africa Press-Tchad\",\"Tchad\"],\"articleSection\":[\"Politique\",\"Toutes les actualit\u00e9s\"],\"inLanguage\":\"fr-FR\",\"potentialAction\":[{\"@type\":\"CommentAction\",\"name\":\"Comment\",\"target\":[\"https:\/\/www.africa-press.net\/tchad\/politique\/refugies-soudanais-et-locaux-sensibilises-a-la-coexistence-pacifique-a-lest#respond\"]}]},{\"@type\":\"WebPage\",\"@id\":\"https:\/\/www.africa-press.net\/tchad\/politique\/refugies-soudanais-et-locaux-sensibilises-a-la-coexistence-pacifique-a-lest\",\"url\":\"https:\/\/www.africa-press.net\/tchad\/politique\/refugies-soudanais-et-locaux-sensibilises-a-la-coexistence-pacifique-a-lest\",\"name\":\"r\u00e9fugi\u00e9s soudanais et locaux sensibilis\u00e9s \u00e0 la coexistence pacifique \u00e0 l'Est - tchad\",\"isPartOf\":{\"@id\":\"https:\/\/www.africa-press.net\/tchad\/#website\"},\"primaryImageOfPage\":{\"@id\":\"https:\/\/www.africa-press.net\/tchad\/politique\/refugies-soudanais-et-locaux-sensibilises-a-la-coexistence-pacifique-a-lest#primaryimage\"},\"image\":{\"@id\":\"https:\/\/www.africa-press.net\/tchad\/politique\/refugies-soudanais-et-locaux-sensibilises-a-la-coexistence-pacifique-a-lest#primaryimage\"},\"thumbnailUrl\":\"https:\/\/static.africa-press.net\/tchad\/sites\/41\/2023\/10\/sm_1697724427.506443.jpg\",\"datePublished\":\"2023-10-19T16:30:15+00:00\",\"dateModified\":\"2023-10-19T17:44:19+00:00\",\"author\":{\"@id\":\"https:\/\/www.africa-press.net\/tchad\/#\/schema\/person\/2b1cf3cd81a31e3cd26889ca66d677f1\"},\"description\":\"Le mardi 17 octobre 2023, l'organisation nationale ADOS a organise\u0301 une re\u0301union de masse dans la ville frontalie\u0300re d'A ...\",\"breadcrumb\":{\"@id\":\"https:\/\/www.africa-press.net\/tchad\/politique\/refugies-soudanais-et-locaux-sensibilises-a-la-coexistence-pacifique-a-lest#breadcrumb\"},\"inLanguage\":\"fr-FR\",\"potentialAction\":[{\"@type\":\"ReadAction\",\"target\":[\"https:\/\/www.africa-press.net\/tchad\/politique\/refugies-soudanais-et-locaux-sensibilises-a-la-coexistence-pacifique-a-lest\"]}]},{\"@type\":\"ImageObject\",\"inLanguage\":\"fr-FR\",\"@id\":\"https:\/\/www.africa-press.net\/tchad\/politique\/refugies-soudanais-et-locaux-sensibilises-a-la-coexistence-pacifique-a-lest#primaryimage\",\"url\":\"https:\/\/static.africa-press.net\/tchad\/sites\/41\/2023\/10\/sm_1697724427.506443.jpg\",\"contentUrl\":\"https:\/\/static.africa-press.net\/tchad\/sites\/41\/2023\/10\/sm_1697724427.506443.jpg\",\"width\":984,\"height\":432,\"caption\":\"r\u00e9fugi\u00e9s soudanais et locaux sensibilis\u00e9s \u00e0 la coexistence pacifique \u00e0 l'Est\"},{\"@type\":\"BreadcrumbList\",\"@id\":\"https:\/\/www.africa-press.net\/tchad\/politique\/refugies-soudanais-et-locaux-sensibilises-a-la-coexistence-pacifique-a-lest#breadcrumb\",\"itemListElement\":[{\"@type\":\"ListItem\",\"position\":1,\"name\":\"Accueil\",\"item\":\"https:\/\/www.africa-press.net\/tchad\/\"},{\"@type\":\"ListItem\",\"position\":2,\"name\":\"r\u00e9fugi\u00e9s soudanais et locaux sensibilis\u00e9s \u00e0 la coexistence pacifique \u00e0 l&#8217;Est\"}]},{\"@type\":\"WebSite\",\"@id\":\"https:\/\/www.africa-press.net\/tchad\/#website\",\"url\":\"https:\/\/www.africa-press.net\/tchad\/\",\"name\":\"tchad\",\"description\":\"Just another Africa News Agency Sites site\",\"potentialAction\":[{\"@type\":\"SearchAction\",\"target\":{\"@type\":\"EntryPoint\",\"urlTemplate\":\"https:\/\/www.africa-press.net\/tchad\/?s={search_term_string}\"},\"query-input\":{\"@type\":\"PropertyValueSpecification\",\"valueRequired\":true,\"valueName\":\"search_term_string\"}}],\"inLanguage\":\"fr-FR\"},{\"@type\":\"Person\",\"@id\":\"https:\/\/www.africa-press.net\/tchad\/#\/schema\/person\/2b1cf3cd81a31e3cd26889ca66d677f1\",\"name\":\"cfeditorfr\"}]}<\/script>\n<!-- \/ Yoast SEO Premium plugin. -->","yoast_head_json":{"title":"r\u00e9fugi\u00e9s soudanais et locaux sensibilis\u00e9s \u00e0 la coexistence pacifique \u00e0 l'Est - tchad","description":"Le mardi 17 octobre 2023, l'organisation nationale ADOS a organise\u0301 une re\u0301union de masse dans la ville frontalie\u0300re d'A ...","robots":{"index":"index","follow":"follow","max-snippet":"max-snippet:-1","max-image-preview":"max-image-preview:large","max-video-preview":"max-video-preview:-1"},"canonical":"https:\/\/www.africa-press.net\/tchad\/politique\/refugies-soudanais-et-locaux-sensibilises-a-la-coexistence-pacifique-a-lest","og_locale":"fr_FR","og_type":"article","og_title":"r\u00e9fugi\u00e9s soudanais et locaux sensibilis\u00e9s \u00e0 la coexistence pacifique \u00e0 l'Est","og_description":"Le mardi 17 octobre 2023, l'organisation nationale ADOS a organise\u0301 une re\u0301union de masse dans la ville frontalie\u0300re d'A ...","og_url":"https:\/\/www.africa-press.net\/tchad\/politique\/refugies-soudanais-et-locaux-sensibilises-a-la-coexistence-pacifique-a-lest","og_site_name":"tchad","article_published_time":"2023-10-19T16:30:15+00:00","article_modified_time":"2023-10-19T17:44:19+00:00","og_image":[{"width":984,"height":432,"url":"https:\/\/static.africa-press.net\/tchad\/sites\/41\/2023\/10\/sm_1697724427.506443.jpg","type":"image\/jpeg"}],"author":"cfeditorfr","twitter_card":"summary_large_image","twitter_misc":{"\u00c9crit par":"cfeditorfr","Dur\u00e9e de lecture estim\u00e9e":"2 minutes"},"schema":{"@context":"https:\/\/schema.org","@graph":[{"@type":"Article","@id":"https:\/\/www.africa-press.net\/tchad\/politique\/refugies-soudanais-et-locaux-sensibilises-a-la-coexistence-pacifique-a-lest#article","isPartOf":{"@id":"https:\/\/www.africa-press.net\/tchad\/politique\/refugies-soudanais-et-locaux-sensibilises-a-la-coexistence-pacifique-a-lest"},"author":{"name":"cfeditorfr","@id":"https:\/\/www.africa-press.net\/tchad\/#\/schema\/person\/2b1cf3cd81a31e3cd26889ca66d677f1"},"headline":"r\u00e9fugi\u00e9s soudanais et locaux sensibilis\u00e9s \u00e0 la coexistence pacifique \u00e0 l&rsquo;Est","datePublished":"2023-10-19T16:30:15+00:00","dateModified":"2023-10-19T17:44:19+00:00","mainEntityOfPage":{"@id":"https:\/\/www.africa-press.net\/tchad\/politique\/refugies-soudanais-et-locaux-sensibilises-a-la-coexistence-pacifique-a-lest"},"wordCount":358,"commentCount":0,"image":{"@id":"https:\/\/www.africa-press.net\/tchad\/politique\/refugies-soudanais-et-locaux-sensibilises-a-la-coexistence-pacifique-a-lest#primaryimage"},"thumbnailUrl":"https:\/\/static.africa-press.net\/tchad\/sites\/41\/2023\/10\/sm_1697724427.506443.jpg","keywords":["Africa Press","Africa Press-Tchad","Tchad"],"articleSection":["Politique","Toutes les actualit\u00e9s"],"inLanguage":"fr-FR","potentialAction":[{"@type":"CommentAction","name":"Comment","target":["https:\/\/www.africa-press.net\/tchad\/politique\/refugies-soudanais-et-locaux-sensibilises-a-la-coexistence-pacifique-a-lest#respond"]}]},{"@type":"WebPage","@id":"https:\/\/www.africa-press.net\/tchad\/politique\/refugies-soudanais-et-locaux-sensibilises-a-la-coexistence-pacifique-a-lest","url":"https:\/\/www.africa-press.net\/tchad\/politique\/refugies-soudanais-et-locaux-sensibilises-a-la-coexistence-pacifique-a-lest","name":"r\u00e9fugi\u00e9s soudanais et locaux sensibilis\u00e9s \u00e0 la coexistence pacifique \u00e0 l'Est - tchad","isPartOf":{"@id":"https:\/\/www.africa-press.net\/tchad\/#website"},"primaryImageOfPage":{"@id":"https:\/\/www.africa-press.net\/tchad\/politique\/refugies-soudanais-et-locaux-sensibilises-a-la-coexistence-pacifique-a-lest#primaryimage"},"image":{"@id":"https:\/\/www.africa-press.net\/tchad\/politique\/refugies-soudanais-et-locaux-sensibilises-a-la-coexistence-pacifique-a-lest#primaryimage"},"thumbnailUrl":"https:\/\/static.africa-press.net\/tchad\/sites\/41\/2023\/10\/sm_1697724427.506443.jpg","datePublished":"2023-10-19T16:30:15+00:00","dateModified":"2023-10-19T17:44:19+00:00","author":{"@id":"https:\/\/www.africa-press.net\/tchad\/#\/schema\/person\/2b1cf3cd81a31e3cd26889ca66d677f1"},"description":"Le mardi 17 octobre 2023, l'organisation nationale ADOS a organise\u0301 une re\u0301union de masse dans la ville frontalie\u0300re d'A ...","breadcrumb":{"@id":"https:\/\/www.africa-press.net\/tchad\/politique\/refugies-soudanais-et-locaux-sensibilises-a-la-coexistence-pacifique-a-lest#breadcrumb"},"inLanguage":"fr-FR","potentialAction":[{"@type":"ReadAction","target":["https:\/\/www.africa-press.net\/tchad\/politique\/refugies-soudanais-et-locaux-sensibilises-a-la-coexistence-pacifique-a-lest"]}]},{"@type":"ImageObject","inLanguage":"fr-FR","@id":"https:\/\/www.africa-press.net\/tchad\/politique\/refugies-soudanais-et-locaux-sensibilises-a-la-coexistence-pacifique-a-lest#primaryimage","url":"https:\/\/static.africa-press.net\/tchad\/sites\/41\/2023\/10\/sm_1697724427.506443.jpg","contentUrl":"https:\/\/static.africa-press.net\/tchad\/sites\/41\/2023\/10\/sm_1697724427.506443.jpg","width":984,"height":432,"caption":"r\u00e9fugi\u00e9s soudanais et locaux sensibilis\u00e9s \u00e0 la coexistence pacifique \u00e0 l'Est"},{"@type":"BreadcrumbList","@id":"https:\/\/www.africa-press.net\/tchad\/politique\/refugies-soudanais-et-locaux-sensibilises-a-la-coexistence-pacifique-a-lest#breadcrumb","itemListElement":[{"@type":"ListItem","position":1,"name":"Accueil","item":"https:\/\/www.africa-press.net\/tchad\/"},{"@type":"ListItem","position":2,"name":"r\u00e9fugi\u00e9s soudanais et locaux sensibilis\u00e9s \u00e0 la coexistence pacifique \u00e0 l&#8217;Est"}]},{"@type":"WebSite","@id":"https:\/\/www.africa-press.net\/tchad\/#website","url":"https:\/\/www.africa-press.net\/tchad\/","name":"tchad","description":"Just another Africa News Agency Sites site","potentialAction":[{"@type":"SearchAction","target":{"@type":"EntryPoint","urlTemplate":"https:\/\/www.africa-press.net\/tchad\/?s={search_term_string}"},"query-input":{"@type":"PropertyValueSpecification","valueRequired":true,"valueName":"search_term_string"}}],"inLanguage":"fr-FR"},{"@type":"Person","@id":"https:\/\/www.africa-press.net\/tchad\/#\/schema\/person\/2b1cf3cd81a31e3cd26889ca66d677f1","name":"cfeditorfr"}]}},"_links":{"self":[{"href":"https:\/\/www.africa-press.net\/tchad\/wp-json\/wp\/v2\/posts\/52565","targetHints":{"allow":["GET"]}}],"collection":[{"href":"https:\/\/www.africa-press.net\/tchad\/wp-json\/wp\/v2\/posts"}],"about":[{"href":"https:\/\/www.africa-press.net\/tchad\/wp-json\/wp\/v2\/types\/post"}],"author":[{"embeddable":true,"href":"https:\/\/www.africa-press.net\/tchad\/wp-json\/wp\/v2\/users\/82"}],"replies":[{"embeddable":true,"href":"https:\/\/www.africa-press.net\/tchad\/wp-json\/wp\/v2\/comments?post=52565"}],"version-history":[{"count":0,"href":"https:\/\/www.africa-press.net\/tchad\/wp-json\/wp\/v2\/posts\/52565\/revisions"}],"wp:featuredmedia":[{"embeddable":true,"href":"https:\/\/www.africa-press.net\/tchad\/wp-json\/wp\/v2\/media\/52564"}],"wp:attachment":[{"href":"https:\/\/www.africa-press.net\/tchad\/wp-json\/wp\/v2\/media?parent=52565"}],"wp:term":[{"taxonomy":"category","embeddable":true,"href":"https:\/\/www.africa-press.net\/tchad\/wp-json\/wp\/v2\/categories?post=52565"},{"taxonomy":"post_tag","embeddable":true,"href":"https:\/\/www.africa-press.net\/tchad\/wp-json\/wp\/v2\/tags?post=52565"}],"curies":[{"name":"wp","href":"https:\/\/api.w.org\/{rel}","templated":true}]}}