{"id":52569,"date":"2023-10-19T16:34:00","date_gmt":"2023-10-19T16:34:00","guid":{"rendered":"https:\/\/www.africa-press.net\/tchad\/politique\/tchad-suisse-une-mission-conjointe-gouvernement-equipe-humanitaire-etait-a-geneve"},"modified":"2023-10-19T17:45:34","modified_gmt":"2023-10-19T17:45:34","slug":"tchad-suisse-une-mission-conjointe-gouvernement-equipe-humanitaire-etait-a-geneve","status":"publish","type":"post","link":"https:\/\/www.africa-press.net\/tchad\/politique\/tchad-suisse-une-mission-conjointe-gouvernement-equipe-humanitaire-etait-a-geneve","title":{"rendered":"Tchad-Suisse : une mission conjointe gouvernement-\u00e9quipe humanitaire \u00e9tait \u00e0 Gen\u00e8ve"},"content":{"rendered":"<p><span style=\"color: #ff6600\"><strong>Africa-Press &#8211; Tchad. <\/strong><\/span>Une mission conjointe gouvernement-e\u0301quipe humanitaire pays s&rsquo;est de\u0301roule\u0301e du 16 au 18 octobre 2023 a\u0300 Gene\u0300ve en Suisse.<\/p>\n<p>Elle e\u0301tait conduite par la secre\u0301taire d\u2019E\u0301tat a\u0300 la Prospective e\u0301conomique et aux Partenariats internationaux, Mme Madeleine Alingue, et compose\u0301e de la coordinatrice re\u0301sidente des Nations Unies, Mme Violette Kakyomya, des repre\u0301sentants pays des agences onusiennes (HCR, PAM, UNICEF, PNUD, OCHA), avec l\u2019appui de l&rsquo;ambassadeur, repre\u0301sentant permanent du Tchad a\u0300 Gene\u0300ve Dr Jean Pierre Baptiste.<\/p>\n<p>La mission conjointe gouvernement-e\u0301quipe humanitaire pays s&rsquo;inscrit dans le cadre de la strate\u0301gie de plaidoyer en termes de mobilisation de ressources pour assurer la mise en \u0153uvre effective du plan de re\u0301ponse humanitaire 2023-2024.<\/p>\n<p>Ce plan met en e\u0301vidence les besoins exprime\u0301s par le Tchad en ce qui concerne la prise en charge de plus de 6 millions de personnes vulne\u0301rables qui ne\u0301cessitent une aide humanitaire d&rsquo;urgence pour un financement estime\u0301 a\u0300 920 millions de dollars.<\/p>\n<p>L&rsquo;e\u0301quipe conjointe a organise\u0301 un briefing a\u0300 l&rsquo;attention des partenaires techniques et financiers bilate\u0301raux et multilate\u0301raux suivi d\u2019une confe\u0301rence de presse au Palais des Nations a\u0300 Gene\u0300ve avec les me\u0301dias internationaux.<\/p>\n<p>Aussi, elle a eu des rencontres bilate\u0301rales fructueuses avec plusieurs partenaires au de\u0301veloppement, notamment l&rsquo;Allemagne, l&rsquo;Italie, le Canada, la France, le Japon, les Emirats Arabes Unis et le Kowei\u0308t.<\/p>\n<p>La mission conjointe a mis en exergue la situation humanitaire difficile au Tchad (de\u0301placements force\u0301s de populations, inse\u0301curite\u0301 alimentaire, urgences sanitaires, effets du changement climatique), tout en soulignant que ces de\u0301fis s&rsquo;inscrivent dans un contexte de forte re\u0301silience des populations, d\u2019instabilite\u0301 sous-re\u0301gionale, en particulier la crise soudanaise et ses effets de\u0301vastateurs sur le Tchad qui traverse actuellement une phase de transition politique de\u0301cisive pour son avenir.<\/p>\n<p>A cette occasion, les partenaires au de\u0301veloppement ont salue\u0301 fortement l&rsquo;initiative conjointe gouvernement-e\u0301quipe humanitaire pays, gage d\u2019une confiance renforce\u0301e et ont entendu le plaidoyer du Tchad pour la mobilisation des ressources a\u0300 la hauteur des besoins exprime\u0301s afin de permettre au gouvernement de faire face aux besoins humanitaires de plus en plus croissants qui gre\u0300vent lourdement le budget de l\u2019Etat.<\/p>\n<p><strong>Pour plus d&rsquo;informations et d&rsquo;analyses sur la <a href=\"https:\/\/www.africa-press.net\/tchad\">Tchad<\/a>, suivez <a href=\"https:\/\/www.africa-press.net\/\">Africa-Press<\/a><\/strong><\/p>\n","protected":false},"excerpt":{"rendered":"<p>Africa-Press &#8211; Tchad. Une mission conjointe gouvernement-e\u0301quipe humanitaire pays s&rsquo;est de\u0301roule\u0301e du 16 au 18 octobre 2023 a\u0300 Gene\u0300ve en Suisse. Elle e\u0301tait conduite par la secre\u0301taire d\u2019E\u0301tat a\u0300 la Prospective e\u0301conomique et aux Partenariats internationaux, Mme Madeleine Alingue, et compose\u0301e de la coordinatrice re\u0301sidente des Nations Unies, Mme Violette Kakyomya, des repre\u0301sentants pays des [&hellip;]<\/p>\n","protected":false},"author":82,"featured_media":52568,"comment_status":"open","ping_status":"closed","sticky":false,"template":"","format":"standard","meta":{"footnotes":""},"categories":[2,10],"tags":[37,292,29],"class_list":["post-52569","post","type-post","status-publish","format-standard","has-post-thumbnail","hentry","category-politique","category-toutes-les-actualites","tag-africa-press","tag-africa-press-tchad","tag-tchad"],"yoast_head":"<!-- This site is optimized with the Yoast SEO Premium plugin v26.1 (Yoast SEO v27.0) - https:\/\/yoast.com\/product\/yoast-seo-premium-wordpress\/ -->\n<title>Tchad-Suisse : une mission conjointe gouvernement-\u00e9quipe humanitaire \u00e9tait \u00e0 Gen\u00e8ve - tchad<\/title>\n<meta name=\"description\" content=\"Une mission conjointe gouvernement-e\u0301quipe humanitaire pays s&#039;est de\u0301roule\u0301e du 16 au 18 octobre 2023 a\u0300 Gene\u0300ve en Suis ...\" \/>\n<meta name=\"robots\" content=\"index, follow, max-snippet:-1, max-image-preview:large, max-video-preview:-1\" \/>\n<link rel=\"canonical\" href=\"https:\/\/www.africa-press.net\/tchad\/politique\/tchad-suisse-une-mission-conjointe-gouvernement-equipe-humanitaire-etait-a-geneve\" \/>\n<meta property=\"og:locale\" content=\"fr_FR\" \/>\n<meta property=\"og:type\" content=\"article\" \/>\n<meta property=\"og:title\" content=\"Tchad-Suisse : une mission conjointe gouvernement-\u00e9quipe humanitaire \u00e9tait \u00e0 Gen\u00e8ve\" \/>\n<meta property=\"og:description\" content=\"Une mission conjointe gouvernement-e\u0301quipe humanitaire pays s&#039;est de\u0301roule\u0301e du 16 au 18 octobre 2023 a\u0300 Gene\u0300ve en Suis ...\" \/>\n<meta property=\"og:url\" content=\"https:\/\/www.africa-press.net\/tchad\/politique\/tchad-suisse-une-mission-conjointe-gouvernement-equipe-humanitaire-etait-a-geneve\" \/>\n<meta property=\"og:site_name\" content=\"tchad\" \/>\n<meta property=\"article:published_time\" content=\"2023-10-19T16:34:00+00:00\" \/>\n<meta property=\"article:modified_time\" content=\"2023-10-19T17:45:34+00:00\" \/>\n<meta property=\"og:image\" content=\"https:\/\/static.africa-press.net\/tchad\/sites\/41\/2023\/10\/sm_1697724477.940524.jpg\" \/>\n\t<meta property=\"og:image:width\" content=\"960\" \/>\n\t<meta property=\"og:image:height\" content=\"640\" \/>\n\t<meta property=\"og:image:type\" content=\"image\/jpeg\" \/>\n<meta name=\"author\" content=\"cfeditorfr\" \/>\n<meta name=\"twitter:card\" content=\"summary_large_image\" \/>\n<meta name=\"twitter:label1\" content=\"\u00c9crit par\" \/>\n\t<meta name=\"twitter:data1\" content=\"cfeditorfr\" \/>\n\t<meta name=\"twitter:label2\" content=\"Dur\u00e9e de lecture estim\u00e9e\" \/>\n\t<meta name=\"twitter:data2\" content=\"2 minutes\" \/>\n<script type=\"application\/ld+json\" class=\"yoast-schema-graph\">{\"@context\":\"https:\/\/schema.org\",\"@graph\":[{\"@type\":\"Article\",\"@id\":\"https:\/\/www.africa-press.net\/tchad\/politique\/tchad-suisse-une-mission-conjointe-gouvernement-equipe-humanitaire-etait-a-geneve#article\",\"isPartOf\":{\"@id\":\"https:\/\/www.africa-press.net\/tchad\/politique\/tchad-suisse-une-mission-conjointe-gouvernement-equipe-humanitaire-etait-a-geneve\"},\"author\":{\"name\":\"cfeditorfr\",\"@id\":\"https:\/\/www.africa-press.net\/tchad\/#\/schema\/person\/2b1cf3cd81a31e3cd26889ca66d677f1\"},\"headline\":\"Tchad-Suisse : une mission conjointe gouvernement-\u00e9quipe humanitaire \u00e9tait \u00e0 Gen\u00e8ve\",\"datePublished\":\"2023-10-19T16:34:00+00:00\",\"dateModified\":\"2023-10-19T17:45:34+00:00\",\"mainEntityOfPage\":{\"@id\":\"https:\/\/www.africa-press.net\/tchad\/politique\/tchad-suisse-une-mission-conjointe-gouvernement-equipe-humanitaire-etait-a-geneve\"},\"wordCount\":413,\"commentCount\":0,\"image\":{\"@id\":\"https:\/\/www.africa-press.net\/tchad\/politique\/tchad-suisse-une-mission-conjointe-gouvernement-equipe-humanitaire-etait-a-geneve#primaryimage\"},\"thumbnailUrl\":\"https:\/\/static.africa-press.net\/tchad\/sites\/41\/2023\/10\/sm_1697724477.940524.jpg\",\"keywords\":[\"Africa Press\",\"Africa Press-Tchad\",\"Tchad\"],\"articleSection\":[\"Politique\",\"Toutes les actualit\u00e9s\"],\"inLanguage\":\"fr-FR\",\"potentialAction\":[{\"@type\":\"CommentAction\",\"name\":\"Comment\",\"target\":[\"https:\/\/www.africa-press.net\/tchad\/politique\/tchad-suisse-une-mission-conjointe-gouvernement-equipe-humanitaire-etait-a-geneve#respond\"]}]},{\"@type\":\"WebPage\",\"@id\":\"https:\/\/www.africa-press.net\/tchad\/politique\/tchad-suisse-une-mission-conjointe-gouvernement-equipe-humanitaire-etait-a-geneve\",\"url\":\"https:\/\/www.africa-press.net\/tchad\/politique\/tchad-suisse-une-mission-conjointe-gouvernement-equipe-humanitaire-etait-a-geneve\",\"name\":\"Tchad-Suisse : une mission conjointe gouvernement-\u00e9quipe humanitaire \u00e9tait \u00e0 Gen\u00e8ve - tchad\",\"isPartOf\":{\"@id\":\"https:\/\/www.africa-press.net\/tchad\/#website\"},\"primaryImageOfPage\":{\"@id\":\"https:\/\/www.africa-press.net\/tchad\/politique\/tchad-suisse-une-mission-conjointe-gouvernement-equipe-humanitaire-etait-a-geneve#primaryimage\"},\"image\":{\"@id\":\"https:\/\/www.africa-press.net\/tchad\/politique\/tchad-suisse-une-mission-conjointe-gouvernement-equipe-humanitaire-etait-a-geneve#primaryimage\"},\"thumbnailUrl\":\"https:\/\/static.africa-press.net\/tchad\/sites\/41\/2023\/10\/sm_1697724477.940524.jpg\",\"datePublished\":\"2023-10-19T16:34:00+00:00\",\"dateModified\":\"2023-10-19T17:45:34+00:00\",\"author\":{\"@id\":\"https:\/\/www.africa-press.net\/tchad\/#\/schema\/person\/2b1cf3cd81a31e3cd26889ca66d677f1\"},\"description\":\"Une mission conjointe gouvernement-e\u0301quipe humanitaire pays s'est de\u0301roule\u0301e du 16 au 18 octobre 2023 a\u0300 Gene\u0300ve en Suis ...\",\"breadcrumb\":{\"@id\":\"https:\/\/www.africa-press.net\/tchad\/politique\/tchad-suisse-une-mission-conjointe-gouvernement-equipe-humanitaire-etait-a-geneve#breadcrumb\"},\"inLanguage\":\"fr-FR\",\"potentialAction\":[{\"@type\":\"ReadAction\",\"target\":[\"https:\/\/www.africa-press.net\/tchad\/politique\/tchad-suisse-une-mission-conjointe-gouvernement-equipe-humanitaire-etait-a-geneve\"]}]},{\"@type\":\"ImageObject\",\"inLanguage\":\"fr-FR\",\"@id\":\"https:\/\/www.africa-press.net\/tchad\/politique\/tchad-suisse-une-mission-conjointe-gouvernement-equipe-humanitaire-etait-a-geneve#primaryimage\",\"url\":\"https:\/\/static.africa-press.net\/tchad\/sites\/41\/2023\/10\/sm_1697724477.940524.jpg\",\"contentUrl\":\"https:\/\/static.africa-press.net\/tchad\/sites\/41\/2023\/10\/sm_1697724477.940524.jpg\",\"width\":960,\"height\":640,\"caption\":\"Tchad-Suisse : une mission conjointe gouvernement-\u00e9quipe humanitaire \u00e9tait \u00e0 Gen\u00e8ve\"},{\"@type\":\"BreadcrumbList\",\"@id\":\"https:\/\/www.africa-press.net\/tchad\/politique\/tchad-suisse-une-mission-conjointe-gouvernement-equipe-humanitaire-etait-a-geneve#breadcrumb\",\"itemListElement\":[{\"@type\":\"ListItem\",\"position\":1,\"name\":\"Accueil\",\"item\":\"https:\/\/www.africa-press.net\/tchad\/\"},{\"@type\":\"ListItem\",\"position\":2,\"name\":\"Tchad-Suisse : une mission conjointe gouvernement-\u00e9quipe humanitaire \u00e9tait \u00e0 Gen\u00e8ve\"}]},{\"@type\":\"WebSite\",\"@id\":\"https:\/\/www.africa-press.net\/tchad\/#website\",\"url\":\"https:\/\/www.africa-press.net\/tchad\/\",\"name\":\"tchad\",\"description\":\"Just another Africa News Agency Sites site\",\"potentialAction\":[{\"@type\":\"SearchAction\",\"target\":{\"@type\":\"EntryPoint\",\"urlTemplate\":\"https:\/\/www.africa-press.net\/tchad\/?s={search_term_string}\"},\"query-input\":{\"@type\":\"PropertyValueSpecification\",\"valueRequired\":true,\"valueName\":\"search_term_string\"}}],\"inLanguage\":\"fr-FR\"},{\"@type\":\"Person\",\"@id\":\"https:\/\/www.africa-press.net\/tchad\/#\/schema\/person\/2b1cf3cd81a31e3cd26889ca66d677f1\",\"name\":\"cfeditorfr\"}]}<\/script>\n<!-- \/ Yoast SEO Premium plugin. -->","yoast_head_json":{"title":"Tchad-Suisse : une mission conjointe gouvernement-\u00e9quipe humanitaire \u00e9tait \u00e0 Gen\u00e8ve - tchad","description":"Une mission conjointe gouvernement-e\u0301quipe humanitaire pays s'est de\u0301roule\u0301e du 16 au 18 octobre 2023 a\u0300 Gene\u0300ve en Suis ...","robots":{"index":"index","follow":"follow","max-snippet":"max-snippet:-1","max-image-preview":"max-image-preview:large","max-video-preview":"max-video-preview:-1"},"canonical":"https:\/\/www.africa-press.net\/tchad\/politique\/tchad-suisse-une-mission-conjointe-gouvernement-equipe-humanitaire-etait-a-geneve","og_locale":"fr_FR","og_type":"article","og_title":"Tchad-Suisse : une mission conjointe gouvernement-\u00e9quipe humanitaire \u00e9tait \u00e0 Gen\u00e8ve","og_description":"Une mission conjointe gouvernement-e\u0301quipe humanitaire pays s'est de\u0301roule\u0301e du 16 au 18 octobre 2023 a\u0300 Gene\u0300ve en Suis ...","og_url":"https:\/\/www.africa-press.net\/tchad\/politique\/tchad-suisse-une-mission-conjointe-gouvernement-equipe-humanitaire-etait-a-geneve","og_site_name":"tchad","article_published_time":"2023-10-19T16:34:00+00:00","article_modified_time":"2023-10-19T17:45:34+00:00","og_image":[{"width":960,"height":640,"url":"https:\/\/static.africa-press.net\/tchad\/sites\/41\/2023\/10\/sm_1697724477.940524.jpg","type":"image\/jpeg"}],"author":"cfeditorfr","twitter_card":"summary_large_image","twitter_misc":{"\u00c9crit par":"cfeditorfr","Dur\u00e9e de lecture estim\u00e9e":"2 minutes"},"schema":{"@context":"https:\/\/schema.org","@graph":[{"@type":"Article","@id":"https:\/\/www.africa-press.net\/tchad\/politique\/tchad-suisse-une-mission-conjointe-gouvernement-equipe-humanitaire-etait-a-geneve#article","isPartOf":{"@id":"https:\/\/www.africa-press.net\/tchad\/politique\/tchad-suisse-une-mission-conjointe-gouvernement-equipe-humanitaire-etait-a-geneve"},"author":{"name":"cfeditorfr","@id":"https:\/\/www.africa-press.net\/tchad\/#\/schema\/person\/2b1cf3cd81a31e3cd26889ca66d677f1"},"headline":"Tchad-Suisse : une mission conjointe gouvernement-\u00e9quipe humanitaire \u00e9tait \u00e0 Gen\u00e8ve","datePublished":"2023-10-19T16:34:00+00:00","dateModified":"2023-10-19T17:45:34+00:00","mainEntityOfPage":{"@id":"https:\/\/www.africa-press.net\/tchad\/politique\/tchad-suisse-une-mission-conjointe-gouvernement-equipe-humanitaire-etait-a-geneve"},"wordCount":413,"commentCount":0,"image":{"@id":"https:\/\/www.africa-press.net\/tchad\/politique\/tchad-suisse-une-mission-conjointe-gouvernement-equipe-humanitaire-etait-a-geneve#primaryimage"},"thumbnailUrl":"https:\/\/static.africa-press.net\/tchad\/sites\/41\/2023\/10\/sm_1697724477.940524.jpg","keywords":["Africa Press","Africa Press-Tchad","Tchad"],"articleSection":["Politique","Toutes les actualit\u00e9s"],"inLanguage":"fr-FR","potentialAction":[{"@type":"CommentAction","name":"Comment","target":["https:\/\/www.africa-press.net\/tchad\/politique\/tchad-suisse-une-mission-conjointe-gouvernement-equipe-humanitaire-etait-a-geneve#respond"]}]},{"@type":"WebPage","@id":"https:\/\/www.africa-press.net\/tchad\/politique\/tchad-suisse-une-mission-conjointe-gouvernement-equipe-humanitaire-etait-a-geneve","url":"https:\/\/www.africa-press.net\/tchad\/politique\/tchad-suisse-une-mission-conjointe-gouvernement-equipe-humanitaire-etait-a-geneve","name":"Tchad-Suisse : une mission conjointe gouvernement-\u00e9quipe humanitaire \u00e9tait \u00e0 Gen\u00e8ve - tchad","isPartOf":{"@id":"https:\/\/www.africa-press.net\/tchad\/#website"},"primaryImageOfPage":{"@id":"https:\/\/www.africa-press.net\/tchad\/politique\/tchad-suisse-une-mission-conjointe-gouvernement-equipe-humanitaire-etait-a-geneve#primaryimage"},"image":{"@id":"https:\/\/www.africa-press.net\/tchad\/politique\/tchad-suisse-une-mission-conjointe-gouvernement-equipe-humanitaire-etait-a-geneve#primaryimage"},"thumbnailUrl":"https:\/\/static.africa-press.net\/tchad\/sites\/41\/2023\/10\/sm_1697724477.940524.jpg","datePublished":"2023-10-19T16:34:00+00:00","dateModified":"2023-10-19T17:45:34+00:00","author":{"@id":"https:\/\/www.africa-press.net\/tchad\/#\/schema\/person\/2b1cf3cd81a31e3cd26889ca66d677f1"},"description":"Une mission conjointe gouvernement-e\u0301quipe humanitaire pays s'est de\u0301roule\u0301e du 16 au 18 octobre 2023 a\u0300 Gene\u0300ve en Suis ...","breadcrumb":{"@id":"https:\/\/www.africa-press.net\/tchad\/politique\/tchad-suisse-une-mission-conjointe-gouvernement-equipe-humanitaire-etait-a-geneve#breadcrumb"},"inLanguage":"fr-FR","potentialAction":[{"@type":"ReadAction","target":["https:\/\/www.africa-press.net\/tchad\/politique\/tchad-suisse-une-mission-conjointe-gouvernement-equipe-humanitaire-etait-a-geneve"]}]},{"@type":"ImageObject","inLanguage":"fr-FR","@id":"https:\/\/www.africa-press.net\/tchad\/politique\/tchad-suisse-une-mission-conjointe-gouvernement-equipe-humanitaire-etait-a-geneve#primaryimage","url":"https:\/\/static.africa-press.net\/tchad\/sites\/41\/2023\/10\/sm_1697724477.940524.jpg","contentUrl":"https:\/\/static.africa-press.net\/tchad\/sites\/41\/2023\/10\/sm_1697724477.940524.jpg","width":960,"height":640,"caption":"Tchad-Suisse : une mission conjointe gouvernement-\u00e9quipe humanitaire \u00e9tait \u00e0 Gen\u00e8ve"},{"@type":"BreadcrumbList","@id":"https:\/\/www.africa-press.net\/tchad\/politique\/tchad-suisse-une-mission-conjointe-gouvernement-equipe-humanitaire-etait-a-geneve#breadcrumb","itemListElement":[{"@type":"ListItem","position":1,"name":"Accueil","item":"https:\/\/www.africa-press.net\/tchad\/"},{"@type":"ListItem","position":2,"name":"Tchad-Suisse : une mission conjointe gouvernement-\u00e9quipe humanitaire \u00e9tait \u00e0 Gen\u00e8ve"}]},{"@type":"WebSite","@id":"https:\/\/www.africa-press.net\/tchad\/#website","url":"https:\/\/www.africa-press.net\/tchad\/","name":"tchad","description":"Just another Africa News Agency Sites site","potentialAction":[{"@type":"SearchAction","target":{"@type":"EntryPoint","urlTemplate":"https:\/\/www.africa-press.net\/tchad\/?s={search_term_string}"},"query-input":{"@type":"PropertyValueSpecification","valueRequired":true,"valueName":"search_term_string"}}],"inLanguage":"fr-FR"},{"@type":"Person","@id":"https:\/\/www.africa-press.net\/tchad\/#\/schema\/person\/2b1cf3cd81a31e3cd26889ca66d677f1","name":"cfeditorfr"}]}},"_links":{"self":[{"href":"https:\/\/www.africa-press.net\/tchad\/wp-json\/wp\/v2\/posts\/52569","targetHints":{"allow":["GET"]}}],"collection":[{"href":"https:\/\/www.africa-press.net\/tchad\/wp-json\/wp\/v2\/posts"}],"about":[{"href":"https:\/\/www.africa-press.net\/tchad\/wp-json\/wp\/v2\/types\/post"}],"author":[{"embeddable":true,"href":"https:\/\/www.africa-press.net\/tchad\/wp-json\/wp\/v2\/users\/82"}],"replies":[{"embeddable":true,"href":"https:\/\/www.africa-press.net\/tchad\/wp-json\/wp\/v2\/comments?post=52569"}],"version-history":[{"count":0,"href":"https:\/\/www.africa-press.net\/tchad\/wp-json\/wp\/v2\/posts\/52569\/revisions"}],"wp:featuredmedia":[{"embeddable":true,"href":"https:\/\/www.africa-press.net\/tchad\/wp-json\/wp\/v2\/media\/52568"}],"wp:attachment":[{"href":"https:\/\/www.africa-press.net\/tchad\/wp-json\/wp\/v2\/media?parent=52569"}],"wp:term":[{"taxonomy":"category","embeddable":true,"href":"https:\/\/www.africa-press.net\/tchad\/wp-json\/wp\/v2\/categories?post=52569"},{"taxonomy":"post_tag","embeddable":true,"href":"https:\/\/www.africa-press.net\/tchad\/wp-json\/wp\/v2\/tags?post=52569"}],"curies":[{"name":"wp","href":"https:\/\/api.w.org\/{rel}","templated":true}]}}