{"id":52599,"date":"2023-10-20T13:50:42","date_gmt":"2023-10-20T13:50:42","guid":{"rendered":"https:\/\/www.africa-press.net\/tchad\/politique\/un-an-apres-le-jeudi-noir-ndjamena-entre-craintes-et-quete-de-verite"},"modified":"2023-10-20T14:51:46","modified_gmt":"2023-10-20T14:51:46","slug":"un-an-apres-le-jeudi-noir-ndjamena-entre-craintes-et-quete-de-verite","status":"publish","type":"post","link":"https:\/\/www.africa-press.net\/tchad\/dossiers\/un-an-apres-le-jeudi-noir-ndjamena-entre-craintes-et-quete-de-verite","title":{"rendered":"Un an apr\u00e8s le \u00ab\u00a0jeudi noir\u00a0\u00bb, N\u2019Djamena entre craintes et qu\u00eate de v\u00e9rit\u00e9"},"content":{"rendered":"<p><b>Flore Monteau<\/b><\/p>\n<p><span style=\"color: #ff6600\"><strong>Africa-Press &#8211; Tchad. <\/strong><\/span>Un an apre\u0300s les manifestations et leur re\u0301pression, qui auraient fait des centaines de morts au Tchad, aucun rapport d\u2019enque\u0302te inde\u0301pendant n\u2019a encore e\u0301te\u0301 publie\u0301. Et les souvenirs de ce sanglant 20 octobre 2022 sont loin d\u2019e\u0302tre efface\u0301s.<\/p>\n<p>Depuis 4 heures du matin ce 20 octobre, les visages des manifestants tue\u0301s il y a un an de\u0301filent sur les re\u0301seaux sociaux tchadiens. De jeunes hommes pour la plupart. Le jeudi 20 octobre 2022, des dizaines d\u2019entre eux \u2013 des centaines selon les pires estimations \u2013 ont pe\u0301ri sous les balles des forces de l\u2019ordre. De\u0301filant dans les rues de N\u2019Djamena et des grandes villes du sud du pays, ils s\u2019opposaient a\u0300 la prolongation de la transition de Mahamat Idriss De\u0301by Itno.<\/p>\n<p>En ce triste anniversaire de ce qui a e\u0301te\u0301 rapidement baptise\u0301 le \u00ab jeudi noir \u00bb, les comme\u0301morations sont donc de vigueur. Outre les re\u0301seaux sociaux pris d\u2019assaut par les partis de l\u2019opposition avant l\u2019aube, leurs sympathisants ont pre\u0301vu d\u2019observer un jeu\u0302ne de douze heures, une journe\u0301e de prie\u0300re et de porter une tenue noire, \u00ab en guise de protestation pour que justice soit faite \u00bb, indique un membre du parti des Transformateurs de Succe\u0300s Masra.<\/p>\n<p><b>Des centaines de morts<\/b><\/p>\n<p>Un an apre\u0300s le drame, ou\u0300 en est la justice ? Si plusieurs rapports de diffe\u0301rentes organisations des droits humains ont bien e\u0301te\u0301 publie\u0301s, le nombre de victimes reste incertain et les responsabilite\u0301s inavoue\u0301es. Plusieurs plaintes de\u0301pose\u0301es a\u0300 la Cour pe\u0301nale internationale (CPI) sont toujours en cours de traitement. Alors que le gouvernement du Premier ministre Saleh Kebzabo fait e\u0301tat de 73 morts et de 262 pre\u0301venus en attente d\u2019un jugement, la Ligue tchadienne des droits de l\u2019homme compte 218 victimes.<\/p>\n<p>L\u2019opposition, elle, en a enregistre\u0301 plus de 300, ainsi que quelque 200 disparus. Certains vont me\u0302me jusqu\u2019a\u0300 annoncer un chiffre de 600 morts. \u00ab La violence a\u0300 l\u2019encontre des manifestants a e\u0301te\u0301 extre\u0302me et disproportionne\u0301e, faisant des dizaines de morts et de blesse\u0301s, et des centaines de de\u0301tenus \u00bb, de\u0301clarait trois mois apre\u0300s les manifestations sanglantes Lewis Mudge, directeur pour l\u2019Afrique Centrale de Human Rights Watch. Il exhortait de\u0301ja\u0300 les autorite\u0301s a\u0300 \u00ab inviter les experts des Nations unies \u00bb pour mener une enque\u0302te inde\u0301pendante.<\/p>\n<p>Mais c\u2019est la Communaute\u0301 e\u0301conomique des E\u0301tats d\u2019Afrique centrale (CEEAC) qui s\u2019est empare\u0301e du dossier. En vertu du principe de subsidiarite\u0301, selon lequel l\u2019institution est mai\u0302tresse chez elle, ni l\u2019Union africaine \u2013 pre\u0301side\u0301e par le Tchadien Moussa Faki Mahamat, qui avait condamne\u0301 la re\u0301pression des manifestations \u2013, ni l\u2019ONU ne se sont donc re\u0301ellement implique\u0301s. Fe\u0301lix Tshisekedi, pre\u0301sident de la RDC et de la CEEAC, a donc e\u0301te\u0301 de\u0301signe\u0301 facilitateur de la transition tchadienne lors d\u2019un sommet a\u0300 Kinshasa le 25 octobre 2022.<\/p>\n<p><b>Le rapport d\u2019enque\u0302te toujours attendu<\/b><\/p>\n<p>C\u2019est deux semaines apre\u0300s qu\u2019une de\u0301le\u0301gation de la CEEAC, compose\u0301e entre autres du ministre congolais Mazenga Mukanzu, s\u2019est rendue a\u0300 N\u2019Djamena. Le Tchad accepte alors une mission d\u2019enque\u0302te internationale sur son territoire. Mais si la commission promet de rencontrer tous les acteurs du drame, notamment les familles de victimes ou prisonniers rela\u0302che\u0301s, la cre\u0301dibilite\u0301 de la CEEAC pa\u0302tit de ses relations re\u0301pute\u0301es proches du pouvoir. Les espoirs de faire la lumie\u0300re sur les e\u0301ve\u0301nements du 20 octobre s\u2019amenuisent.<\/p>\n<p>Aujourd\u2019hui encore, Fe\u0301lix Tshisekedi est sous les feux des critiques. Le 15 octobre, un groupe de partis d\u2019opposition et des organisations de la socie\u0301te\u0301 civile tchadienne a lance\u0301 une pe\u0301tition pour de\u0301noncer le manque d\u2019inde\u0301pendance et le rapport tendancieux qu\u2019entretient le chef de l\u2019E\u0301tat congolais avec le pouvoir tchadien. Quant au rapport d\u2019enque\u0302te de la CEEAC, \u00ab les rumeurs disent qu\u2019il est finalise\u0301, mais qu\u2019il sera transmis au gouvernement qui aura la charge de le rendre public \u00bb, explique Max LoalnGar, figure de l\u2019opposition en exil.<\/p>\n<p>Pour l\u2019avocat, le gouvernement de Mahamat Idriss De\u0301by Itno n\u2019acceptera pas de publier un rapport qui contredit la version officielle. Trois semaines apre\u0300s les manifestations sanglantes, la transition avait fait e\u0301tat de 50 morts et affirme\u0301 que le 20 octobre e\u0301tait une insurrection pre\u0301pare\u0301e pour diviser le Tchad. Un re\u0301cit qui n\u2019a que peu e\u0301volue\u0301 ces derniers mois, me\u0302me si, entre mars et juillet, plus de 400 manifestants condamne\u0301s a\u0300 la prison ont e\u0301te\u0301 gracie\u0301s par le pre\u0301sident De\u0301by Itno.<\/p>\n<p><b>Retour diffe\u0301re\u0301 pour Succe\u0300s Masra<\/b><\/p>\n<p>En revanche, en ce qui concerne l\u2019opposant Succe\u0300s Masra, les autorite\u0301s de la transition se sont montre\u0301es inflexibles. Pointe\u0301 comme premier responsable aux co\u0302te\u0301s du Parti sans frontie\u0300res, du Parti Atakhadoum et de Wakit Tama, le pre\u0301sident des Transformateurs est en exil depuis les e\u0301ve\u0300nements du 20 octobre. Alors qu\u2019il avait annonce\u0301 son retour le 18 octobre de cette anne\u0301e et se pre\u0301parait a\u0300 prendre un vol pour N\u2019Djamena depuis Yaounde\u0301 au Cameroun, il l\u2019a finalement reporte\u0301.<\/p>\n<p>\u00ab Je ne souhaitais pas que mon retour soit instrumentalise\u0301 par ceux qui veulent cre\u0301er des de\u0301ga\u0302ts\u201d, explique-t-il a\u0300 Jeune Afrique. Crainte d\u2019un deuxie\u0300me jeudi noir ou intimidation du gouvernement ? Apre\u0300s avoir e\u0301mis un mandat d\u2019arre\u0302t international contre l\u2019opposant, la junte a proce\u0301de\u0301 a\u0300 l\u2019arrestation de pre\u0300s de 200 militants du parti les Transformateurs le 8 octobre, dont plus de 70 se trouvent encore en de\u0301tention a\u0300 l\u2019heure actuelle.<\/p>\n<p>Le gouvernement \u00ab panique \u00bb-t-il a\u0300 l\u2019ide\u0301e d\u2019une mobilisation monstre, comme une partie de la presse tchadienne l\u2019a suppose\u0301 ? Si des milliers de Tchadiens ont exprime\u0301 sur les re\u0301seaux sociaux leur souhait de venir l\u2019accueillir, Succe\u0300s Masra affirme ne pas avoir de \u00ab proble\u0300me a\u0300 rentrer tranquillement, sans manifestations, comme un citoyen ordinaire \u00bb, dans une volonte\u0301 de \u00ab rassurer tout le monde \u00bb. \u00ab Le facilitateur Tshisekedi m\u2019a demande\u0301 de diffe\u0301rer mon retour. Il m\u2019a semble\u0301 utile de le faire pour laisser le temps aux e\u0301changes \u00bb, ajoute celui qui espe\u0300re pouvoir rejoindre son pays d\u2019origine a\u0300 la fin du mois ou au de\u0301but de novembre.<\/p>\n<p><b>E\u0301che\u0301ances e\u0301lectorales<\/b><\/p>\n<p>Dans l\u2019accord de re\u0301conciliation propose\u0301 par l\u2019opposant, toujours entre les mains du pre\u0301sident congolais, figure notamment la mise en place d\u2019une enque\u0302te inde\u0301pendante sur les e\u0301ve\u0300nements du 20 octobre.<\/p>\n<p>Le porte-parole du gouvernement, contacte\u0301 par Jeune Afrique, n\u2019a pas souhaite\u0301 commenter. Dans un dossier partage\u0301 a\u0300 la presse ce 19 octobre, les autorite\u0301s de la transition soulignent les pertes humaines du co\u0302te\u0301 des forces de l\u2019ordre et positionne l\u2019E\u0301tat comme \u00ab une victime ignore\u0301e \u00bb du 20 octobre 2022. Elles rappellent leur volonte\u0301 d\u2019\u00ab apaiser les tensions \u00bb pour une \u00ab transition apaise\u0301e et inclusive \u00bb, en pre\u0301vision des e\u0301lections a\u0300 venir \u2013 le re\u0301fe\u0301rendum constitutionnel a\u0300 la fin de 2023 et les e\u0301lections pre\u0301sidentielles d\u2019ici a\u0300 un an.<\/p>\n<p><b>Source: JeuneAfrique<\/b><\/p>\n<p><strong>Pour plus d&rsquo;informations et d&rsquo;analyses sur la <a href=\"https:\/\/www.africa-press.net\/tchad\">Tchad<\/a>, suivez <a href=\"https:\/\/www.africa-press.net\/\">Africa-Press<\/a><\/strong><\/p>\n","protected":false},"excerpt":{"rendered":"<p>Flore Monteau Africa-Press &#8211; Tchad. Un an apre\u0300s les manifestations et leur re\u0301pression, qui auraient fait des centaines de morts au Tchad, aucun rapport d\u2019enque\u0302te inde\u0301pendant n\u2019a encore e\u0301te\u0301 publie\u0301. Et les souvenirs de ce sanglant 20 octobre 2022 sont loin d\u2019e\u0302tre efface\u0301s. Depuis 4 heures du matin ce 20 octobre, les visages des manifestants [&hellip;]<\/p>\n","protected":false},"author":82,"featured_media":52598,"comment_status":"open","ping_status":"closed","sticky":false,"template":"","format":"standard","meta":{"footnotes":""},"categories":[7,426,20,10],"tags":[37,292,29],"class_list":["post-52599","post","type-post","status-publish","format-standard","has-post-thumbnail","hentry","category-dossiers","category-to-homepage","category-top-nouvelles","category-toutes-les-actualites","tag-africa-press","tag-africa-press-tchad","tag-tchad"],"yoast_head":"<!-- This site is optimized with the Yoast SEO Premium plugin v26.1 (Yoast SEO v27.0) - https:\/\/yoast.com\/product\/yoast-seo-premium-wordpress\/ -->\n<title>Un an apr\u00e8s le \u00ab\u00a0jeudi noir\u00a0\u00bb, N\u2019Djamena entre craintes et qu\u00eate de v\u00e9rit\u00e9 - tchad<\/title>\n<meta name=\"description\" content=\"Un an apre\u0300s les manifestations et leur re\u0301pression, qui auraient fait des centaines de morts au Tchad, aucun rapport d\u2019 ...\" \/>\n<meta name=\"robots\" content=\"index, follow, max-snippet:-1, max-image-preview:large, max-video-preview:-1\" \/>\n<link rel=\"canonical\" href=\"https:\/\/www.africa-press.net\/tchad\/dossiers\/un-an-apres-le-jeudi-noir-ndjamena-entre-craintes-et-quete-de-verite\" \/>\n<meta property=\"og:locale\" content=\"fr_FR\" \/>\n<meta property=\"og:type\" content=\"article\" \/>\n<meta property=\"og:title\" content=\"Un an apr\u00e8s le \u00ab\u00a0jeudi noir\u00a0\u00bb, N\u2019Djamena entre craintes et qu\u00eate de v\u00e9rit\u00e9\" \/>\n<meta property=\"og:description\" content=\"Un an apre\u0300s les manifestations et leur re\u0301pression, qui auraient fait des centaines de morts au Tchad, aucun rapport d\u2019 ...\" \/>\n<meta property=\"og:url\" content=\"https:\/\/www.africa-press.net\/tchad\/dossiers\/un-an-apres-le-jeudi-noir-ndjamena-entre-craintes-et-quete-de-verite\" \/>\n<meta property=\"og:site_name\" content=\"tchad\" \/>\n<meta property=\"article:published_time\" content=\"2023-10-20T13:50:42+00:00\" \/>\n<meta property=\"article:modified_time\" content=\"2023-10-20T14:51:46+00:00\" \/>\n<meta property=\"og:image\" content=\"https:\/\/static.africa-press.net\/tchad\/sites\/41\/2023\/10\/sm_1697800854.002802.jpg\" \/>\n\t<meta property=\"og:image:width\" content=\"1256\" \/>\n\t<meta property=\"og:image:height\" content=\"628\" \/>\n\t<meta property=\"og:image:type\" content=\"image\/jpeg\" \/>\n<meta name=\"author\" content=\"cfeditorfr\" \/>\n<meta name=\"twitter:card\" content=\"summary_large_image\" \/>\n<meta name=\"twitter:label1\" content=\"\u00c9crit par\" \/>\n\t<meta name=\"twitter:data1\" content=\"cfeditorfr\" \/>\n\t<meta name=\"twitter:label2\" content=\"Dur\u00e9e de lecture estim\u00e9e\" \/>\n\t<meta name=\"twitter:data2\" content=\"6 minutes\" \/>\n<script type=\"application\/ld+json\" class=\"yoast-schema-graph\">{\"@context\":\"https:\/\/schema.org\",\"@graph\":[{\"@type\":\"Article\",\"@id\":\"https:\/\/www.africa-press.net\/tchad\/dossiers\/un-an-apres-le-jeudi-noir-ndjamena-entre-craintes-et-quete-de-verite#article\",\"isPartOf\":{\"@id\":\"https:\/\/www.africa-press.net\/tchad\/dossiers\/un-an-apres-le-jeudi-noir-ndjamena-entre-craintes-et-quete-de-verite\"},\"author\":{\"name\":\"cfeditorfr\",\"@id\":\"https:\/\/www.africa-press.net\/tchad\/#\/schema\/person\/2b1cf3cd81a31e3cd26889ca66d677f1\"},\"headline\":\"Un an apr\u00e8s le \u00ab\u00a0jeudi noir\u00a0\u00bb, N\u2019Djamena entre craintes et qu\u00eate de v\u00e9rit\u00e9\",\"datePublished\":\"2023-10-20T13:50:42+00:00\",\"dateModified\":\"2023-10-20T14:51:46+00:00\",\"mainEntityOfPage\":{\"@id\":\"https:\/\/www.africa-press.net\/tchad\/dossiers\/un-an-apres-le-jeudi-noir-ndjamena-entre-craintes-et-quete-de-verite\"},\"wordCount\":1266,\"commentCount\":0,\"image\":{\"@id\":\"https:\/\/www.africa-press.net\/tchad\/dossiers\/un-an-apres-le-jeudi-noir-ndjamena-entre-craintes-et-quete-de-verite#primaryimage\"},\"thumbnailUrl\":\"https:\/\/static.africa-press.net\/tchad\/sites\/41\/2023\/10\/sm_1697800854.002802.jpg\",\"keywords\":[\"Africa Press\",\"Africa Press-Tchad\",\"Tchad\"],\"articleSection\":[\"Dossiers\",\"to-homepage\",\"Top Nouvelles\",\"Toutes les actualit\u00e9s\"],\"inLanguage\":\"fr-FR\",\"potentialAction\":[{\"@type\":\"CommentAction\",\"name\":\"Comment\",\"target\":[\"https:\/\/www.africa-press.net\/tchad\/dossiers\/un-an-apres-le-jeudi-noir-ndjamena-entre-craintes-et-quete-de-verite#respond\"]}]},{\"@type\":\"WebPage\",\"@id\":\"https:\/\/www.africa-press.net\/tchad\/dossiers\/un-an-apres-le-jeudi-noir-ndjamena-entre-craintes-et-quete-de-verite\",\"url\":\"https:\/\/www.africa-press.net\/tchad\/dossiers\/un-an-apres-le-jeudi-noir-ndjamena-entre-craintes-et-quete-de-verite\",\"name\":\"Un an apr\u00e8s le \u00ab\u00a0jeudi noir\u00a0\u00bb, N\u2019Djamena entre craintes et qu\u00eate de v\u00e9rit\u00e9 - tchad\",\"isPartOf\":{\"@id\":\"https:\/\/www.africa-press.net\/tchad\/#website\"},\"primaryImageOfPage\":{\"@id\":\"https:\/\/www.africa-press.net\/tchad\/dossiers\/un-an-apres-le-jeudi-noir-ndjamena-entre-craintes-et-quete-de-verite#primaryimage\"},\"image\":{\"@id\":\"https:\/\/www.africa-press.net\/tchad\/dossiers\/un-an-apres-le-jeudi-noir-ndjamena-entre-craintes-et-quete-de-verite#primaryimage\"},\"thumbnailUrl\":\"https:\/\/static.africa-press.net\/tchad\/sites\/41\/2023\/10\/sm_1697800854.002802.jpg\",\"datePublished\":\"2023-10-20T13:50:42+00:00\",\"dateModified\":\"2023-10-20T14:51:46+00:00\",\"author\":{\"@id\":\"https:\/\/www.africa-press.net\/tchad\/#\/schema\/person\/2b1cf3cd81a31e3cd26889ca66d677f1\"},\"description\":\"Un an apre\u0300s les manifestations et leur re\u0301pression, qui auraient fait des centaines de morts au Tchad, aucun rapport d\u2019 ...\",\"breadcrumb\":{\"@id\":\"https:\/\/www.africa-press.net\/tchad\/dossiers\/un-an-apres-le-jeudi-noir-ndjamena-entre-craintes-et-quete-de-verite#breadcrumb\"},\"inLanguage\":\"fr-FR\",\"potentialAction\":[{\"@type\":\"ReadAction\",\"target\":[\"https:\/\/www.africa-press.net\/tchad\/dossiers\/un-an-apres-le-jeudi-noir-ndjamena-entre-craintes-et-quete-de-verite\"]}]},{\"@type\":\"ImageObject\",\"inLanguage\":\"fr-FR\",\"@id\":\"https:\/\/www.africa-press.net\/tchad\/dossiers\/un-an-apres-le-jeudi-noir-ndjamena-entre-craintes-et-quete-de-verite#primaryimage\",\"url\":\"https:\/\/static.africa-press.net\/tchad\/sites\/41\/2023\/10\/sm_1697800854.002802.jpg\",\"contentUrl\":\"https:\/\/static.africa-press.net\/tchad\/sites\/41\/2023\/10\/sm_1697800854.002802.jpg\",\"width\":1256,\"height\":628,\"caption\":\"Un an apr\u00e8s le \u00ab\u00a0jeudi noir\u00a0\u00bb, N\u2019Djamena entre craintes et qu\u00eate de v\u00e9rit\u00e9\"},{\"@type\":\"BreadcrumbList\",\"@id\":\"https:\/\/www.africa-press.net\/tchad\/dossiers\/un-an-apres-le-jeudi-noir-ndjamena-entre-craintes-et-quete-de-verite#breadcrumb\",\"itemListElement\":[{\"@type\":\"ListItem\",\"position\":1,\"name\":\"Accueil\",\"item\":\"https:\/\/www.africa-press.net\/tchad\/\"},{\"@type\":\"ListItem\",\"position\":2,\"name\":\"Un an apr\u00e8s le \u00ab\u00a0jeudi noir\u00a0\u00bb, N\u2019Djamena entre craintes et qu\u00eate de v\u00e9rit\u00e9\"}]},{\"@type\":\"WebSite\",\"@id\":\"https:\/\/www.africa-press.net\/tchad\/#website\",\"url\":\"https:\/\/www.africa-press.net\/tchad\/\",\"name\":\"tchad\",\"description\":\"Just another Africa News Agency Sites site\",\"potentialAction\":[{\"@type\":\"SearchAction\",\"target\":{\"@type\":\"EntryPoint\",\"urlTemplate\":\"https:\/\/www.africa-press.net\/tchad\/?s={search_term_string}\"},\"query-input\":{\"@type\":\"PropertyValueSpecification\",\"valueRequired\":true,\"valueName\":\"search_term_string\"}}],\"inLanguage\":\"fr-FR\"},{\"@type\":\"Person\",\"@id\":\"https:\/\/www.africa-press.net\/tchad\/#\/schema\/person\/2b1cf3cd81a31e3cd26889ca66d677f1\",\"name\":\"cfeditorfr\"}]}<\/script>\n<!-- \/ Yoast SEO Premium plugin. -->","yoast_head_json":{"title":"Un an apr\u00e8s le \u00ab\u00a0jeudi noir\u00a0\u00bb, N\u2019Djamena entre craintes et qu\u00eate de v\u00e9rit\u00e9 - tchad","description":"Un an apre\u0300s les manifestations et leur re\u0301pression, qui auraient fait des centaines de morts au Tchad, aucun rapport d\u2019 ...","robots":{"index":"index","follow":"follow","max-snippet":"max-snippet:-1","max-image-preview":"max-image-preview:large","max-video-preview":"max-video-preview:-1"},"canonical":"https:\/\/www.africa-press.net\/tchad\/dossiers\/un-an-apres-le-jeudi-noir-ndjamena-entre-craintes-et-quete-de-verite","og_locale":"fr_FR","og_type":"article","og_title":"Un an apr\u00e8s le \u00ab\u00a0jeudi noir\u00a0\u00bb, N\u2019Djamena entre craintes et qu\u00eate de v\u00e9rit\u00e9","og_description":"Un an apre\u0300s les manifestations et leur re\u0301pression, qui auraient fait des centaines de morts au Tchad, aucun rapport d\u2019 ...","og_url":"https:\/\/www.africa-press.net\/tchad\/dossiers\/un-an-apres-le-jeudi-noir-ndjamena-entre-craintes-et-quete-de-verite","og_site_name":"tchad","article_published_time":"2023-10-20T13:50:42+00:00","article_modified_time":"2023-10-20T14:51:46+00:00","og_image":[{"width":1256,"height":628,"url":"https:\/\/static.africa-press.net\/tchad\/sites\/41\/2023\/10\/sm_1697800854.002802.jpg","type":"image\/jpeg"}],"author":"cfeditorfr","twitter_card":"summary_large_image","twitter_misc":{"\u00c9crit par":"cfeditorfr","Dur\u00e9e de lecture estim\u00e9e":"6 minutes"},"schema":{"@context":"https:\/\/schema.org","@graph":[{"@type":"Article","@id":"https:\/\/www.africa-press.net\/tchad\/dossiers\/un-an-apres-le-jeudi-noir-ndjamena-entre-craintes-et-quete-de-verite#article","isPartOf":{"@id":"https:\/\/www.africa-press.net\/tchad\/dossiers\/un-an-apres-le-jeudi-noir-ndjamena-entre-craintes-et-quete-de-verite"},"author":{"name":"cfeditorfr","@id":"https:\/\/www.africa-press.net\/tchad\/#\/schema\/person\/2b1cf3cd81a31e3cd26889ca66d677f1"},"headline":"Un an apr\u00e8s le \u00ab\u00a0jeudi noir\u00a0\u00bb, N\u2019Djamena entre craintes et qu\u00eate de v\u00e9rit\u00e9","datePublished":"2023-10-20T13:50:42+00:00","dateModified":"2023-10-20T14:51:46+00:00","mainEntityOfPage":{"@id":"https:\/\/www.africa-press.net\/tchad\/dossiers\/un-an-apres-le-jeudi-noir-ndjamena-entre-craintes-et-quete-de-verite"},"wordCount":1266,"commentCount":0,"image":{"@id":"https:\/\/www.africa-press.net\/tchad\/dossiers\/un-an-apres-le-jeudi-noir-ndjamena-entre-craintes-et-quete-de-verite#primaryimage"},"thumbnailUrl":"https:\/\/static.africa-press.net\/tchad\/sites\/41\/2023\/10\/sm_1697800854.002802.jpg","keywords":["Africa Press","Africa Press-Tchad","Tchad"],"articleSection":["Dossiers","to-homepage","Top Nouvelles","Toutes les actualit\u00e9s"],"inLanguage":"fr-FR","potentialAction":[{"@type":"CommentAction","name":"Comment","target":["https:\/\/www.africa-press.net\/tchad\/dossiers\/un-an-apres-le-jeudi-noir-ndjamena-entre-craintes-et-quete-de-verite#respond"]}]},{"@type":"WebPage","@id":"https:\/\/www.africa-press.net\/tchad\/dossiers\/un-an-apres-le-jeudi-noir-ndjamena-entre-craintes-et-quete-de-verite","url":"https:\/\/www.africa-press.net\/tchad\/dossiers\/un-an-apres-le-jeudi-noir-ndjamena-entre-craintes-et-quete-de-verite","name":"Un an apr\u00e8s le \u00ab\u00a0jeudi noir\u00a0\u00bb, N\u2019Djamena entre craintes et qu\u00eate de v\u00e9rit\u00e9 - tchad","isPartOf":{"@id":"https:\/\/www.africa-press.net\/tchad\/#website"},"primaryImageOfPage":{"@id":"https:\/\/www.africa-press.net\/tchad\/dossiers\/un-an-apres-le-jeudi-noir-ndjamena-entre-craintes-et-quete-de-verite#primaryimage"},"image":{"@id":"https:\/\/www.africa-press.net\/tchad\/dossiers\/un-an-apres-le-jeudi-noir-ndjamena-entre-craintes-et-quete-de-verite#primaryimage"},"thumbnailUrl":"https:\/\/static.africa-press.net\/tchad\/sites\/41\/2023\/10\/sm_1697800854.002802.jpg","datePublished":"2023-10-20T13:50:42+00:00","dateModified":"2023-10-20T14:51:46+00:00","author":{"@id":"https:\/\/www.africa-press.net\/tchad\/#\/schema\/person\/2b1cf3cd81a31e3cd26889ca66d677f1"},"description":"Un an apre\u0300s les manifestations et leur re\u0301pression, qui auraient fait des centaines de morts au Tchad, aucun rapport d\u2019 ...","breadcrumb":{"@id":"https:\/\/www.africa-press.net\/tchad\/dossiers\/un-an-apres-le-jeudi-noir-ndjamena-entre-craintes-et-quete-de-verite#breadcrumb"},"inLanguage":"fr-FR","potentialAction":[{"@type":"ReadAction","target":["https:\/\/www.africa-press.net\/tchad\/dossiers\/un-an-apres-le-jeudi-noir-ndjamena-entre-craintes-et-quete-de-verite"]}]},{"@type":"ImageObject","inLanguage":"fr-FR","@id":"https:\/\/www.africa-press.net\/tchad\/dossiers\/un-an-apres-le-jeudi-noir-ndjamena-entre-craintes-et-quete-de-verite#primaryimage","url":"https:\/\/static.africa-press.net\/tchad\/sites\/41\/2023\/10\/sm_1697800854.002802.jpg","contentUrl":"https:\/\/static.africa-press.net\/tchad\/sites\/41\/2023\/10\/sm_1697800854.002802.jpg","width":1256,"height":628,"caption":"Un an apr\u00e8s le \u00ab\u00a0jeudi noir\u00a0\u00bb, N\u2019Djamena entre craintes et qu\u00eate de v\u00e9rit\u00e9"},{"@type":"BreadcrumbList","@id":"https:\/\/www.africa-press.net\/tchad\/dossiers\/un-an-apres-le-jeudi-noir-ndjamena-entre-craintes-et-quete-de-verite#breadcrumb","itemListElement":[{"@type":"ListItem","position":1,"name":"Accueil","item":"https:\/\/www.africa-press.net\/tchad\/"},{"@type":"ListItem","position":2,"name":"Un an apr\u00e8s le \u00ab\u00a0jeudi noir\u00a0\u00bb, N\u2019Djamena entre craintes et qu\u00eate de v\u00e9rit\u00e9"}]},{"@type":"WebSite","@id":"https:\/\/www.africa-press.net\/tchad\/#website","url":"https:\/\/www.africa-press.net\/tchad\/","name":"tchad","description":"Just another Africa News Agency Sites site","potentialAction":[{"@type":"SearchAction","target":{"@type":"EntryPoint","urlTemplate":"https:\/\/www.africa-press.net\/tchad\/?s={search_term_string}"},"query-input":{"@type":"PropertyValueSpecification","valueRequired":true,"valueName":"search_term_string"}}],"inLanguage":"fr-FR"},{"@type":"Person","@id":"https:\/\/www.africa-press.net\/tchad\/#\/schema\/person\/2b1cf3cd81a31e3cd26889ca66d677f1","name":"cfeditorfr"}]}},"_links":{"self":[{"href":"https:\/\/www.africa-press.net\/tchad\/wp-json\/wp\/v2\/posts\/52599","targetHints":{"allow":["GET"]}}],"collection":[{"href":"https:\/\/www.africa-press.net\/tchad\/wp-json\/wp\/v2\/posts"}],"about":[{"href":"https:\/\/www.africa-press.net\/tchad\/wp-json\/wp\/v2\/types\/post"}],"author":[{"embeddable":true,"href":"https:\/\/www.africa-press.net\/tchad\/wp-json\/wp\/v2\/users\/82"}],"replies":[{"embeddable":true,"href":"https:\/\/www.africa-press.net\/tchad\/wp-json\/wp\/v2\/comments?post=52599"}],"version-history":[{"count":0,"href":"https:\/\/www.africa-press.net\/tchad\/wp-json\/wp\/v2\/posts\/52599\/revisions"}],"wp:featuredmedia":[{"embeddable":true,"href":"https:\/\/www.africa-press.net\/tchad\/wp-json\/wp\/v2\/media\/52598"}],"wp:attachment":[{"href":"https:\/\/www.africa-press.net\/tchad\/wp-json\/wp\/v2\/media?parent=52599"}],"wp:term":[{"taxonomy":"category","embeddable":true,"href":"https:\/\/www.africa-press.net\/tchad\/wp-json\/wp\/v2\/categories?post=52599"},{"taxonomy":"post_tag","embeddable":true,"href":"https:\/\/www.africa-press.net\/tchad\/wp-json\/wp\/v2\/tags?post=52599"}],"curies":[{"name":"wp","href":"https:\/\/api.w.org\/{rel}","templated":true}]}}