{"id":52607,"date":"2023-10-20T14:14:26","date_gmt":"2023-10-20T14:14:26","guid":{"rendered":"https:\/\/www.africa-press.net\/tchad\/politique\/le-hcdh-sensibilise-sur-le-respect-des-droits-de-lhomme-a-sarh"},"modified":"2023-10-20T15:00:29","modified_gmt":"2023-10-20T15:00:29","slug":"le-hcdh-sensibilise-sur-le-respect-des-droits-de-lhomme-a-sarh","status":"publish","type":"post","link":"https:\/\/www.africa-press.net\/tchad\/politique\/le-hcdh-sensibilise-sur-le-respect-des-droits-de-lhomme-a-sarh","title":{"rendered":"le HCDH sensibilise sur le respect des Droits de l\u2019Homme \u00e0 Sarh"},"content":{"rendered":"<p><span style=\"color: #ff6600\"><strong>Africa-Press &#8211; Tchad. <\/strong><\/span>Le Haut-Commissariat des Nations Unies pour les Droits de l\u2019Homme, en partenariat avec le ministe\u0300re de la Justice, a organise\u0301 ce 19 octobre 2023, dans l\u2019amphithe\u0301a\u0302tre de l&rsquo;Universite\u0301 de Sarh une journe\u0301e d\u2019e\u0301changes axe\u0301 autour du the\u0300me central : \u00ab Honorons la promesse de liberte\u0301, d\u2019e\u0301galite\u0301 et de justice pour tous \u00bb.<\/p>\n<p>Organise\u0301 a\u0300 l\u2019intention des e\u0301tudiants, e\u0301tudiantes de ladite universite\u0301 et de quelques leaders des organisations des jeunes, cette journe\u0301e d\u2019e\u0301changes et de sensibilisation vise a\u0300 renforcer les capacite\u0301s de ces derniers, dans la promotion du vivre ensemble, du respect et l\u2019e\u0301ducation aux Droits de l\u2019Homme.<\/p>\n<p>La repre\u0301sentante du Haut-commissariat des Nations Unies aux Droits de l\u2019Homme, Mme Akou Akofa Degboe\u0301 a notifie\u0301 que le bien-fonde\u0301 de cette journe\u0301e d\u2019e\u0301changes et de sensibilisation est de susciter et impliquer les jeunes les institutions nationales, les me\u0301dias et organisations de la socie\u0301te\u0301 civile, dans les actions de la promotion des Droits de l\u2019Homme au niveau local.<\/p>\n<p>Mme Akou Akofa Degboe\u0301 s\u2019est re\u0301jouie de l\u2019engouement des jeunes de la ville Sarh qui ont re\u0301pondu a\u0300 cette sensibilisation et leur a demande\u0301 de de\u0301fendre les Droits de l\u2019Homme en tout temps et en tout lieu. Ceci dans le souci de promouvoir les Droits de l\u2019Homme dans toute la province du Moyen-Chari.<\/p>\n<p>Au cours de ces e\u0301changes, jeunes leaders, e\u0301tudiants autorite\u0301s administratives, ont pose\u0301 des questions d\u2019e\u0301claircissements lie\u0301es a\u0300 la ce\u0301le\u0301bration du 75e\u0300me anniversaire de cet instrument initial qui pro\u0302ne les Droits de l\u2019Homme.<\/p>\n<p>Il faut noter que pour agre\u0301menter cette journe\u0301e d\u2019e\u0301changes et de sensibilisation, des jeux questions re\u0301ponses sur le respect des Droits de l\u2019Homme et la remise des t-shirts comme cadeaux, ont mis terme a\u0300 cette journe\u0301e d\u2019e\u0301changes.<\/p>\n\r\n                <style type=\"text\/css\">\r\n                    \r\n                    #td_uid_1_69f26838a336b  .td-doubleSlider-2 .td-item1 {\r\n                        background: url(https:\/\/static.africa-press.net\/tchad\/sites\/41\/2023\/10\/sm_1697801356.76154-80x60.jpg) 0 0 no-repeat;\r\n                    }\r\n                    #td_uid_1_69f26838a336b  .td-doubleSlider-2 .td-item2 {\r\n                        background: url(https:\/\/static.africa-press.net\/tchad\/sites\/41\/2023\/10\/sm_1697801373.750708-80x60.jpg) 0 0 no-repeat;\r\n                    }\r\n                <\/style>\r\n\r\n                <div id=\"td_uid_1_69f26838a336b\" class=\"td-gallery td-slide-on-2-columns\">\r\n                    <div class=\"post_td_gallery\">\r\n                        <div class=\"td-gallery-slide-top\">\r\n                           <div class=\"td-gallery-title\"><\/div>\r\n\r\n                            <div class=\"td-gallery-controls-wrapper\">\r\n                                <div class=\"td-gallery-slide-count\"><span class=\"td-gallery-slide-item-focus\">1<\/span> de 2<\/div>\r\n                                <div class=\"td-gallery-slide-prev-next-but\">\r\n                                    <i class = \"td-icon-left doubleSliderPrevButton\"><\/i>\r\n                                    <i class = \"td-icon-right doubleSliderNextButton\"><\/i>\r\n                                <\/div>\r\n                            <\/div>\r\n                        <\/div>\r\n\r\n                        <div class = \"td-doubleSlider-1 \">\r\n                            <div class = \"td-slider\">\r\n                                \r\n                    <div class = \"td-slide-item td-item1\">\r\n                        <figure class=\"td-slide-galery-figure td-slide-popup-gallery\">\r\n                            <a class=\"slide-gallery-image-link\" href=\"https:\/\/static.africa-press.net\/tchad\/sites\/41\/2023\/10\/sm_1697801356.76154.jpg\" title=\"sm_1697801356.76154\"  data-caption=\"\"  data-description=\"\">\r\n                                <img decoding=\"async\" src=\"https:\/\/static.africa-press.net\/tchad\/sites\/41\/2023\/10\/sm_1697801356.76154.jpg\" srcset=\"https:\/\/static.africa-press.net\/tchad\/sites\/41\/2023\/10\/sm_1697801356.76154.jpg 868w, https:\/\/static.africa-press.net\/tchad\/sites\/41\/2023\/10\/sm_1697801356.76154-300x135.jpg 300w, https:\/\/static.africa-press.net\/tchad\/sites\/41\/2023\/10\/sm_1697801356.76154-768x346.jpg 768w\" sizes=\"(max-width: 868px) 100vw, 868px\" alt=\"\">\r\n                            <\/a>\r\n                            \r\n                        <\/figure>\r\n                    <\/div>\r\n                    <div class = \"td-slide-item td-item2\">\r\n                        <figure class=\"td-slide-galery-figure td-slide-popup-gallery\">\r\n                            <a class=\"slide-gallery-image-link\" href=\"https:\/\/static.africa-press.net\/tchad\/sites\/41\/2023\/10\/sm_1697801373.750708.jpg\" title=\"sm_1697801373.750708\"  data-caption=\"\"  data-description=\"\">\r\n                                <img decoding=\"async\" src=\"https:\/\/static.africa-press.net\/tchad\/sites\/41\/2023\/10\/sm_1697801373.750708.jpg\" srcset=\"https:\/\/static.africa-press.net\/tchad\/sites\/41\/2023\/10\/sm_1697801373.750708.jpg 868w, https:\/\/static.africa-press.net\/tchad\/sites\/41\/2023\/10\/sm_1697801373.750708-300x135.jpg 300w, https:\/\/static.africa-press.net\/tchad\/sites\/41\/2023\/10\/sm_1697801373.750708-768x346.jpg 768w\" sizes=\"(max-width: 868px) 100vw, 868px\" alt=\"\">\r\n                            <\/a>\r\n                            \r\n                        <\/figure>\r\n                    <\/div>\r\n                            <\/div>\r\n                        <\/div>\r\n\r\n                        <div class = \"td-doubleSlider-2\">\r\n                            <div class = \"td-slider\">\r\n                                \r\n                    <div class = \"td-button td-item1\">\r\n                        <div class = \"td-border\"><\/div>\r\n                    <\/div>\r\n                    <div class = \"td-button td-item2\">\r\n                        <div class = \"td-border\"><\/div>\r\n                    <\/div>\r\n                            <\/div>\r\n                        <\/div>\r\n\r\n                    <\/div>\r\n\r\n                <\/div>\r\n                \n<p><strong>Pour plus d&rsquo;informations et d&rsquo;analyses sur la <a href=\"https:\/\/www.africa-press.net\/tchad\">Tchad<\/a>, suivez <a href=\"https:\/\/www.africa-press.net\/\">Africa-Press<\/a><\/strong><\/p>\n","protected":false},"excerpt":{"rendered":"<p>Africa-Press &#8211; Tchad. Le Haut-Commissariat des Nations Unies pour les Droits de l\u2019Homme, en partenariat avec le ministe\u0300re de la Justice, a organise\u0301 ce 19 octobre 2023, dans l\u2019amphithe\u0301a\u0302tre de l&rsquo;Universite\u0301 de Sarh une journe\u0301e d\u2019e\u0301changes axe\u0301 autour du the\u0300me central : \u00ab Honorons la promesse de liberte\u0301, d\u2019e\u0301galite\u0301 et de justice pour tous \u00bb. [&hellip;]<\/p>\n","protected":false},"author":82,"featured_media":52606,"comment_status":"open","ping_status":"closed","sticky":false,"template":"","format":"standard","meta":{"footnotes":""},"categories":[8,2,10],"tags":[37,292,29],"class_list":["post-52607","post","type-post","status-publish","format-standard","has-post-thumbnail","hentry","category-photo","category-politique","category-toutes-les-actualites","tag-africa-press","tag-africa-press-tchad","tag-tchad"],"yoast_head":"<!-- This site is optimized with the Yoast SEO Premium plugin v26.1 (Yoast SEO v27.0) - https:\/\/yoast.com\/product\/yoast-seo-premium-wordpress\/ -->\n<title>le HCDH sensibilise sur le respect des Droits de l\u2019Homme \u00e0 Sarh - tchad<\/title>\n<meta name=\"description\" content=\"Le Haut-Commissariat des Nations Unies pour les Droits de l\u2019Homme, en partenariat avec le ministe\u0300re de la Justice, a or ...\" \/>\n<meta name=\"robots\" content=\"index, follow, max-snippet:-1, max-image-preview:large, max-video-preview:-1\" \/>\n<link rel=\"canonical\" href=\"https:\/\/www.africa-press.net\/tchad\/politique\/le-hcdh-sensibilise-sur-le-respect-des-droits-de-lhomme-a-sarh\" \/>\n<meta property=\"og:locale\" content=\"fr_FR\" \/>\n<meta property=\"og:type\" content=\"article\" \/>\n<meta property=\"og:title\" content=\"le HCDH sensibilise sur le respect des Droits de l\u2019Homme \u00e0 Sarh\" \/>\n<meta property=\"og:description\" content=\"Le Haut-Commissariat des Nations Unies pour les Droits de l\u2019Homme, en partenariat avec le ministe\u0300re de la Justice, a or ...\" \/>\n<meta property=\"og:url\" content=\"https:\/\/www.africa-press.net\/tchad\/politique\/le-hcdh-sensibilise-sur-le-respect-des-droits-de-lhomme-a-sarh\" \/>\n<meta property=\"og:site_name\" content=\"tchad\" \/>\n<meta property=\"article:published_time\" content=\"2023-10-20T14:14:26+00:00\" \/>\n<meta property=\"article:modified_time\" content=\"2023-10-20T15:00:29+00:00\" \/>\n<meta property=\"og:image\" content=\"https:\/\/static.africa-press.net\/tchad\/sites\/41\/2023\/10\/sm_1697801387.279976.jpg\" \/>\n\t<meta property=\"og:image:width\" content=\"1080\" \/>\n\t<meta property=\"og:image:height\" content=\"486\" \/>\n\t<meta property=\"og:image:type\" content=\"image\/jpeg\" \/>\n<meta name=\"author\" content=\"cfeditorfr\" \/>\n<meta name=\"twitter:card\" content=\"summary_large_image\" \/>\n<meta name=\"twitter:label1\" content=\"\u00c9crit par\" \/>\n\t<meta name=\"twitter:data1\" content=\"cfeditorfr\" \/>\n\t<meta name=\"twitter:label2\" content=\"Dur\u00e9e de lecture estim\u00e9e\" \/>\n\t<meta name=\"twitter:data2\" content=\"2 minutes\" \/>\n<script type=\"application\/ld+json\" class=\"yoast-schema-graph\">{\"@context\":\"https:\/\/schema.org\",\"@graph\":[{\"@type\":\"Article\",\"@id\":\"https:\/\/www.africa-press.net\/tchad\/politique\/le-hcdh-sensibilise-sur-le-respect-des-droits-de-lhomme-a-sarh#article\",\"isPartOf\":{\"@id\":\"https:\/\/www.africa-press.net\/tchad\/politique\/le-hcdh-sensibilise-sur-le-respect-des-droits-de-lhomme-a-sarh\"},\"author\":{\"name\":\"cfeditorfr\",\"@id\":\"https:\/\/www.africa-press.net\/tchad\/#\/schema\/person\/2b1cf3cd81a31e3cd26889ca66d677f1\"},\"headline\":\"le HCDH sensibilise sur le respect des Droits de l\u2019Homme \u00e0 Sarh\",\"datePublished\":\"2023-10-20T14:14:26+00:00\",\"dateModified\":\"2023-10-20T15:00:29+00:00\",\"mainEntityOfPage\":{\"@id\":\"https:\/\/www.africa-press.net\/tchad\/politique\/le-hcdh-sensibilise-sur-le-respect-des-droits-de-lhomme-a-sarh\"},\"wordCount\":366,\"commentCount\":0,\"image\":{\"@id\":\"https:\/\/www.africa-press.net\/tchad\/politique\/le-hcdh-sensibilise-sur-le-respect-des-droits-de-lhomme-a-sarh#primaryimage\"},\"thumbnailUrl\":\"https:\/\/static.africa-press.net\/tchad\/sites\/41\/2023\/10\/sm_1697801387.279976.jpg\",\"keywords\":[\"Africa Press\",\"Africa Press-Tchad\",\"Tchad\"],\"articleSection\":[\"Photo\",\"Politique\",\"Toutes les actualit\u00e9s\"],\"inLanguage\":\"fr-FR\",\"potentialAction\":[{\"@type\":\"CommentAction\",\"name\":\"Comment\",\"target\":[\"https:\/\/www.africa-press.net\/tchad\/politique\/le-hcdh-sensibilise-sur-le-respect-des-droits-de-lhomme-a-sarh#respond\"]}]},{\"@type\":\"WebPage\",\"@id\":\"https:\/\/www.africa-press.net\/tchad\/politique\/le-hcdh-sensibilise-sur-le-respect-des-droits-de-lhomme-a-sarh\",\"url\":\"https:\/\/www.africa-press.net\/tchad\/politique\/le-hcdh-sensibilise-sur-le-respect-des-droits-de-lhomme-a-sarh\",\"name\":\"le HCDH sensibilise sur le respect des Droits de l\u2019Homme \u00e0 Sarh - tchad\",\"isPartOf\":{\"@id\":\"https:\/\/www.africa-press.net\/tchad\/#website\"},\"primaryImageOfPage\":{\"@id\":\"https:\/\/www.africa-press.net\/tchad\/politique\/le-hcdh-sensibilise-sur-le-respect-des-droits-de-lhomme-a-sarh#primaryimage\"},\"image\":{\"@id\":\"https:\/\/www.africa-press.net\/tchad\/politique\/le-hcdh-sensibilise-sur-le-respect-des-droits-de-lhomme-a-sarh#primaryimage\"},\"thumbnailUrl\":\"https:\/\/static.africa-press.net\/tchad\/sites\/41\/2023\/10\/sm_1697801387.279976.jpg\",\"datePublished\":\"2023-10-20T14:14:26+00:00\",\"dateModified\":\"2023-10-20T15:00:29+00:00\",\"author\":{\"@id\":\"https:\/\/www.africa-press.net\/tchad\/#\/schema\/person\/2b1cf3cd81a31e3cd26889ca66d677f1\"},\"description\":\"Le Haut-Commissariat des Nations Unies pour les Droits de l\u2019Homme, en partenariat avec le ministe\u0300re de la Justice, a or ...\",\"breadcrumb\":{\"@id\":\"https:\/\/www.africa-press.net\/tchad\/politique\/le-hcdh-sensibilise-sur-le-respect-des-droits-de-lhomme-a-sarh#breadcrumb\"},\"inLanguage\":\"fr-FR\",\"potentialAction\":[{\"@type\":\"ReadAction\",\"target\":[\"https:\/\/www.africa-press.net\/tchad\/politique\/le-hcdh-sensibilise-sur-le-respect-des-droits-de-lhomme-a-sarh\"]}]},{\"@type\":\"ImageObject\",\"inLanguage\":\"fr-FR\",\"@id\":\"https:\/\/www.africa-press.net\/tchad\/politique\/le-hcdh-sensibilise-sur-le-respect-des-droits-de-lhomme-a-sarh#primaryimage\",\"url\":\"https:\/\/static.africa-press.net\/tchad\/sites\/41\/2023\/10\/sm_1697801387.279976.jpg\",\"contentUrl\":\"https:\/\/static.africa-press.net\/tchad\/sites\/41\/2023\/10\/sm_1697801387.279976.jpg\",\"width\":1080,\"height\":486,\"caption\":\"le HCDH sensibilise sur le respect des Droits de l\u2019Homme \u00e0 Sarh\"},{\"@type\":\"BreadcrumbList\",\"@id\":\"https:\/\/www.africa-press.net\/tchad\/politique\/le-hcdh-sensibilise-sur-le-respect-des-droits-de-lhomme-a-sarh#breadcrumb\",\"itemListElement\":[{\"@type\":\"ListItem\",\"position\":1,\"name\":\"Accueil\",\"item\":\"https:\/\/www.africa-press.net\/tchad\/\"},{\"@type\":\"ListItem\",\"position\":2,\"name\":\"le HCDH sensibilise sur le respect des Droits de l\u2019Homme \u00e0 Sarh\"}]},{\"@type\":\"WebSite\",\"@id\":\"https:\/\/www.africa-press.net\/tchad\/#website\",\"url\":\"https:\/\/www.africa-press.net\/tchad\/\",\"name\":\"tchad\",\"description\":\"Just another Africa News Agency Sites site\",\"potentialAction\":[{\"@type\":\"SearchAction\",\"target\":{\"@type\":\"EntryPoint\",\"urlTemplate\":\"https:\/\/www.africa-press.net\/tchad\/?s={search_term_string}\"},\"query-input\":{\"@type\":\"PropertyValueSpecification\",\"valueRequired\":true,\"valueName\":\"search_term_string\"}}],\"inLanguage\":\"fr-FR\"},{\"@type\":\"Person\",\"@id\":\"https:\/\/www.africa-press.net\/tchad\/#\/schema\/person\/2b1cf3cd81a31e3cd26889ca66d677f1\",\"name\":\"cfeditorfr\"}]}<\/script>\n<!-- \/ Yoast SEO Premium plugin. -->","yoast_head_json":{"title":"le HCDH sensibilise sur le respect des Droits de l\u2019Homme \u00e0 Sarh - tchad","description":"Le Haut-Commissariat des Nations Unies pour les Droits de l\u2019Homme, en partenariat avec le ministe\u0300re de la Justice, a or ...","robots":{"index":"index","follow":"follow","max-snippet":"max-snippet:-1","max-image-preview":"max-image-preview:large","max-video-preview":"max-video-preview:-1"},"canonical":"https:\/\/www.africa-press.net\/tchad\/politique\/le-hcdh-sensibilise-sur-le-respect-des-droits-de-lhomme-a-sarh","og_locale":"fr_FR","og_type":"article","og_title":"le HCDH sensibilise sur le respect des Droits de l\u2019Homme \u00e0 Sarh","og_description":"Le Haut-Commissariat des Nations Unies pour les Droits de l\u2019Homme, en partenariat avec le ministe\u0300re de la Justice, a or ...","og_url":"https:\/\/www.africa-press.net\/tchad\/politique\/le-hcdh-sensibilise-sur-le-respect-des-droits-de-lhomme-a-sarh","og_site_name":"tchad","article_published_time":"2023-10-20T14:14:26+00:00","article_modified_time":"2023-10-20T15:00:29+00:00","og_image":[{"width":1080,"height":486,"url":"https:\/\/static.africa-press.net\/tchad\/sites\/41\/2023\/10\/sm_1697801387.279976.jpg","type":"image\/jpeg"}],"author":"cfeditorfr","twitter_card":"summary_large_image","twitter_misc":{"\u00c9crit par":"cfeditorfr","Dur\u00e9e de lecture estim\u00e9e":"2 minutes"},"schema":{"@context":"https:\/\/schema.org","@graph":[{"@type":"Article","@id":"https:\/\/www.africa-press.net\/tchad\/politique\/le-hcdh-sensibilise-sur-le-respect-des-droits-de-lhomme-a-sarh#article","isPartOf":{"@id":"https:\/\/www.africa-press.net\/tchad\/politique\/le-hcdh-sensibilise-sur-le-respect-des-droits-de-lhomme-a-sarh"},"author":{"name":"cfeditorfr","@id":"https:\/\/www.africa-press.net\/tchad\/#\/schema\/person\/2b1cf3cd81a31e3cd26889ca66d677f1"},"headline":"le HCDH sensibilise sur le respect des Droits de l\u2019Homme \u00e0 Sarh","datePublished":"2023-10-20T14:14:26+00:00","dateModified":"2023-10-20T15:00:29+00:00","mainEntityOfPage":{"@id":"https:\/\/www.africa-press.net\/tchad\/politique\/le-hcdh-sensibilise-sur-le-respect-des-droits-de-lhomme-a-sarh"},"wordCount":366,"commentCount":0,"image":{"@id":"https:\/\/www.africa-press.net\/tchad\/politique\/le-hcdh-sensibilise-sur-le-respect-des-droits-de-lhomme-a-sarh#primaryimage"},"thumbnailUrl":"https:\/\/static.africa-press.net\/tchad\/sites\/41\/2023\/10\/sm_1697801387.279976.jpg","keywords":["Africa Press","Africa Press-Tchad","Tchad"],"articleSection":["Photo","Politique","Toutes les actualit\u00e9s"],"inLanguage":"fr-FR","potentialAction":[{"@type":"CommentAction","name":"Comment","target":["https:\/\/www.africa-press.net\/tchad\/politique\/le-hcdh-sensibilise-sur-le-respect-des-droits-de-lhomme-a-sarh#respond"]}]},{"@type":"WebPage","@id":"https:\/\/www.africa-press.net\/tchad\/politique\/le-hcdh-sensibilise-sur-le-respect-des-droits-de-lhomme-a-sarh","url":"https:\/\/www.africa-press.net\/tchad\/politique\/le-hcdh-sensibilise-sur-le-respect-des-droits-de-lhomme-a-sarh","name":"le HCDH sensibilise sur le respect des Droits de l\u2019Homme \u00e0 Sarh - tchad","isPartOf":{"@id":"https:\/\/www.africa-press.net\/tchad\/#website"},"primaryImageOfPage":{"@id":"https:\/\/www.africa-press.net\/tchad\/politique\/le-hcdh-sensibilise-sur-le-respect-des-droits-de-lhomme-a-sarh#primaryimage"},"image":{"@id":"https:\/\/www.africa-press.net\/tchad\/politique\/le-hcdh-sensibilise-sur-le-respect-des-droits-de-lhomme-a-sarh#primaryimage"},"thumbnailUrl":"https:\/\/static.africa-press.net\/tchad\/sites\/41\/2023\/10\/sm_1697801387.279976.jpg","datePublished":"2023-10-20T14:14:26+00:00","dateModified":"2023-10-20T15:00:29+00:00","author":{"@id":"https:\/\/www.africa-press.net\/tchad\/#\/schema\/person\/2b1cf3cd81a31e3cd26889ca66d677f1"},"description":"Le Haut-Commissariat des Nations Unies pour les Droits de l\u2019Homme, en partenariat avec le ministe\u0300re de la Justice, a or ...","breadcrumb":{"@id":"https:\/\/www.africa-press.net\/tchad\/politique\/le-hcdh-sensibilise-sur-le-respect-des-droits-de-lhomme-a-sarh#breadcrumb"},"inLanguage":"fr-FR","potentialAction":[{"@type":"ReadAction","target":["https:\/\/www.africa-press.net\/tchad\/politique\/le-hcdh-sensibilise-sur-le-respect-des-droits-de-lhomme-a-sarh"]}]},{"@type":"ImageObject","inLanguage":"fr-FR","@id":"https:\/\/www.africa-press.net\/tchad\/politique\/le-hcdh-sensibilise-sur-le-respect-des-droits-de-lhomme-a-sarh#primaryimage","url":"https:\/\/static.africa-press.net\/tchad\/sites\/41\/2023\/10\/sm_1697801387.279976.jpg","contentUrl":"https:\/\/static.africa-press.net\/tchad\/sites\/41\/2023\/10\/sm_1697801387.279976.jpg","width":1080,"height":486,"caption":"le HCDH sensibilise sur le respect des Droits de l\u2019Homme \u00e0 Sarh"},{"@type":"BreadcrumbList","@id":"https:\/\/www.africa-press.net\/tchad\/politique\/le-hcdh-sensibilise-sur-le-respect-des-droits-de-lhomme-a-sarh#breadcrumb","itemListElement":[{"@type":"ListItem","position":1,"name":"Accueil","item":"https:\/\/www.africa-press.net\/tchad\/"},{"@type":"ListItem","position":2,"name":"le HCDH sensibilise sur le respect des Droits de l\u2019Homme \u00e0 Sarh"}]},{"@type":"WebSite","@id":"https:\/\/www.africa-press.net\/tchad\/#website","url":"https:\/\/www.africa-press.net\/tchad\/","name":"tchad","description":"Just another Africa News Agency Sites site","potentialAction":[{"@type":"SearchAction","target":{"@type":"EntryPoint","urlTemplate":"https:\/\/www.africa-press.net\/tchad\/?s={search_term_string}"},"query-input":{"@type":"PropertyValueSpecification","valueRequired":true,"valueName":"search_term_string"}}],"inLanguage":"fr-FR"},{"@type":"Person","@id":"https:\/\/www.africa-press.net\/tchad\/#\/schema\/person\/2b1cf3cd81a31e3cd26889ca66d677f1","name":"cfeditorfr"}]}},"_links":{"self":[{"href":"https:\/\/www.africa-press.net\/tchad\/wp-json\/wp\/v2\/posts\/52607","targetHints":{"allow":["GET"]}}],"collection":[{"href":"https:\/\/www.africa-press.net\/tchad\/wp-json\/wp\/v2\/posts"}],"about":[{"href":"https:\/\/www.africa-press.net\/tchad\/wp-json\/wp\/v2\/types\/post"}],"author":[{"embeddable":true,"href":"https:\/\/www.africa-press.net\/tchad\/wp-json\/wp\/v2\/users\/82"}],"replies":[{"embeddable":true,"href":"https:\/\/www.africa-press.net\/tchad\/wp-json\/wp\/v2\/comments?post=52607"}],"version-history":[{"count":0,"href":"https:\/\/www.africa-press.net\/tchad\/wp-json\/wp\/v2\/posts\/52607\/revisions"}],"wp:featuredmedia":[{"embeddable":true,"href":"https:\/\/www.africa-press.net\/tchad\/wp-json\/wp\/v2\/media\/52606"}],"wp:attachment":[{"href":"https:\/\/www.africa-press.net\/tchad\/wp-json\/wp\/v2\/media?parent=52607"}],"wp:term":[{"taxonomy":"category","embeddable":true,"href":"https:\/\/www.africa-press.net\/tchad\/wp-json\/wp\/v2\/categories?post=52607"},{"taxonomy":"post_tag","embeddable":true,"href":"https:\/\/www.africa-press.net\/tchad\/wp-json\/wp\/v2\/tags?post=52607"}],"curies":[{"name":"wp","href":"https:\/\/api.w.org\/{rel}","templated":true}]}}