{"id":52613,"date":"2023-10-20T14:15:59","date_gmt":"2023-10-20T14:15:59","guid":{"rendered":"https:\/\/www.africa-press.net\/tchad\/politique\/la-delegation-de-la-sante-du-salamat-organise-son-premier-comite-directeur"},"modified":"2023-10-20T15:01:31","modified_gmt":"2023-10-20T15:01:31","slug":"la-delegation-de-la-sante-du-salamat-organise-son-premier-comite-directeur","status":"publish","type":"post","link":"https:\/\/www.africa-press.net\/tchad\/toutes-les-actualites\/la-delegation-de-la-sante-du-salamat-organise-son-premier-comite-directeur","title":{"rendered":"la d\u00e9l\u00e9gation de la sant\u00e9 du Salamat organise son premier comit\u00e9 directeur"},"content":{"rendered":"<p><span style=\"color: #ff6600\"><strong>Africa-Press &#8211; Tchad. <\/strong><\/span>Le secre\u0301taire ge\u0301ne\u0301ral de la province du Salamat, Maab Mara, repre\u0301sentant le gouverneur a pre\u0301side\u0301 l&rsquo;ouverture officielle du comite\u0301 directeur de la de\u0301le\u0301gation provinciale de la sante\u0301 publique et de la pre\u0301vention du Salamat.<\/p>\n<p>Regroupant les agents de sante\u0301 de manie\u0300re ge\u0301ne\u0301rale et les e\u0301quipes cadres de districts ainsi que ceux de la de\u0301le\u0301gation de la sante\u0301 particulie\u0300rement, ce comite\u0301 directeur a pour objectif d&rsquo;analyser les re\u0301sultats des activite\u0301s de l&rsquo;anne\u0301e 2023 et les indicateurs sanitaires de la morbidite\u0301 infantile et de la mortalite\u0301 maternelle.<\/p>\n<p>L&rsquo;assise vise aussi de pre\u0301senter les particularite\u0301s des districts, et de formuler des recommandations pour re\u0301soudre les proble\u0300mes rencontre\u0301es. Le de\u0301le\u0301gue\u0301 provincial de la sante\u0301 publique et de la pre\u0301vention, Adoum Mahamat Tidjani notifie que le comite\u0301 directeur, est un cadre de concertation et d&rsquo;e\u0301changes entre les diffe\u0301rents acteurs intervenant dans le secteur sanitaire.<\/p>\n<p>Repre\u0301sentant le gouverneur, le secre\u0301taire ge\u0301ne\u0301ral de la province du Salamat, Maab Mara a de\u0301clare\u0301 que les resultats des travaux permettront sans doute de donner un nouvel e\u0301lan a\u0300 la de\u0301le\u0301gation provinciale de la Sante\u0301 du Salamat d&rsquo;accomplir efficacement la mission.<\/p>\n<p>\u00ab\u00a0La de\u0301le\u0301gation provinciale de la sante\u0301 et de la pre\u0301vention du Salamat face aux de\u0301fis de la mortalite\u0301 maternelle, Infantile et ne\u0301onatale\u00a0\u00bb, est le the\u0300me de cette assise semestrielle qui durera trois jours.<\/p>\n<p><strong>Pour plus d&rsquo;informations et d&rsquo;analyses sur la <a href=\"https:\/\/www.africa-press.net\/tchad\">Tchad<\/a>, suivez <a href=\"https:\/\/www.africa-press.net\/\">Africa-Press<\/a><\/strong><\/p>\n","protected":false},"excerpt":{"rendered":"<p>Africa-Press &#8211; Tchad. Le secre\u0301taire ge\u0301ne\u0301ral de la province du Salamat, Maab Mara, repre\u0301sentant le gouverneur a pre\u0301side\u0301 l&rsquo;ouverture officielle du comite\u0301 directeur de la de\u0301le\u0301gation provinciale de la sante\u0301 publique et de la pre\u0301vention du Salamat. Regroupant les agents de sante\u0301 de manie\u0300re ge\u0301ne\u0301rale et les e\u0301quipes cadres de districts ainsi que ceux de [&hellip;]<\/p>\n","protected":false},"author":82,"featured_media":52611,"comment_status":"open","ping_status":"closed","sticky":false,"template":"","format":"standard","meta":{"footnotes":""},"categories":[21,10],"tags":[37,292,29],"class_list":["post-52613","post","type-post","status-publish","format-standard","has-post-thumbnail","hentry","category-communaute","category-toutes-les-actualites","tag-africa-press","tag-africa-press-tchad","tag-tchad"],"yoast_head":"<!-- This site is optimized with the Yoast SEO Premium plugin v26.1 (Yoast SEO v27.0) - https:\/\/yoast.com\/product\/yoast-seo-premium-wordpress\/ -->\n<title>la d\u00e9l\u00e9gation de la sant\u00e9 du Salamat organise son premier comit\u00e9 directeur - tchad<\/title>\n<meta name=\"description\" content=\"Le secre\u0301taire ge\u0301ne\u0301ral de la province du Salamat, Maab Mara, repre\u0301sentant le gouverneur a pre\u0301side\u0301 l&#039;ouverture offic ...\" \/>\n<meta name=\"robots\" content=\"index, follow, max-snippet:-1, max-image-preview:large, max-video-preview:-1\" \/>\n<link rel=\"canonical\" href=\"https:\/\/www.africa-press.net\/tchad\/toutes-les-actualites\/la-delegation-de-la-sante-du-salamat-organise-son-premier-comite-directeur\" \/>\n<meta property=\"og:locale\" content=\"fr_FR\" \/>\n<meta property=\"og:type\" content=\"article\" \/>\n<meta property=\"og:title\" content=\"la d\u00e9l\u00e9gation de la sant\u00e9 du Salamat organise son premier comit\u00e9 directeur\" \/>\n<meta property=\"og:description\" content=\"Le secre\u0301taire ge\u0301ne\u0301ral de la province du Salamat, Maab Mara, repre\u0301sentant le gouverneur a pre\u0301side\u0301 l&#039;ouverture offic ...\" \/>\n<meta property=\"og:url\" content=\"https:\/\/www.africa-press.net\/tchad\/toutes-les-actualites\/la-delegation-de-la-sante-du-salamat-organise-son-premier-comite-directeur\" \/>\n<meta property=\"og:site_name\" content=\"tchad\" \/>\n<meta property=\"article:published_time\" content=\"2023-10-20T14:15:59+00:00\" \/>\n<meta property=\"article:modified_time\" content=\"2023-10-20T15:01:31+00:00\" \/>\n<meta property=\"og:image\" content=\"https:\/\/static.africa-press.net\/tchad\/sites\/41\/2023\/10\/sm_1697801445.573123.jpg\" \/>\n\t<meta property=\"og:image:width\" content=\"1920\" \/>\n\t<meta property=\"og:image:height\" content=\"1080\" \/>\n\t<meta property=\"og:image:type\" content=\"image\/jpeg\" \/>\n<meta name=\"author\" content=\"cfeditorfr\" \/>\n<meta name=\"twitter:card\" content=\"summary_large_image\" \/>\n<meta name=\"twitter:label1\" content=\"\u00c9crit par\" \/>\n\t<meta name=\"twitter:data1\" content=\"cfeditorfr\" \/>\n\t<meta name=\"twitter:label2\" content=\"Dur\u00e9e de lecture estim\u00e9e\" \/>\n\t<meta name=\"twitter:data2\" content=\"1 minute\" \/>\n<script type=\"application\/ld+json\" class=\"yoast-schema-graph\">{\"@context\":\"https:\/\/schema.org\",\"@graph\":[{\"@type\":\"Article\",\"@id\":\"https:\/\/www.africa-press.net\/tchad\/toutes-les-actualites\/la-delegation-de-la-sante-du-salamat-organise-son-premier-comite-directeur#article\",\"isPartOf\":{\"@id\":\"https:\/\/www.africa-press.net\/tchad\/toutes-les-actualites\/la-delegation-de-la-sante-du-salamat-organise-son-premier-comite-directeur\"},\"author\":{\"name\":\"cfeditorfr\",\"@id\":\"https:\/\/www.africa-press.net\/tchad\/#\/schema\/person\/2b1cf3cd81a31e3cd26889ca66d677f1\"},\"headline\":\"la d\u00e9l\u00e9gation de la sant\u00e9 du Salamat organise son premier comit\u00e9 directeur\",\"datePublished\":\"2023-10-20T14:15:59+00:00\",\"dateModified\":\"2023-10-20T15:01:31+00:00\",\"mainEntityOfPage\":{\"@id\":\"https:\/\/www.africa-press.net\/tchad\/toutes-les-actualites\/la-delegation-de-la-sante-du-salamat-organise-son-premier-comite-directeur\"},\"wordCount\":289,\"commentCount\":0,\"image\":{\"@id\":\"https:\/\/www.africa-press.net\/tchad\/toutes-les-actualites\/la-delegation-de-la-sante-du-salamat-organise-son-premier-comite-directeur#primaryimage\"},\"thumbnailUrl\":\"https:\/\/static.africa-press.net\/tchad\/sites\/41\/2023\/10\/sm_1697801445.573123.jpg\",\"keywords\":[\"Africa Press\",\"Africa Press-Tchad\",\"Tchad\"],\"articleSection\":[\"Communaut\u00e9\",\"Toutes les actualit\u00e9s\"],\"inLanguage\":\"fr-FR\",\"potentialAction\":[{\"@type\":\"CommentAction\",\"name\":\"Comment\",\"target\":[\"https:\/\/www.africa-press.net\/tchad\/toutes-les-actualites\/la-delegation-de-la-sante-du-salamat-organise-son-premier-comite-directeur#respond\"]}]},{\"@type\":\"WebPage\",\"@id\":\"https:\/\/www.africa-press.net\/tchad\/toutes-les-actualites\/la-delegation-de-la-sante-du-salamat-organise-son-premier-comite-directeur\",\"url\":\"https:\/\/www.africa-press.net\/tchad\/toutes-les-actualites\/la-delegation-de-la-sante-du-salamat-organise-son-premier-comite-directeur\",\"name\":\"la d\u00e9l\u00e9gation de la sant\u00e9 du Salamat organise son premier comit\u00e9 directeur - tchad\",\"isPartOf\":{\"@id\":\"https:\/\/www.africa-press.net\/tchad\/#website\"},\"primaryImageOfPage\":{\"@id\":\"https:\/\/www.africa-press.net\/tchad\/toutes-les-actualites\/la-delegation-de-la-sante-du-salamat-organise-son-premier-comite-directeur#primaryimage\"},\"image\":{\"@id\":\"https:\/\/www.africa-press.net\/tchad\/toutes-les-actualites\/la-delegation-de-la-sante-du-salamat-organise-son-premier-comite-directeur#primaryimage\"},\"thumbnailUrl\":\"https:\/\/static.africa-press.net\/tchad\/sites\/41\/2023\/10\/sm_1697801445.573123.jpg\",\"datePublished\":\"2023-10-20T14:15:59+00:00\",\"dateModified\":\"2023-10-20T15:01:31+00:00\",\"author\":{\"@id\":\"https:\/\/www.africa-press.net\/tchad\/#\/schema\/person\/2b1cf3cd81a31e3cd26889ca66d677f1\"},\"description\":\"Le secre\u0301taire ge\u0301ne\u0301ral de la province du Salamat, Maab Mara, repre\u0301sentant le gouverneur a pre\u0301side\u0301 l'ouverture offic ...\",\"breadcrumb\":{\"@id\":\"https:\/\/www.africa-press.net\/tchad\/toutes-les-actualites\/la-delegation-de-la-sante-du-salamat-organise-son-premier-comite-directeur#breadcrumb\"},\"inLanguage\":\"fr-FR\",\"potentialAction\":[{\"@type\":\"ReadAction\",\"target\":[\"https:\/\/www.africa-press.net\/tchad\/toutes-les-actualites\/la-delegation-de-la-sante-du-salamat-organise-son-premier-comite-directeur\"]}]},{\"@type\":\"ImageObject\",\"inLanguage\":\"fr-FR\",\"@id\":\"https:\/\/www.africa-press.net\/tchad\/toutes-les-actualites\/la-delegation-de-la-sante-du-salamat-organise-son-premier-comite-directeur#primaryimage\",\"url\":\"https:\/\/static.africa-press.net\/tchad\/sites\/41\/2023\/10\/sm_1697801445.573123.jpg\",\"contentUrl\":\"https:\/\/static.africa-press.net\/tchad\/sites\/41\/2023\/10\/sm_1697801445.573123.jpg\",\"width\":1920,\"height\":1080,\"caption\":\"la d\u00e9l\u00e9gation de la sant\u00e9 du Salamat organise son premier comit\u00e9 directeur\"},{\"@type\":\"BreadcrumbList\",\"@id\":\"https:\/\/www.africa-press.net\/tchad\/toutes-les-actualites\/la-delegation-de-la-sante-du-salamat-organise-son-premier-comite-directeur#breadcrumb\",\"itemListElement\":[{\"@type\":\"ListItem\",\"position\":1,\"name\":\"Accueil\",\"item\":\"https:\/\/www.africa-press.net\/tchad\/\"},{\"@type\":\"ListItem\",\"position\":2,\"name\":\"la d\u00e9l\u00e9gation de la sant\u00e9 du Salamat organise son premier comit\u00e9 directeur\"}]},{\"@type\":\"WebSite\",\"@id\":\"https:\/\/www.africa-press.net\/tchad\/#website\",\"url\":\"https:\/\/www.africa-press.net\/tchad\/\",\"name\":\"tchad\",\"description\":\"Just another Africa News Agency Sites site\",\"potentialAction\":[{\"@type\":\"SearchAction\",\"target\":{\"@type\":\"EntryPoint\",\"urlTemplate\":\"https:\/\/www.africa-press.net\/tchad\/?s={search_term_string}\"},\"query-input\":{\"@type\":\"PropertyValueSpecification\",\"valueRequired\":true,\"valueName\":\"search_term_string\"}}],\"inLanguage\":\"fr-FR\"},{\"@type\":\"Person\",\"@id\":\"https:\/\/www.africa-press.net\/tchad\/#\/schema\/person\/2b1cf3cd81a31e3cd26889ca66d677f1\",\"name\":\"cfeditorfr\"}]}<\/script>\n<!-- \/ Yoast SEO Premium plugin. -->","yoast_head_json":{"title":"la d\u00e9l\u00e9gation de la sant\u00e9 du Salamat organise son premier comit\u00e9 directeur - tchad","description":"Le secre\u0301taire ge\u0301ne\u0301ral de la province du Salamat, Maab Mara, repre\u0301sentant le gouverneur a pre\u0301side\u0301 l'ouverture offic ...","robots":{"index":"index","follow":"follow","max-snippet":"max-snippet:-1","max-image-preview":"max-image-preview:large","max-video-preview":"max-video-preview:-1"},"canonical":"https:\/\/www.africa-press.net\/tchad\/toutes-les-actualites\/la-delegation-de-la-sante-du-salamat-organise-son-premier-comite-directeur","og_locale":"fr_FR","og_type":"article","og_title":"la d\u00e9l\u00e9gation de la sant\u00e9 du Salamat organise son premier comit\u00e9 directeur","og_description":"Le secre\u0301taire ge\u0301ne\u0301ral de la province du Salamat, Maab Mara, repre\u0301sentant le gouverneur a pre\u0301side\u0301 l'ouverture offic ...","og_url":"https:\/\/www.africa-press.net\/tchad\/toutes-les-actualites\/la-delegation-de-la-sante-du-salamat-organise-son-premier-comite-directeur","og_site_name":"tchad","article_published_time":"2023-10-20T14:15:59+00:00","article_modified_time":"2023-10-20T15:01:31+00:00","og_image":[{"width":1920,"height":1080,"url":"https:\/\/static.africa-press.net\/tchad\/sites\/41\/2023\/10\/sm_1697801445.573123.jpg","type":"image\/jpeg"}],"author":"cfeditorfr","twitter_card":"summary_large_image","twitter_misc":{"\u00c9crit par":"cfeditorfr","Dur\u00e9e de lecture estim\u00e9e":"1 minute"},"schema":{"@context":"https:\/\/schema.org","@graph":[{"@type":"Article","@id":"https:\/\/www.africa-press.net\/tchad\/toutes-les-actualites\/la-delegation-de-la-sante-du-salamat-organise-son-premier-comite-directeur#article","isPartOf":{"@id":"https:\/\/www.africa-press.net\/tchad\/toutes-les-actualites\/la-delegation-de-la-sante-du-salamat-organise-son-premier-comite-directeur"},"author":{"name":"cfeditorfr","@id":"https:\/\/www.africa-press.net\/tchad\/#\/schema\/person\/2b1cf3cd81a31e3cd26889ca66d677f1"},"headline":"la d\u00e9l\u00e9gation de la sant\u00e9 du Salamat organise son premier comit\u00e9 directeur","datePublished":"2023-10-20T14:15:59+00:00","dateModified":"2023-10-20T15:01:31+00:00","mainEntityOfPage":{"@id":"https:\/\/www.africa-press.net\/tchad\/toutes-les-actualites\/la-delegation-de-la-sante-du-salamat-organise-son-premier-comite-directeur"},"wordCount":289,"commentCount":0,"image":{"@id":"https:\/\/www.africa-press.net\/tchad\/toutes-les-actualites\/la-delegation-de-la-sante-du-salamat-organise-son-premier-comite-directeur#primaryimage"},"thumbnailUrl":"https:\/\/static.africa-press.net\/tchad\/sites\/41\/2023\/10\/sm_1697801445.573123.jpg","keywords":["Africa Press","Africa Press-Tchad","Tchad"],"articleSection":["Communaut\u00e9","Toutes les actualit\u00e9s"],"inLanguage":"fr-FR","potentialAction":[{"@type":"CommentAction","name":"Comment","target":["https:\/\/www.africa-press.net\/tchad\/toutes-les-actualites\/la-delegation-de-la-sante-du-salamat-organise-son-premier-comite-directeur#respond"]}]},{"@type":"WebPage","@id":"https:\/\/www.africa-press.net\/tchad\/toutes-les-actualites\/la-delegation-de-la-sante-du-salamat-organise-son-premier-comite-directeur","url":"https:\/\/www.africa-press.net\/tchad\/toutes-les-actualites\/la-delegation-de-la-sante-du-salamat-organise-son-premier-comite-directeur","name":"la d\u00e9l\u00e9gation de la sant\u00e9 du Salamat organise son premier comit\u00e9 directeur - tchad","isPartOf":{"@id":"https:\/\/www.africa-press.net\/tchad\/#website"},"primaryImageOfPage":{"@id":"https:\/\/www.africa-press.net\/tchad\/toutes-les-actualites\/la-delegation-de-la-sante-du-salamat-organise-son-premier-comite-directeur#primaryimage"},"image":{"@id":"https:\/\/www.africa-press.net\/tchad\/toutes-les-actualites\/la-delegation-de-la-sante-du-salamat-organise-son-premier-comite-directeur#primaryimage"},"thumbnailUrl":"https:\/\/static.africa-press.net\/tchad\/sites\/41\/2023\/10\/sm_1697801445.573123.jpg","datePublished":"2023-10-20T14:15:59+00:00","dateModified":"2023-10-20T15:01:31+00:00","author":{"@id":"https:\/\/www.africa-press.net\/tchad\/#\/schema\/person\/2b1cf3cd81a31e3cd26889ca66d677f1"},"description":"Le secre\u0301taire ge\u0301ne\u0301ral de la province du Salamat, Maab Mara, repre\u0301sentant le gouverneur a pre\u0301side\u0301 l'ouverture offic ...","breadcrumb":{"@id":"https:\/\/www.africa-press.net\/tchad\/toutes-les-actualites\/la-delegation-de-la-sante-du-salamat-organise-son-premier-comite-directeur#breadcrumb"},"inLanguage":"fr-FR","potentialAction":[{"@type":"ReadAction","target":["https:\/\/www.africa-press.net\/tchad\/toutes-les-actualites\/la-delegation-de-la-sante-du-salamat-organise-son-premier-comite-directeur"]}]},{"@type":"ImageObject","inLanguage":"fr-FR","@id":"https:\/\/www.africa-press.net\/tchad\/toutes-les-actualites\/la-delegation-de-la-sante-du-salamat-organise-son-premier-comite-directeur#primaryimage","url":"https:\/\/static.africa-press.net\/tchad\/sites\/41\/2023\/10\/sm_1697801445.573123.jpg","contentUrl":"https:\/\/static.africa-press.net\/tchad\/sites\/41\/2023\/10\/sm_1697801445.573123.jpg","width":1920,"height":1080,"caption":"la d\u00e9l\u00e9gation de la sant\u00e9 du Salamat organise son premier comit\u00e9 directeur"},{"@type":"BreadcrumbList","@id":"https:\/\/www.africa-press.net\/tchad\/toutes-les-actualites\/la-delegation-de-la-sante-du-salamat-organise-son-premier-comite-directeur#breadcrumb","itemListElement":[{"@type":"ListItem","position":1,"name":"Accueil","item":"https:\/\/www.africa-press.net\/tchad\/"},{"@type":"ListItem","position":2,"name":"la d\u00e9l\u00e9gation de la sant\u00e9 du Salamat organise son premier comit\u00e9 directeur"}]},{"@type":"WebSite","@id":"https:\/\/www.africa-press.net\/tchad\/#website","url":"https:\/\/www.africa-press.net\/tchad\/","name":"tchad","description":"Just another Africa News Agency Sites site","potentialAction":[{"@type":"SearchAction","target":{"@type":"EntryPoint","urlTemplate":"https:\/\/www.africa-press.net\/tchad\/?s={search_term_string}"},"query-input":{"@type":"PropertyValueSpecification","valueRequired":true,"valueName":"search_term_string"}}],"inLanguage":"fr-FR"},{"@type":"Person","@id":"https:\/\/www.africa-press.net\/tchad\/#\/schema\/person\/2b1cf3cd81a31e3cd26889ca66d677f1","name":"cfeditorfr"}]}},"_links":{"self":[{"href":"https:\/\/www.africa-press.net\/tchad\/wp-json\/wp\/v2\/posts\/52613","targetHints":{"allow":["GET"]}}],"collection":[{"href":"https:\/\/www.africa-press.net\/tchad\/wp-json\/wp\/v2\/posts"}],"about":[{"href":"https:\/\/www.africa-press.net\/tchad\/wp-json\/wp\/v2\/types\/post"}],"author":[{"embeddable":true,"href":"https:\/\/www.africa-press.net\/tchad\/wp-json\/wp\/v2\/users\/82"}],"replies":[{"embeddable":true,"href":"https:\/\/www.africa-press.net\/tchad\/wp-json\/wp\/v2\/comments?post=52613"}],"version-history":[{"count":0,"href":"https:\/\/www.africa-press.net\/tchad\/wp-json\/wp\/v2\/posts\/52613\/revisions"}],"wp:featuredmedia":[{"embeddable":true,"href":"https:\/\/www.africa-press.net\/tchad\/wp-json\/wp\/v2\/media\/52611"}],"wp:attachment":[{"href":"https:\/\/www.africa-press.net\/tchad\/wp-json\/wp\/v2\/media?parent=52613"}],"wp:term":[{"taxonomy":"category","embeddable":true,"href":"https:\/\/www.africa-press.net\/tchad\/wp-json\/wp\/v2\/categories?post=52613"},{"taxonomy":"post_tag","embeddable":true,"href":"https:\/\/www.africa-press.net\/tchad\/wp-json\/wp\/v2\/tags?post=52613"}],"curies":[{"name":"wp","href":"https:\/\/api.w.org\/{rel}","templated":true}]}}