{"id":52616,"date":"2023-10-20T14:16:29","date_gmt":"2023-10-20T14:16:29","guid":{"rendered":"https:\/\/www.africa-press.net\/tchad\/politique\/le-tchad-poursuit-sa-lutte-contre-la-ppr-et-la-ppcb-campagne-de-vaccination-en-perspective"},"modified":"2023-10-20T15:02:27","modified_gmt":"2023-10-20T15:02:27","slug":"le-tchad-poursuit-sa-lutte-contre-la-ppr-et-la-ppcb-campagne-de-vaccination-en-perspective","status":"publish","type":"post","link":"https:\/\/www.africa-press.net\/tchad\/toutes-les-actualites\/le-tchad-poursuit-sa-lutte-contre-la-ppr-et-la-ppcb-campagne-de-vaccination-en-perspective","title":{"rendered":"Le Tchad poursuit sa lutte contre la PPR et la PPCB : campagne de vaccination en perspective"},"content":{"rendered":"<p><span style=\"color: #ff6600\"><strong>Africa-Press &#8211; Tchad. <\/strong><\/span>Lors de son discours d&rsquo;ouverture, le Directeur Ge\u0301ne\u0301ral de\u0301le\u0301gue\u0301 de l&rsquo;OMSA, le Dr. Abakar Mahamat Nour Mallaye, a souligne\u0301 que la DGSV, avec le soutien de partenaires techniques et financiers, avait rec\u0327u 11 000 000 doses de vaccin contre la PPR et 3 020 000 doses de vaccin contre la PPCB pour la campagne 2022-2023. Ils se sont fixe\u0301s pour objectif d&rsquo;atteindre un taux de couverture de 15 % pour la PPR et 20 % pour la PPCB. La campagne pre\u0301vue pour 2023-2024 doublera ces chiffres, avec 20 000 000 de doses pour la PPR et 6 320 000 doses pour la PPCB.<\/p>\n<p>L&rsquo;objectif principal de cette re\u0301union est d&rsquo;e\u0301valuer la campagne de vaccination de l&rsquo;e\u0301dition 2022-2023 afin d&rsquo;ame\u0301liorer celle qui vient de de\u0301buter. Il s&rsquo;agit e\u0301galement de discuter des aspects lie\u0301s a\u0300 la bonne planification des campagnes de vaccination contre la PPR et la PPCB avec les de\u0301le\u0301gue\u0301s et les chefs de secteur.<\/p>\n<p>Le coordinateur de PRAPS 2, Yacoub Brahim Djouma, a souligne\u0301 que la lutte contre ces deux maladies est confronte\u0301e a\u0300 divers de\u0301fis, notamment le respect des calendriers, le marquage des animaux, l&rsquo;e\u0301largissement du nombre de be\u0301ne\u0301ficiaires, la gestion responsable des ressources, et d&rsquo;autres aspects. La prochaine campagne offre une opportunite\u0301 pour faire appel aux e\u0301leveurs, aux autorite\u0301s locales, ainsi qu&rsquo;aux leaders religieux et d&rsquo;opinion, afin de les impliquer davantage dans les campagnes de vaccination.<\/p>\n<p>Dans son discours, le ministre de l&rsquo;E\u0301levage et des Productions Animales, Pr. Abderahim Awat Atteib, a rappele\u0301 que le Tchad s&rsquo;est engage\u0301 a\u0300 e\u0301radiquer la Peste des Petits Ruminants (PPR) d&rsquo;ici 2030 et a\u0300 contro\u0302ler la Pe\u0301ripneumonie Contagieuse Bovine (PPCB). La vaccination de masse et le marquage des petits ruminants, ainsi que la vaccination des bovins, ont e\u0301te\u0301 identifie\u0301s comme des approches efficaces pour atteindre ces objectifs.<\/p>\n<p>Les Plans Nationaux Strate\u0301giques (PNS) joueront un ro\u0302le essentiel dans la lutte contre la PPR et la PPCB. Pour la campagne de vaccination de l&rsquo;e\u0301dition 2022-2023, 11 000 000 de doses de vaccins PPR et 3 020 000 de doses de vaccins PPCB ont e\u0301te\u0301 mises a\u0300 disposition et re\u0301parties dans les 23 de\u0301le\u0301gations provinciales de l&rsquo;E\u0301levage.<\/p>\n<p>Les ressources humaines, financie\u0300res et mate\u0301rielles mises a\u0300 disposition doivent e\u0302tre ge\u0301re\u0301es de manie\u0300re optimale et transparente pour garantir la qualite\u0301 de la campagne de vaccination, en s&rsquo;appuyant sur les enseignements tire\u0301s de la campagne pre\u0301ce\u0301dente et en s&rsquo;investissant personnellement pour son succe\u0300s.<\/p>\n<p><strong>Pour plus d&rsquo;informations et d&rsquo;analyses sur la <a href=\"https:\/\/www.africa-press.net\/tchad\">Tchad<\/a>, suivez <a href=\"https:\/\/www.africa-press.net\/\">Africa-Press<\/a><\/strong><\/p>\n","protected":false},"excerpt":{"rendered":"<p>Africa-Press &#8211; Tchad. Lors de son discours d&rsquo;ouverture, le Directeur Ge\u0301ne\u0301ral de\u0301le\u0301gue\u0301 de l&rsquo;OMSA, le Dr. Abakar Mahamat Nour Mallaye, a souligne\u0301 que la DGSV, avec le soutien de partenaires techniques et financiers, avait rec\u0327u 11 000 000 doses de vaccin contre la PPR et 3 020 000 doses de vaccin contre la PPCB pour [&hellip;]<\/p>\n","protected":false},"author":82,"featured_media":52615,"comment_status":"open","ping_status":"closed","sticky":false,"template":"","format":"standard","meta":{"footnotes":""},"categories":[21,10],"tags":[37,292,29],"class_list":["post-52616","post","type-post","status-publish","format-standard","has-post-thumbnail","hentry","category-communaute","category-toutes-les-actualites","tag-africa-press","tag-africa-press-tchad","tag-tchad"],"yoast_head":"<!-- This site is optimized with the Yoast SEO Premium plugin v26.1 (Yoast SEO v27.0) - https:\/\/yoast.com\/product\/yoast-seo-premium-wordpress\/ -->\n<title>Le Tchad poursuit sa lutte contre la PPR et la PPCB : campagne de vaccination en perspective - tchad<\/title>\n<meta name=\"description\" content=\"Lors de son discours d&#039;ouverture, le Directeur Ge\u0301ne\u0301ral de\u0301le\u0301gue\u0301 de l&#039;OMSA, le Dr. Abakar Mahamat Nour Mallaye, a sou ...\" \/>\n<meta name=\"robots\" content=\"index, follow, max-snippet:-1, max-image-preview:large, max-video-preview:-1\" \/>\n<link rel=\"canonical\" href=\"https:\/\/www.africa-press.net\/tchad\/toutes-les-actualites\/le-tchad-poursuit-sa-lutte-contre-la-ppr-et-la-ppcb-campagne-de-vaccination-en-perspective\" \/>\n<meta property=\"og:locale\" content=\"fr_FR\" \/>\n<meta property=\"og:type\" content=\"article\" \/>\n<meta property=\"og:title\" content=\"Le Tchad poursuit sa lutte contre la PPR et la PPCB : campagne de vaccination en perspective\" \/>\n<meta property=\"og:description\" content=\"Lors de son discours d&#039;ouverture, le Directeur Ge\u0301ne\u0301ral de\u0301le\u0301gue\u0301 de l&#039;OMSA, le Dr. Abakar Mahamat Nour Mallaye, a sou ...\" \/>\n<meta property=\"og:url\" content=\"https:\/\/www.africa-press.net\/tchad\/toutes-les-actualites\/le-tchad-poursuit-sa-lutte-contre-la-ppr-et-la-ppcb-campagne-de-vaccination-en-perspective\" \/>\n<meta property=\"og:site_name\" content=\"tchad\" \/>\n<meta property=\"article:published_time\" content=\"2023-10-20T14:16:29+00:00\" \/>\n<meta property=\"article:modified_time\" content=\"2023-10-20T15:02:27+00:00\" \/>\n<meta property=\"og:image\" content=\"https:\/\/static.africa-press.net\/tchad\/sites\/41\/2023\/10\/sm_1697801506.326993.jpg\" \/>\n\t<meta property=\"og:image:width\" content=\"1024\" \/>\n\t<meta property=\"og:image:height\" content=\"388\" \/>\n\t<meta property=\"og:image:type\" content=\"image\/jpeg\" \/>\n<meta name=\"author\" content=\"cfeditorfr\" \/>\n<meta name=\"twitter:card\" content=\"summary_large_image\" \/>\n<meta name=\"twitter:label1\" content=\"\u00c9crit par\" \/>\n\t<meta name=\"twitter:data1\" content=\"cfeditorfr\" \/>\n\t<meta name=\"twitter:label2\" content=\"Dur\u00e9e de lecture estim\u00e9e\" \/>\n\t<meta name=\"twitter:data2\" content=\"2 minutes\" \/>\n<script type=\"application\/ld+json\" class=\"yoast-schema-graph\">{\"@context\":\"https:\/\/schema.org\",\"@graph\":[{\"@type\":\"Article\",\"@id\":\"https:\/\/www.africa-press.net\/tchad\/toutes-les-actualites\/le-tchad-poursuit-sa-lutte-contre-la-ppr-et-la-ppcb-campagne-de-vaccination-en-perspective#article\",\"isPartOf\":{\"@id\":\"https:\/\/www.africa-press.net\/tchad\/toutes-les-actualites\/le-tchad-poursuit-sa-lutte-contre-la-ppr-et-la-ppcb-campagne-de-vaccination-en-perspective\"},\"author\":{\"name\":\"cfeditorfr\",\"@id\":\"https:\/\/www.africa-press.net\/tchad\/#\/schema\/person\/2b1cf3cd81a31e3cd26889ca66d677f1\"},\"headline\":\"Le Tchad poursuit sa lutte contre la PPR et la PPCB : campagne de vaccination en perspective\",\"datePublished\":\"2023-10-20T14:16:29+00:00\",\"dateModified\":\"2023-10-20T15:02:27+00:00\",\"mainEntityOfPage\":{\"@id\":\"https:\/\/www.africa-press.net\/tchad\/toutes-les-actualites\/le-tchad-poursuit-sa-lutte-contre-la-ppr-et-la-ppcb-campagne-de-vaccination-en-perspective\"},\"wordCount\":468,\"commentCount\":0,\"image\":{\"@id\":\"https:\/\/www.africa-press.net\/tchad\/toutes-les-actualites\/le-tchad-poursuit-sa-lutte-contre-la-ppr-et-la-ppcb-campagne-de-vaccination-en-perspective#primaryimage\"},\"thumbnailUrl\":\"https:\/\/static.africa-press.net\/tchad\/sites\/41\/2023\/10\/sm_1697801506.326993.jpg\",\"keywords\":[\"Africa Press\",\"Africa Press-Tchad\",\"Tchad\"],\"articleSection\":[\"Communaut\u00e9\",\"Toutes les actualit\u00e9s\"],\"inLanguage\":\"fr-FR\",\"potentialAction\":[{\"@type\":\"CommentAction\",\"name\":\"Comment\",\"target\":[\"https:\/\/www.africa-press.net\/tchad\/toutes-les-actualites\/le-tchad-poursuit-sa-lutte-contre-la-ppr-et-la-ppcb-campagne-de-vaccination-en-perspective#respond\"]}]},{\"@type\":\"WebPage\",\"@id\":\"https:\/\/www.africa-press.net\/tchad\/toutes-les-actualites\/le-tchad-poursuit-sa-lutte-contre-la-ppr-et-la-ppcb-campagne-de-vaccination-en-perspective\",\"url\":\"https:\/\/www.africa-press.net\/tchad\/toutes-les-actualites\/le-tchad-poursuit-sa-lutte-contre-la-ppr-et-la-ppcb-campagne-de-vaccination-en-perspective\",\"name\":\"Le Tchad poursuit sa lutte contre la PPR et la PPCB : campagne de vaccination en perspective - tchad\",\"isPartOf\":{\"@id\":\"https:\/\/www.africa-press.net\/tchad\/#website\"},\"primaryImageOfPage\":{\"@id\":\"https:\/\/www.africa-press.net\/tchad\/toutes-les-actualites\/le-tchad-poursuit-sa-lutte-contre-la-ppr-et-la-ppcb-campagne-de-vaccination-en-perspective#primaryimage\"},\"image\":{\"@id\":\"https:\/\/www.africa-press.net\/tchad\/toutes-les-actualites\/le-tchad-poursuit-sa-lutte-contre-la-ppr-et-la-ppcb-campagne-de-vaccination-en-perspective#primaryimage\"},\"thumbnailUrl\":\"https:\/\/static.africa-press.net\/tchad\/sites\/41\/2023\/10\/sm_1697801506.326993.jpg\",\"datePublished\":\"2023-10-20T14:16:29+00:00\",\"dateModified\":\"2023-10-20T15:02:27+00:00\",\"author\":{\"@id\":\"https:\/\/www.africa-press.net\/tchad\/#\/schema\/person\/2b1cf3cd81a31e3cd26889ca66d677f1\"},\"description\":\"Lors de son discours d'ouverture, le Directeur Ge\u0301ne\u0301ral de\u0301le\u0301gue\u0301 de l'OMSA, le Dr. Abakar Mahamat Nour Mallaye, a sou ...\",\"breadcrumb\":{\"@id\":\"https:\/\/www.africa-press.net\/tchad\/toutes-les-actualites\/le-tchad-poursuit-sa-lutte-contre-la-ppr-et-la-ppcb-campagne-de-vaccination-en-perspective#breadcrumb\"},\"inLanguage\":\"fr-FR\",\"potentialAction\":[{\"@type\":\"ReadAction\",\"target\":[\"https:\/\/www.africa-press.net\/tchad\/toutes-les-actualites\/le-tchad-poursuit-sa-lutte-contre-la-ppr-et-la-ppcb-campagne-de-vaccination-en-perspective\"]}]},{\"@type\":\"ImageObject\",\"inLanguage\":\"fr-FR\",\"@id\":\"https:\/\/www.africa-press.net\/tchad\/toutes-les-actualites\/le-tchad-poursuit-sa-lutte-contre-la-ppr-et-la-ppcb-campagne-de-vaccination-en-perspective#primaryimage\",\"url\":\"https:\/\/static.africa-press.net\/tchad\/sites\/41\/2023\/10\/sm_1697801506.326993.jpg\",\"contentUrl\":\"https:\/\/static.africa-press.net\/tchad\/sites\/41\/2023\/10\/sm_1697801506.326993.jpg\",\"width\":1024,\"height\":388,\"caption\":\"Le Tchad poursuit sa lutte contre la PPR et la PPCB : campagne de vaccination en perspective\"},{\"@type\":\"BreadcrumbList\",\"@id\":\"https:\/\/www.africa-press.net\/tchad\/toutes-les-actualites\/le-tchad-poursuit-sa-lutte-contre-la-ppr-et-la-ppcb-campagne-de-vaccination-en-perspective#breadcrumb\",\"itemListElement\":[{\"@type\":\"ListItem\",\"position\":1,\"name\":\"Accueil\",\"item\":\"https:\/\/www.africa-press.net\/tchad\/\"},{\"@type\":\"ListItem\",\"position\":2,\"name\":\"Le Tchad poursuit sa lutte contre la PPR et la PPCB : campagne de vaccination en perspective\"}]},{\"@type\":\"WebSite\",\"@id\":\"https:\/\/www.africa-press.net\/tchad\/#website\",\"url\":\"https:\/\/www.africa-press.net\/tchad\/\",\"name\":\"tchad\",\"description\":\"Just another Africa News Agency Sites site\",\"potentialAction\":[{\"@type\":\"SearchAction\",\"target\":{\"@type\":\"EntryPoint\",\"urlTemplate\":\"https:\/\/www.africa-press.net\/tchad\/?s={search_term_string}\"},\"query-input\":{\"@type\":\"PropertyValueSpecification\",\"valueRequired\":true,\"valueName\":\"search_term_string\"}}],\"inLanguage\":\"fr-FR\"},{\"@type\":\"Person\",\"@id\":\"https:\/\/www.africa-press.net\/tchad\/#\/schema\/person\/2b1cf3cd81a31e3cd26889ca66d677f1\",\"name\":\"cfeditorfr\"}]}<\/script>\n<!-- \/ Yoast SEO Premium plugin. -->","yoast_head_json":{"title":"Le Tchad poursuit sa lutte contre la PPR et la PPCB : campagne de vaccination en perspective - tchad","description":"Lors de son discours d'ouverture, le Directeur Ge\u0301ne\u0301ral de\u0301le\u0301gue\u0301 de l'OMSA, le Dr. Abakar Mahamat Nour Mallaye, a sou ...","robots":{"index":"index","follow":"follow","max-snippet":"max-snippet:-1","max-image-preview":"max-image-preview:large","max-video-preview":"max-video-preview:-1"},"canonical":"https:\/\/www.africa-press.net\/tchad\/toutes-les-actualites\/le-tchad-poursuit-sa-lutte-contre-la-ppr-et-la-ppcb-campagne-de-vaccination-en-perspective","og_locale":"fr_FR","og_type":"article","og_title":"Le Tchad poursuit sa lutte contre la PPR et la PPCB : campagne de vaccination en perspective","og_description":"Lors de son discours d'ouverture, le Directeur Ge\u0301ne\u0301ral de\u0301le\u0301gue\u0301 de l'OMSA, le Dr. Abakar Mahamat Nour Mallaye, a sou ...","og_url":"https:\/\/www.africa-press.net\/tchad\/toutes-les-actualites\/le-tchad-poursuit-sa-lutte-contre-la-ppr-et-la-ppcb-campagne-de-vaccination-en-perspective","og_site_name":"tchad","article_published_time":"2023-10-20T14:16:29+00:00","article_modified_time":"2023-10-20T15:02:27+00:00","og_image":[{"width":1024,"height":388,"url":"https:\/\/static.africa-press.net\/tchad\/sites\/41\/2023\/10\/sm_1697801506.326993.jpg","type":"image\/jpeg"}],"author":"cfeditorfr","twitter_card":"summary_large_image","twitter_misc":{"\u00c9crit par":"cfeditorfr","Dur\u00e9e de lecture estim\u00e9e":"2 minutes"},"schema":{"@context":"https:\/\/schema.org","@graph":[{"@type":"Article","@id":"https:\/\/www.africa-press.net\/tchad\/toutes-les-actualites\/le-tchad-poursuit-sa-lutte-contre-la-ppr-et-la-ppcb-campagne-de-vaccination-en-perspective#article","isPartOf":{"@id":"https:\/\/www.africa-press.net\/tchad\/toutes-les-actualites\/le-tchad-poursuit-sa-lutte-contre-la-ppr-et-la-ppcb-campagne-de-vaccination-en-perspective"},"author":{"name":"cfeditorfr","@id":"https:\/\/www.africa-press.net\/tchad\/#\/schema\/person\/2b1cf3cd81a31e3cd26889ca66d677f1"},"headline":"Le Tchad poursuit sa lutte contre la PPR et la PPCB : campagne de vaccination en perspective","datePublished":"2023-10-20T14:16:29+00:00","dateModified":"2023-10-20T15:02:27+00:00","mainEntityOfPage":{"@id":"https:\/\/www.africa-press.net\/tchad\/toutes-les-actualites\/le-tchad-poursuit-sa-lutte-contre-la-ppr-et-la-ppcb-campagne-de-vaccination-en-perspective"},"wordCount":468,"commentCount":0,"image":{"@id":"https:\/\/www.africa-press.net\/tchad\/toutes-les-actualites\/le-tchad-poursuit-sa-lutte-contre-la-ppr-et-la-ppcb-campagne-de-vaccination-en-perspective#primaryimage"},"thumbnailUrl":"https:\/\/static.africa-press.net\/tchad\/sites\/41\/2023\/10\/sm_1697801506.326993.jpg","keywords":["Africa Press","Africa Press-Tchad","Tchad"],"articleSection":["Communaut\u00e9","Toutes les actualit\u00e9s"],"inLanguage":"fr-FR","potentialAction":[{"@type":"CommentAction","name":"Comment","target":["https:\/\/www.africa-press.net\/tchad\/toutes-les-actualites\/le-tchad-poursuit-sa-lutte-contre-la-ppr-et-la-ppcb-campagne-de-vaccination-en-perspective#respond"]}]},{"@type":"WebPage","@id":"https:\/\/www.africa-press.net\/tchad\/toutes-les-actualites\/le-tchad-poursuit-sa-lutte-contre-la-ppr-et-la-ppcb-campagne-de-vaccination-en-perspective","url":"https:\/\/www.africa-press.net\/tchad\/toutes-les-actualites\/le-tchad-poursuit-sa-lutte-contre-la-ppr-et-la-ppcb-campagne-de-vaccination-en-perspective","name":"Le Tchad poursuit sa lutte contre la PPR et la PPCB : campagne de vaccination en perspective - tchad","isPartOf":{"@id":"https:\/\/www.africa-press.net\/tchad\/#website"},"primaryImageOfPage":{"@id":"https:\/\/www.africa-press.net\/tchad\/toutes-les-actualites\/le-tchad-poursuit-sa-lutte-contre-la-ppr-et-la-ppcb-campagne-de-vaccination-en-perspective#primaryimage"},"image":{"@id":"https:\/\/www.africa-press.net\/tchad\/toutes-les-actualites\/le-tchad-poursuit-sa-lutte-contre-la-ppr-et-la-ppcb-campagne-de-vaccination-en-perspective#primaryimage"},"thumbnailUrl":"https:\/\/static.africa-press.net\/tchad\/sites\/41\/2023\/10\/sm_1697801506.326993.jpg","datePublished":"2023-10-20T14:16:29+00:00","dateModified":"2023-10-20T15:02:27+00:00","author":{"@id":"https:\/\/www.africa-press.net\/tchad\/#\/schema\/person\/2b1cf3cd81a31e3cd26889ca66d677f1"},"description":"Lors de son discours d'ouverture, le Directeur Ge\u0301ne\u0301ral de\u0301le\u0301gue\u0301 de l'OMSA, le Dr. Abakar Mahamat Nour Mallaye, a sou ...","breadcrumb":{"@id":"https:\/\/www.africa-press.net\/tchad\/toutes-les-actualites\/le-tchad-poursuit-sa-lutte-contre-la-ppr-et-la-ppcb-campagne-de-vaccination-en-perspective#breadcrumb"},"inLanguage":"fr-FR","potentialAction":[{"@type":"ReadAction","target":["https:\/\/www.africa-press.net\/tchad\/toutes-les-actualites\/le-tchad-poursuit-sa-lutte-contre-la-ppr-et-la-ppcb-campagne-de-vaccination-en-perspective"]}]},{"@type":"ImageObject","inLanguage":"fr-FR","@id":"https:\/\/www.africa-press.net\/tchad\/toutes-les-actualites\/le-tchad-poursuit-sa-lutte-contre-la-ppr-et-la-ppcb-campagne-de-vaccination-en-perspective#primaryimage","url":"https:\/\/static.africa-press.net\/tchad\/sites\/41\/2023\/10\/sm_1697801506.326993.jpg","contentUrl":"https:\/\/static.africa-press.net\/tchad\/sites\/41\/2023\/10\/sm_1697801506.326993.jpg","width":1024,"height":388,"caption":"Le Tchad poursuit sa lutte contre la PPR et la PPCB : campagne de vaccination en perspective"},{"@type":"BreadcrumbList","@id":"https:\/\/www.africa-press.net\/tchad\/toutes-les-actualites\/le-tchad-poursuit-sa-lutte-contre-la-ppr-et-la-ppcb-campagne-de-vaccination-en-perspective#breadcrumb","itemListElement":[{"@type":"ListItem","position":1,"name":"Accueil","item":"https:\/\/www.africa-press.net\/tchad\/"},{"@type":"ListItem","position":2,"name":"Le Tchad poursuit sa lutte contre la PPR et la PPCB : campagne de vaccination en perspective"}]},{"@type":"WebSite","@id":"https:\/\/www.africa-press.net\/tchad\/#website","url":"https:\/\/www.africa-press.net\/tchad\/","name":"tchad","description":"Just another Africa News Agency Sites site","potentialAction":[{"@type":"SearchAction","target":{"@type":"EntryPoint","urlTemplate":"https:\/\/www.africa-press.net\/tchad\/?s={search_term_string}"},"query-input":{"@type":"PropertyValueSpecification","valueRequired":true,"valueName":"search_term_string"}}],"inLanguage":"fr-FR"},{"@type":"Person","@id":"https:\/\/www.africa-press.net\/tchad\/#\/schema\/person\/2b1cf3cd81a31e3cd26889ca66d677f1","name":"cfeditorfr"}]}},"_links":{"self":[{"href":"https:\/\/www.africa-press.net\/tchad\/wp-json\/wp\/v2\/posts\/52616","targetHints":{"allow":["GET"]}}],"collection":[{"href":"https:\/\/www.africa-press.net\/tchad\/wp-json\/wp\/v2\/posts"}],"about":[{"href":"https:\/\/www.africa-press.net\/tchad\/wp-json\/wp\/v2\/types\/post"}],"author":[{"embeddable":true,"href":"https:\/\/www.africa-press.net\/tchad\/wp-json\/wp\/v2\/users\/82"}],"replies":[{"embeddable":true,"href":"https:\/\/www.africa-press.net\/tchad\/wp-json\/wp\/v2\/comments?post=52616"}],"version-history":[{"count":0,"href":"https:\/\/www.africa-press.net\/tchad\/wp-json\/wp\/v2\/posts\/52616\/revisions"}],"wp:featuredmedia":[{"embeddable":true,"href":"https:\/\/www.africa-press.net\/tchad\/wp-json\/wp\/v2\/media\/52615"}],"wp:attachment":[{"href":"https:\/\/www.africa-press.net\/tchad\/wp-json\/wp\/v2\/media?parent=52616"}],"wp:term":[{"taxonomy":"category","embeddable":true,"href":"https:\/\/www.africa-press.net\/tchad\/wp-json\/wp\/v2\/categories?post=52616"},{"taxonomy":"post_tag","embeddable":true,"href":"https:\/\/www.africa-press.net\/tchad\/wp-json\/wp\/v2\/tags?post=52616"}],"curies":[{"name":"wp","href":"https:\/\/api.w.org\/{rel}","templated":true}]}}