{"id":52627,"date":"2023-10-20T14:17:26","date_gmt":"2023-10-20T14:17:26","guid":{"rendered":"https:\/\/www.africa-press.net\/tchad\/politique\/le-ceread-honore-21-laureats-du-projet-de-bilinguisme-leadership-et-citoyennete"},"modified":"2023-10-20T15:04:08","modified_gmt":"2023-10-20T15:04:08","slug":"le-ceread-honore-21-laureats-du-projet-de-bilinguisme-leadership-et-citoyennete","status":"publish","type":"post","link":"https:\/\/www.africa-press.net\/tchad\/culture-et-art\/le-ceread-honore-21-laureats-du-projet-de-bilinguisme-leadership-et-citoyennete","title":{"rendered":"le CEREAD honore 21 laur\u00e9ats du projet de Bilinguisme, Leadership et Citoyennet\u00e9"},"content":{"rendered":"<p><span style=\"color: #ff6600\"><strong>Africa-Press &#8211; Tchad. <\/strong><\/span>Ce projet est ne\u0301 d&rsquo;une constatation : le Tchad est un pays bilingue, mais le bilinguisme tel qu&rsquo;il est pratique\u0301 sur le terrain se traduit souvent par une juxtaposition de deux langues, ce qui peut entraver la cohe\u0301sion sociale entre les francophones et les arabophones du pays. Cette situation se manifeste dans le monde professionnel et lors de nombreuses rencontres publiques re\u0301unissant ces deux groupes.<\/p>\n<p>Non seulement cela entrai\u0302ne une perte de temps due a\u0300 la ne\u0301cessite\u0301 de traduction, mais cela engendre aussi des tensions qui nuisent a\u0300 la concentration sur le contenu des rencontres. Dans les pays ve\u0301ritablement bilingues, les citoyens s&rsquo;expriment couramment dans l&rsquo;une des langues officielles, sans ne\u0301cessite\u0301 de traduction. C&rsquo;est ce mode\u0300le de Tchad bilingue voire trilingue, caracte\u0301rise\u0301 par l&rsquo;unite\u0301, la justice et la cohe\u0301sion sociale, auquel nous aspirons.<\/p>\n<p>Le CEREAD, en tant qu&rsquo;organisation a\u0300 but non lucratif \u0153uvrant pour le de\u0301veloppement durable et inclusif du Tchad, a pris l&rsquo;initiative de mettre en \u0153uvre ce projet pilote avec ses propres ressources pour contribuer a\u0300 la mise en place du bilinguisme au Tchad.<\/p>\n<p>L&rsquo;objectif du CEREAD a\u0300 travers ce projet est de former, dans une premie\u0300re phase, 24 personnes bilingues, dont 12 francophones et 12 arabophones. La fondatrice du centre de recherche et d&rsquo;action pour le de\u0301veloppement, Ramatou Mahamat Houtouin, a exprime\u0301 son engagement envers cette initiative.<\/p>\n<p>La secre\u0301taire ge\u0301ne\u0301rale adjointe du gouvernement, Madame Fatime Aldjineh Garfa, repre\u0301sentant le ministre secre\u0301taire ge\u0301ne\u0301ral du gouvernement, a souligne\u0301 l&rsquo;importance de cette initiative noble dans le processus de promotion du bilinguisme au Tchad. Elle a encourage\u0301 les laure\u0301ats en soulignant qu&rsquo;ils sont le fruit des efforts de centres comme le CEREAD, qui inspirent le gouvernement a\u0300 plaider aupre\u0300s de ses partenaires.<\/p>\n\r\n                <style type=\"text\/css\">\r\n                    \r\n                    #td_uid_1_69f2577123875  .td-doubleSlider-2 .td-item1 {\r\n                        background: url(https:\/\/static.africa-press.net\/tchad\/sites\/41\/2023\/10\/sm_1697801587.597075-80x60.jpg) 0 0 no-repeat;\r\n                    }\r\n                    #td_uid_1_69f2577123875  .td-doubleSlider-2 .td-item2 {\r\n                        background: url(https:\/\/static.africa-press.net\/tchad\/sites\/41\/2023\/10\/sm_1697801601.995089-80x60.jpg) 0 0 no-repeat;\r\n                    }\r\n                <\/style>\r\n\r\n                <div id=\"td_uid_1_69f2577123875\" class=\"td-gallery td-slide-on-2-columns\">\r\n                    <div class=\"post_td_gallery\">\r\n                        <div class=\"td-gallery-slide-top\">\r\n                           <div class=\"td-gallery-title\"><\/div>\r\n\r\n                            <div class=\"td-gallery-controls-wrapper\">\r\n                                <div class=\"td-gallery-slide-count\"><span class=\"td-gallery-slide-item-focus\">1<\/span> de 2<\/div>\r\n                                <div class=\"td-gallery-slide-prev-next-but\">\r\n                                    <i class = \"td-icon-left doubleSliderPrevButton\"><\/i>\r\n                                    <i class = \"td-icon-right doubleSliderNextButton\"><\/i>\r\n                                <\/div>\r\n                            <\/div>\r\n                        <\/div>\r\n\r\n                        <div class = \"td-doubleSlider-1 \">\r\n                            <div class = \"td-slider\">\r\n                                \r\n                    <div class = \"td-slide-item td-item1\">\r\n                        <figure class=\"td-slide-galery-figure td-slide-popup-gallery\">\r\n                            <a class=\"slide-gallery-image-link\" href=\"https:\/\/static.africa-press.net\/tchad\/sites\/41\/2023\/10\/sm_1697801587.597075.jpg\" title=\"sm_1697801587.597075\"  data-caption=\"\"  data-description=\"\">\r\n                                <img decoding=\"async\" src=\"https:\/\/static.africa-press.net\/tchad\/sites\/41\/2023\/10\/sm_1697801587.597075.jpg\" srcset=\"https:\/\/static.africa-press.net\/tchad\/sites\/41\/2023\/10\/sm_1697801587.597075.jpg 870w, https:\/\/static.africa-press.net\/tchad\/sites\/41\/2023\/10\/sm_1697801587.597075-300x200.jpg 300w, https:\/\/static.africa-press.net\/tchad\/sites\/41\/2023\/10\/sm_1697801587.597075-768x512.jpg 768w\" sizes=\"(max-width: 870px) 100vw, 870px\" alt=\"\">\r\n                            <\/a>\r\n                            \r\n                        <\/figure>\r\n                    <\/div>\r\n                    <div class = \"td-slide-item td-item2\">\r\n                        <figure class=\"td-slide-galery-figure td-slide-popup-gallery\">\r\n                            <a class=\"slide-gallery-image-link\" href=\"https:\/\/static.africa-press.net\/tchad\/sites\/41\/2023\/10\/sm_1697801601.995089.jpg\" title=\"sm_1697801601.995089\"  data-caption=\"\"  data-description=\"\">\r\n                                <img decoding=\"async\" src=\"https:\/\/static.africa-press.net\/tchad\/sites\/41\/2023\/10\/sm_1697801601.995089.jpg\" srcset=\"https:\/\/static.africa-press.net\/tchad\/sites\/41\/2023\/10\/sm_1697801601.995089.jpg 870w, https:\/\/static.africa-press.net\/tchad\/sites\/41\/2023\/10\/sm_1697801601.995089-300x200.jpg 300w, https:\/\/static.africa-press.net\/tchad\/sites\/41\/2023\/10\/sm_1697801601.995089-768x512.jpg 768w\" sizes=\"(max-width: 870px) 100vw, 870px\" alt=\"\">\r\n                            <\/a>\r\n                            \r\n                        <\/figure>\r\n                    <\/div>\r\n                            <\/div>\r\n                        <\/div>\r\n\r\n                        <div class = \"td-doubleSlider-2\">\r\n                            <div class = \"td-slider\">\r\n                                \r\n                    <div class = \"td-button td-item1\">\r\n                        <div class = \"td-border\"><\/div>\r\n                    <\/div>\r\n                    <div class = \"td-button td-item2\">\r\n                        <div class = \"td-border\"><\/div>\r\n                    <\/div>\r\n                            <\/div>\r\n                        <\/div>\r\n\r\n                    <\/div>\r\n\r\n                <\/div>\r\n                \n<p><strong>Pour plus d&rsquo;informations et d&rsquo;analyses sur la <a href=\"https:\/\/www.africa-press.net\/tchad\">Tchad<\/a>, suivez <a href=\"https:\/\/www.africa-press.net\/\">Africa-Press<\/a><\/strong><\/p>\n","protected":false},"excerpt":{"rendered":"<p>Africa-Press &#8211; Tchad. Ce projet est ne\u0301 d&rsquo;une constatation : le Tchad est un pays bilingue, mais le bilinguisme tel qu&rsquo;il est pratique\u0301 sur le terrain se traduit souvent par une juxtaposition de deux langues, ce qui peut entraver la cohe\u0301sion sociale entre les francophones et les arabophones du pays. Cette situation se manifeste dans [&hellip;]<\/p>\n","protected":false},"author":82,"featured_media":52626,"comment_status":"open","ping_status":"closed","sticky":false,"template":"","format":"standard","meta":{"footnotes":""},"categories":[5,8,10],"tags":[37,292,29],"class_list":["post-52627","post","type-post","status-publish","format-standard","has-post-thumbnail","hentry","category-culture-et-art","category-photo","category-toutes-les-actualites","tag-africa-press","tag-africa-press-tchad","tag-tchad"],"yoast_head":"<!-- This site is optimized with the Yoast SEO Premium plugin v26.1 (Yoast SEO v27.0) - https:\/\/yoast.com\/product\/yoast-seo-premium-wordpress\/ -->\n<title>le CEREAD honore 21 laur\u00e9ats du projet de Bilinguisme, Leadership et Citoyennet\u00e9 - tchad<\/title>\n<meta name=\"description\" content=\"Ce projet est ne\u0301 d&#039;une constatation : le Tchad est un pays bilingue, mais le bilinguisme tel qu&#039;il est pratique\u0301 sur le ...\" \/>\n<meta name=\"robots\" content=\"index, follow, max-snippet:-1, max-image-preview:large, max-video-preview:-1\" \/>\n<link rel=\"canonical\" href=\"https:\/\/www.africa-press.net\/tchad\/culture-et-art\/le-ceread-honore-21-laureats-du-projet-de-bilinguisme-leadership-et-citoyennete\" \/>\n<meta property=\"og:locale\" content=\"fr_FR\" \/>\n<meta property=\"og:type\" content=\"article\" \/>\n<meta property=\"og:title\" content=\"le CEREAD honore 21 laur\u00e9ats du projet de Bilinguisme, Leadership et Citoyennet\u00e9\" \/>\n<meta property=\"og:description\" content=\"Ce projet est ne\u0301 d&#039;une constatation : le Tchad est un pays bilingue, mais le bilinguisme tel qu&#039;il est pratique\u0301 sur le ...\" \/>\n<meta property=\"og:url\" content=\"https:\/\/www.africa-press.net\/tchad\/culture-et-art\/le-ceread-honore-21-laureats-du-projet-de-bilinguisme-leadership-et-citoyennete\" \/>\n<meta property=\"og:site_name\" content=\"tchad\" \/>\n<meta property=\"article:published_time\" content=\"2023-10-20T14:17:26+00:00\" \/>\n<meta property=\"article:modified_time\" content=\"2023-10-20T15:04:08+00:00\" \/>\n<meta property=\"og:image\" content=\"https:\/\/static.africa-press.net\/tchad\/sites\/41\/2023\/10\/sm_1697801614.548891.jpg\" \/>\n\t<meta property=\"og:image:width\" content=\"1600\" \/>\n\t<meta property=\"og:image:height\" content=\"1066\" \/>\n\t<meta property=\"og:image:type\" content=\"image\/jpeg\" \/>\n<meta name=\"author\" content=\"cfeditorfr\" \/>\n<meta name=\"twitter:card\" content=\"summary_large_image\" \/>\n<meta name=\"twitter:label1\" content=\"\u00c9crit par\" \/>\n\t<meta name=\"twitter:data1\" content=\"cfeditorfr\" \/>\n\t<meta name=\"twitter:label2\" content=\"Dur\u00e9e de lecture estim\u00e9e\" \/>\n\t<meta name=\"twitter:data2\" content=\"2 minutes\" \/>\n<script type=\"application\/ld+json\" class=\"yoast-schema-graph\">{\"@context\":\"https:\/\/schema.org\",\"@graph\":[{\"@type\":\"Article\",\"@id\":\"https:\/\/www.africa-press.net\/tchad\/culture-et-art\/le-ceread-honore-21-laureats-du-projet-de-bilinguisme-leadership-et-citoyennete#article\",\"isPartOf\":{\"@id\":\"https:\/\/www.africa-press.net\/tchad\/culture-et-art\/le-ceread-honore-21-laureats-du-projet-de-bilinguisme-leadership-et-citoyennete\"},\"author\":{\"name\":\"cfeditorfr\",\"@id\":\"https:\/\/www.africa-press.net\/tchad\/#\/schema\/person\/2b1cf3cd81a31e3cd26889ca66d677f1\"},\"headline\":\"le CEREAD honore 21 laur\u00e9ats du projet de Bilinguisme, Leadership et Citoyennet\u00e9\",\"datePublished\":\"2023-10-20T14:17:26+00:00\",\"dateModified\":\"2023-10-20T15:04:08+00:00\",\"mainEntityOfPage\":{\"@id\":\"https:\/\/www.africa-press.net\/tchad\/culture-et-art\/le-ceread-honore-21-laureats-du-projet-de-bilinguisme-leadership-et-citoyennete\"},\"wordCount\":347,\"commentCount\":0,\"image\":{\"@id\":\"https:\/\/www.africa-press.net\/tchad\/culture-et-art\/le-ceread-honore-21-laureats-du-projet-de-bilinguisme-leadership-et-citoyennete#primaryimage\"},\"thumbnailUrl\":\"https:\/\/static.africa-press.net\/tchad\/sites\/41\/2023\/10\/sm_1697801614.548891.jpg\",\"keywords\":[\"Africa Press\",\"Africa Press-Tchad\",\"Tchad\"],\"articleSection\":[\"Culture et Art\",\"Photo\",\"Toutes les actualit\u00e9s\"],\"inLanguage\":\"fr-FR\",\"potentialAction\":[{\"@type\":\"CommentAction\",\"name\":\"Comment\",\"target\":[\"https:\/\/www.africa-press.net\/tchad\/culture-et-art\/le-ceread-honore-21-laureats-du-projet-de-bilinguisme-leadership-et-citoyennete#respond\"]}]},{\"@type\":\"WebPage\",\"@id\":\"https:\/\/www.africa-press.net\/tchad\/culture-et-art\/le-ceread-honore-21-laureats-du-projet-de-bilinguisme-leadership-et-citoyennete\",\"url\":\"https:\/\/www.africa-press.net\/tchad\/culture-et-art\/le-ceread-honore-21-laureats-du-projet-de-bilinguisme-leadership-et-citoyennete\",\"name\":\"le CEREAD honore 21 laur\u00e9ats du projet de Bilinguisme, Leadership et Citoyennet\u00e9 - tchad\",\"isPartOf\":{\"@id\":\"https:\/\/www.africa-press.net\/tchad\/#website\"},\"primaryImageOfPage\":{\"@id\":\"https:\/\/www.africa-press.net\/tchad\/culture-et-art\/le-ceread-honore-21-laureats-du-projet-de-bilinguisme-leadership-et-citoyennete#primaryimage\"},\"image\":{\"@id\":\"https:\/\/www.africa-press.net\/tchad\/culture-et-art\/le-ceread-honore-21-laureats-du-projet-de-bilinguisme-leadership-et-citoyennete#primaryimage\"},\"thumbnailUrl\":\"https:\/\/static.africa-press.net\/tchad\/sites\/41\/2023\/10\/sm_1697801614.548891.jpg\",\"datePublished\":\"2023-10-20T14:17:26+00:00\",\"dateModified\":\"2023-10-20T15:04:08+00:00\",\"author\":{\"@id\":\"https:\/\/www.africa-press.net\/tchad\/#\/schema\/person\/2b1cf3cd81a31e3cd26889ca66d677f1\"},\"description\":\"Ce projet est ne\u0301 d'une constatation : le Tchad est un pays bilingue, mais le bilinguisme tel qu'il est pratique\u0301 sur le ...\",\"breadcrumb\":{\"@id\":\"https:\/\/www.africa-press.net\/tchad\/culture-et-art\/le-ceread-honore-21-laureats-du-projet-de-bilinguisme-leadership-et-citoyennete#breadcrumb\"},\"inLanguage\":\"fr-FR\",\"potentialAction\":[{\"@type\":\"ReadAction\",\"target\":[\"https:\/\/www.africa-press.net\/tchad\/culture-et-art\/le-ceread-honore-21-laureats-du-projet-de-bilinguisme-leadership-et-citoyennete\"]}]},{\"@type\":\"ImageObject\",\"inLanguage\":\"fr-FR\",\"@id\":\"https:\/\/www.africa-press.net\/tchad\/culture-et-art\/le-ceread-honore-21-laureats-du-projet-de-bilinguisme-leadership-et-citoyennete#primaryimage\",\"url\":\"https:\/\/static.africa-press.net\/tchad\/sites\/41\/2023\/10\/sm_1697801614.548891.jpg\",\"contentUrl\":\"https:\/\/static.africa-press.net\/tchad\/sites\/41\/2023\/10\/sm_1697801614.548891.jpg\",\"width\":1600,\"height\":1066,\"caption\":\"le CEREAD honore 21 laur\u00e9ats du projet de Bilinguisme, Leadership et Citoyennet\u00e9\"},{\"@type\":\"BreadcrumbList\",\"@id\":\"https:\/\/www.africa-press.net\/tchad\/culture-et-art\/le-ceread-honore-21-laureats-du-projet-de-bilinguisme-leadership-et-citoyennete#breadcrumb\",\"itemListElement\":[{\"@type\":\"ListItem\",\"position\":1,\"name\":\"Accueil\",\"item\":\"https:\/\/www.africa-press.net\/tchad\/\"},{\"@type\":\"ListItem\",\"position\":2,\"name\":\"le CEREAD honore 21 laur\u00e9ats du projet de Bilinguisme, Leadership et Citoyennet\u00e9\"}]},{\"@type\":\"WebSite\",\"@id\":\"https:\/\/www.africa-press.net\/tchad\/#website\",\"url\":\"https:\/\/www.africa-press.net\/tchad\/\",\"name\":\"tchad\",\"description\":\"Just another Africa News Agency Sites site\",\"potentialAction\":[{\"@type\":\"SearchAction\",\"target\":{\"@type\":\"EntryPoint\",\"urlTemplate\":\"https:\/\/www.africa-press.net\/tchad\/?s={search_term_string}\"},\"query-input\":{\"@type\":\"PropertyValueSpecification\",\"valueRequired\":true,\"valueName\":\"search_term_string\"}}],\"inLanguage\":\"fr-FR\"},{\"@type\":\"Person\",\"@id\":\"https:\/\/www.africa-press.net\/tchad\/#\/schema\/person\/2b1cf3cd81a31e3cd26889ca66d677f1\",\"name\":\"cfeditorfr\"}]}<\/script>\n<!-- \/ Yoast SEO Premium plugin. -->","yoast_head_json":{"title":"le CEREAD honore 21 laur\u00e9ats du projet de Bilinguisme, Leadership et Citoyennet\u00e9 - tchad","description":"Ce projet est ne\u0301 d'une constatation : le Tchad est un pays bilingue, mais le bilinguisme tel qu'il est pratique\u0301 sur le ...","robots":{"index":"index","follow":"follow","max-snippet":"max-snippet:-1","max-image-preview":"max-image-preview:large","max-video-preview":"max-video-preview:-1"},"canonical":"https:\/\/www.africa-press.net\/tchad\/culture-et-art\/le-ceread-honore-21-laureats-du-projet-de-bilinguisme-leadership-et-citoyennete","og_locale":"fr_FR","og_type":"article","og_title":"le CEREAD honore 21 laur\u00e9ats du projet de Bilinguisme, Leadership et Citoyennet\u00e9","og_description":"Ce projet est ne\u0301 d'une constatation : le Tchad est un pays bilingue, mais le bilinguisme tel qu'il est pratique\u0301 sur le ...","og_url":"https:\/\/www.africa-press.net\/tchad\/culture-et-art\/le-ceread-honore-21-laureats-du-projet-de-bilinguisme-leadership-et-citoyennete","og_site_name":"tchad","article_published_time":"2023-10-20T14:17:26+00:00","article_modified_time":"2023-10-20T15:04:08+00:00","og_image":[{"width":1600,"height":1066,"url":"https:\/\/static.africa-press.net\/tchad\/sites\/41\/2023\/10\/sm_1697801614.548891.jpg","type":"image\/jpeg"}],"author":"cfeditorfr","twitter_card":"summary_large_image","twitter_misc":{"\u00c9crit par":"cfeditorfr","Dur\u00e9e de lecture estim\u00e9e":"2 minutes"},"schema":{"@context":"https:\/\/schema.org","@graph":[{"@type":"Article","@id":"https:\/\/www.africa-press.net\/tchad\/culture-et-art\/le-ceread-honore-21-laureats-du-projet-de-bilinguisme-leadership-et-citoyennete#article","isPartOf":{"@id":"https:\/\/www.africa-press.net\/tchad\/culture-et-art\/le-ceread-honore-21-laureats-du-projet-de-bilinguisme-leadership-et-citoyennete"},"author":{"name":"cfeditorfr","@id":"https:\/\/www.africa-press.net\/tchad\/#\/schema\/person\/2b1cf3cd81a31e3cd26889ca66d677f1"},"headline":"le CEREAD honore 21 laur\u00e9ats du projet de Bilinguisme, Leadership et Citoyennet\u00e9","datePublished":"2023-10-20T14:17:26+00:00","dateModified":"2023-10-20T15:04:08+00:00","mainEntityOfPage":{"@id":"https:\/\/www.africa-press.net\/tchad\/culture-et-art\/le-ceread-honore-21-laureats-du-projet-de-bilinguisme-leadership-et-citoyennete"},"wordCount":347,"commentCount":0,"image":{"@id":"https:\/\/www.africa-press.net\/tchad\/culture-et-art\/le-ceread-honore-21-laureats-du-projet-de-bilinguisme-leadership-et-citoyennete#primaryimage"},"thumbnailUrl":"https:\/\/static.africa-press.net\/tchad\/sites\/41\/2023\/10\/sm_1697801614.548891.jpg","keywords":["Africa Press","Africa Press-Tchad","Tchad"],"articleSection":["Culture et Art","Photo","Toutes les actualit\u00e9s"],"inLanguage":"fr-FR","potentialAction":[{"@type":"CommentAction","name":"Comment","target":["https:\/\/www.africa-press.net\/tchad\/culture-et-art\/le-ceread-honore-21-laureats-du-projet-de-bilinguisme-leadership-et-citoyennete#respond"]}]},{"@type":"WebPage","@id":"https:\/\/www.africa-press.net\/tchad\/culture-et-art\/le-ceread-honore-21-laureats-du-projet-de-bilinguisme-leadership-et-citoyennete","url":"https:\/\/www.africa-press.net\/tchad\/culture-et-art\/le-ceread-honore-21-laureats-du-projet-de-bilinguisme-leadership-et-citoyennete","name":"le CEREAD honore 21 laur\u00e9ats du projet de Bilinguisme, Leadership et Citoyennet\u00e9 - tchad","isPartOf":{"@id":"https:\/\/www.africa-press.net\/tchad\/#website"},"primaryImageOfPage":{"@id":"https:\/\/www.africa-press.net\/tchad\/culture-et-art\/le-ceread-honore-21-laureats-du-projet-de-bilinguisme-leadership-et-citoyennete#primaryimage"},"image":{"@id":"https:\/\/www.africa-press.net\/tchad\/culture-et-art\/le-ceread-honore-21-laureats-du-projet-de-bilinguisme-leadership-et-citoyennete#primaryimage"},"thumbnailUrl":"https:\/\/static.africa-press.net\/tchad\/sites\/41\/2023\/10\/sm_1697801614.548891.jpg","datePublished":"2023-10-20T14:17:26+00:00","dateModified":"2023-10-20T15:04:08+00:00","author":{"@id":"https:\/\/www.africa-press.net\/tchad\/#\/schema\/person\/2b1cf3cd81a31e3cd26889ca66d677f1"},"description":"Ce projet est ne\u0301 d'une constatation : le Tchad est un pays bilingue, mais le bilinguisme tel qu'il est pratique\u0301 sur le ...","breadcrumb":{"@id":"https:\/\/www.africa-press.net\/tchad\/culture-et-art\/le-ceread-honore-21-laureats-du-projet-de-bilinguisme-leadership-et-citoyennete#breadcrumb"},"inLanguage":"fr-FR","potentialAction":[{"@type":"ReadAction","target":["https:\/\/www.africa-press.net\/tchad\/culture-et-art\/le-ceread-honore-21-laureats-du-projet-de-bilinguisme-leadership-et-citoyennete"]}]},{"@type":"ImageObject","inLanguage":"fr-FR","@id":"https:\/\/www.africa-press.net\/tchad\/culture-et-art\/le-ceread-honore-21-laureats-du-projet-de-bilinguisme-leadership-et-citoyennete#primaryimage","url":"https:\/\/static.africa-press.net\/tchad\/sites\/41\/2023\/10\/sm_1697801614.548891.jpg","contentUrl":"https:\/\/static.africa-press.net\/tchad\/sites\/41\/2023\/10\/sm_1697801614.548891.jpg","width":1600,"height":1066,"caption":"le CEREAD honore 21 laur\u00e9ats du projet de Bilinguisme, Leadership et Citoyennet\u00e9"},{"@type":"BreadcrumbList","@id":"https:\/\/www.africa-press.net\/tchad\/culture-et-art\/le-ceread-honore-21-laureats-du-projet-de-bilinguisme-leadership-et-citoyennete#breadcrumb","itemListElement":[{"@type":"ListItem","position":1,"name":"Accueil","item":"https:\/\/www.africa-press.net\/tchad\/"},{"@type":"ListItem","position":2,"name":"le CEREAD honore 21 laur\u00e9ats du projet de Bilinguisme, Leadership et Citoyennet\u00e9"}]},{"@type":"WebSite","@id":"https:\/\/www.africa-press.net\/tchad\/#website","url":"https:\/\/www.africa-press.net\/tchad\/","name":"tchad","description":"Just another Africa News Agency Sites site","potentialAction":[{"@type":"SearchAction","target":{"@type":"EntryPoint","urlTemplate":"https:\/\/www.africa-press.net\/tchad\/?s={search_term_string}"},"query-input":{"@type":"PropertyValueSpecification","valueRequired":true,"valueName":"search_term_string"}}],"inLanguage":"fr-FR"},{"@type":"Person","@id":"https:\/\/www.africa-press.net\/tchad\/#\/schema\/person\/2b1cf3cd81a31e3cd26889ca66d677f1","name":"cfeditorfr"}]}},"_links":{"self":[{"href":"https:\/\/www.africa-press.net\/tchad\/wp-json\/wp\/v2\/posts\/52627","targetHints":{"allow":["GET"]}}],"collection":[{"href":"https:\/\/www.africa-press.net\/tchad\/wp-json\/wp\/v2\/posts"}],"about":[{"href":"https:\/\/www.africa-press.net\/tchad\/wp-json\/wp\/v2\/types\/post"}],"author":[{"embeddable":true,"href":"https:\/\/www.africa-press.net\/tchad\/wp-json\/wp\/v2\/users\/82"}],"replies":[{"embeddable":true,"href":"https:\/\/www.africa-press.net\/tchad\/wp-json\/wp\/v2\/comments?post=52627"}],"version-history":[{"count":0,"href":"https:\/\/www.africa-press.net\/tchad\/wp-json\/wp\/v2\/posts\/52627\/revisions"}],"wp:featuredmedia":[{"embeddable":true,"href":"https:\/\/www.africa-press.net\/tchad\/wp-json\/wp\/v2\/media\/52626"}],"wp:attachment":[{"href":"https:\/\/www.africa-press.net\/tchad\/wp-json\/wp\/v2\/media?parent=52627"}],"wp:term":[{"taxonomy":"category","embeddable":true,"href":"https:\/\/www.africa-press.net\/tchad\/wp-json\/wp\/v2\/categories?post=52627"},{"taxonomy":"post_tag","embeddable":true,"href":"https:\/\/www.africa-press.net\/tchad\/wp-json\/wp\/v2\/tags?post=52627"}],"curies":[{"name":"wp","href":"https:\/\/api.w.org\/{rel}","templated":true}]}}