{"id":52630,"date":"2023-10-20T14:17:56","date_gmt":"2023-10-20T14:17:56","guid":{"rendered":"https:\/\/www.africa-press.net\/tchad\/politique\/niger-le-tchad-preoccupe-par-les-produits-du-pam-bloques-au-port-de-cotonou"},"modified":"2023-10-20T15:05:30","modified_gmt":"2023-10-20T15:05:30","slug":"niger-le-tchad-preoccupe-par-les-produits-du-pam-bloques-au-port-de-cotonou","status":"publish","type":"post","link":"https:\/\/www.africa-press.net\/tchad\/politique\/niger-le-tchad-preoccupe-par-les-produits-du-pam-bloques-au-port-de-cotonou","title":{"rendered":"Niger : Le Tchad pr\u00e9occup\u00e9 par les produits du PAM bloqu\u00e9s au Port de Cotonou"},"content":{"rendered":"<p><span style=\"color: #ff6600\"><strong>Africa-Press &#8211; Tchad. <\/strong><\/span>L\u2019ambassadeur du Tchad au Niger Abdoulaye Abdelkerim Abbo Grou, a rec\u0327u le mardi 17 Octobre 2023 a\u0300 son Cabinet, M. Jean-Noe\u0308l Gentile, Repre\u0301sentant et Directeur Pays du Programme Alimentaire Mondiale (PAM) au Niger.<\/p>\n<p>L\u2019objectif de cette rencontre e\u0301tait d\u2019e\u0301changer sur les actions que me\u0300nent le PAM dans cette situation pre\u0301occupante que vie le Sahel, a indique\u0301 la chancellerie tchadienne.<\/p>\n<p>\u00ab Les questions lie\u0301es a\u0300 l&rsquo;inse\u0301curite\u0301, au mauvais e\u0301tat des routes et a\u0300 la fermeture des frontie\u0300res ainsi que du port de Cotonou par la CEDEAO ont e\u0301galement e\u0301te\u0301 aborde\u0301es. Celles ci compliquent, selon le repre\u0301sentant, la capacite\u0301 actuelle du PAM a\u0300 acheminer les vivres importe\u0301s aux de\u0301place\u0301s et aux enfants dans le besoin \u00bb.<\/p>\n<p>Selon l\u2019ambassade du Tchad au Niger, \u00ab cette rencontre de re\u0301flexion entre l\u2019ambassadeur et le directeur pays du PAM permet de re\u0301fle\u0301chir et trouver le moyen d&rsquo;acheminer les produits du PAM stocke\u0301s au port de Cotonou \u00bb.<\/p>\n<p>\u00ab Le diplomate tchadien quand a\u0300 lui, a, au cours de cet e\u0301change a e\u0301voque\u0301 la question des re\u0301fugie\u0301s soudanais a\u0300 la frontie\u0300re du Tchad est pre\u0301occupante et d&rsquo;d&rsquo;actualite\u0301 \u00bb.<\/p>\n<p>L\u2019ambassade du Tchad a releve\u0301 que depuis le de\u0301but de la crise soudanaise, le Tchad a accueilli plus de un(1) millions de re\u0301fugie\u0301s soudanais.<\/p>\n<p>\u00ab Tre\u0300s touche\u0301, le repre\u0301sentant du PAM M. Gentille Jean-Noe\u0308l, il a surtout salue\u0301 et encourage\u0301 le Tchad d\u2019avoir accepte\u0301 et de d&rsquo;avoir pris des mesures pour faciliter l&rsquo;action humanitaire \u00bb, a conclu la chancellerie tchadienne.<\/p>\n<p><strong>Pour plus d&rsquo;informations et d&rsquo;analyses sur la <a href=\"https:\/\/www.africa-press.net\/tchad\">Tchad<\/a>, suivez <a href=\"https:\/\/www.africa-press.net\/\">Africa-Press<\/a><\/strong><\/p>\n","protected":false},"excerpt":{"rendered":"<p>Africa-Press &#8211; Tchad. L\u2019ambassadeur du Tchad au Niger Abdoulaye Abdelkerim Abbo Grou, a rec\u0327u le mardi 17 Octobre 2023 a\u0300 son Cabinet, M. Jean-Noe\u0308l Gentile, Repre\u0301sentant et Directeur Pays du Programme Alimentaire Mondiale (PAM) au Niger. L\u2019objectif de cette rencontre e\u0301tait d\u2019e\u0301changer sur les actions que me\u0300nent le PAM dans cette situation pre\u0301occupante que vie [&hellip;]<\/p>\n","protected":false},"author":82,"featured_media":52629,"comment_status":"open","ping_status":"closed","sticky":false,"template":"","format":"standard","meta":{"footnotes":""},"categories":[2,20,10],"tags":[37,292,29],"class_list":["post-52630","post","type-post","status-publish","format-standard","has-post-thumbnail","hentry","category-politique","category-top-nouvelles","category-toutes-les-actualites","tag-africa-press","tag-africa-press-tchad","tag-tchad"],"yoast_head":"<!-- This site is optimized with the Yoast SEO Premium plugin v26.1 (Yoast SEO v27.0) - https:\/\/yoast.com\/product\/yoast-seo-premium-wordpress\/ -->\n<title>Niger : Le Tchad pr\u00e9occup\u00e9 par les produits du PAM bloqu\u00e9s au Port de Cotonou - tchad<\/title>\n<meta name=\"description\" content=\"L\u2019ambassadeur du Tchad au Niger Abdoulaye Abdelkerim Abbo Grou, a rec\u0327u le mardi 17 Octobre 2023 a\u0300 son Cabinet, M. Jean ...\" \/>\n<meta name=\"robots\" content=\"index, follow, max-snippet:-1, max-image-preview:large, max-video-preview:-1\" \/>\n<link rel=\"canonical\" href=\"https:\/\/www.africa-press.net\/tchad\/politique\/niger-le-tchad-preoccupe-par-les-produits-du-pam-bloques-au-port-de-cotonou\" \/>\n<meta property=\"og:locale\" content=\"fr_FR\" \/>\n<meta property=\"og:type\" content=\"article\" \/>\n<meta property=\"og:title\" content=\"Niger : Le Tchad pr\u00e9occup\u00e9 par les produits du PAM bloqu\u00e9s au Port de Cotonou\" \/>\n<meta property=\"og:description\" content=\"L\u2019ambassadeur du Tchad au Niger Abdoulaye Abdelkerim Abbo Grou, a rec\u0327u le mardi 17 Octobre 2023 a\u0300 son Cabinet, M. Jean ...\" \/>\n<meta property=\"og:url\" content=\"https:\/\/www.africa-press.net\/tchad\/politique\/niger-le-tchad-preoccupe-par-les-produits-du-pam-bloques-au-port-de-cotonou\" \/>\n<meta property=\"og:site_name\" content=\"tchad\" \/>\n<meta property=\"article:published_time\" content=\"2023-10-20T14:17:56+00:00\" \/>\n<meta property=\"article:modified_time\" content=\"2023-10-20T15:05:30+00:00\" \/>\n<meta property=\"og:image\" content=\"https:\/\/static.africa-press.net\/tchad\/sites\/41\/2023\/10\/sm_1697801674.488883.jpg\" \/>\n\t<meta property=\"og:image:width\" content=\"720\" \/>\n\t<meta property=\"og:image:height\" content=\"540\" \/>\n\t<meta property=\"og:image:type\" content=\"image\/jpeg\" \/>\n<meta name=\"author\" content=\"cfeditorfr\" \/>\n<meta name=\"twitter:card\" content=\"summary_large_image\" \/>\n<meta name=\"twitter:label1\" content=\"\u00c9crit par\" \/>\n\t<meta name=\"twitter:data1\" content=\"cfeditorfr\" \/>\n\t<meta name=\"twitter:label2\" content=\"Dur\u00e9e de lecture estim\u00e9e\" \/>\n\t<meta name=\"twitter:data2\" content=\"2 minutes\" \/>\n<script type=\"application\/ld+json\" class=\"yoast-schema-graph\">{\"@context\":\"https:\/\/schema.org\",\"@graph\":[{\"@type\":\"Article\",\"@id\":\"https:\/\/www.africa-press.net\/tchad\/politique\/niger-le-tchad-preoccupe-par-les-produits-du-pam-bloques-au-port-de-cotonou#article\",\"isPartOf\":{\"@id\":\"https:\/\/www.africa-press.net\/tchad\/politique\/niger-le-tchad-preoccupe-par-les-produits-du-pam-bloques-au-port-de-cotonou\"},\"author\":{\"name\":\"cfeditorfr\",\"@id\":\"https:\/\/www.africa-press.net\/tchad\/#\/schema\/person\/2b1cf3cd81a31e3cd26889ca66d677f1\"},\"headline\":\"Niger : Le Tchad pr\u00e9occup\u00e9 par les produits du PAM bloqu\u00e9s au Port de Cotonou\",\"datePublished\":\"2023-10-20T14:17:56+00:00\",\"dateModified\":\"2023-10-20T15:05:30+00:00\",\"mainEntityOfPage\":{\"@id\":\"https:\/\/www.africa-press.net\/tchad\/politique\/niger-le-tchad-preoccupe-par-les-produits-du-pam-bloques-au-port-de-cotonou\"},\"wordCount\":309,\"commentCount\":0,\"image\":{\"@id\":\"https:\/\/www.africa-press.net\/tchad\/politique\/niger-le-tchad-preoccupe-par-les-produits-du-pam-bloques-au-port-de-cotonou#primaryimage\"},\"thumbnailUrl\":\"https:\/\/static.africa-press.net\/tchad\/sites\/41\/2023\/10\/sm_1697801674.488883.jpg\",\"keywords\":[\"Africa Press\",\"Africa Press-Tchad\",\"Tchad\"],\"articleSection\":[\"Politique\",\"Top Nouvelles\",\"Toutes les actualit\u00e9s\"],\"inLanguage\":\"fr-FR\",\"potentialAction\":[{\"@type\":\"CommentAction\",\"name\":\"Comment\",\"target\":[\"https:\/\/www.africa-press.net\/tchad\/politique\/niger-le-tchad-preoccupe-par-les-produits-du-pam-bloques-au-port-de-cotonou#respond\"]}]},{\"@type\":\"WebPage\",\"@id\":\"https:\/\/www.africa-press.net\/tchad\/politique\/niger-le-tchad-preoccupe-par-les-produits-du-pam-bloques-au-port-de-cotonou\",\"url\":\"https:\/\/www.africa-press.net\/tchad\/politique\/niger-le-tchad-preoccupe-par-les-produits-du-pam-bloques-au-port-de-cotonou\",\"name\":\"Niger : Le Tchad pr\u00e9occup\u00e9 par les produits du PAM bloqu\u00e9s au Port de Cotonou - tchad\",\"isPartOf\":{\"@id\":\"https:\/\/www.africa-press.net\/tchad\/#website\"},\"primaryImageOfPage\":{\"@id\":\"https:\/\/www.africa-press.net\/tchad\/politique\/niger-le-tchad-preoccupe-par-les-produits-du-pam-bloques-au-port-de-cotonou#primaryimage\"},\"image\":{\"@id\":\"https:\/\/www.africa-press.net\/tchad\/politique\/niger-le-tchad-preoccupe-par-les-produits-du-pam-bloques-au-port-de-cotonou#primaryimage\"},\"thumbnailUrl\":\"https:\/\/static.africa-press.net\/tchad\/sites\/41\/2023\/10\/sm_1697801674.488883.jpg\",\"datePublished\":\"2023-10-20T14:17:56+00:00\",\"dateModified\":\"2023-10-20T15:05:30+00:00\",\"author\":{\"@id\":\"https:\/\/www.africa-press.net\/tchad\/#\/schema\/person\/2b1cf3cd81a31e3cd26889ca66d677f1\"},\"description\":\"L\u2019ambassadeur du Tchad au Niger Abdoulaye Abdelkerim Abbo Grou, a rec\u0327u le mardi 17 Octobre 2023 a\u0300 son Cabinet, M. Jean ...\",\"breadcrumb\":{\"@id\":\"https:\/\/www.africa-press.net\/tchad\/politique\/niger-le-tchad-preoccupe-par-les-produits-du-pam-bloques-au-port-de-cotonou#breadcrumb\"},\"inLanguage\":\"fr-FR\",\"potentialAction\":[{\"@type\":\"ReadAction\",\"target\":[\"https:\/\/www.africa-press.net\/tchad\/politique\/niger-le-tchad-preoccupe-par-les-produits-du-pam-bloques-au-port-de-cotonou\"]}]},{\"@type\":\"ImageObject\",\"inLanguage\":\"fr-FR\",\"@id\":\"https:\/\/www.africa-press.net\/tchad\/politique\/niger-le-tchad-preoccupe-par-les-produits-du-pam-bloques-au-port-de-cotonou#primaryimage\",\"url\":\"https:\/\/static.africa-press.net\/tchad\/sites\/41\/2023\/10\/sm_1697801674.488883.jpg\",\"contentUrl\":\"https:\/\/static.africa-press.net\/tchad\/sites\/41\/2023\/10\/sm_1697801674.488883.jpg\",\"width\":720,\"height\":540,\"caption\":\"Niger : Le Tchad pr\u00e9occup\u00e9 par les produits du PAM bloqu\u00e9s au Port de Cotonou\"},{\"@type\":\"BreadcrumbList\",\"@id\":\"https:\/\/www.africa-press.net\/tchad\/politique\/niger-le-tchad-preoccupe-par-les-produits-du-pam-bloques-au-port-de-cotonou#breadcrumb\",\"itemListElement\":[{\"@type\":\"ListItem\",\"position\":1,\"name\":\"Accueil\",\"item\":\"https:\/\/www.africa-press.net\/tchad\/\"},{\"@type\":\"ListItem\",\"position\":2,\"name\":\"Niger : Le Tchad pr\u00e9occup\u00e9 par les produits du PAM bloqu\u00e9s au Port de Cotonou\"}]},{\"@type\":\"WebSite\",\"@id\":\"https:\/\/www.africa-press.net\/tchad\/#website\",\"url\":\"https:\/\/www.africa-press.net\/tchad\/\",\"name\":\"tchad\",\"description\":\"Just another Africa News Agency Sites site\",\"potentialAction\":[{\"@type\":\"SearchAction\",\"target\":{\"@type\":\"EntryPoint\",\"urlTemplate\":\"https:\/\/www.africa-press.net\/tchad\/?s={search_term_string}\"},\"query-input\":{\"@type\":\"PropertyValueSpecification\",\"valueRequired\":true,\"valueName\":\"search_term_string\"}}],\"inLanguage\":\"fr-FR\"},{\"@type\":\"Person\",\"@id\":\"https:\/\/www.africa-press.net\/tchad\/#\/schema\/person\/2b1cf3cd81a31e3cd26889ca66d677f1\",\"name\":\"cfeditorfr\"}]}<\/script>\n<!-- \/ Yoast SEO Premium plugin. -->","yoast_head_json":{"title":"Niger : Le Tchad pr\u00e9occup\u00e9 par les produits du PAM bloqu\u00e9s au Port de Cotonou - tchad","description":"L\u2019ambassadeur du Tchad au Niger Abdoulaye Abdelkerim Abbo Grou, a rec\u0327u le mardi 17 Octobre 2023 a\u0300 son Cabinet, M. Jean ...","robots":{"index":"index","follow":"follow","max-snippet":"max-snippet:-1","max-image-preview":"max-image-preview:large","max-video-preview":"max-video-preview:-1"},"canonical":"https:\/\/www.africa-press.net\/tchad\/politique\/niger-le-tchad-preoccupe-par-les-produits-du-pam-bloques-au-port-de-cotonou","og_locale":"fr_FR","og_type":"article","og_title":"Niger : Le Tchad pr\u00e9occup\u00e9 par les produits du PAM bloqu\u00e9s au Port de Cotonou","og_description":"L\u2019ambassadeur du Tchad au Niger Abdoulaye Abdelkerim Abbo Grou, a rec\u0327u le mardi 17 Octobre 2023 a\u0300 son Cabinet, M. Jean ...","og_url":"https:\/\/www.africa-press.net\/tchad\/politique\/niger-le-tchad-preoccupe-par-les-produits-du-pam-bloques-au-port-de-cotonou","og_site_name":"tchad","article_published_time":"2023-10-20T14:17:56+00:00","article_modified_time":"2023-10-20T15:05:30+00:00","og_image":[{"width":720,"height":540,"url":"https:\/\/static.africa-press.net\/tchad\/sites\/41\/2023\/10\/sm_1697801674.488883.jpg","type":"image\/jpeg"}],"author":"cfeditorfr","twitter_card":"summary_large_image","twitter_misc":{"\u00c9crit par":"cfeditorfr","Dur\u00e9e de lecture estim\u00e9e":"2 minutes"},"schema":{"@context":"https:\/\/schema.org","@graph":[{"@type":"Article","@id":"https:\/\/www.africa-press.net\/tchad\/politique\/niger-le-tchad-preoccupe-par-les-produits-du-pam-bloques-au-port-de-cotonou#article","isPartOf":{"@id":"https:\/\/www.africa-press.net\/tchad\/politique\/niger-le-tchad-preoccupe-par-les-produits-du-pam-bloques-au-port-de-cotonou"},"author":{"name":"cfeditorfr","@id":"https:\/\/www.africa-press.net\/tchad\/#\/schema\/person\/2b1cf3cd81a31e3cd26889ca66d677f1"},"headline":"Niger : Le Tchad pr\u00e9occup\u00e9 par les produits du PAM bloqu\u00e9s au Port de Cotonou","datePublished":"2023-10-20T14:17:56+00:00","dateModified":"2023-10-20T15:05:30+00:00","mainEntityOfPage":{"@id":"https:\/\/www.africa-press.net\/tchad\/politique\/niger-le-tchad-preoccupe-par-les-produits-du-pam-bloques-au-port-de-cotonou"},"wordCount":309,"commentCount":0,"image":{"@id":"https:\/\/www.africa-press.net\/tchad\/politique\/niger-le-tchad-preoccupe-par-les-produits-du-pam-bloques-au-port-de-cotonou#primaryimage"},"thumbnailUrl":"https:\/\/static.africa-press.net\/tchad\/sites\/41\/2023\/10\/sm_1697801674.488883.jpg","keywords":["Africa Press","Africa Press-Tchad","Tchad"],"articleSection":["Politique","Top Nouvelles","Toutes les actualit\u00e9s"],"inLanguage":"fr-FR","potentialAction":[{"@type":"CommentAction","name":"Comment","target":["https:\/\/www.africa-press.net\/tchad\/politique\/niger-le-tchad-preoccupe-par-les-produits-du-pam-bloques-au-port-de-cotonou#respond"]}]},{"@type":"WebPage","@id":"https:\/\/www.africa-press.net\/tchad\/politique\/niger-le-tchad-preoccupe-par-les-produits-du-pam-bloques-au-port-de-cotonou","url":"https:\/\/www.africa-press.net\/tchad\/politique\/niger-le-tchad-preoccupe-par-les-produits-du-pam-bloques-au-port-de-cotonou","name":"Niger : Le Tchad pr\u00e9occup\u00e9 par les produits du PAM bloqu\u00e9s au Port de Cotonou - tchad","isPartOf":{"@id":"https:\/\/www.africa-press.net\/tchad\/#website"},"primaryImageOfPage":{"@id":"https:\/\/www.africa-press.net\/tchad\/politique\/niger-le-tchad-preoccupe-par-les-produits-du-pam-bloques-au-port-de-cotonou#primaryimage"},"image":{"@id":"https:\/\/www.africa-press.net\/tchad\/politique\/niger-le-tchad-preoccupe-par-les-produits-du-pam-bloques-au-port-de-cotonou#primaryimage"},"thumbnailUrl":"https:\/\/static.africa-press.net\/tchad\/sites\/41\/2023\/10\/sm_1697801674.488883.jpg","datePublished":"2023-10-20T14:17:56+00:00","dateModified":"2023-10-20T15:05:30+00:00","author":{"@id":"https:\/\/www.africa-press.net\/tchad\/#\/schema\/person\/2b1cf3cd81a31e3cd26889ca66d677f1"},"description":"L\u2019ambassadeur du Tchad au Niger Abdoulaye Abdelkerim Abbo Grou, a rec\u0327u le mardi 17 Octobre 2023 a\u0300 son Cabinet, M. Jean ...","breadcrumb":{"@id":"https:\/\/www.africa-press.net\/tchad\/politique\/niger-le-tchad-preoccupe-par-les-produits-du-pam-bloques-au-port-de-cotonou#breadcrumb"},"inLanguage":"fr-FR","potentialAction":[{"@type":"ReadAction","target":["https:\/\/www.africa-press.net\/tchad\/politique\/niger-le-tchad-preoccupe-par-les-produits-du-pam-bloques-au-port-de-cotonou"]}]},{"@type":"ImageObject","inLanguage":"fr-FR","@id":"https:\/\/www.africa-press.net\/tchad\/politique\/niger-le-tchad-preoccupe-par-les-produits-du-pam-bloques-au-port-de-cotonou#primaryimage","url":"https:\/\/static.africa-press.net\/tchad\/sites\/41\/2023\/10\/sm_1697801674.488883.jpg","contentUrl":"https:\/\/static.africa-press.net\/tchad\/sites\/41\/2023\/10\/sm_1697801674.488883.jpg","width":720,"height":540,"caption":"Niger : Le Tchad pr\u00e9occup\u00e9 par les produits du PAM bloqu\u00e9s au Port de Cotonou"},{"@type":"BreadcrumbList","@id":"https:\/\/www.africa-press.net\/tchad\/politique\/niger-le-tchad-preoccupe-par-les-produits-du-pam-bloques-au-port-de-cotonou#breadcrumb","itemListElement":[{"@type":"ListItem","position":1,"name":"Accueil","item":"https:\/\/www.africa-press.net\/tchad\/"},{"@type":"ListItem","position":2,"name":"Niger : Le Tchad pr\u00e9occup\u00e9 par les produits du PAM bloqu\u00e9s au Port de Cotonou"}]},{"@type":"WebSite","@id":"https:\/\/www.africa-press.net\/tchad\/#website","url":"https:\/\/www.africa-press.net\/tchad\/","name":"tchad","description":"Just another Africa News Agency Sites site","potentialAction":[{"@type":"SearchAction","target":{"@type":"EntryPoint","urlTemplate":"https:\/\/www.africa-press.net\/tchad\/?s={search_term_string}"},"query-input":{"@type":"PropertyValueSpecification","valueRequired":true,"valueName":"search_term_string"}}],"inLanguage":"fr-FR"},{"@type":"Person","@id":"https:\/\/www.africa-press.net\/tchad\/#\/schema\/person\/2b1cf3cd81a31e3cd26889ca66d677f1","name":"cfeditorfr"}]}},"_links":{"self":[{"href":"https:\/\/www.africa-press.net\/tchad\/wp-json\/wp\/v2\/posts\/52630","targetHints":{"allow":["GET"]}}],"collection":[{"href":"https:\/\/www.africa-press.net\/tchad\/wp-json\/wp\/v2\/posts"}],"about":[{"href":"https:\/\/www.africa-press.net\/tchad\/wp-json\/wp\/v2\/types\/post"}],"author":[{"embeddable":true,"href":"https:\/\/www.africa-press.net\/tchad\/wp-json\/wp\/v2\/users\/82"}],"replies":[{"embeddable":true,"href":"https:\/\/www.africa-press.net\/tchad\/wp-json\/wp\/v2\/comments?post=52630"}],"version-history":[{"count":0,"href":"https:\/\/www.africa-press.net\/tchad\/wp-json\/wp\/v2\/posts\/52630\/revisions"}],"wp:featuredmedia":[{"embeddable":true,"href":"https:\/\/www.africa-press.net\/tchad\/wp-json\/wp\/v2\/media\/52629"}],"wp:attachment":[{"href":"https:\/\/www.africa-press.net\/tchad\/wp-json\/wp\/v2\/media?parent=52630"}],"wp:term":[{"taxonomy":"category","embeddable":true,"href":"https:\/\/www.africa-press.net\/tchad\/wp-json\/wp\/v2\/categories?post=52630"},{"taxonomy":"post_tag","embeddable":true,"href":"https:\/\/www.africa-press.net\/tchad\/wp-json\/wp\/v2\/tags?post=52630"}],"curies":[{"name":"wp","href":"https:\/\/api.w.org\/{rel}","templated":true}]}}