{"id":52639,"date":"2023-10-20T16:11:00","date_gmt":"2023-10-20T16:11:00","guid":{"rendered":"https:\/\/www.africa-press.net\/tchad\/politique\/le-premier-ministre-salue-lengagement-du-cedpe-en-faveur-de-la-securite-et-de-la-paix"},"modified":"2023-10-20T16:16:45","modified_gmt":"2023-10-20T16:16:45","slug":"le-premier-ministre-salue-lengagement-du-cedpe-en-faveur-de-la-securite-et-de-la-paix","status":"publish","type":"post","link":"https:\/\/www.africa-press.net\/tchad\/politique\/le-premier-ministre-salue-lengagement-du-cedpe-en-faveur-de-la-securite-et-de-la-paix","title":{"rendered":"le Premier ministre salue l\u2019engagement du CEDPE en faveur de la s\u00e9curit\u00e9 et de la paix"},"content":{"rendered":"<p><span style=\"color: #ff6600\"><strong>Africa-Press &#8211; Tchad. <\/strong><\/span>Le Premier Ministre, Chef du Gouvernement d&rsquo;Union Nationale, Saleh KEBZABO a rec\u0327u en audience ce vendredi 20 octobre 2023, une de\u0301le\u0301gation du Centre d&rsquo;Etude pour le De\u0301veloppement et la Pre\u0301vention de l&rsquo;Extre\u0301misme ( CEDPE), conduite par son Pre\u0301sident fondateur, Dr Ahmat Yacoub Dabio en pre\u0301sence de quelques membres de son cabinet, rapporte la Primature.<\/p>\n<p>Le CEDPE est une structure de recherche spe\u0301cialise\u0301e dans les domaines de pre\u0301vention de la radicalisation et de l&rsquo;extre\u0301misme violent.<\/p>\n<p>L&rsquo;e\u0301quipe de cette organisation est venue pre\u0301senter les re\u0301alisations de cette dernie\u0300re au Chef du Gouvernement.<\/p>\n<p>Dans le souci de consolider la paix sociale, le CEDPE entend aussi apporter son expertise pour aider le Gouvernement dans la re\u0301alisation du Programme De\u0301sarmement, De\u0301mobilisation et Re\u0301insertion (DDR).<\/p>\n<p>Selon Dr Ahmat Yacoub Dabio, le CEDPE e\u0301tant une organisation spe\u0301cialise\u0301e dans le domaine, dispose des outils ne\u0301cessaires qui lui permettront d&rsquo;\u0153uvrer dans le processus de la mise en \u0153uvre du programme DDR (De\u0301sarmement, De\u0301mobilisation et Re\u0301insertion).<\/p>\n<p>Tchad : le Premier ministre salue l\u2019engagement du CEDPE en faveur de la se\u0301curite\u0301 et de la paix<\/p>\n<p>Brandissant ses preuves dans la re\u0301insertion des de\u0301sengage\u0301s de la ne\u0301buleuse secte Boko-Haram dans la re\u0301gion du Lac-Tchad, Le Pre\u0301sident du CEDPE estime que son organisation peut appuyer les efforts du Gouvernement a\u0300 la re\u0301insertion socio-professionnelle des politico-militaires.<\/p>\n<p>Ouvert a\u0300 toute proposition pour la quie\u0301tude et le bien-e\u0302tre social, le Premier Ministre Saleh KEBZABO, a salue\u0301 l\u2019engagement du CEDPE en faveur de la se\u0301curite\u0301 et de la paix durable au Tchad.<\/p>\n<p><strong>Pour plus d&rsquo;informations et d&rsquo;analyses sur la <a href=\"https:\/\/www.africa-press.net\/tchad\">Tchad<\/a>, suivez <a href=\"https:\/\/www.africa-press.net\/\">Africa-Press<\/a><\/strong><\/p>\n","protected":false},"excerpt":{"rendered":"<p>Africa-Press &#8211; Tchad. Le Premier Ministre, Chef du Gouvernement d&rsquo;Union Nationale, Saleh KEBZABO a rec\u0327u en audience ce vendredi 20 octobre 2023, une de\u0301le\u0301gation du Centre d&rsquo;Etude pour le De\u0301veloppement et la Pre\u0301vention de l&rsquo;Extre\u0301misme ( CEDPE), conduite par son Pre\u0301sident fondateur, Dr Ahmat Yacoub Dabio en pre\u0301sence de quelques membres de son cabinet, rapporte [&hellip;]<\/p>\n","protected":false},"author":82,"featured_media":52637,"comment_status":"open","ping_status":"closed","sticky":false,"template":"","format":"standard","meta":{"footnotes":""},"categories":[2,20,10],"tags":[37,292,29],"class_list":["post-52639","post","type-post","status-publish","format-standard","has-post-thumbnail","hentry","category-politique","category-top-nouvelles","category-toutes-les-actualites","tag-africa-press","tag-africa-press-tchad","tag-tchad"],"yoast_head":"<!-- This site is optimized with the Yoast SEO Premium plugin v26.1 (Yoast SEO v27.0) - https:\/\/yoast.com\/product\/yoast-seo-premium-wordpress\/ -->\n<title>le Premier ministre salue l\u2019engagement du CEDPE en faveur de la s\u00e9curit\u00e9 et de la paix - tchad<\/title>\n<meta name=\"description\" content=\"Le Premier Ministre, Chef du Gouvernement d&#039;Union Nationale, Saleh KEBZABO a rec\u0327u en audience ce vendredi 20 octobre 20 ...\" \/>\n<meta name=\"robots\" content=\"index, follow, max-snippet:-1, max-image-preview:large, max-video-preview:-1\" \/>\n<link rel=\"canonical\" href=\"https:\/\/www.africa-press.net\/tchad\/politique\/le-premier-ministre-salue-lengagement-du-cedpe-en-faveur-de-la-securite-et-de-la-paix\" \/>\n<meta property=\"og:locale\" content=\"fr_FR\" \/>\n<meta property=\"og:type\" content=\"article\" \/>\n<meta property=\"og:title\" content=\"le Premier ministre salue l\u2019engagement du CEDPE en faveur de la s\u00e9curit\u00e9 et de la paix\" \/>\n<meta property=\"og:description\" content=\"Le Premier Ministre, Chef du Gouvernement d&#039;Union Nationale, Saleh KEBZABO a rec\u0327u en audience ce vendredi 20 octobre 20 ...\" \/>\n<meta property=\"og:url\" content=\"https:\/\/www.africa-press.net\/tchad\/politique\/le-premier-ministre-salue-lengagement-du-cedpe-en-faveur-de-la-securite-et-de-la-paix\" \/>\n<meta property=\"og:site_name\" content=\"tchad\" \/>\n<meta property=\"article:published_time\" content=\"2023-10-20T16:11:00+00:00\" \/>\n<meta property=\"article:modified_time\" content=\"2023-10-20T16:16:45+00:00\" \/>\n<meta property=\"og:image\" content=\"https:\/\/static.africa-press.net\/tchad\/sites\/41\/2023\/10\/sm_1697805937.92106.jpg\" \/>\n\t<meta property=\"og:image:width\" content=\"960\" \/>\n\t<meta property=\"og:image:height\" content=\"640\" \/>\n\t<meta property=\"og:image:type\" content=\"image\/jpeg\" \/>\n<meta name=\"author\" content=\"cfeditorfr\" \/>\n<meta name=\"twitter:card\" content=\"summary_large_image\" \/>\n<meta name=\"twitter:label1\" content=\"\u00c9crit par\" \/>\n\t<meta name=\"twitter:data1\" content=\"cfeditorfr\" \/>\n\t<meta name=\"twitter:label2\" content=\"Dur\u00e9e de lecture estim\u00e9e\" \/>\n\t<meta name=\"twitter:data2\" content=\"1 minute\" \/>\n<script type=\"application\/ld+json\" class=\"yoast-schema-graph\">{\"@context\":\"https:\/\/schema.org\",\"@graph\":[{\"@type\":\"Article\",\"@id\":\"https:\/\/www.africa-press.net\/tchad\/politique\/le-premier-ministre-salue-lengagement-du-cedpe-en-faveur-de-la-securite-et-de-la-paix#article\",\"isPartOf\":{\"@id\":\"https:\/\/www.africa-press.net\/tchad\/politique\/le-premier-ministre-salue-lengagement-du-cedpe-en-faveur-de-la-securite-et-de-la-paix\"},\"author\":{\"name\":\"cfeditorfr\",\"@id\":\"https:\/\/www.africa-press.net\/tchad\/#\/schema\/person\/2b1cf3cd81a31e3cd26889ca66d677f1\"},\"headline\":\"le Premier ministre salue l\u2019engagement du CEDPE en faveur de la s\u00e9curit\u00e9 et de la paix\",\"datePublished\":\"2023-10-20T16:11:00+00:00\",\"dateModified\":\"2023-10-20T16:16:45+00:00\",\"mainEntityOfPage\":{\"@id\":\"https:\/\/www.africa-press.net\/tchad\/politique\/le-premier-ministre-salue-lengagement-du-cedpe-en-faveur-de-la-securite-et-de-la-paix\"},\"wordCount\":320,\"commentCount\":0,\"image\":{\"@id\":\"https:\/\/www.africa-press.net\/tchad\/politique\/le-premier-ministre-salue-lengagement-du-cedpe-en-faveur-de-la-securite-et-de-la-paix#primaryimage\"},\"thumbnailUrl\":\"https:\/\/static.africa-press.net\/tchad\/sites\/41\/2023\/10\/sm_1697805937.92106.jpg\",\"keywords\":[\"Africa Press\",\"Africa Press-Tchad\",\"Tchad\"],\"articleSection\":[\"Politique\",\"Top Nouvelles\",\"Toutes les actualit\u00e9s\"],\"inLanguage\":\"fr-FR\",\"potentialAction\":[{\"@type\":\"CommentAction\",\"name\":\"Comment\",\"target\":[\"https:\/\/www.africa-press.net\/tchad\/politique\/le-premier-ministre-salue-lengagement-du-cedpe-en-faveur-de-la-securite-et-de-la-paix#respond\"]}]},{\"@type\":\"WebPage\",\"@id\":\"https:\/\/www.africa-press.net\/tchad\/politique\/le-premier-ministre-salue-lengagement-du-cedpe-en-faveur-de-la-securite-et-de-la-paix\",\"url\":\"https:\/\/www.africa-press.net\/tchad\/politique\/le-premier-ministre-salue-lengagement-du-cedpe-en-faveur-de-la-securite-et-de-la-paix\",\"name\":\"le Premier ministre salue l\u2019engagement du CEDPE en faveur de la s\u00e9curit\u00e9 et de la paix - tchad\",\"isPartOf\":{\"@id\":\"https:\/\/www.africa-press.net\/tchad\/#website\"},\"primaryImageOfPage\":{\"@id\":\"https:\/\/www.africa-press.net\/tchad\/politique\/le-premier-ministre-salue-lengagement-du-cedpe-en-faveur-de-la-securite-et-de-la-paix#primaryimage\"},\"image\":{\"@id\":\"https:\/\/www.africa-press.net\/tchad\/politique\/le-premier-ministre-salue-lengagement-du-cedpe-en-faveur-de-la-securite-et-de-la-paix#primaryimage\"},\"thumbnailUrl\":\"https:\/\/static.africa-press.net\/tchad\/sites\/41\/2023\/10\/sm_1697805937.92106.jpg\",\"datePublished\":\"2023-10-20T16:11:00+00:00\",\"dateModified\":\"2023-10-20T16:16:45+00:00\",\"author\":{\"@id\":\"https:\/\/www.africa-press.net\/tchad\/#\/schema\/person\/2b1cf3cd81a31e3cd26889ca66d677f1\"},\"description\":\"Le Premier Ministre, Chef du Gouvernement d'Union Nationale, Saleh KEBZABO a rec\u0327u en audience ce vendredi 20 octobre 20 ...\",\"breadcrumb\":{\"@id\":\"https:\/\/www.africa-press.net\/tchad\/politique\/le-premier-ministre-salue-lengagement-du-cedpe-en-faveur-de-la-securite-et-de-la-paix#breadcrumb\"},\"inLanguage\":\"fr-FR\",\"potentialAction\":[{\"@type\":\"ReadAction\",\"target\":[\"https:\/\/www.africa-press.net\/tchad\/politique\/le-premier-ministre-salue-lengagement-du-cedpe-en-faveur-de-la-securite-et-de-la-paix\"]}]},{\"@type\":\"ImageObject\",\"inLanguage\":\"fr-FR\",\"@id\":\"https:\/\/www.africa-press.net\/tchad\/politique\/le-premier-ministre-salue-lengagement-du-cedpe-en-faveur-de-la-securite-et-de-la-paix#primaryimage\",\"url\":\"https:\/\/static.africa-press.net\/tchad\/sites\/41\/2023\/10\/sm_1697805937.92106.jpg\",\"contentUrl\":\"https:\/\/static.africa-press.net\/tchad\/sites\/41\/2023\/10\/sm_1697805937.92106.jpg\",\"width\":960,\"height\":640,\"caption\":\"le Premier ministre salue l\u2019engagement du CEDPE en faveur de la s\u00e9curit\u00e9 et de la paix\"},{\"@type\":\"BreadcrumbList\",\"@id\":\"https:\/\/www.africa-press.net\/tchad\/politique\/le-premier-ministre-salue-lengagement-du-cedpe-en-faveur-de-la-securite-et-de-la-paix#breadcrumb\",\"itemListElement\":[{\"@type\":\"ListItem\",\"position\":1,\"name\":\"Accueil\",\"item\":\"https:\/\/www.africa-press.net\/tchad\/\"},{\"@type\":\"ListItem\",\"position\":2,\"name\":\"le Premier ministre salue l\u2019engagement du CEDPE en faveur de la s\u00e9curit\u00e9 et de la paix\"}]},{\"@type\":\"WebSite\",\"@id\":\"https:\/\/www.africa-press.net\/tchad\/#website\",\"url\":\"https:\/\/www.africa-press.net\/tchad\/\",\"name\":\"tchad\",\"description\":\"Just another Africa News Agency Sites site\",\"potentialAction\":[{\"@type\":\"SearchAction\",\"target\":{\"@type\":\"EntryPoint\",\"urlTemplate\":\"https:\/\/www.africa-press.net\/tchad\/?s={search_term_string}\"},\"query-input\":{\"@type\":\"PropertyValueSpecification\",\"valueRequired\":true,\"valueName\":\"search_term_string\"}}],\"inLanguage\":\"fr-FR\"},{\"@type\":\"Person\",\"@id\":\"https:\/\/www.africa-press.net\/tchad\/#\/schema\/person\/2b1cf3cd81a31e3cd26889ca66d677f1\",\"name\":\"cfeditorfr\"}]}<\/script>\n<!-- \/ Yoast SEO Premium plugin. -->","yoast_head_json":{"title":"le Premier ministre salue l\u2019engagement du CEDPE en faveur de la s\u00e9curit\u00e9 et de la paix - tchad","description":"Le Premier Ministre, Chef du Gouvernement d'Union Nationale, Saleh KEBZABO a rec\u0327u en audience ce vendredi 20 octobre 20 ...","robots":{"index":"index","follow":"follow","max-snippet":"max-snippet:-1","max-image-preview":"max-image-preview:large","max-video-preview":"max-video-preview:-1"},"canonical":"https:\/\/www.africa-press.net\/tchad\/politique\/le-premier-ministre-salue-lengagement-du-cedpe-en-faveur-de-la-securite-et-de-la-paix","og_locale":"fr_FR","og_type":"article","og_title":"le Premier ministre salue l\u2019engagement du CEDPE en faveur de la s\u00e9curit\u00e9 et de la paix","og_description":"Le Premier Ministre, Chef du Gouvernement d'Union Nationale, Saleh KEBZABO a rec\u0327u en audience ce vendredi 20 octobre 20 ...","og_url":"https:\/\/www.africa-press.net\/tchad\/politique\/le-premier-ministre-salue-lengagement-du-cedpe-en-faveur-de-la-securite-et-de-la-paix","og_site_name":"tchad","article_published_time":"2023-10-20T16:11:00+00:00","article_modified_time":"2023-10-20T16:16:45+00:00","og_image":[{"width":960,"height":640,"url":"https:\/\/static.africa-press.net\/tchad\/sites\/41\/2023\/10\/sm_1697805937.92106.jpg","type":"image\/jpeg"}],"author":"cfeditorfr","twitter_card":"summary_large_image","twitter_misc":{"\u00c9crit par":"cfeditorfr","Dur\u00e9e de lecture estim\u00e9e":"1 minute"},"schema":{"@context":"https:\/\/schema.org","@graph":[{"@type":"Article","@id":"https:\/\/www.africa-press.net\/tchad\/politique\/le-premier-ministre-salue-lengagement-du-cedpe-en-faveur-de-la-securite-et-de-la-paix#article","isPartOf":{"@id":"https:\/\/www.africa-press.net\/tchad\/politique\/le-premier-ministre-salue-lengagement-du-cedpe-en-faveur-de-la-securite-et-de-la-paix"},"author":{"name":"cfeditorfr","@id":"https:\/\/www.africa-press.net\/tchad\/#\/schema\/person\/2b1cf3cd81a31e3cd26889ca66d677f1"},"headline":"le Premier ministre salue l\u2019engagement du CEDPE en faveur de la s\u00e9curit\u00e9 et de la paix","datePublished":"2023-10-20T16:11:00+00:00","dateModified":"2023-10-20T16:16:45+00:00","mainEntityOfPage":{"@id":"https:\/\/www.africa-press.net\/tchad\/politique\/le-premier-ministre-salue-lengagement-du-cedpe-en-faveur-de-la-securite-et-de-la-paix"},"wordCount":320,"commentCount":0,"image":{"@id":"https:\/\/www.africa-press.net\/tchad\/politique\/le-premier-ministre-salue-lengagement-du-cedpe-en-faveur-de-la-securite-et-de-la-paix#primaryimage"},"thumbnailUrl":"https:\/\/static.africa-press.net\/tchad\/sites\/41\/2023\/10\/sm_1697805937.92106.jpg","keywords":["Africa Press","Africa Press-Tchad","Tchad"],"articleSection":["Politique","Top Nouvelles","Toutes les actualit\u00e9s"],"inLanguage":"fr-FR","potentialAction":[{"@type":"CommentAction","name":"Comment","target":["https:\/\/www.africa-press.net\/tchad\/politique\/le-premier-ministre-salue-lengagement-du-cedpe-en-faveur-de-la-securite-et-de-la-paix#respond"]}]},{"@type":"WebPage","@id":"https:\/\/www.africa-press.net\/tchad\/politique\/le-premier-ministre-salue-lengagement-du-cedpe-en-faveur-de-la-securite-et-de-la-paix","url":"https:\/\/www.africa-press.net\/tchad\/politique\/le-premier-ministre-salue-lengagement-du-cedpe-en-faveur-de-la-securite-et-de-la-paix","name":"le Premier ministre salue l\u2019engagement du CEDPE en faveur de la s\u00e9curit\u00e9 et de la paix - tchad","isPartOf":{"@id":"https:\/\/www.africa-press.net\/tchad\/#website"},"primaryImageOfPage":{"@id":"https:\/\/www.africa-press.net\/tchad\/politique\/le-premier-ministre-salue-lengagement-du-cedpe-en-faveur-de-la-securite-et-de-la-paix#primaryimage"},"image":{"@id":"https:\/\/www.africa-press.net\/tchad\/politique\/le-premier-ministre-salue-lengagement-du-cedpe-en-faveur-de-la-securite-et-de-la-paix#primaryimage"},"thumbnailUrl":"https:\/\/static.africa-press.net\/tchad\/sites\/41\/2023\/10\/sm_1697805937.92106.jpg","datePublished":"2023-10-20T16:11:00+00:00","dateModified":"2023-10-20T16:16:45+00:00","author":{"@id":"https:\/\/www.africa-press.net\/tchad\/#\/schema\/person\/2b1cf3cd81a31e3cd26889ca66d677f1"},"description":"Le Premier Ministre, Chef du Gouvernement d'Union Nationale, Saleh KEBZABO a rec\u0327u en audience ce vendredi 20 octobre 20 ...","breadcrumb":{"@id":"https:\/\/www.africa-press.net\/tchad\/politique\/le-premier-ministre-salue-lengagement-du-cedpe-en-faveur-de-la-securite-et-de-la-paix#breadcrumb"},"inLanguage":"fr-FR","potentialAction":[{"@type":"ReadAction","target":["https:\/\/www.africa-press.net\/tchad\/politique\/le-premier-ministre-salue-lengagement-du-cedpe-en-faveur-de-la-securite-et-de-la-paix"]}]},{"@type":"ImageObject","inLanguage":"fr-FR","@id":"https:\/\/www.africa-press.net\/tchad\/politique\/le-premier-ministre-salue-lengagement-du-cedpe-en-faveur-de-la-securite-et-de-la-paix#primaryimage","url":"https:\/\/static.africa-press.net\/tchad\/sites\/41\/2023\/10\/sm_1697805937.92106.jpg","contentUrl":"https:\/\/static.africa-press.net\/tchad\/sites\/41\/2023\/10\/sm_1697805937.92106.jpg","width":960,"height":640,"caption":"le Premier ministre salue l\u2019engagement du CEDPE en faveur de la s\u00e9curit\u00e9 et de la paix"},{"@type":"BreadcrumbList","@id":"https:\/\/www.africa-press.net\/tchad\/politique\/le-premier-ministre-salue-lengagement-du-cedpe-en-faveur-de-la-securite-et-de-la-paix#breadcrumb","itemListElement":[{"@type":"ListItem","position":1,"name":"Accueil","item":"https:\/\/www.africa-press.net\/tchad\/"},{"@type":"ListItem","position":2,"name":"le Premier ministre salue l\u2019engagement du CEDPE en faveur de la s\u00e9curit\u00e9 et de la paix"}]},{"@type":"WebSite","@id":"https:\/\/www.africa-press.net\/tchad\/#website","url":"https:\/\/www.africa-press.net\/tchad\/","name":"tchad","description":"Just another Africa News Agency Sites site","potentialAction":[{"@type":"SearchAction","target":{"@type":"EntryPoint","urlTemplate":"https:\/\/www.africa-press.net\/tchad\/?s={search_term_string}"},"query-input":{"@type":"PropertyValueSpecification","valueRequired":true,"valueName":"search_term_string"}}],"inLanguage":"fr-FR"},{"@type":"Person","@id":"https:\/\/www.africa-press.net\/tchad\/#\/schema\/person\/2b1cf3cd81a31e3cd26889ca66d677f1","name":"cfeditorfr"}]}},"_links":{"self":[{"href":"https:\/\/www.africa-press.net\/tchad\/wp-json\/wp\/v2\/posts\/52639","targetHints":{"allow":["GET"]}}],"collection":[{"href":"https:\/\/www.africa-press.net\/tchad\/wp-json\/wp\/v2\/posts"}],"about":[{"href":"https:\/\/www.africa-press.net\/tchad\/wp-json\/wp\/v2\/types\/post"}],"author":[{"embeddable":true,"href":"https:\/\/www.africa-press.net\/tchad\/wp-json\/wp\/v2\/users\/82"}],"replies":[{"embeddable":true,"href":"https:\/\/www.africa-press.net\/tchad\/wp-json\/wp\/v2\/comments?post=52639"}],"version-history":[{"count":0,"href":"https:\/\/www.africa-press.net\/tchad\/wp-json\/wp\/v2\/posts\/52639\/revisions"}],"wp:featuredmedia":[{"embeddable":true,"href":"https:\/\/www.africa-press.net\/tchad\/wp-json\/wp\/v2\/media\/52637"}],"wp:attachment":[{"href":"https:\/\/www.africa-press.net\/tchad\/wp-json\/wp\/v2\/media?parent=52639"}],"wp:term":[{"taxonomy":"category","embeddable":true,"href":"https:\/\/www.africa-press.net\/tchad\/wp-json\/wp\/v2\/categories?post=52639"},{"taxonomy":"post_tag","embeddable":true,"href":"https:\/\/www.africa-press.net\/tchad\/wp-json\/wp\/v2\/tags?post=52639"}],"curies":[{"name":"wp","href":"https:\/\/api.w.org\/{rel}","templated":true}]}}