{"id":52644,"date":"2023-10-20T16:11:57","date_gmt":"2023-10-20T16:11:57","guid":{"rendered":"https:\/\/www.africa-press.net\/tchad\/politique\/une-mission-de-la-banque-mondiale-recue-au-ministere-de-lamenagement-du-territoire"},"modified":"2023-10-20T16:17:48","modified_gmt":"2023-10-20T16:17:48","slug":"une-mission-de-la-banque-mondiale-recue-au-ministere-de-lamenagement-du-territoire","status":"publish","type":"post","link":"https:\/\/www.africa-press.net\/tchad\/economie\/une-mission-de-la-banque-mondiale-recue-au-ministere-de-lamenagement-du-territoire","title":{"rendered":"une mission de la Banque mondiale re\u00e7ue au minist\u00e8re de l\u2019Am\u00e9nagement du territoire"},"content":{"rendered":"<p><span style=\"color: #ff6600\"><strong>Africa-Press &#8211; Tchad. <\/strong><\/span>Le ministre de l\u2019Ame\u0301nagement du territoire, de l\u2019Habitat et de l\u2019Urbanisme, Mahamat Assileck Halata a rec\u0327u en audience une mission de la Banque mondiale.<\/p>\n<p>Conduite par Rasid Pertev, repre\u0301sentant re\u0301sident de la Banque mondiale au Tchad, cette mission vise, le suivi de la mise en \u0153uvre d\u2019un important projet de de\u0301veloppement urbain, finance\u0301 a\u0300 hauteur de 150 millions de dollars par la Banque mondiale.<\/p>\n<p>En effet, le Mathu et la Banque mondiale travaillent depuis septembre 2021, sur une collaboration permettant l\u2019ame\u0301lioration des conditions de vie des populations de N\u2019Djamena. Cette fructueuse collaboration a permis la mise en place du Projet Inte\u0301gre\u0301 de Lutte contre les Inondations et de Re\u0301silience urbaine a\u0300 N\u2019Djamena (PILIER) dont l\u2019objectif est la re\u0301alisation, d\u2019une part des e\u0301tudes indispensables au de\u0301veloppement durable de la ville de N\u2019Djamena et, d\u2019autre part des infrastructures de lutte contre les inondations et de gestion des de\u0301chets.<\/p>\n<p>Dans son exe\u0301cution, ce projet permettra e\u0301galement le renforcement des capacite\u0301s d\u2019intervention des services de la mairie de N\u2019Djamena et des ame\u0301nagements pouvant permettre la cre\u0301ation d\u2019emploi au profit des jeunes.<\/p>\n<p>Ce projet place\u0301 sous la tutelle du ministe\u0300re de l\u2019Ame\u0301nagement du territoire, de l\u2019Habitat et de l\u2019Urbanisme (Mathu), est entre\u0301 officiellement en vigueur le 9 octobre 2023 pour une dure\u0301e de six ans.<\/p>\n<p>Cette audience e\u0301tait donc, pour le ministre Mahamat Assileck Halata, par ailleurs pre\u0301sident du Comite\u0301 de Pilotage, une occasion d\u2019exprimer, au nom du gouvernement du Tchad, toutes ses fe\u0301licitations a\u0300 la Banque mondiale et a\u0300 tous les responsables ayant contribue\u0301 a\u0300 la mise en place dudit projet.<\/p>\n<p>La de\u0301le\u0301gation de la Banque mondiale a e\u0301te\u0301 rassure\u0301e des dispositions idoines prises par le Mathu et les autres de\u0301partements concerne\u0301s pour la re\u0301ussite de l\u2019ensemble des composantes du projet.<\/p>\n\r\n                <style type=\"text\/css\">\r\n                    \r\n                    #td_uid_1_69f2586e483b9  .td-doubleSlider-2 .td-item1 {\r\n                        background: url(https:\/\/static.africa-press.net\/tchad\/sites\/41\/2023\/10\/sm_1697805980.524609-80x60.jpg) 0 0 no-repeat;\r\n                    }\r\n                    #td_uid_1_69f2586e483b9  .td-doubleSlider-2 .td-item2 {\r\n                        background: url(https:\/\/static.africa-press.net\/tchad\/sites\/41\/2023\/10\/sm_1697805995.781318-80x60.jpg) 0 0 no-repeat;\r\n                    }\r\n                <\/style>\r\n\r\n                <div id=\"td_uid_1_69f2586e483b9\" class=\"td-gallery td-slide-on-2-columns\">\r\n                    <div class=\"post_td_gallery\">\r\n                        <div class=\"td-gallery-slide-top\">\r\n                           <div class=\"td-gallery-title\"><\/div>\r\n\r\n                            <div class=\"td-gallery-controls-wrapper\">\r\n                                <div class=\"td-gallery-slide-count\"><span class=\"td-gallery-slide-item-focus\">1<\/span> de 2<\/div>\r\n                                <div class=\"td-gallery-slide-prev-next-but\">\r\n                                    <i class = \"td-icon-left doubleSliderPrevButton\"><\/i>\r\n                                    <i class = \"td-icon-right doubleSliderNextButton\"><\/i>\r\n                                <\/div>\r\n                            <\/div>\r\n                        <\/div>\r\n\r\n                        <div class = \"td-doubleSlider-1 \">\r\n                            <div class = \"td-slider\">\r\n                                \r\n                    <div class = \"td-slide-item td-item1\">\r\n                        <figure class=\"td-slide-galery-figure td-slide-popup-gallery\">\r\n                            <a class=\"slide-gallery-image-link\" href=\"https:\/\/static.africa-press.net\/tchad\/sites\/41\/2023\/10\/sm_1697805980.524609.jpg\" title=\"sm_1697805980.524609\"  data-caption=\"\"  data-description=\"\">\r\n                                <img decoding=\"async\" src=\"https:\/\/static.africa-press.net\/tchad\/sites\/41\/2023\/10\/sm_1697805980.524609.jpg\" srcset=\"https:\/\/static.africa-press.net\/tchad\/sites\/41\/2023\/10\/sm_1697805980.524609.jpg 600w, https:\/\/static.africa-press.net\/tchad\/sites\/41\/2023\/10\/sm_1697805980.524609-300x225.jpg 300w, https:\/\/static.africa-press.net\/tchad\/sites\/41\/2023\/10\/sm_1697805980.524609-80x60.jpg 80w\" sizes=\"(max-width: 600px) 100vw, 600px\" alt=\"\">\r\n                            <\/a>\r\n                            \r\n                        <\/figure>\r\n                    <\/div>\r\n                    <div class = \"td-slide-item td-item2\">\r\n                        <figure class=\"td-slide-galery-figure td-slide-popup-gallery\">\r\n                            <a class=\"slide-gallery-image-link\" href=\"https:\/\/static.africa-press.net\/tchad\/sites\/41\/2023\/10\/sm_1697805995.781318.jpg\" title=\"sm_1697805995.781318\"  data-caption=\"\"  data-description=\"\">\r\n                                <img decoding=\"async\" src=\"https:\/\/static.africa-press.net\/tchad\/sites\/41\/2023\/10\/sm_1697805995.781318.jpg\" srcset=\"https:\/\/static.africa-press.net\/tchad\/sites\/41\/2023\/10\/sm_1697805995.781318.jpg 870w, https:\/\/static.africa-press.net\/tchad\/sites\/41\/2023\/10\/sm_1697805995.781318-300x225.jpg 300w, https:\/\/static.africa-press.net\/tchad\/sites\/41\/2023\/10\/sm_1697805995.781318-768x576.jpg 768w, https:\/\/static.africa-press.net\/tchad\/sites\/41\/2023\/10\/sm_1697805995.781318-80x60.jpg 80w\" sizes=\"(max-width: 870px) 100vw, 870px\" alt=\"\">\r\n                            <\/a>\r\n                            \r\n                        <\/figure>\r\n                    <\/div>\r\n                            <\/div>\r\n                        <\/div>\r\n\r\n                        <div class = \"td-doubleSlider-2\">\r\n                            <div class = \"td-slider\">\r\n                                \r\n                    <div class = \"td-button td-item1\">\r\n                        <div class = \"td-border\"><\/div>\r\n                    <\/div>\r\n                    <div class = \"td-button td-item2\">\r\n                        <div class = \"td-border\"><\/div>\r\n                    <\/div>\r\n                            <\/div>\r\n                        <\/div>\r\n\r\n                    <\/div>\r\n\r\n                <\/div>\r\n                \n<p><strong>Pour plus d&rsquo;informations et d&rsquo;analyses sur la <a href=\"https:\/\/www.africa-press.net\/tchad\">Tchad<\/a>, suivez <a href=\"https:\/\/www.africa-press.net\/\">Africa-Press<\/a><\/strong><\/p>\n","protected":false},"excerpt":{"rendered":"<p>Africa-Press &#8211; Tchad. Le ministre de l\u2019Ame\u0301nagement du territoire, de l\u2019Habitat et de l\u2019Urbanisme, Mahamat Assileck Halata a rec\u0327u en audience une mission de la Banque mondiale. Conduite par Rasid Pertev, repre\u0301sentant re\u0301sident de la Banque mondiale au Tchad, cette mission vise, le suivi de la mise en \u0153uvre d\u2019un important projet de de\u0301veloppement urbain, [&hellip;]<\/p>\n","protected":false},"author":82,"featured_media":52643,"comment_status":"open","ping_status":"closed","sticky":false,"template":"","format":"standard","meta":{"footnotes":""},"categories":[3,8,10],"tags":[37,292,29],"class_list":["post-52644","post","type-post","status-publish","format-standard","has-post-thumbnail","hentry","category-economie","category-photo","category-toutes-les-actualites","tag-africa-press","tag-africa-press-tchad","tag-tchad"],"yoast_head":"<!-- This site is optimized with the Yoast SEO Premium plugin v26.1 (Yoast SEO v27.0) - https:\/\/yoast.com\/product\/yoast-seo-premium-wordpress\/ -->\n<title>une mission de la Banque mondiale re\u00e7ue au minist\u00e8re de l\u2019Am\u00e9nagement du territoire - tchad<\/title>\n<meta name=\"description\" content=\"Le ministre de l\u2019Ame\u0301nagement du territoire, de l\u2019Habitat et de l\u2019Urbanisme, Mahamat Assileck Halata a rec\u0327u en audience ...\" \/>\n<meta name=\"robots\" content=\"index, follow, max-snippet:-1, max-image-preview:large, max-video-preview:-1\" \/>\n<link rel=\"canonical\" href=\"https:\/\/www.africa-press.net\/tchad\/economie\/une-mission-de-la-banque-mondiale-recue-au-ministere-de-lamenagement-du-territoire\" \/>\n<meta property=\"og:locale\" content=\"fr_FR\" \/>\n<meta property=\"og:type\" content=\"article\" \/>\n<meta property=\"og:title\" content=\"une mission de la Banque mondiale re\u00e7ue au minist\u00e8re de l\u2019Am\u00e9nagement du territoire\" \/>\n<meta property=\"og:description\" content=\"Le ministre de l\u2019Ame\u0301nagement du territoire, de l\u2019Habitat et de l\u2019Urbanisme, Mahamat Assileck Halata a rec\u0327u en audience ...\" \/>\n<meta property=\"og:url\" content=\"https:\/\/www.africa-press.net\/tchad\/economie\/une-mission-de-la-banque-mondiale-recue-au-ministere-de-lamenagement-du-territoire\" \/>\n<meta property=\"og:site_name\" content=\"tchad\" \/>\n<meta property=\"article:published_time\" content=\"2023-10-20T16:11:57+00:00\" \/>\n<meta property=\"article:modified_time\" content=\"2023-10-20T16:17:48+00:00\" \/>\n<meta property=\"og:image\" content=\"https:\/\/static.africa-press.net\/tchad\/sites\/41\/2023\/10\/sm_1697806015.557047.jpg\" \/>\n\t<meta property=\"og:image:width\" content=\"720\" \/>\n\t<meta property=\"og:image:height\" content=\"540\" \/>\n\t<meta property=\"og:image:type\" content=\"image\/jpeg\" \/>\n<meta name=\"author\" content=\"cfeditorfr\" \/>\n<meta name=\"twitter:card\" content=\"summary_large_image\" \/>\n<meta name=\"twitter:label1\" content=\"\u00c9crit par\" \/>\n\t<meta name=\"twitter:data1\" content=\"cfeditorfr\" \/>\n\t<meta name=\"twitter:label2\" content=\"Dur\u00e9e de lecture estim\u00e9e\" \/>\n\t<meta name=\"twitter:data2\" content=\"2 minutes\" \/>\n<script type=\"application\/ld+json\" class=\"yoast-schema-graph\">{\"@context\":\"https:\/\/schema.org\",\"@graph\":[{\"@type\":\"Article\",\"@id\":\"https:\/\/www.africa-press.net\/tchad\/economie\/une-mission-de-la-banque-mondiale-recue-au-ministere-de-lamenagement-du-territoire#article\",\"isPartOf\":{\"@id\":\"https:\/\/www.africa-press.net\/tchad\/economie\/une-mission-de-la-banque-mondiale-recue-au-ministere-de-lamenagement-du-territoire\"},\"author\":{\"name\":\"cfeditorfr\",\"@id\":\"https:\/\/www.africa-press.net\/tchad\/#\/schema\/person\/2b1cf3cd81a31e3cd26889ca66d677f1\"},\"headline\":\"une mission de la Banque mondiale re\u00e7ue au minist\u00e8re de l\u2019Am\u00e9nagement du territoire\",\"datePublished\":\"2023-10-20T16:11:57+00:00\",\"dateModified\":\"2023-10-20T16:17:48+00:00\",\"mainEntityOfPage\":{\"@id\":\"https:\/\/www.africa-press.net\/tchad\/economie\/une-mission-de-la-banque-mondiale-recue-au-ministere-de-lamenagement-du-territoire\"},\"wordCount\":374,\"commentCount\":0,\"image\":{\"@id\":\"https:\/\/www.africa-press.net\/tchad\/economie\/une-mission-de-la-banque-mondiale-recue-au-ministere-de-lamenagement-du-territoire#primaryimage\"},\"thumbnailUrl\":\"https:\/\/static.africa-press.net\/tchad\/sites\/41\/2023\/10\/sm_1697806015.557047.jpg\",\"keywords\":[\"Africa Press\",\"Africa Press-Tchad\",\"Tchad\"],\"articleSection\":[\"\u00c9conomie\",\"Photo\",\"Toutes les actualit\u00e9s\"],\"inLanguage\":\"fr-FR\",\"potentialAction\":[{\"@type\":\"CommentAction\",\"name\":\"Comment\",\"target\":[\"https:\/\/www.africa-press.net\/tchad\/economie\/une-mission-de-la-banque-mondiale-recue-au-ministere-de-lamenagement-du-territoire#respond\"]}]},{\"@type\":\"WebPage\",\"@id\":\"https:\/\/www.africa-press.net\/tchad\/economie\/une-mission-de-la-banque-mondiale-recue-au-ministere-de-lamenagement-du-territoire\",\"url\":\"https:\/\/www.africa-press.net\/tchad\/economie\/une-mission-de-la-banque-mondiale-recue-au-ministere-de-lamenagement-du-territoire\",\"name\":\"une mission de la Banque mondiale re\u00e7ue au minist\u00e8re de l\u2019Am\u00e9nagement du territoire - tchad\",\"isPartOf\":{\"@id\":\"https:\/\/www.africa-press.net\/tchad\/#website\"},\"primaryImageOfPage\":{\"@id\":\"https:\/\/www.africa-press.net\/tchad\/economie\/une-mission-de-la-banque-mondiale-recue-au-ministere-de-lamenagement-du-territoire#primaryimage\"},\"image\":{\"@id\":\"https:\/\/www.africa-press.net\/tchad\/economie\/une-mission-de-la-banque-mondiale-recue-au-ministere-de-lamenagement-du-territoire#primaryimage\"},\"thumbnailUrl\":\"https:\/\/static.africa-press.net\/tchad\/sites\/41\/2023\/10\/sm_1697806015.557047.jpg\",\"datePublished\":\"2023-10-20T16:11:57+00:00\",\"dateModified\":\"2023-10-20T16:17:48+00:00\",\"author\":{\"@id\":\"https:\/\/www.africa-press.net\/tchad\/#\/schema\/person\/2b1cf3cd81a31e3cd26889ca66d677f1\"},\"description\":\"Le ministre de l\u2019Ame\u0301nagement du territoire, de l\u2019Habitat et de l\u2019Urbanisme, Mahamat Assileck Halata a rec\u0327u en audience ...\",\"breadcrumb\":{\"@id\":\"https:\/\/www.africa-press.net\/tchad\/economie\/une-mission-de-la-banque-mondiale-recue-au-ministere-de-lamenagement-du-territoire#breadcrumb\"},\"inLanguage\":\"fr-FR\",\"potentialAction\":[{\"@type\":\"ReadAction\",\"target\":[\"https:\/\/www.africa-press.net\/tchad\/economie\/une-mission-de-la-banque-mondiale-recue-au-ministere-de-lamenagement-du-territoire\"]}]},{\"@type\":\"ImageObject\",\"inLanguage\":\"fr-FR\",\"@id\":\"https:\/\/www.africa-press.net\/tchad\/economie\/une-mission-de-la-banque-mondiale-recue-au-ministere-de-lamenagement-du-territoire#primaryimage\",\"url\":\"https:\/\/static.africa-press.net\/tchad\/sites\/41\/2023\/10\/sm_1697806015.557047.jpg\",\"contentUrl\":\"https:\/\/static.africa-press.net\/tchad\/sites\/41\/2023\/10\/sm_1697806015.557047.jpg\",\"width\":720,\"height\":540,\"caption\":\"une mission de la Banque mondiale re\u00e7ue au minist\u00e8re de l\u2019Am\u00e9nagement du territoire\"},{\"@type\":\"BreadcrumbList\",\"@id\":\"https:\/\/www.africa-press.net\/tchad\/economie\/une-mission-de-la-banque-mondiale-recue-au-ministere-de-lamenagement-du-territoire#breadcrumb\",\"itemListElement\":[{\"@type\":\"ListItem\",\"position\":1,\"name\":\"Accueil\",\"item\":\"https:\/\/www.africa-press.net\/tchad\/\"},{\"@type\":\"ListItem\",\"position\":2,\"name\":\"une mission de la Banque mondiale re\u00e7ue au minist\u00e8re de l\u2019Am\u00e9nagement du territoire\"}]},{\"@type\":\"WebSite\",\"@id\":\"https:\/\/www.africa-press.net\/tchad\/#website\",\"url\":\"https:\/\/www.africa-press.net\/tchad\/\",\"name\":\"tchad\",\"description\":\"Just another Africa News Agency Sites site\",\"potentialAction\":[{\"@type\":\"SearchAction\",\"target\":{\"@type\":\"EntryPoint\",\"urlTemplate\":\"https:\/\/www.africa-press.net\/tchad\/?s={search_term_string}\"},\"query-input\":{\"@type\":\"PropertyValueSpecification\",\"valueRequired\":true,\"valueName\":\"search_term_string\"}}],\"inLanguage\":\"fr-FR\"},{\"@type\":\"Person\",\"@id\":\"https:\/\/www.africa-press.net\/tchad\/#\/schema\/person\/2b1cf3cd81a31e3cd26889ca66d677f1\",\"name\":\"cfeditorfr\"}]}<\/script>\n<!-- \/ Yoast SEO Premium plugin. -->","yoast_head_json":{"title":"une mission de la Banque mondiale re\u00e7ue au minist\u00e8re de l\u2019Am\u00e9nagement du territoire - tchad","description":"Le ministre de l\u2019Ame\u0301nagement du territoire, de l\u2019Habitat et de l\u2019Urbanisme, Mahamat Assileck Halata a rec\u0327u en audience ...","robots":{"index":"index","follow":"follow","max-snippet":"max-snippet:-1","max-image-preview":"max-image-preview:large","max-video-preview":"max-video-preview:-1"},"canonical":"https:\/\/www.africa-press.net\/tchad\/economie\/une-mission-de-la-banque-mondiale-recue-au-ministere-de-lamenagement-du-territoire","og_locale":"fr_FR","og_type":"article","og_title":"une mission de la Banque mondiale re\u00e7ue au minist\u00e8re de l\u2019Am\u00e9nagement du territoire","og_description":"Le ministre de l\u2019Ame\u0301nagement du territoire, de l\u2019Habitat et de l\u2019Urbanisme, Mahamat Assileck Halata a rec\u0327u en audience ...","og_url":"https:\/\/www.africa-press.net\/tchad\/economie\/une-mission-de-la-banque-mondiale-recue-au-ministere-de-lamenagement-du-territoire","og_site_name":"tchad","article_published_time":"2023-10-20T16:11:57+00:00","article_modified_time":"2023-10-20T16:17:48+00:00","og_image":[{"width":720,"height":540,"url":"https:\/\/static.africa-press.net\/tchad\/sites\/41\/2023\/10\/sm_1697806015.557047.jpg","type":"image\/jpeg"}],"author":"cfeditorfr","twitter_card":"summary_large_image","twitter_misc":{"\u00c9crit par":"cfeditorfr","Dur\u00e9e de lecture estim\u00e9e":"2 minutes"},"schema":{"@context":"https:\/\/schema.org","@graph":[{"@type":"Article","@id":"https:\/\/www.africa-press.net\/tchad\/economie\/une-mission-de-la-banque-mondiale-recue-au-ministere-de-lamenagement-du-territoire#article","isPartOf":{"@id":"https:\/\/www.africa-press.net\/tchad\/economie\/une-mission-de-la-banque-mondiale-recue-au-ministere-de-lamenagement-du-territoire"},"author":{"name":"cfeditorfr","@id":"https:\/\/www.africa-press.net\/tchad\/#\/schema\/person\/2b1cf3cd81a31e3cd26889ca66d677f1"},"headline":"une mission de la Banque mondiale re\u00e7ue au minist\u00e8re de l\u2019Am\u00e9nagement du territoire","datePublished":"2023-10-20T16:11:57+00:00","dateModified":"2023-10-20T16:17:48+00:00","mainEntityOfPage":{"@id":"https:\/\/www.africa-press.net\/tchad\/economie\/une-mission-de-la-banque-mondiale-recue-au-ministere-de-lamenagement-du-territoire"},"wordCount":374,"commentCount":0,"image":{"@id":"https:\/\/www.africa-press.net\/tchad\/economie\/une-mission-de-la-banque-mondiale-recue-au-ministere-de-lamenagement-du-territoire#primaryimage"},"thumbnailUrl":"https:\/\/static.africa-press.net\/tchad\/sites\/41\/2023\/10\/sm_1697806015.557047.jpg","keywords":["Africa Press","Africa Press-Tchad","Tchad"],"articleSection":["\u00c9conomie","Photo","Toutes les actualit\u00e9s"],"inLanguage":"fr-FR","potentialAction":[{"@type":"CommentAction","name":"Comment","target":["https:\/\/www.africa-press.net\/tchad\/economie\/une-mission-de-la-banque-mondiale-recue-au-ministere-de-lamenagement-du-territoire#respond"]}]},{"@type":"WebPage","@id":"https:\/\/www.africa-press.net\/tchad\/economie\/une-mission-de-la-banque-mondiale-recue-au-ministere-de-lamenagement-du-territoire","url":"https:\/\/www.africa-press.net\/tchad\/economie\/une-mission-de-la-banque-mondiale-recue-au-ministere-de-lamenagement-du-territoire","name":"une mission de la Banque mondiale re\u00e7ue au minist\u00e8re de l\u2019Am\u00e9nagement du territoire - tchad","isPartOf":{"@id":"https:\/\/www.africa-press.net\/tchad\/#website"},"primaryImageOfPage":{"@id":"https:\/\/www.africa-press.net\/tchad\/economie\/une-mission-de-la-banque-mondiale-recue-au-ministere-de-lamenagement-du-territoire#primaryimage"},"image":{"@id":"https:\/\/www.africa-press.net\/tchad\/economie\/une-mission-de-la-banque-mondiale-recue-au-ministere-de-lamenagement-du-territoire#primaryimage"},"thumbnailUrl":"https:\/\/static.africa-press.net\/tchad\/sites\/41\/2023\/10\/sm_1697806015.557047.jpg","datePublished":"2023-10-20T16:11:57+00:00","dateModified":"2023-10-20T16:17:48+00:00","author":{"@id":"https:\/\/www.africa-press.net\/tchad\/#\/schema\/person\/2b1cf3cd81a31e3cd26889ca66d677f1"},"description":"Le ministre de l\u2019Ame\u0301nagement du territoire, de l\u2019Habitat et de l\u2019Urbanisme, Mahamat Assileck Halata a rec\u0327u en audience ...","breadcrumb":{"@id":"https:\/\/www.africa-press.net\/tchad\/economie\/une-mission-de-la-banque-mondiale-recue-au-ministere-de-lamenagement-du-territoire#breadcrumb"},"inLanguage":"fr-FR","potentialAction":[{"@type":"ReadAction","target":["https:\/\/www.africa-press.net\/tchad\/economie\/une-mission-de-la-banque-mondiale-recue-au-ministere-de-lamenagement-du-territoire"]}]},{"@type":"ImageObject","inLanguage":"fr-FR","@id":"https:\/\/www.africa-press.net\/tchad\/economie\/une-mission-de-la-banque-mondiale-recue-au-ministere-de-lamenagement-du-territoire#primaryimage","url":"https:\/\/static.africa-press.net\/tchad\/sites\/41\/2023\/10\/sm_1697806015.557047.jpg","contentUrl":"https:\/\/static.africa-press.net\/tchad\/sites\/41\/2023\/10\/sm_1697806015.557047.jpg","width":720,"height":540,"caption":"une mission de la Banque mondiale re\u00e7ue au minist\u00e8re de l\u2019Am\u00e9nagement du territoire"},{"@type":"BreadcrumbList","@id":"https:\/\/www.africa-press.net\/tchad\/economie\/une-mission-de-la-banque-mondiale-recue-au-ministere-de-lamenagement-du-territoire#breadcrumb","itemListElement":[{"@type":"ListItem","position":1,"name":"Accueil","item":"https:\/\/www.africa-press.net\/tchad\/"},{"@type":"ListItem","position":2,"name":"une mission de la Banque mondiale re\u00e7ue au minist\u00e8re de l\u2019Am\u00e9nagement du territoire"}]},{"@type":"WebSite","@id":"https:\/\/www.africa-press.net\/tchad\/#website","url":"https:\/\/www.africa-press.net\/tchad\/","name":"tchad","description":"Just another Africa News Agency Sites site","potentialAction":[{"@type":"SearchAction","target":{"@type":"EntryPoint","urlTemplate":"https:\/\/www.africa-press.net\/tchad\/?s={search_term_string}"},"query-input":{"@type":"PropertyValueSpecification","valueRequired":true,"valueName":"search_term_string"}}],"inLanguage":"fr-FR"},{"@type":"Person","@id":"https:\/\/www.africa-press.net\/tchad\/#\/schema\/person\/2b1cf3cd81a31e3cd26889ca66d677f1","name":"cfeditorfr"}]}},"_links":{"self":[{"href":"https:\/\/www.africa-press.net\/tchad\/wp-json\/wp\/v2\/posts\/52644","targetHints":{"allow":["GET"]}}],"collection":[{"href":"https:\/\/www.africa-press.net\/tchad\/wp-json\/wp\/v2\/posts"}],"about":[{"href":"https:\/\/www.africa-press.net\/tchad\/wp-json\/wp\/v2\/types\/post"}],"author":[{"embeddable":true,"href":"https:\/\/www.africa-press.net\/tchad\/wp-json\/wp\/v2\/users\/82"}],"replies":[{"embeddable":true,"href":"https:\/\/www.africa-press.net\/tchad\/wp-json\/wp\/v2\/comments?post=52644"}],"version-history":[{"count":0,"href":"https:\/\/www.africa-press.net\/tchad\/wp-json\/wp\/v2\/posts\/52644\/revisions"}],"wp:featuredmedia":[{"embeddable":true,"href":"https:\/\/www.africa-press.net\/tchad\/wp-json\/wp\/v2\/media\/52643"}],"wp:attachment":[{"href":"https:\/\/www.africa-press.net\/tchad\/wp-json\/wp\/v2\/media?parent=52644"}],"wp:term":[{"taxonomy":"category","embeddable":true,"href":"https:\/\/www.africa-press.net\/tchad\/wp-json\/wp\/v2\/categories?post=52644"},{"taxonomy":"post_tag","embeddable":true,"href":"https:\/\/www.africa-press.net\/tchad\/wp-json\/wp\/v2\/tags?post=52644"}],"curies":[{"name":"wp","href":"https:\/\/api.w.org\/{rel}","templated":true}]}}