{"id":52654,"date":"2023-10-21T13:23:42","date_gmt":"2023-10-21T13:23:42","guid":{"rendered":"https:\/\/www.africa-press.net\/tchad\/politique\/cooperation-la-coree-recherche-le-soutien-du-tchad-pour-sa-candidature-pour-accueillir-lexposition-universelle-2030"},"modified":"2023-10-21T14:25:08","modified_gmt":"2023-10-21T14:25:08","slug":"cooperation-la-coree-recherche-le-soutien-du-tchad-pour-sa-candidature-pour-accueillir-lexposition-universelle-2030","status":"publish","type":"post","link":"https:\/\/www.africa-press.net\/tchad\/economie\/cooperation-la-coree-recherche-le-soutien-du-tchad-pour-sa-candidature-pour-accueillir-lexposition-universelle-2030","title":{"rendered":"Coop\u00e9ration: La Cor\u00e9e recherche le soutien du  Tchad pour sa candidature pour accueillir l\u2019Exposition Universelle 2030"},"content":{"rendered":"<p><span style=\"color: #ff6600\"><strong>Africa-Press &#8211; Tchad. <\/strong><\/span>Les e\u0301changes portent essentiellement sur le de\u0301veloppement de la coope\u0301ration entre la Core\u0301e et Tchad, et le soutien de la Candidature de la Re\u0301publique de Core\u0301e pour accueillir l\u2019Exposition Universelle 2030. A cet effet, la Ministre de l\u2019Industrie et du Commerce re\u0301ite\u0300re le soutien du Tchad a\u0300 la Core\u0301e dans le cadre de l\u2019organisation de ce grand e\u0301ve\u0301nement.<\/p>\n<p>Faut-il le rappeler, l\u2019Exposition Universelle 2030 est une plateforme de solution mondiale pour toute la communaute\u0301 internationale qui a pour objectif de traiter les sujets lie\u0301s a\u0300 la se\u0301curite\u0301 alimentaire et la sante\u0301.<\/p>\n<p>Trois candidatures seront conside\u0301re\u0301es pour l&rsquo;e\u0301lection du pays ho\u0302te de l&rsquo;Exposition Universelle 2030, pre\u0301vue en novembre prochain : la Re\u0301publique de Core\u0301e (pour Busan), l\u2019Italie (pour Rome) et l&rsquo;Arabie saoudite (pour Riyad).<\/p>\n<p>En novembre 2023, au cours de la 173e Assemble\u0301e Ge\u0301ne\u0301rale de l\u2019Organisation, les E\u0301tats Membres voteront a\u0300 bulletin secret et e\u0301liront le pays ho\u0302te de l\u2019Exposition Universelle 2030 selon la re\u0300gle \u00ab un E\u0301tat, une voix \u00bb.<\/p>\n<p>La candidature de la Re\u0301publique de Core\u0301e pour l\u2019organisation de l\u2019Exposition Universelle 2030 a\u0300 Busan du 1er mai au 31 octobre 2030 s\u2019appuie sur le the\u0300me \u00ab Transformer notre monde, Naviguer vers un avenir meilleur \u00bb.<\/p>\n\r\n                <style type=\"text\/css\">\r\n                    \r\n                    #td_uid_1_69f2576fca9cc  .td-doubleSlider-2 .td-item1 {\r\n                        background: url(https:\/\/static.africa-press.net\/tchad\/sites\/41\/2023\/10\/sm_1697885665.037478-80x60.jpg) 0 0 no-repeat;\r\n                    }\r\n                    #td_uid_1_69f2576fca9cc  .td-doubleSlider-2 .td-item2 {\r\n                        background: url(https:\/\/static.africa-press.net\/tchad\/sites\/41\/2023\/10\/sm_1697885675.451201-80x60.jpg) 0 0 no-repeat;\r\n                    }\r\n                <\/style>\r\n\r\n                <div id=\"td_uid_1_69f2576fca9cc\" class=\"td-gallery td-slide-on-2-columns\">\r\n                    <div class=\"post_td_gallery\">\r\n                        <div class=\"td-gallery-slide-top\">\r\n                           <div class=\"td-gallery-title\"><\/div>\r\n\r\n                            <div class=\"td-gallery-controls-wrapper\">\r\n                                <div class=\"td-gallery-slide-count\"><span class=\"td-gallery-slide-item-focus\">1<\/span> de 2<\/div>\r\n                                <div class=\"td-gallery-slide-prev-next-but\">\r\n                                    <i class = \"td-icon-left doubleSliderPrevButton\"><\/i>\r\n                                    <i class = \"td-icon-right doubleSliderNextButton\"><\/i>\r\n                                <\/div>\r\n                            <\/div>\r\n                        <\/div>\r\n\r\n                        <div class = \"td-doubleSlider-1 \">\r\n                            <div class = \"td-slider\">\r\n                                \r\n                    <div class = \"td-slide-item td-item1\">\r\n                        <figure class=\"td-slide-galery-figure td-slide-popup-gallery\">\r\n                            <a class=\"slide-gallery-image-link\" href=\"https:\/\/static.africa-press.net\/tchad\/sites\/41\/2023\/10\/sm_1697885665.037478.jpg\" title=\"sm_1697885665.037478\"  data-caption=\"\"  data-description=\"\">\r\n                                <img decoding=\"async\" src=\"https:\/\/static.africa-press.net\/tchad\/sites\/41\/2023\/10\/sm_1697885665.037478.jpg\" srcset=\"https:\/\/static.africa-press.net\/tchad\/sites\/41\/2023\/10\/sm_1697885665.037478.jpg 600w, https:\/\/static.africa-press.net\/tchad\/sites\/41\/2023\/10\/sm_1697885665.037478-300x225.jpg 300w, https:\/\/static.africa-press.net\/tchad\/sites\/41\/2023\/10\/sm_1697885665.037478-80x60.jpg 80w\" sizes=\"(max-width: 600px) 100vw, 600px\" alt=\"\">\r\n                            <\/a>\r\n                            \r\n                        <\/figure>\r\n                    <\/div>\r\n                    <div class = \"td-slide-item td-item2\">\r\n                        <figure class=\"td-slide-galery-figure td-slide-popup-gallery\">\r\n                            <a class=\"slide-gallery-image-link\" href=\"https:\/\/static.africa-press.net\/tchad\/sites\/41\/2023\/10\/sm_1697885675.451201.jpg\" title=\"sm_1697885675.451201\"  data-caption=\"\"  data-description=\"\">\r\n                                <img decoding=\"async\" src=\"https:\/\/static.africa-press.net\/tchad\/sites\/41\/2023\/10\/sm_1697885675.451201.jpg\" srcset=\"https:\/\/static.africa-press.net\/tchad\/sites\/41\/2023\/10\/sm_1697885675.451201.jpg 600w, https:\/\/static.africa-press.net\/tchad\/sites\/41\/2023\/10\/sm_1697885675.451201-300x225.jpg 300w, https:\/\/static.africa-press.net\/tchad\/sites\/41\/2023\/10\/sm_1697885675.451201-80x60.jpg 80w\" sizes=\"(max-width: 600px) 100vw, 600px\" alt=\"\">\r\n                            <\/a>\r\n                            \r\n                        <\/figure>\r\n                    <\/div>\r\n                            <\/div>\r\n                        <\/div>\r\n\r\n                        <div class = \"td-doubleSlider-2\">\r\n                            <div class = \"td-slider\">\r\n                                \r\n                    <div class = \"td-button td-item1\">\r\n                        <div class = \"td-border\"><\/div>\r\n                    <\/div>\r\n                    <div class = \"td-button td-item2\">\r\n                        <div class = \"td-border\"><\/div>\r\n                    <\/div>\r\n                            <\/div>\r\n                        <\/div>\r\n\r\n                    <\/div>\r\n\r\n                <\/div>\r\n                \n<p><strong>Pour plus d&rsquo;informations et d&rsquo;analyses sur la <a href=\"https:\/\/www.africa-press.net\/tchad\">Tchad<\/a>, suivez <a href=\"https:\/\/www.africa-press.net\/\">Africa-Press<\/a><\/strong><\/p>\n","protected":false},"excerpt":{"rendered":"<p>Africa-Press &#8211; Tchad. Les e\u0301changes portent essentiellement sur le de\u0301veloppement de la coope\u0301ration entre la Core\u0301e et Tchad, et le soutien de la Candidature de la Re\u0301publique de Core\u0301e pour accueillir l\u2019Exposition Universelle 2030. A cet effet, la Ministre de l\u2019Industrie et du Commerce re\u0301ite\u0300re le soutien du Tchad a\u0300 la Core\u0301e dans le cadre [&hellip;]<\/p>\n","protected":false},"author":82,"featured_media":52653,"comment_status":"open","ping_status":"closed","sticky":false,"template":"","format":"standard","meta":{"footnotes":""},"categories":[3,8,426,20,10],"tags":[37,292,29],"class_list":["post-52654","post","type-post","status-publish","format-standard","has-post-thumbnail","hentry","category-economie","category-photo","category-to-homepage","category-top-nouvelles","category-toutes-les-actualites","tag-africa-press","tag-africa-press-tchad","tag-tchad"],"yoast_head":"<!-- This site is optimized with the Yoast SEO Premium plugin v26.1 (Yoast SEO v27.0) - https:\/\/yoast.com\/product\/yoast-seo-premium-wordpress\/ -->\n<title>Coop\u00e9ration: La Cor\u00e9e recherche le soutien du Tchad pour sa candidature pour accueillir l\u2019Exposition Universelle 2030 - tchad<\/title>\n<meta name=\"description\" content=\"Les e\u0301changes portent essentiellement sur le de\u0301veloppement de la coope\u0301ration entre la Core\u0301e et Tchad, et le soutien d ...\" \/>\n<meta name=\"robots\" content=\"index, follow, max-snippet:-1, max-image-preview:large, max-video-preview:-1\" \/>\n<link rel=\"canonical\" href=\"https:\/\/www.africa-press.net\/tchad\/economie\/cooperation-la-coree-recherche-le-soutien-du-tchad-pour-sa-candidature-pour-accueillir-lexposition-universelle-2030\" \/>\n<meta property=\"og:locale\" content=\"fr_FR\" \/>\n<meta property=\"og:type\" content=\"article\" \/>\n<meta property=\"og:title\" content=\"Coop\u00e9ration: La Cor\u00e9e recherche le soutien du Tchad pour sa candidature pour accueillir l\u2019Exposition Universelle 2030\" \/>\n<meta property=\"og:description\" content=\"Les e\u0301changes portent essentiellement sur le de\u0301veloppement de la coope\u0301ration entre la Core\u0301e et Tchad, et le soutien d ...\" \/>\n<meta property=\"og:url\" content=\"https:\/\/www.africa-press.net\/tchad\/economie\/cooperation-la-coree-recherche-le-soutien-du-tchad-pour-sa-candidature-pour-accueillir-lexposition-universelle-2030\" \/>\n<meta property=\"og:site_name\" content=\"tchad\" \/>\n<meta property=\"article:published_time\" content=\"2023-10-21T13:23:42+00:00\" \/>\n<meta property=\"article:modified_time\" content=\"2023-10-21T14:25:08+00:00\" \/>\n<meta property=\"og:image\" content=\"https:\/\/static.africa-press.net\/tchad\/sites\/41\/2023\/10\/sm_1697885684.627241.jpg\" \/>\n\t<meta property=\"og:image:width\" content=\"720\" \/>\n\t<meta property=\"og:image:height\" content=\"540\" \/>\n\t<meta property=\"og:image:type\" content=\"image\/jpeg\" \/>\n<meta name=\"author\" content=\"cfeditorfr\" \/>\n<meta name=\"twitter:card\" content=\"summary_large_image\" \/>\n<meta name=\"twitter:label1\" content=\"\u00c9crit par\" \/>\n\t<meta name=\"twitter:data1\" content=\"cfeditorfr\" \/>\n\t<meta name=\"twitter:label2\" content=\"Dur\u00e9e de lecture estim\u00e9e\" \/>\n\t<meta name=\"twitter:data2\" content=\"2 minutes\" \/>\n<script type=\"application\/ld+json\" class=\"yoast-schema-graph\">{\"@context\":\"https:\/\/schema.org\",\"@graph\":[{\"@type\":\"Article\",\"@id\":\"https:\/\/www.africa-press.net\/tchad\/economie\/cooperation-la-coree-recherche-le-soutien-du-tchad-pour-sa-candidature-pour-accueillir-lexposition-universelle-2030#article\",\"isPartOf\":{\"@id\":\"https:\/\/www.africa-press.net\/tchad\/economie\/cooperation-la-coree-recherche-le-soutien-du-tchad-pour-sa-candidature-pour-accueillir-lexposition-universelle-2030\"},\"author\":{\"name\":\"cfeditorfr\",\"@id\":\"https:\/\/www.africa-press.net\/tchad\/#\/schema\/person\/2b1cf3cd81a31e3cd26889ca66d677f1\"},\"headline\":\"Coop\u00e9ration: La Cor\u00e9e recherche le soutien du Tchad pour sa candidature pour accueillir l\u2019Exposition Universelle 2030\",\"datePublished\":\"2023-10-21T13:23:42+00:00\",\"dateModified\":\"2023-10-21T14:25:08+00:00\",\"mainEntityOfPage\":{\"@id\":\"https:\/\/www.africa-press.net\/tchad\/economie\/cooperation-la-coree-recherche-le-soutien-du-tchad-pour-sa-candidature-pour-accueillir-lexposition-universelle-2030\"},\"wordCount\":270,\"commentCount\":0,\"image\":{\"@id\":\"https:\/\/www.africa-press.net\/tchad\/economie\/cooperation-la-coree-recherche-le-soutien-du-tchad-pour-sa-candidature-pour-accueillir-lexposition-universelle-2030#primaryimage\"},\"thumbnailUrl\":\"https:\/\/static.africa-press.net\/tchad\/sites\/41\/2023\/10\/sm_1697885684.627241.jpg\",\"keywords\":[\"Africa Press\",\"Africa Press-Tchad\",\"Tchad\"],\"articleSection\":[\"\u00c9conomie\",\"Photo\",\"to-homepage\",\"Top Nouvelles\",\"Toutes les actualit\u00e9s\"],\"inLanguage\":\"fr-FR\",\"potentialAction\":[{\"@type\":\"CommentAction\",\"name\":\"Comment\",\"target\":[\"https:\/\/www.africa-press.net\/tchad\/economie\/cooperation-la-coree-recherche-le-soutien-du-tchad-pour-sa-candidature-pour-accueillir-lexposition-universelle-2030#respond\"]}]},{\"@type\":\"WebPage\",\"@id\":\"https:\/\/www.africa-press.net\/tchad\/economie\/cooperation-la-coree-recherche-le-soutien-du-tchad-pour-sa-candidature-pour-accueillir-lexposition-universelle-2030\",\"url\":\"https:\/\/www.africa-press.net\/tchad\/economie\/cooperation-la-coree-recherche-le-soutien-du-tchad-pour-sa-candidature-pour-accueillir-lexposition-universelle-2030\",\"name\":\"Coop\u00e9ration: La Cor\u00e9e recherche le soutien du Tchad pour sa candidature pour accueillir l\u2019Exposition Universelle 2030 - tchad\",\"isPartOf\":{\"@id\":\"https:\/\/www.africa-press.net\/tchad\/#website\"},\"primaryImageOfPage\":{\"@id\":\"https:\/\/www.africa-press.net\/tchad\/economie\/cooperation-la-coree-recherche-le-soutien-du-tchad-pour-sa-candidature-pour-accueillir-lexposition-universelle-2030#primaryimage\"},\"image\":{\"@id\":\"https:\/\/www.africa-press.net\/tchad\/economie\/cooperation-la-coree-recherche-le-soutien-du-tchad-pour-sa-candidature-pour-accueillir-lexposition-universelle-2030#primaryimage\"},\"thumbnailUrl\":\"https:\/\/static.africa-press.net\/tchad\/sites\/41\/2023\/10\/sm_1697885684.627241.jpg\",\"datePublished\":\"2023-10-21T13:23:42+00:00\",\"dateModified\":\"2023-10-21T14:25:08+00:00\",\"author\":{\"@id\":\"https:\/\/www.africa-press.net\/tchad\/#\/schema\/person\/2b1cf3cd81a31e3cd26889ca66d677f1\"},\"description\":\"Les e\u0301changes portent essentiellement sur le de\u0301veloppement de la coope\u0301ration entre la Core\u0301e et Tchad, et le soutien d ...\",\"breadcrumb\":{\"@id\":\"https:\/\/www.africa-press.net\/tchad\/economie\/cooperation-la-coree-recherche-le-soutien-du-tchad-pour-sa-candidature-pour-accueillir-lexposition-universelle-2030#breadcrumb\"},\"inLanguage\":\"fr-FR\",\"potentialAction\":[{\"@type\":\"ReadAction\",\"target\":[\"https:\/\/www.africa-press.net\/tchad\/economie\/cooperation-la-coree-recherche-le-soutien-du-tchad-pour-sa-candidature-pour-accueillir-lexposition-universelle-2030\"]}]},{\"@type\":\"ImageObject\",\"inLanguage\":\"fr-FR\",\"@id\":\"https:\/\/www.africa-press.net\/tchad\/economie\/cooperation-la-coree-recherche-le-soutien-du-tchad-pour-sa-candidature-pour-accueillir-lexposition-universelle-2030#primaryimage\",\"url\":\"https:\/\/static.africa-press.net\/tchad\/sites\/41\/2023\/10\/sm_1697885684.627241.jpg\",\"contentUrl\":\"https:\/\/static.africa-press.net\/tchad\/sites\/41\/2023\/10\/sm_1697885684.627241.jpg\",\"width\":720,\"height\":540,\"caption\":\"Coop\u00e9ration: La Cor\u00e9e recherche le soutien du Tchad pour sa candidature pour accueillir l\u2019Exposition Universelle 2030\"},{\"@type\":\"BreadcrumbList\",\"@id\":\"https:\/\/www.africa-press.net\/tchad\/economie\/cooperation-la-coree-recherche-le-soutien-du-tchad-pour-sa-candidature-pour-accueillir-lexposition-universelle-2030#breadcrumb\",\"itemListElement\":[{\"@type\":\"ListItem\",\"position\":1,\"name\":\"Accueil\",\"item\":\"https:\/\/www.africa-press.net\/tchad\/\"},{\"@type\":\"ListItem\",\"position\":2,\"name\":\"Coop\u00e9ration: La Cor\u00e9e recherche le soutien du Tchad pour sa candidature pour accueillir l\u2019Exposition Universelle 2030\"}]},{\"@type\":\"WebSite\",\"@id\":\"https:\/\/www.africa-press.net\/tchad\/#website\",\"url\":\"https:\/\/www.africa-press.net\/tchad\/\",\"name\":\"tchad\",\"description\":\"Just another Africa News Agency Sites site\",\"potentialAction\":[{\"@type\":\"SearchAction\",\"target\":{\"@type\":\"EntryPoint\",\"urlTemplate\":\"https:\/\/www.africa-press.net\/tchad\/?s={search_term_string}\"},\"query-input\":{\"@type\":\"PropertyValueSpecification\",\"valueRequired\":true,\"valueName\":\"search_term_string\"}}],\"inLanguage\":\"fr-FR\"},{\"@type\":\"Person\",\"@id\":\"https:\/\/www.africa-press.net\/tchad\/#\/schema\/person\/2b1cf3cd81a31e3cd26889ca66d677f1\",\"name\":\"cfeditorfr\"}]}<\/script>\n<!-- \/ Yoast SEO Premium plugin. -->","yoast_head_json":{"title":"Coop\u00e9ration: La Cor\u00e9e recherche le soutien du Tchad pour sa candidature pour accueillir l\u2019Exposition Universelle 2030 - tchad","description":"Les e\u0301changes portent essentiellement sur le de\u0301veloppement de la coope\u0301ration entre la Core\u0301e et Tchad, et le soutien d ...","robots":{"index":"index","follow":"follow","max-snippet":"max-snippet:-1","max-image-preview":"max-image-preview:large","max-video-preview":"max-video-preview:-1"},"canonical":"https:\/\/www.africa-press.net\/tchad\/economie\/cooperation-la-coree-recherche-le-soutien-du-tchad-pour-sa-candidature-pour-accueillir-lexposition-universelle-2030","og_locale":"fr_FR","og_type":"article","og_title":"Coop\u00e9ration: La Cor\u00e9e recherche le soutien du Tchad pour sa candidature pour accueillir l\u2019Exposition Universelle 2030","og_description":"Les e\u0301changes portent essentiellement sur le de\u0301veloppement de la coope\u0301ration entre la Core\u0301e et Tchad, et le soutien d ...","og_url":"https:\/\/www.africa-press.net\/tchad\/economie\/cooperation-la-coree-recherche-le-soutien-du-tchad-pour-sa-candidature-pour-accueillir-lexposition-universelle-2030","og_site_name":"tchad","article_published_time":"2023-10-21T13:23:42+00:00","article_modified_time":"2023-10-21T14:25:08+00:00","og_image":[{"width":720,"height":540,"url":"https:\/\/static.africa-press.net\/tchad\/sites\/41\/2023\/10\/sm_1697885684.627241.jpg","type":"image\/jpeg"}],"author":"cfeditorfr","twitter_card":"summary_large_image","twitter_misc":{"\u00c9crit par":"cfeditorfr","Dur\u00e9e de lecture estim\u00e9e":"2 minutes"},"schema":{"@context":"https:\/\/schema.org","@graph":[{"@type":"Article","@id":"https:\/\/www.africa-press.net\/tchad\/economie\/cooperation-la-coree-recherche-le-soutien-du-tchad-pour-sa-candidature-pour-accueillir-lexposition-universelle-2030#article","isPartOf":{"@id":"https:\/\/www.africa-press.net\/tchad\/economie\/cooperation-la-coree-recherche-le-soutien-du-tchad-pour-sa-candidature-pour-accueillir-lexposition-universelle-2030"},"author":{"name":"cfeditorfr","@id":"https:\/\/www.africa-press.net\/tchad\/#\/schema\/person\/2b1cf3cd81a31e3cd26889ca66d677f1"},"headline":"Coop\u00e9ration: La Cor\u00e9e recherche le soutien du Tchad pour sa candidature pour accueillir l\u2019Exposition Universelle 2030","datePublished":"2023-10-21T13:23:42+00:00","dateModified":"2023-10-21T14:25:08+00:00","mainEntityOfPage":{"@id":"https:\/\/www.africa-press.net\/tchad\/economie\/cooperation-la-coree-recherche-le-soutien-du-tchad-pour-sa-candidature-pour-accueillir-lexposition-universelle-2030"},"wordCount":270,"commentCount":0,"image":{"@id":"https:\/\/www.africa-press.net\/tchad\/economie\/cooperation-la-coree-recherche-le-soutien-du-tchad-pour-sa-candidature-pour-accueillir-lexposition-universelle-2030#primaryimage"},"thumbnailUrl":"https:\/\/static.africa-press.net\/tchad\/sites\/41\/2023\/10\/sm_1697885684.627241.jpg","keywords":["Africa Press","Africa Press-Tchad","Tchad"],"articleSection":["\u00c9conomie","Photo","to-homepage","Top Nouvelles","Toutes les actualit\u00e9s"],"inLanguage":"fr-FR","potentialAction":[{"@type":"CommentAction","name":"Comment","target":["https:\/\/www.africa-press.net\/tchad\/economie\/cooperation-la-coree-recherche-le-soutien-du-tchad-pour-sa-candidature-pour-accueillir-lexposition-universelle-2030#respond"]}]},{"@type":"WebPage","@id":"https:\/\/www.africa-press.net\/tchad\/economie\/cooperation-la-coree-recherche-le-soutien-du-tchad-pour-sa-candidature-pour-accueillir-lexposition-universelle-2030","url":"https:\/\/www.africa-press.net\/tchad\/economie\/cooperation-la-coree-recherche-le-soutien-du-tchad-pour-sa-candidature-pour-accueillir-lexposition-universelle-2030","name":"Coop\u00e9ration: La Cor\u00e9e recherche le soutien du Tchad pour sa candidature pour accueillir l\u2019Exposition Universelle 2030 - tchad","isPartOf":{"@id":"https:\/\/www.africa-press.net\/tchad\/#website"},"primaryImageOfPage":{"@id":"https:\/\/www.africa-press.net\/tchad\/economie\/cooperation-la-coree-recherche-le-soutien-du-tchad-pour-sa-candidature-pour-accueillir-lexposition-universelle-2030#primaryimage"},"image":{"@id":"https:\/\/www.africa-press.net\/tchad\/economie\/cooperation-la-coree-recherche-le-soutien-du-tchad-pour-sa-candidature-pour-accueillir-lexposition-universelle-2030#primaryimage"},"thumbnailUrl":"https:\/\/static.africa-press.net\/tchad\/sites\/41\/2023\/10\/sm_1697885684.627241.jpg","datePublished":"2023-10-21T13:23:42+00:00","dateModified":"2023-10-21T14:25:08+00:00","author":{"@id":"https:\/\/www.africa-press.net\/tchad\/#\/schema\/person\/2b1cf3cd81a31e3cd26889ca66d677f1"},"description":"Les e\u0301changes portent essentiellement sur le de\u0301veloppement de la coope\u0301ration entre la Core\u0301e et Tchad, et le soutien d ...","breadcrumb":{"@id":"https:\/\/www.africa-press.net\/tchad\/economie\/cooperation-la-coree-recherche-le-soutien-du-tchad-pour-sa-candidature-pour-accueillir-lexposition-universelle-2030#breadcrumb"},"inLanguage":"fr-FR","potentialAction":[{"@type":"ReadAction","target":["https:\/\/www.africa-press.net\/tchad\/economie\/cooperation-la-coree-recherche-le-soutien-du-tchad-pour-sa-candidature-pour-accueillir-lexposition-universelle-2030"]}]},{"@type":"ImageObject","inLanguage":"fr-FR","@id":"https:\/\/www.africa-press.net\/tchad\/economie\/cooperation-la-coree-recherche-le-soutien-du-tchad-pour-sa-candidature-pour-accueillir-lexposition-universelle-2030#primaryimage","url":"https:\/\/static.africa-press.net\/tchad\/sites\/41\/2023\/10\/sm_1697885684.627241.jpg","contentUrl":"https:\/\/static.africa-press.net\/tchad\/sites\/41\/2023\/10\/sm_1697885684.627241.jpg","width":720,"height":540,"caption":"Coop\u00e9ration: La Cor\u00e9e recherche le soutien du Tchad pour sa candidature pour accueillir l\u2019Exposition Universelle 2030"},{"@type":"BreadcrumbList","@id":"https:\/\/www.africa-press.net\/tchad\/economie\/cooperation-la-coree-recherche-le-soutien-du-tchad-pour-sa-candidature-pour-accueillir-lexposition-universelle-2030#breadcrumb","itemListElement":[{"@type":"ListItem","position":1,"name":"Accueil","item":"https:\/\/www.africa-press.net\/tchad\/"},{"@type":"ListItem","position":2,"name":"Coop\u00e9ration: La Cor\u00e9e recherche le soutien du Tchad pour sa candidature pour accueillir l\u2019Exposition Universelle 2030"}]},{"@type":"WebSite","@id":"https:\/\/www.africa-press.net\/tchad\/#website","url":"https:\/\/www.africa-press.net\/tchad\/","name":"tchad","description":"Just another Africa News Agency Sites site","potentialAction":[{"@type":"SearchAction","target":{"@type":"EntryPoint","urlTemplate":"https:\/\/www.africa-press.net\/tchad\/?s={search_term_string}"},"query-input":{"@type":"PropertyValueSpecification","valueRequired":true,"valueName":"search_term_string"}}],"inLanguage":"fr-FR"},{"@type":"Person","@id":"https:\/\/www.africa-press.net\/tchad\/#\/schema\/person\/2b1cf3cd81a31e3cd26889ca66d677f1","name":"cfeditorfr"}]}},"_links":{"self":[{"href":"https:\/\/www.africa-press.net\/tchad\/wp-json\/wp\/v2\/posts\/52654","targetHints":{"allow":["GET"]}}],"collection":[{"href":"https:\/\/www.africa-press.net\/tchad\/wp-json\/wp\/v2\/posts"}],"about":[{"href":"https:\/\/www.africa-press.net\/tchad\/wp-json\/wp\/v2\/types\/post"}],"author":[{"embeddable":true,"href":"https:\/\/www.africa-press.net\/tchad\/wp-json\/wp\/v2\/users\/82"}],"replies":[{"embeddable":true,"href":"https:\/\/www.africa-press.net\/tchad\/wp-json\/wp\/v2\/comments?post=52654"}],"version-history":[{"count":0,"href":"https:\/\/www.africa-press.net\/tchad\/wp-json\/wp\/v2\/posts\/52654\/revisions"}],"wp:featuredmedia":[{"embeddable":true,"href":"https:\/\/www.africa-press.net\/tchad\/wp-json\/wp\/v2\/media\/52653"}],"wp:attachment":[{"href":"https:\/\/www.africa-press.net\/tchad\/wp-json\/wp\/v2\/media?parent=52654"}],"wp:term":[{"taxonomy":"category","embeddable":true,"href":"https:\/\/www.africa-press.net\/tchad\/wp-json\/wp\/v2\/categories?post=52654"},{"taxonomy":"post_tag","embeddable":true,"href":"https:\/\/www.africa-press.net\/tchad\/wp-json\/wp\/v2\/tags?post=52654"}],"curies":[{"name":"wp","href":"https:\/\/api.w.org\/{rel}","templated":true}]}}