{"id":52662,"date":"2023-10-21T13:26:17","date_gmt":"2023-10-21T13:26:17","guid":{"rendered":"https:\/\/www.africa-press.net\/tchad\/politique\/le-president-de-transition-a-regagne-ndjamena"},"modified":"2023-10-21T14:26:38","modified_gmt":"2023-10-21T14:26:38","slug":"le-president-de-transition-a-regagne-ndjamena","status":"publish","type":"post","link":"https:\/\/www.africa-press.net\/tchad\/politique\/le-president-de-transition-a-regagne-ndjamena","title":{"rendered":"Le Pr\u00e9sident de Transition a regagn\u00e9 N\u2019Djam\u00e9na"},"content":{"rendered":"<p><span style=\"color: #ff6600\"><strong>Africa-Press &#8211; Tchad. <\/strong><\/span>Le Pre\u0301sident de la Re\u0301publique a e\u0301te\u0301 accueilli a\u0300 son arrive\u0301e, a\u0300 l\u2019ae\u0301roport international Hassan Djamous, par le Premier ministre de Transition, M. Saleh Kebzabo, quelques membres du gouvernement, le ministre d\u2019Etat, secre\u0301taire ge\u0301ne\u0301ral de la pre\u0301sidence, son Chef d\u2019Etat-Major Particulier, le directeur de cabinet civil adjoint, quelques conseillers a\u0300 la Pre\u0301sidence et Mme le Maire de la ville de N\u2019Djame\u0301na \u00bb, a souligne\u0301 la pre\u0301sidence.<\/p>\n<p>Lors de son se\u0301jour a\u0300 Paris, le e Chef de l\u2019Etat a e\u0301te\u0301 rec\u0327u a\u0300 l\u2019E\u0301lyse\u0301e ou\u0300 il a eu un te\u0302te-a\u0300-te\u0302te avec son homologue franc\u0327ais, Emmanuel Macron.<\/p>\n<p>Les deux hommes d\u2019Etat, dont le dernier te\u0302te-a\u0300-te\u0302te remonte au mois de juin dernier, ont eu un entretien de plus d\u2019une heure. Les discussions ont porte\u0301 sur les perspectives de consolidation de la coope\u0301ration bilate\u0301rale.<\/p>\n<p>Le Pre\u0301sident de Transition, Ge\u0301ne\u0301ral Mahamat Idriss Deby Itno, qui tient au respect de tous les engagements de la transition, a sollicite\u0301 un soutien continu et conse\u0301quent de la France e\u0301tant donne\u0301 que la transition amorce son dernier virage.<\/p>\n<p>Les deux Chefs d\u2019Etat ont aussi discute\u0301 de la crise humanitaire ne\u0301e de l\u2019afflux des re\u0301fugie\u0301s soudanais dans l\u2019est du Tchad et souligne\u0301 la ne\u0301cessite\u0301 d\u2019une re\u0301ponse humanitaire coordonne\u0301e et efficace pour venir en aide aux refugie\u0301s mais aussi aux populations ho\u0302tes.<\/p>\n<p><strong>Pour plus d&rsquo;informations et d&rsquo;analyses sur la <a href=\"https:\/\/www.africa-press.net\/tchad\">Tchad<\/a>, suivez <a href=\"https:\/\/www.africa-press.net\/\">Africa-Press<\/a><\/strong><\/p>\n","protected":false},"excerpt":{"rendered":"<p>Africa-Press &#8211; Tchad. Le Pre\u0301sident de la Re\u0301publique a e\u0301te\u0301 accueilli a\u0300 son arrive\u0301e, a\u0300 l\u2019ae\u0301roport international Hassan Djamous, par le Premier ministre de Transition, M. Saleh Kebzabo, quelques membres du gouvernement, le ministre d\u2019Etat, secre\u0301taire ge\u0301ne\u0301ral de la pre\u0301sidence, son Chef d\u2019Etat-Major Particulier, le directeur de cabinet civil adjoint, quelques conseillers a\u0300 la Pre\u0301sidence [&hellip;]<\/p>\n","protected":false},"author":82,"featured_media":52660,"comment_status":"open","ping_status":"closed","sticky":false,"template":"","format":"standard","meta":{"footnotes":""},"categories":[2,10],"tags":[37,292,29],"class_list":["post-52662","post","type-post","status-publish","format-standard","has-post-thumbnail","hentry","category-politique","category-toutes-les-actualites","tag-africa-press","tag-africa-press-tchad","tag-tchad"],"yoast_head":"<!-- This site is optimized with the Yoast SEO Premium plugin v26.1 (Yoast SEO v27.0) - https:\/\/yoast.com\/product\/yoast-seo-premium-wordpress\/ -->\n<title>Le Pr\u00e9sident de Transition a regagn\u00e9 N\u2019Djam\u00e9na - tchad<\/title>\n<meta name=\"description\" content=\"Le Pre\u0301sident de la Re\u0301publique a e\u0301te\u0301 accueilli a\u0300 son arrive\u0301e, a\u0300 l\u2019ae\u0301roport international Hassan Djamous, par le P ...\" \/>\n<meta name=\"robots\" content=\"index, follow, max-snippet:-1, max-image-preview:large, max-video-preview:-1\" \/>\n<link rel=\"canonical\" href=\"https:\/\/www.africa-press.net\/tchad\/politique\/le-president-de-transition-a-regagne-ndjamena\" \/>\n<meta property=\"og:locale\" content=\"fr_FR\" \/>\n<meta property=\"og:type\" content=\"article\" \/>\n<meta property=\"og:title\" content=\"Le Pr\u00e9sident de Transition a regagn\u00e9 N\u2019Djam\u00e9na\" \/>\n<meta property=\"og:description\" content=\"Le Pre\u0301sident de la Re\u0301publique a e\u0301te\u0301 accueilli a\u0300 son arrive\u0301e, a\u0300 l\u2019ae\u0301roport international Hassan Djamous, par le P ...\" \/>\n<meta property=\"og:url\" content=\"https:\/\/www.africa-press.net\/tchad\/politique\/le-president-de-transition-a-regagne-ndjamena\" \/>\n<meta property=\"og:site_name\" content=\"tchad\" \/>\n<meta property=\"article:published_time\" content=\"2023-10-21T13:26:17+00:00\" \/>\n<meta property=\"article:modified_time\" content=\"2023-10-21T14:26:38+00:00\" \/>\n<meta property=\"og:image\" content=\"https:\/\/static.africa-press.net\/tchad\/sites\/41\/2023\/10\/sm_1697885751.732203.jpg\" \/>\n\t<meta property=\"og:image:width\" content=\"720\" \/>\n\t<meta property=\"og:image:height\" content=\"375\" \/>\n\t<meta property=\"og:image:type\" content=\"image\/jpeg\" \/>\n<meta name=\"author\" content=\"cfeditorfr\" \/>\n<meta name=\"twitter:card\" content=\"summary_large_image\" \/>\n<meta name=\"twitter:label1\" content=\"\u00c9crit par\" \/>\n\t<meta name=\"twitter:data1\" content=\"cfeditorfr\" \/>\n\t<meta name=\"twitter:label2\" content=\"Dur\u00e9e de lecture estim\u00e9e\" \/>\n\t<meta name=\"twitter:data2\" content=\"1 minute\" \/>\n<script type=\"application\/ld+json\" class=\"yoast-schema-graph\">{\"@context\":\"https:\/\/schema.org\",\"@graph\":[{\"@type\":\"Article\",\"@id\":\"https:\/\/www.africa-press.net\/tchad\/politique\/le-president-de-transition-a-regagne-ndjamena#article\",\"isPartOf\":{\"@id\":\"https:\/\/www.africa-press.net\/tchad\/politique\/le-president-de-transition-a-regagne-ndjamena\"},\"author\":{\"name\":\"cfeditorfr\",\"@id\":\"https:\/\/www.africa-press.net\/tchad\/#\/schema\/person\/2b1cf3cd81a31e3cd26889ca66d677f1\"},\"headline\":\"Le Pr\u00e9sident de Transition a regagn\u00e9 N\u2019Djam\u00e9na\",\"datePublished\":\"2023-10-21T13:26:17+00:00\",\"dateModified\":\"2023-10-21T14:26:38+00:00\",\"mainEntityOfPage\":{\"@id\":\"https:\/\/www.africa-press.net\/tchad\/politique\/le-president-de-transition-a-regagne-ndjamena\"},\"wordCount\":285,\"commentCount\":0,\"image\":{\"@id\":\"https:\/\/www.africa-press.net\/tchad\/politique\/le-president-de-transition-a-regagne-ndjamena#primaryimage\"},\"thumbnailUrl\":\"https:\/\/static.africa-press.net\/tchad\/sites\/41\/2023\/10\/sm_1697885751.732203.jpg\",\"keywords\":[\"Africa Press\",\"Africa Press-Tchad\",\"Tchad\"],\"articleSection\":[\"Politique\",\"Toutes les actualit\u00e9s\"],\"inLanguage\":\"fr-FR\",\"potentialAction\":[{\"@type\":\"CommentAction\",\"name\":\"Comment\",\"target\":[\"https:\/\/www.africa-press.net\/tchad\/politique\/le-president-de-transition-a-regagne-ndjamena#respond\"]}]},{\"@type\":\"WebPage\",\"@id\":\"https:\/\/www.africa-press.net\/tchad\/politique\/le-president-de-transition-a-regagne-ndjamena\",\"url\":\"https:\/\/www.africa-press.net\/tchad\/politique\/le-president-de-transition-a-regagne-ndjamena\",\"name\":\"Le Pr\u00e9sident de Transition a regagn\u00e9 N\u2019Djam\u00e9na - tchad\",\"isPartOf\":{\"@id\":\"https:\/\/www.africa-press.net\/tchad\/#website\"},\"primaryImageOfPage\":{\"@id\":\"https:\/\/www.africa-press.net\/tchad\/politique\/le-president-de-transition-a-regagne-ndjamena#primaryimage\"},\"image\":{\"@id\":\"https:\/\/www.africa-press.net\/tchad\/politique\/le-president-de-transition-a-regagne-ndjamena#primaryimage\"},\"thumbnailUrl\":\"https:\/\/static.africa-press.net\/tchad\/sites\/41\/2023\/10\/sm_1697885751.732203.jpg\",\"datePublished\":\"2023-10-21T13:26:17+00:00\",\"dateModified\":\"2023-10-21T14:26:38+00:00\",\"author\":{\"@id\":\"https:\/\/www.africa-press.net\/tchad\/#\/schema\/person\/2b1cf3cd81a31e3cd26889ca66d677f1\"},\"description\":\"Le Pre\u0301sident de la Re\u0301publique a e\u0301te\u0301 accueilli a\u0300 son arrive\u0301e, a\u0300 l\u2019ae\u0301roport international Hassan Djamous, par le P ...\",\"breadcrumb\":{\"@id\":\"https:\/\/www.africa-press.net\/tchad\/politique\/le-president-de-transition-a-regagne-ndjamena#breadcrumb\"},\"inLanguage\":\"fr-FR\",\"potentialAction\":[{\"@type\":\"ReadAction\",\"target\":[\"https:\/\/www.africa-press.net\/tchad\/politique\/le-president-de-transition-a-regagne-ndjamena\"]}]},{\"@type\":\"ImageObject\",\"inLanguage\":\"fr-FR\",\"@id\":\"https:\/\/www.africa-press.net\/tchad\/politique\/le-president-de-transition-a-regagne-ndjamena#primaryimage\",\"url\":\"https:\/\/static.africa-press.net\/tchad\/sites\/41\/2023\/10\/sm_1697885751.732203.jpg\",\"contentUrl\":\"https:\/\/static.africa-press.net\/tchad\/sites\/41\/2023\/10\/sm_1697885751.732203.jpg\",\"width\":720,\"height\":375,\"caption\":\"Le Pr\u00e9sident de Transition a regagn\u00e9 N\u2019Djam\u00e9na\"},{\"@type\":\"BreadcrumbList\",\"@id\":\"https:\/\/www.africa-press.net\/tchad\/politique\/le-president-de-transition-a-regagne-ndjamena#breadcrumb\",\"itemListElement\":[{\"@type\":\"ListItem\",\"position\":1,\"name\":\"Accueil\",\"item\":\"https:\/\/www.africa-press.net\/tchad\/\"},{\"@type\":\"ListItem\",\"position\":2,\"name\":\"Le Pr\u00e9sident de Transition a regagn\u00e9 N\u2019Djam\u00e9na\"}]},{\"@type\":\"WebSite\",\"@id\":\"https:\/\/www.africa-press.net\/tchad\/#website\",\"url\":\"https:\/\/www.africa-press.net\/tchad\/\",\"name\":\"tchad\",\"description\":\"Just another Africa News Agency Sites site\",\"potentialAction\":[{\"@type\":\"SearchAction\",\"target\":{\"@type\":\"EntryPoint\",\"urlTemplate\":\"https:\/\/www.africa-press.net\/tchad\/?s={search_term_string}\"},\"query-input\":{\"@type\":\"PropertyValueSpecification\",\"valueRequired\":true,\"valueName\":\"search_term_string\"}}],\"inLanguage\":\"fr-FR\"},{\"@type\":\"Person\",\"@id\":\"https:\/\/www.africa-press.net\/tchad\/#\/schema\/person\/2b1cf3cd81a31e3cd26889ca66d677f1\",\"name\":\"cfeditorfr\"}]}<\/script>\n<!-- \/ Yoast SEO Premium plugin. -->","yoast_head_json":{"title":"Le Pr\u00e9sident de Transition a regagn\u00e9 N\u2019Djam\u00e9na - tchad","description":"Le Pre\u0301sident de la Re\u0301publique a e\u0301te\u0301 accueilli a\u0300 son arrive\u0301e, a\u0300 l\u2019ae\u0301roport international Hassan Djamous, par le P ...","robots":{"index":"index","follow":"follow","max-snippet":"max-snippet:-1","max-image-preview":"max-image-preview:large","max-video-preview":"max-video-preview:-1"},"canonical":"https:\/\/www.africa-press.net\/tchad\/politique\/le-president-de-transition-a-regagne-ndjamena","og_locale":"fr_FR","og_type":"article","og_title":"Le Pr\u00e9sident de Transition a regagn\u00e9 N\u2019Djam\u00e9na","og_description":"Le Pre\u0301sident de la Re\u0301publique a e\u0301te\u0301 accueilli a\u0300 son arrive\u0301e, a\u0300 l\u2019ae\u0301roport international Hassan Djamous, par le P ...","og_url":"https:\/\/www.africa-press.net\/tchad\/politique\/le-president-de-transition-a-regagne-ndjamena","og_site_name":"tchad","article_published_time":"2023-10-21T13:26:17+00:00","article_modified_time":"2023-10-21T14:26:38+00:00","og_image":[{"width":720,"height":375,"url":"https:\/\/static.africa-press.net\/tchad\/sites\/41\/2023\/10\/sm_1697885751.732203.jpg","type":"image\/jpeg"}],"author":"cfeditorfr","twitter_card":"summary_large_image","twitter_misc":{"\u00c9crit par":"cfeditorfr","Dur\u00e9e de lecture estim\u00e9e":"1 minute"},"schema":{"@context":"https:\/\/schema.org","@graph":[{"@type":"Article","@id":"https:\/\/www.africa-press.net\/tchad\/politique\/le-president-de-transition-a-regagne-ndjamena#article","isPartOf":{"@id":"https:\/\/www.africa-press.net\/tchad\/politique\/le-president-de-transition-a-regagne-ndjamena"},"author":{"name":"cfeditorfr","@id":"https:\/\/www.africa-press.net\/tchad\/#\/schema\/person\/2b1cf3cd81a31e3cd26889ca66d677f1"},"headline":"Le Pr\u00e9sident de Transition a regagn\u00e9 N\u2019Djam\u00e9na","datePublished":"2023-10-21T13:26:17+00:00","dateModified":"2023-10-21T14:26:38+00:00","mainEntityOfPage":{"@id":"https:\/\/www.africa-press.net\/tchad\/politique\/le-president-de-transition-a-regagne-ndjamena"},"wordCount":285,"commentCount":0,"image":{"@id":"https:\/\/www.africa-press.net\/tchad\/politique\/le-president-de-transition-a-regagne-ndjamena#primaryimage"},"thumbnailUrl":"https:\/\/static.africa-press.net\/tchad\/sites\/41\/2023\/10\/sm_1697885751.732203.jpg","keywords":["Africa Press","Africa Press-Tchad","Tchad"],"articleSection":["Politique","Toutes les actualit\u00e9s"],"inLanguage":"fr-FR","potentialAction":[{"@type":"CommentAction","name":"Comment","target":["https:\/\/www.africa-press.net\/tchad\/politique\/le-president-de-transition-a-regagne-ndjamena#respond"]}]},{"@type":"WebPage","@id":"https:\/\/www.africa-press.net\/tchad\/politique\/le-president-de-transition-a-regagne-ndjamena","url":"https:\/\/www.africa-press.net\/tchad\/politique\/le-president-de-transition-a-regagne-ndjamena","name":"Le Pr\u00e9sident de Transition a regagn\u00e9 N\u2019Djam\u00e9na - tchad","isPartOf":{"@id":"https:\/\/www.africa-press.net\/tchad\/#website"},"primaryImageOfPage":{"@id":"https:\/\/www.africa-press.net\/tchad\/politique\/le-president-de-transition-a-regagne-ndjamena#primaryimage"},"image":{"@id":"https:\/\/www.africa-press.net\/tchad\/politique\/le-president-de-transition-a-regagne-ndjamena#primaryimage"},"thumbnailUrl":"https:\/\/static.africa-press.net\/tchad\/sites\/41\/2023\/10\/sm_1697885751.732203.jpg","datePublished":"2023-10-21T13:26:17+00:00","dateModified":"2023-10-21T14:26:38+00:00","author":{"@id":"https:\/\/www.africa-press.net\/tchad\/#\/schema\/person\/2b1cf3cd81a31e3cd26889ca66d677f1"},"description":"Le Pre\u0301sident de la Re\u0301publique a e\u0301te\u0301 accueilli a\u0300 son arrive\u0301e, a\u0300 l\u2019ae\u0301roport international Hassan Djamous, par le P ...","breadcrumb":{"@id":"https:\/\/www.africa-press.net\/tchad\/politique\/le-president-de-transition-a-regagne-ndjamena#breadcrumb"},"inLanguage":"fr-FR","potentialAction":[{"@type":"ReadAction","target":["https:\/\/www.africa-press.net\/tchad\/politique\/le-president-de-transition-a-regagne-ndjamena"]}]},{"@type":"ImageObject","inLanguage":"fr-FR","@id":"https:\/\/www.africa-press.net\/tchad\/politique\/le-president-de-transition-a-regagne-ndjamena#primaryimage","url":"https:\/\/static.africa-press.net\/tchad\/sites\/41\/2023\/10\/sm_1697885751.732203.jpg","contentUrl":"https:\/\/static.africa-press.net\/tchad\/sites\/41\/2023\/10\/sm_1697885751.732203.jpg","width":720,"height":375,"caption":"Le Pr\u00e9sident de Transition a regagn\u00e9 N\u2019Djam\u00e9na"},{"@type":"BreadcrumbList","@id":"https:\/\/www.africa-press.net\/tchad\/politique\/le-president-de-transition-a-regagne-ndjamena#breadcrumb","itemListElement":[{"@type":"ListItem","position":1,"name":"Accueil","item":"https:\/\/www.africa-press.net\/tchad\/"},{"@type":"ListItem","position":2,"name":"Le Pr\u00e9sident de Transition a regagn\u00e9 N\u2019Djam\u00e9na"}]},{"@type":"WebSite","@id":"https:\/\/www.africa-press.net\/tchad\/#website","url":"https:\/\/www.africa-press.net\/tchad\/","name":"tchad","description":"Just another Africa News Agency Sites site","potentialAction":[{"@type":"SearchAction","target":{"@type":"EntryPoint","urlTemplate":"https:\/\/www.africa-press.net\/tchad\/?s={search_term_string}"},"query-input":{"@type":"PropertyValueSpecification","valueRequired":true,"valueName":"search_term_string"}}],"inLanguage":"fr-FR"},{"@type":"Person","@id":"https:\/\/www.africa-press.net\/tchad\/#\/schema\/person\/2b1cf3cd81a31e3cd26889ca66d677f1","name":"cfeditorfr"}]}},"_links":{"self":[{"href":"https:\/\/www.africa-press.net\/tchad\/wp-json\/wp\/v2\/posts\/52662","targetHints":{"allow":["GET"]}}],"collection":[{"href":"https:\/\/www.africa-press.net\/tchad\/wp-json\/wp\/v2\/posts"}],"about":[{"href":"https:\/\/www.africa-press.net\/tchad\/wp-json\/wp\/v2\/types\/post"}],"author":[{"embeddable":true,"href":"https:\/\/www.africa-press.net\/tchad\/wp-json\/wp\/v2\/users\/82"}],"replies":[{"embeddable":true,"href":"https:\/\/www.africa-press.net\/tchad\/wp-json\/wp\/v2\/comments?post=52662"}],"version-history":[{"count":0,"href":"https:\/\/www.africa-press.net\/tchad\/wp-json\/wp\/v2\/posts\/52662\/revisions"}],"wp:featuredmedia":[{"embeddable":true,"href":"https:\/\/www.africa-press.net\/tchad\/wp-json\/wp\/v2\/media\/52660"}],"wp:attachment":[{"href":"https:\/\/www.africa-press.net\/tchad\/wp-json\/wp\/v2\/media?parent=52662"}],"wp:term":[{"taxonomy":"category","embeddable":true,"href":"https:\/\/www.africa-press.net\/tchad\/wp-json\/wp\/v2\/categories?post=52662"},{"taxonomy":"post_tag","embeddable":true,"href":"https:\/\/www.africa-press.net\/tchad\/wp-json\/wp\/v2\/tags?post=52662"}],"curies":[{"name":"wp","href":"https:\/\/api.w.org\/{rel}","templated":true}]}}