{"id":52675,"date":"2023-10-21T13:39:43","date_gmt":"2023-10-21T13:39:43","guid":{"rendered":"https:\/\/www.africa-press.net\/tchad\/politique\/plus-de-trente-annees-dexil-bechir-hissein-habre-est-enfin-de-retour-au-bercail"},"modified":"2023-10-21T14:47:41","modified_gmt":"2023-10-21T14:47:41","slug":"plus-de-trente-annees-dexil-bechir-hissein-habre-est-enfin-de-retour-au-bercail","status":"publish","type":"post","link":"https:\/\/www.africa-press.net\/tchad\/politique\/plus-de-trente-annees-dexil-bechir-hissein-habre-est-enfin-de-retour-au-bercail","title":{"rendered":"Plus de trente ann\u00e9es d&rsquo;exil, Bechir Hissein Habre est enfin de retour au bercail"},"content":{"rendered":"<p><span style=\"color: #ff6600\"><strong>Africa-Press &#8211; Tchad. <\/strong><\/span>A\u0300 son arrive\u0301e, Bechir Hissein Habre a remercie\u0301 les parents pour l&rsquo;accueil et les autorite\u0301s pour la politique de la main tendue. Quelque soit la nature de nos diffe\u0301rends il est ne\u0301cessaire de dialoguer et de se pardonner pour bien e\u0302tre de la nation.<\/p>\n<p>Abderaman Koulamallah, ministre de la re\u0301conciliation nationale a souligne\u0301 que ce retour participe a\u0300 la volonte\u0301 du gouvernement de faire en sorte qu&rsquo;il n&rsquo;y ai pas des tchadiens a\u0300 l&rsquo;e\u0301tranger mais surtout qu&rsquo;il y ai une grande re\u0301conciliation de tous les journalistes. Nous nius sommes suffisamment battus, nous nous sommes suffisamment de\u0301chire\u0301s, donc il est temps de faire la paix.<\/p>\n<p>Le retour de ces exile\u0301s politiques est une opportunite\u0301 de promouvoir le dialogue et la re\u0301conciliation entre les parties concerne\u0301es.<\/p>\n<p><strong>Pour plus d&rsquo;informations et d&rsquo;analyses sur la <a href=\"https:\/\/www.africa-press.net\/tchad\">Tchad<\/a>, suivez <a href=\"https:\/\/www.africa-press.net\/\">Africa-Press<\/a><\/strong><\/p>\n","protected":false},"excerpt":{"rendered":"<p>Africa-Press &#8211; Tchad. A\u0300 son arrive\u0301e, Bechir Hissein Habre a remercie\u0301 les parents pour l&rsquo;accueil et les autorite\u0301s pour la politique de la main tendue. Quelque soit la nature de nos diffe\u0301rends il est ne\u0301cessaire de dialoguer et de se pardonner pour bien e\u0302tre de la nation. Abderaman Koulamallah, ministre de la re\u0301conciliation nationale a [&hellip;]<\/p>\n","protected":false},"author":82,"featured_media":52674,"comment_status":"open","ping_status":"closed","sticky":false,"template":"","format":"standard","meta":{"footnotes":""},"categories":[2,10],"tags":[37,292,29],"class_list":["post-52675","post","type-post","status-publish","format-standard","has-post-thumbnail","hentry","category-politique","category-toutes-les-actualites","tag-africa-press","tag-africa-press-tchad","tag-tchad"],"yoast_head":"<!-- This site is optimized with the Yoast SEO Premium plugin v26.1 (Yoast SEO v27.0) - https:\/\/yoast.com\/product\/yoast-seo-premium-wordpress\/ -->\n<title>Plus de trente ann\u00e9es d&#039;exil, Bechir Hissein Habre est enfin de retour au bercail - tchad<\/title>\n<meta name=\"description\" content=\"A\u0300 son arrive\u0301e, Bechir Hissein Habre a remercie\u0301 les parents pour l&#039;accueil et les autorite\u0301s pour la politique de la m ...\" \/>\n<meta name=\"robots\" content=\"index, follow, max-snippet:-1, max-image-preview:large, max-video-preview:-1\" \/>\n<link rel=\"canonical\" href=\"https:\/\/www.africa-press.net\/tchad\/politique\/plus-de-trente-annees-dexil-bechir-hissein-habre-est-enfin-de-retour-au-bercail\" \/>\n<meta property=\"og:locale\" content=\"fr_FR\" \/>\n<meta property=\"og:type\" content=\"article\" \/>\n<meta property=\"og:title\" content=\"Plus de trente ann\u00e9es d&#039;exil, Bechir Hissein Habre est enfin de retour au bercail\" \/>\n<meta property=\"og:description\" content=\"A\u0300 son arrive\u0301e, Bechir Hissein Habre a remercie\u0301 les parents pour l&#039;accueil et les autorite\u0301s pour la politique de la m ...\" \/>\n<meta property=\"og:url\" content=\"https:\/\/www.africa-press.net\/tchad\/politique\/plus-de-trente-annees-dexil-bechir-hissein-habre-est-enfin-de-retour-au-bercail\" \/>\n<meta property=\"og:site_name\" content=\"tchad\" \/>\n<meta property=\"article:published_time\" content=\"2023-10-21T13:39:43+00:00\" \/>\n<meta property=\"article:modified_time\" content=\"2023-10-21T14:47:41+00:00\" \/>\n<meta property=\"og:image\" content=\"https:\/\/static.africa-press.net\/tchad\/sites\/41\/2023\/10\/sm_1697886978.065208.jpg\" \/>\n\t<meta property=\"og:image:width\" content=\"1040\" \/>\n\t<meta property=\"og:image:height\" content=\"780\" \/>\n\t<meta property=\"og:image:type\" content=\"image\/jpeg\" \/>\n<meta name=\"author\" content=\"cfeditorfr\" \/>\n<meta name=\"twitter:card\" content=\"summary_large_image\" \/>\n<meta name=\"twitter:label1\" content=\"\u00c9crit par\" \/>\n\t<meta name=\"twitter:data1\" content=\"cfeditorfr\" \/>\n\t<meta name=\"twitter:label2\" content=\"Dur\u00e9e de lecture estim\u00e9e\" \/>\n\t<meta name=\"twitter:data2\" content=\"1 minute\" \/>\n<script type=\"application\/ld+json\" class=\"yoast-schema-graph\">{\"@context\":\"https:\/\/schema.org\",\"@graph\":[{\"@type\":\"Article\",\"@id\":\"https:\/\/www.africa-press.net\/tchad\/politique\/plus-de-trente-annees-dexil-bechir-hissein-habre-est-enfin-de-retour-au-bercail#article\",\"isPartOf\":{\"@id\":\"https:\/\/www.africa-press.net\/tchad\/politique\/plus-de-trente-annees-dexil-bechir-hissein-habre-est-enfin-de-retour-au-bercail\"},\"author\":{\"name\":\"cfeditorfr\",\"@id\":\"https:\/\/www.africa-press.net\/tchad\/#\/schema\/person\/2b1cf3cd81a31e3cd26889ca66d677f1\"},\"headline\":\"Plus de trente ann\u00e9es d&rsquo;exil, Bechir Hissein Habre est enfin de retour au bercail\",\"datePublished\":\"2023-10-21T13:39:43+00:00\",\"dateModified\":\"2023-10-21T14:47:41+00:00\",\"mainEntityOfPage\":{\"@id\":\"https:\/\/www.africa-press.net\/tchad\/politique\/plus-de-trente-annees-dexil-bechir-hissein-habre-est-enfin-de-retour-au-bercail\"},\"wordCount\":173,\"commentCount\":0,\"image\":{\"@id\":\"https:\/\/www.africa-press.net\/tchad\/politique\/plus-de-trente-annees-dexil-bechir-hissein-habre-est-enfin-de-retour-au-bercail#primaryimage\"},\"thumbnailUrl\":\"https:\/\/static.africa-press.net\/tchad\/sites\/41\/2023\/10\/sm_1697886978.065208.jpg\",\"keywords\":[\"Africa Press\",\"Africa Press-Tchad\",\"Tchad\"],\"articleSection\":[\"Politique\",\"Toutes les actualit\u00e9s\"],\"inLanguage\":\"fr-FR\",\"potentialAction\":[{\"@type\":\"CommentAction\",\"name\":\"Comment\",\"target\":[\"https:\/\/www.africa-press.net\/tchad\/politique\/plus-de-trente-annees-dexil-bechir-hissein-habre-est-enfin-de-retour-au-bercail#respond\"]}]},{\"@type\":\"WebPage\",\"@id\":\"https:\/\/www.africa-press.net\/tchad\/politique\/plus-de-trente-annees-dexil-bechir-hissein-habre-est-enfin-de-retour-au-bercail\",\"url\":\"https:\/\/www.africa-press.net\/tchad\/politique\/plus-de-trente-annees-dexil-bechir-hissein-habre-est-enfin-de-retour-au-bercail\",\"name\":\"Plus de trente ann\u00e9es d'exil, Bechir Hissein Habre est enfin de retour au bercail - tchad\",\"isPartOf\":{\"@id\":\"https:\/\/www.africa-press.net\/tchad\/#website\"},\"primaryImageOfPage\":{\"@id\":\"https:\/\/www.africa-press.net\/tchad\/politique\/plus-de-trente-annees-dexil-bechir-hissein-habre-est-enfin-de-retour-au-bercail#primaryimage\"},\"image\":{\"@id\":\"https:\/\/www.africa-press.net\/tchad\/politique\/plus-de-trente-annees-dexil-bechir-hissein-habre-est-enfin-de-retour-au-bercail#primaryimage\"},\"thumbnailUrl\":\"https:\/\/static.africa-press.net\/tchad\/sites\/41\/2023\/10\/sm_1697886978.065208.jpg\",\"datePublished\":\"2023-10-21T13:39:43+00:00\",\"dateModified\":\"2023-10-21T14:47:41+00:00\",\"author\":{\"@id\":\"https:\/\/www.africa-press.net\/tchad\/#\/schema\/person\/2b1cf3cd81a31e3cd26889ca66d677f1\"},\"description\":\"A\u0300 son arrive\u0301e, Bechir Hissein Habre a remercie\u0301 les parents pour l'accueil et les autorite\u0301s pour la politique de la m ...\",\"breadcrumb\":{\"@id\":\"https:\/\/www.africa-press.net\/tchad\/politique\/plus-de-trente-annees-dexil-bechir-hissein-habre-est-enfin-de-retour-au-bercail#breadcrumb\"},\"inLanguage\":\"fr-FR\",\"potentialAction\":[{\"@type\":\"ReadAction\",\"target\":[\"https:\/\/www.africa-press.net\/tchad\/politique\/plus-de-trente-annees-dexil-bechir-hissein-habre-est-enfin-de-retour-au-bercail\"]}]},{\"@type\":\"ImageObject\",\"inLanguage\":\"fr-FR\",\"@id\":\"https:\/\/www.africa-press.net\/tchad\/politique\/plus-de-trente-annees-dexil-bechir-hissein-habre-est-enfin-de-retour-au-bercail#primaryimage\",\"url\":\"https:\/\/static.africa-press.net\/tchad\/sites\/41\/2023\/10\/sm_1697886978.065208.jpg\",\"contentUrl\":\"https:\/\/static.africa-press.net\/tchad\/sites\/41\/2023\/10\/sm_1697886978.065208.jpg\",\"width\":1040,\"height\":780,\"caption\":\"Plus de trente ann\u00e9es d'exil, Bechir Hissein Habre est enfin de retour au bercail\"},{\"@type\":\"BreadcrumbList\",\"@id\":\"https:\/\/www.africa-press.net\/tchad\/politique\/plus-de-trente-annees-dexil-bechir-hissein-habre-est-enfin-de-retour-au-bercail#breadcrumb\",\"itemListElement\":[{\"@type\":\"ListItem\",\"position\":1,\"name\":\"Accueil\",\"item\":\"https:\/\/www.africa-press.net\/tchad\/\"},{\"@type\":\"ListItem\",\"position\":2,\"name\":\"Plus de trente ann\u00e9es d&#8217;exil, Bechir Hissein Habre est enfin de retour au bercail\"}]},{\"@type\":\"WebSite\",\"@id\":\"https:\/\/www.africa-press.net\/tchad\/#website\",\"url\":\"https:\/\/www.africa-press.net\/tchad\/\",\"name\":\"tchad\",\"description\":\"Just another Africa News Agency Sites site\",\"potentialAction\":[{\"@type\":\"SearchAction\",\"target\":{\"@type\":\"EntryPoint\",\"urlTemplate\":\"https:\/\/www.africa-press.net\/tchad\/?s={search_term_string}\"},\"query-input\":{\"@type\":\"PropertyValueSpecification\",\"valueRequired\":true,\"valueName\":\"search_term_string\"}}],\"inLanguage\":\"fr-FR\"},{\"@type\":\"Person\",\"@id\":\"https:\/\/www.africa-press.net\/tchad\/#\/schema\/person\/2b1cf3cd81a31e3cd26889ca66d677f1\",\"name\":\"cfeditorfr\"}]}<\/script>\n<!-- \/ Yoast SEO Premium plugin. -->","yoast_head_json":{"title":"Plus de trente ann\u00e9es d'exil, Bechir Hissein Habre est enfin de retour au bercail - tchad","description":"A\u0300 son arrive\u0301e, Bechir Hissein Habre a remercie\u0301 les parents pour l'accueil et les autorite\u0301s pour la politique de la m ...","robots":{"index":"index","follow":"follow","max-snippet":"max-snippet:-1","max-image-preview":"max-image-preview:large","max-video-preview":"max-video-preview:-1"},"canonical":"https:\/\/www.africa-press.net\/tchad\/politique\/plus-de-trente-annees-dexil-bechir-hissein-habre-est-enfin-de-retour-au-bercail","og_locale":"fr_FR","og_type":"article","og_title":"Plus de trente ann\u00e9es d'exil, Bechir Hissein Habre est enfin de retour au bercail","og_description":"A\u0300 son arrive\u0301e, Bechir Hissein Habre a remercie\u0301 les parents pour l'accueil et les autorite\u0301s pour la politique de la m ...","og_url":"https:\/\/www.africa-press.net\/tchad\/politique\/plus-de-trente-annees-dexil-bechir-hissein-habre-est-enfin-de-retour-au-bercail","og_site_name":"tchad","article_published_time":"2023-10-21T13:39:43+00:00","article_modified_time":"2023-10-21T14:47:41+00:00","og_image":[{"width":1040,"height":780,"url":"https:\/\/static.africa-press.net\/tchad\/sites\/41\/2023\/10\/sm_1697886978.065208.jpg","type":"image\/jpeg"}],"author":"cfeditorfr","twitter_card":"summary_large_image","twitter_misc":{"\u00c9crit par":"cfeditorfr","Dur\u00e9e de lecture estim\u00e9e":"1 minute"},"schema":{"@context":"https:\/\/schema.org","@graph":[{"@type":"Article","@id":"https:\/\/www.africa-press.net\/tchad\/politique\/plus-de-trente-annees-dexil-bechir-hissein-habre-est-enfin-de-retour-au-bercail#article","isPartOf":{"@id":"https:\/\/www.africa-press.net\/tchad\/politique\/plus-de-trente-annees-dexil-bechir-hissein-habre-est-enfin-de-retour-au-bercail"},"author":{"name":"cfeditorfr","@id":"https:\/\/www.africa-press.net\/tchad\/#\/schema\/person\/2b1cf3cd81a31e3cd26889ca66d677f1"},"headline":"Plus de trente ann\u00e9es d&rsquo;exil, Bechir Hissein Habre est enfin de retour au bercail","datePublished":"2023-10-21T13:39:43+00:00","dateModified":"2023-10-21T14:47:41+00:00","mainEntityOfPage":{"@id":"https:\/\/www.africa-press.net\/tchad\/politique\/plus-de-trente-annees-dexil-bechir-hissein-habre-est-enfin-de-retour-au-bercail"},"wordCount":173,"commentCount":0,"image":{"@id":"https:\/\/www.africa-press.net\/tchad\/politique\/plus-de-trente-annees-dexil-bechir-hissein-habre-est-enfin-de-retour-au-bercail#primaryimage"},"thumbnailUrl":"https:\/\/static.africa-press.net\/tchad\/sites\/41\/2023\/10\/sm_1697886978.065208.jpg","keywords":["Africa Press","Africa Press-Tchad","Tchad"],"articleSection":["Politique","Toutes les actualit\u00e9s"],"inLanguage":"fr-FR","potentialAction":[{"@type":"CommentAction","name":"Comment","target":["https:\/\/www.africa-press.net\/tchad\/politique\/plus-de-trente-annees-dexil-bechir-hissein-habre-est-enfin-de-retour-au-bercail#respond"]}]},{"@type":"WebPage","@id":"https:\/\/www.africa-press.net\/tchad\/politique\/plus-de-trente-annees-dexil-bechir-hissein-habre-est-enfin-de-retour-au-bercail","url":"https:\/\/www.africa-press.net\/tchad\/politique\/plus-de-trente-annees-dexil-bechir-hissein-habre-est-enfin-de-retour-au-bercail","name":"Plus de trente ann\u00e9es d'exil, Bechir Hissein Habre est enfin de retour au bercail - tchad","isPartOf":{"@id":"https:\/\/www.africa-press.net\/tchad\/#website"},"primaryImageOfPage":{"@id":"https:\/\/www.africa-press.net\/tchad\/politique\/plus-de-trente-annees-dexil-bechir-hissein-habre-est-enfin-de-retour-au-bercail#primaryimage"},"image":{"@id":"https:\/\/www.africa-press.net\/tchad\/politique\/plus-de-trente-annees-dexil-bechir-hissein-habre-est-enfin-de-retour-au-bercail#primaryimage"},"thumbnailUrl":"https:\/\/static.africa-press.net\/tchad\/sites\/41\/2023\/10\/sm_1697886978.065208.jpg","datePublished":"2023-10-21T13:39:43+00:00","dateModified":"2023-10-21T14:47:41+00:00","author":{"@id":"https:\/\/www.africa-press.net\/tchad\/#\/schema\/person\/2b1cf3cd81a31e3cd26889ca66d677f1"},"description":"A\u0300 son arrive\u0301e, Bechir Hissein Habre a remercie\u0301 les parents pour l'accueil et les autorite\u0301s pour la politique de la m ...","breadcrumb":{"@id":"https:\/\/www.africa-press.net\/tchad\/politique\/plus-de-trente-annees-dexil-bechir-hissein-habre-est-enfin-de-retour-au-bercail#breadcrumb"},"inLanguage":"fr-FR","potentialAction":[{"@type":"ReadAction","target":["https:\/\/www.africa-press.net\/tchad\/politique\/plus-de-trente-annees-dexil-bechir-hissein-habre-est-enfin-de-retour-au-bercail"]}]},{"@type":"ImageObject","inLanguage":"fr-FR","@id":"https:\/\/www.africa-press.net\/tchad\/politique\/plus-de-trente-annees-dexil-bechir-hissein-habre-est-enfin-de-retour-au-bercail#primaryimage","url":"https:\/\/static.africa-press.net\/tchad\/sites\/41\/2023\/10\/sm_1697886978.065208.jpg","contentUrl":"https:\/\/static.africa-press.net\/tchad\/sites\/41\/2023\/10\/sm_1697886978.065208.jpg","width":1040,"height":780,"caption":"Plus de trente ann\u00e9es d'exil, Bechir Hissein Habre est enfin de retour au bercail"},{"@type":"BreadcrumbList","@id":"https:\/\/www.africa-press.net\/tchad\/politique\/plus-de-trente-annees-dexil-bechir-hissein-habre-est-enfin-de-retour-au-bercail#breadcrumb","itemListElement":[{"@type":"ListItem","position":1,"name":"Accueil","item":"https:\/\/www.africa-press.net\/tchad\/"},{"@type":"ListItem","position":2,"name":"Plus de trente ann\u00e9es d&#8217;exil, Bechir Hissein Habre est enfin de retour au bercail"}]},{"@type":"WebSite","@id":"https:\/\/www.africa-press.net\/tchad\/#website","url":"https:\/\/www.africa-press.net\/tchad\/","name":"tchad","description":"Just another Africa News Agency Sites site","potentialAction":[{"@type":"SearchAction","target":{"@type":"EntryPoint","urlTemplate":"https:\/\/www.africa-press.net\/tchad\/?s={search_term_string}"},"query-input":{"@type":"PropertyValueSpecification","valueRequired":true,"valueName":"search_term_string"}}],"inLanguage":"fr-FR"},{"@type":"Person","@id":"https:\/\/www.africa-press.net\/tchad\/#\/schema\/person\/2b1cf3cd81a31e3cd26889ca66d677f1","name":"cfeditorfr"}]}},"_links":{"self":[{"href":"https:\/\/www.africa-press.net\/tchad\/wp-json\/wp\/v2\/posts\/52675","targetHints":{"allow":["GET"]}}],"collection":[{"href":"https:\/\/www.africa-press.net\/tchad\/wp-json\/wp\/v2\/posts"}],"about":[{"href":"https:\/\/www.africa-press.net\/tchad\/wp-json\/wp\/v2\/types\/post"}],"author":[{"embeddable":true,"href":"https:\/\/www.africa-press.net\/tchad\/wp-json\/wp\/v2\/users\/82"}],"replies":[{"embeddable":true,"href":"https:\/\/www.africa-press.net\/tchad\/wp-json\/wp\/v2\/comments?post=52675"}],"version-history":[{"count":0,"href":"https:\/\/www.africa-press.net\/tchad\/wp-json\/wp\/v2\/posts\/52675\/revisions"}],"wp:featuredmedia":[{"embeddable":true,"href":"https:\/\/www.africa-press.net\/tchad\/wp-json\/wp\/v2\/media\/52674"}],"wp:attachment":[{"href":"https:\/\/www.africa-press.net\/tchad\/wp-json\/wp\/v2\/media?parent=52675"}],"wp:term":[{"taxonomy":"category","embeddable":true,"href":"https:\/\/www.africa-press.net\/tchad\/wp-json\/wp\/v2\/categories?post=52675"},{"taxonomy":"post_tag","embeddable":true,"href":"https:\/\/www.africa-press.net\/tchad\/wp-json\/wp\/v2\/tags?post=52675"}],"curies":[{"name":"wp","href":"https:\/\/api.w.org\/{rel}","templated":true}]}}