{"id":52677,"date":"2023-10-21T13:40:15","date_gmt":"2023-10-21T13:40:15","guid":{"rendered":"https:\/\/www.africa-press.net\/tchad\/politique\/ordre-des-avocats-interpelle-le-gouvernement"},"modified":"2023-10-21T14:48:11","modified_gmt":"2023-10-21T14:48:11","slug":"ordre-des-avocats-interpelle-le-gouvernement","status":"publish","type":"post","link":"https:\/\/www.africa-press.net\/tchad\/politique\/ordre-des-avocats-interpelle-le-gouvernement","title":{"rendered":"Ordre des avocats interpelle le gouvernement"},"content":{"rendered":"<p><span style=\"color: #ff6600\"><strong>Africa-Press &#8211; Tchad. <\/strong><\/span>Le Conseil de l\u2019Ordre des avocats du Tchad, re\u0301uni le 14 octobre 2023, a re\u0301agi par rapport a\u0300 la situation qui pre\u0301vaut actuellement au Tchad notamment les conditions sociales et au non respect des re\u0300gles de proce\u0301dure a\u0300 l\u2019e\u0301gard des personnes de\u0301tenues depuis le 8 octobre 2023.<\/p>\n<p>Il a fait savoir que des dizaines de personnes sont de\u0301tenues depuis le 8 octobre 2023, aux Renseignements Ge\u0301ne\u0301raux et le Barreau s\u2019offusque contre le non-respect des re\u0300gles de proce\u0301dure en matie\u0300re pe\u0301nale.<\/p>\n<p>\u00ab En effet, non seulement le de\u0301lai de garde a\u0300 vue n\u2019est pas respecte\u0301 mais aussi leur droit de la de\u0301fense parce que leurs avocats n\u2019ont pas acce\u0300s a\u0300 la structure dans laquelle ils sont de\u0301tenus et donc pas acce\u0300s a\u0300 eux. Ce qui interroge sur la mission de la police judiciaire et sur le ro\u0302le du parquet en matie\u0300re de poursuite \u00bb, a de\u0301plore\u0301 le barreau.<\/p>\n<p>Le Conseil a estime\u0301 dans son communique\u0301 publie\u0301 le 17 octobre 2023 que les conditions sociales des populations tchadiennes continuent a\u0300 se de\u0301grader.<\/p>\n<p>Il a a\u0300 cet effet, les prix galopants des denre\u0301es alimentaires sur les marche\u0301s, la hausse de prix du carburant, l\u2019augmentation du cou\u0302t de transports en commun, la rare\u0301faction de l\u2019e\u0301lectricite\u0301, etc. Ainsi, le barreau rappelle au gouvernement son obligation de cre\u0301er des conditions de jouissance, partout, sans discrimination aucune des droits e\u0301conomiques, sociaux et culturels ainsi que le droit environnemental.<\/p>\n<p>\u00ab De\u0300s lors, le Parquet, juge de l\u2019opportunite\u0301 de poursuite doit prendre ses responsabilite\u0301s en prenant cette affaire en main et ce, dans le respect des re\u0300gles de proce\u0301dures en matie\u0300re pe\u0301nale notamment, le de\u0301lai de garde a\u0300 vue, le droit de la de\u0301fense et autres. Le Barreau du Tchad interpelle aussi les hautes autorite\u0301s afin que les actes quotidiens du gouvernement s\u2019inscrivent dans le cadre de la pacification du pays, de la cohe\u0301sion sociale, du respect et de la jouissance des droits civils, politiques, e\u0301conomiques, sociaux et culturels de tous sans discrimination aucune \u00bb, a exhorte\u0301 le Conseil.<\/p>\n<p><strong>Pour plus d&rsquo;informations et d&rsquo;analyses sur la <a href=\"https:\/\/www.africa-press.net\/tchad\">Tchad<\/a>, suivez <a href=\"https:\/\/www.africa-press.net\/\">Africa-Press<\/a><\/strong><\/p>\n","protected":false},"excerpt":{"rendered":"<p>Africa-Press &#8211; Tchad. Le Conseil de l\u2019Ordre des avocats du Tchad, re\u0301uni le 14 octobre 2023, a re\u0301agi par rapport a\u0300 la situation qui pre\u0301vaut actuellement au Tchad notamment les conditions sociales et au non respect des re\u0300gles de proce\u0301dure a\u0300 l\u2019e\u0301gard des personnes de\u0301tenues depuis le 8 octobre 2023. Il a fait savoir que [&hellip;]<\/p>\n","protected":false},"author":82,"featured_media":52676,"comment_status":"open","ping_status":"closed","sticky":false,"template":"","format":"standard","meta":{"footnotes":""},"categories":[2,10],"tags":[37,292,29],"class_list":["post-52677","post","type-post","status-publish","format-standard","has-post-thumbnail","hentry","category-politique","category-toutes-les-actualites","tag-africa-press","tag-africa-press-tchad","tag-tchad"],"yoast_head":"<!-- This site is optimized with the Yoast SEO Premium plugin v26.1 (Yoast SEO v27.0) - https:\/\/yoast.com\/product\/yoast-seo-premium-wordpress\/ -->\n<title>Ordre des avocats interpelle le gouvernement - tchad<\/title>\n<meta name=\"description\" content=\"Le Conseil de l\u2019Ordre des avocats du Tchad, re\u0301uni le 14 octobre 2023, a re\u0301agi par rapport a\u0300 la situation qui pre\u0301vaut ...\" \/>\n<meta name=\"robots\" content=\"index, follow, max-snippet:-1, max-image-preview:large, max-video-preview:-1\" \/>\n<link rel=\"canonical\" href=\"https:\/\/www.africa-press.net\/tchad\/politique\/ordre-des-avocats-interpelle-le-gouvernement\" \/>\n<meta property=\"og:locale\" content=\"fr_FR\" \/>\n<meta property=\"og:type\" content=\"article\" \/>\n<meta property=\"og:title\" content=\"Ordre des avocats interpelle le gouvernement\" \/>\n<meta property=\"og:description\" content=\"Le Conseil de l\u2019Ordre des avocats du Tchad, re\u0301uni le 14 octobre 2023, a re\u0301agi par rapport a\u0300 la situation qui pre\u0301vaut ...\" \/>\n<meta property=\"og:url\" content=\"https:\/\/www.africa-press.net\/tchad\/politique\/ordre-des-avocats-interpelle-le-gouvernement\" \/>\n<meta property=\"og:site_name\" content=\"tchad\" \/>\n<meta property=\"article:published_time\" content=\"2023-10-21T13:40:15+00:00\" \/>\n<meta property=\"article:modified_time\" content=\"2023-10-21T14:48:11+00:00\" \/>\n<meta property=\"og:image\" content=\"https:\/\/static.africa-press.net\/tchad\/sites\/41\/2023\/10\/sm_1697887002.373745.jpg\" \/>\n\t<meta property=\"og:image:width\" content=\"897\" \/>\n\t<meta property=\"og:image:height\" content=\"464\" \/>\n\t<meta property=\"og:image:type\" content=\"image\/jpeg\" \/>\n<meta name=\"author\" content=\"cfeditorfr\" \/>\n<meta name=\"twitter:card\" content=\"summary_large_image\" \/>\n<meta name=\"twitter:label1\" content=\"\u00c9crit par\" \/>\n\t<meta name=\"twitter:data1\" content=\"cfeditorfr\" \/>\n\t<meta name=\"twitter:label2\" content=\"Dur\u00e9e de lecture estim\u00e9e\" \/>\n\t<meta name=\"twitter:data2\" content=\"2 minutes\" \/>\n<script type=\"application\/ld+json\" class=\"yoast-schema-graph\">{\"@context\":\"https:\/\/schema.org\",\"@graph\":[{\"@type\":\"Article\",\"@id\":\"https:\/\/www.africa-press.net\/tchad\/politique\/ordre-des-avocats-interpelle-le-gouvernement#article\",\"isPartOf\":{\"@id\":\"https:\/\/www.africa-press.net\/tchad\/politique\/ordre-des-avocats-interpelle-le-gouvernement\"},\"author\":{\"name\":\"cfeditorfr\",\"@id\":\"https:\/\/www.africa-press.net\/tchad\/#\/schema\/person\/2b1cf3cd81a31e3cd26889ca66d677f1\"},\"headline\":\"Ordre des avocats interpelle le gouvernement\",\"datePublished\":\"2023-10-21T13:40:15+00:00\",\"dateModified\":\"2023-10-21T14:48:11+00:00\",\"mainEntityOfPage\":{\"@id\":\"https:\/\/www.africa-press.net\/tchad\/politique\/ordre-des-avocats-interpelle-le-gouvernement\"},\"wordCount\":389,\"commentCount\":0,\"image\":{\"@id\":\"https:\/\/www.africa-press.net\/tchad\/politique\/ordre-des-avocats-interpelle-le-gouvernement#primaryimage\"},\"thumbnailUrl\":\"https:\/\/static.africa-press.net\/tchad\/sites\/41\/2023\/10\/sm_1697887002.373745.jpg\",\"keywords\":[\"Africa Press\",\"Africa Press-Tchad\",\"Tchad\"],\"articleSection\":[\"Politique\",\"Toutes les actualit\u00e9s\"],\"inLanguage\":\"fr-FR\",\"potentialAction\":[{\"@type\":\"CommentAction\",\"name\":\"Comment\",\"target\":[\"https:\/\/www.africa-press.net\/tchad\/politique\/ordre-des-avocats-interpelle-le-gouvernement#respond\"]}]},{\"@type\":\"WebPage\",\"@id\":\"https:\/\/www.africa-press.net\/tchad\/politique\/ordre-des-avocats-interpelle-le-gouvernement\",\"url\":\"https:\/\/www.africa-press.net\/tchad\/politique\/ordre-des-avocats-interpelle-le-gouvernement\",\"name\":\"Ordre des avocats interpelle le gouvernement - tchad\",\"isPartOf\":{\"@id\":\"https:\/\/www.africa-press.net\/tchad\/#website\"},\"primaryImageOfPage\":{\"@id\":\"https:\/\/www.africa-press.net\/tchad\/politique\/ordre-des-avocats-interpelle-le-gouvernement#primaryimage\"},\"image\":{\"@id\":\"https:\/\/www.africa-press.net\/tchad\/politique\/ordre-des-avocats-interpelle-le-gouvernement#primaryimage\"},\"thumbnailUrl\":\"https:\/\/static.africa-press.net\/tchad\/sites\/41\/2023\/10\/sm_1697887002.373745.jpg\",\"datePublished\":\"2023-10-21T13:40:15+00:00\",\"dateModified\":\"2023-10-21T14:48:11+00:00\",\"author\":{\"@id\":\"https:\/\/www.africa-press.net\/tchad\/#\/schema\/person\/2b1cf3cd81a31e3cd26889ca66d677f1\"},\"description\":\"Le Conseil de l\u2019Ordre des avocats du Tchad, re\u0301uni le 14 octobre 2023, a re\u0301agi par rapport a\u0300 la situation qui pre\u0301vaut ...\",\"breadcrumb\":{\"@id\":\"https:\/\/www.africa-press.net\/tchad\/politique\/ordre-des-avocats-interpelle-le-gouvernement#breadcrumb\"},\"inLanguage\":\"fr-FR\",\"potentialAction\":[{\"@type\":\"ReadAction\",\"target\":[\"https:\/\/www.africa-press.net\/tchad\/politique\/ordre-des-avocats-interpelle-le-gouvernement\"]}]},{\"@type\":\"ImageObject\",\"inLanguage\":\"fr-FR\",\"@id\":\"https:\/\/www.africa-press.net\/tchad\/politique\/ordre-des-avocats-interpelle-le-gouvernement#primaryimage\",\"url\":\"https:\/\/static.africa-press.net\/tchad\/sites\/41\/2023\/10\/sm_1697887002.373745.jpg\",\"contentUrl\":\"https:\/\/static.africa-press.net\/tchad\/sites\/41\/2023\/10\/sm_1697887002.373745.jpg\",\"width\":897,\"height\":464,\"caption\":\"Ordre des avocats interpelle le gouvernement\"},{\"@type\":\"BreadcrumbList\",\"@id\":\"https:\/\/www.africa-press.net\/tchad\/politique\/ordre-des-avocats-interpelle-le-gouvernement#breadcrumb\",\"itemListElement\":[{\"@type\":\"ListItem\",\"position\":1,\"name\":\"Accueil\",\"item\":\"https:\/\/www.africa-press.net\/tchad\/\"},{\"@type\":\"ListItem\",\"position\":2,\"name\":\"Ordre des avocats interpelle le gouvernement\"}]},{\"@type\":\"WebSite\",\"@id\":\"https:\/\/www.africa-press.net\/tchad\/#website\",\"url\":\"https:\/\/www.africa-press.net\/tchad\/\",\"name\":\"tchad\",\"description\":\"Just another Africa News Agency Sites site\",\"potentialAction\":[{\"@type\":\"SearchAction\",\"target\":{\"@type\":\"EntryPoint\",\"urlTemplate\":\"https:\/\/www.africa-press.net\/tchad\/?s={search_term_string}\"},\"query-input\":{\"@type\":\"PropertyValueSpecification\",\"valueRequired\":true,\"valueName\":\"search_term_string\"}}],\"inLanguage\":\"fr-FR\"},{\"@type\":\"Person\",\"@id\":\"https:\/\/www.africa-press.net\/tchad\/#\/schema\/person\/2b1cf3cd81a31e3cd26889ca66d677f1\",\"name\":\"cfeditorfr\"}]}<\/script>\n<!-- \/ Yoast SEO Premium plugin. -->","yoast_head_json":{"title":"Ordre des avocats interpelle le gouvernement - tchad","description":"Le Conseil de l\u2019Ordre des avocats du Tchad, re\u0301uni le 14 octobre 2023, a re\u0301agi par rapport a\u0300 la situation qui pre\u0301vaut ...","robots":{"index":"index","follow":"follow","max-snippet":"max-snippet:-1","max-image-preview":"max-image-preview:large","max-video-preview":"max-video-preview:-1"},"canonical":"https:\/\/www.africa-press.net\/tchad\/politique\/ordre-des-avocats-interpelle-le-gouvernement","og_locale":"fr_FR","og_type":"article","og_title":"Ordre des avocats interpelle le gouvernement","og_description":"Le Conseil de l\u2019Ordre des avocats du Tchad, re\u0301uni le 14 octobre 2023, a re\u0301agi par rapport a\u0300 la situation qui pre\u0301vaut ...","og_url":"https:\/\/www.africa-press.net\/tchad\/politique\/ordre-des-avocats-interpelle-le-gouvernement","og_site_name":"tchad","article_published_time":"2023-10-21T13:40:15+00:00","article_modified_time":"2023-10-21T14:48:11+00:00","og_image":[{"width":897,"height":464,"url":"https:\/\/static.africa-press.net\/tchad\/sites\/41\/2023\/10\/sm_1697887002.373745.jpg","type":"image\/jpeg"}],"author":"cfeditorfr","twitter_card":"summary_large_image","twitter_misc":{"\u00c9crit par":"cfeditorfr","Dur\u00e9e de lecture estim\u00e9e":"2 minutes"},"schema":{"@context":"https:\/\/schema.org","@graph":[{"@type":"Article","@id":"https:\/\/www.africa-press.net\/tchad\/politique\/ordre-des-avocats-interpelle-le-gouvernement#article","isPartOf":{"@id":"https:\/\/www.africa-press.net\/tchad\/politique\/ordre-des-avocats-interpelle-le-gouvernement"},"author":{"name":"cfeditorfr","@id":"https:\/\/www.africa-press.net\/tchad\/#\/schema\/person\/2b1cf3cd81a31e3cd26889ca66d677f1"},"headline":"Ordre des avocats interpelle le gouvernement","datePublished":"2023-10-21T13:40:15+00:00","dateModified":"2023-10-21T14:48:11+00:00","mainEntityOfPage":{"@id":"https:\/\/www.africa-press.net\/tchad\/politique\/ordre-des-avocats-interpelle-le-gouvernement"},"wordCount":389,"commentCount":0,"image":{"@id":"https:\/\/www.africa-press.net\/tchad\/politique\/ordre-des-avocats-interpelle-le-gouvernement#primaryimage"},"thumbnailUrl":"https:\/\/static.africa-press.net\/tchad\/sites\/41\/2023\/10\/sm_1697887002.373745.jpg","keywords":["Africa Press","Africa Press-Tchad","Tchad"],"articleSection":["Politique","Toutes les actualit\u00e9s"],"inLanguage":"fr-FR","potentialAction":[{"@type":"CommentAction","name":"Comment","target":["https:\/\/www.africa-press.net\/tchad\/politique\/ordre-des-avocats-interpelle-le-gouvernement#respond"]}]},{"@type":"WebPage","@id":"https:\/\/www.africa-press.net\/tchad\/politique\/ordre-des-avocats-interpelle-le-gouvernement","url":"https:\/\/www.africa-press.net\/tchad\/politique\/ordre-des-avocats-interpelle-le-gouvernement","name":"Ordre des avocats interpelle le gouvernement - tchad","isPartOf":{"@id":"https:\/\/www.africa-press.net\/tchad\/#website"},"primaryImageOfPage":{"@id":"https:\/\/www.africa-press.net\/tchad\/politique\/ordre-des-avocats-interpelle-le-gouvernement#primaryimage"},"image":{"@id":"https:\/\/www.africa-press.net\/tchad\/politique\/ordre-des-avocats-interpelle-le-gouvernement#primaryimage"},"thumbnailUrl":"https:\/\/static.africa-press.net\/tchad\/sites\/41\/2023\/10\/sm_1697887002.373745.jpg","datePublished":"2023-10-21T13:40:15+00:00","dateModified":"2023-10-21T14:48:11+00:00","author":{"@id":"https:\/\/www.africa-press.net\/tchad\/#\/schema\/person\/2b1cf3cd81a31e3cd26889ca66d677f1"},"description":"Le Conseil de l\u2019Ordre des avocats du Tchad, re\u0301uni le 14 octobre 2023, a re\u0301agi par rapport a\u0300 la situation qui pre\u0301vaut ...","breadcrumb":{"@id":"https:\/\/www.africa-press.net\/tchad\/politique\/ordre-des-avocats-interpelle-le-gouvernement#breadcrumb"},"inLanguage":"fr-FR","potentialAction":[{"@type":"ReadAction","target":["https:\/\/www.africa-press.net\/tchad\/politique\/ordre-des-avocats-interpelle-le-gouvernement"]}]},{"@type":"ImageObject","inLanguage":"fr-FR","@id":"https:\/\/www.africa-press.net\/tchad\/politique\/ordre-des-avocats-interpelle-le-gouvernement#primaryimage","url":"https:\/\/static.africa-press.net\/tchad\/sites\/41\/2023\/10\/sm_1697887002.373745.jpg","contentUrl":"https:\/\/static.africa-press.net\/tchad\/sites\/41\/2023\/10\/sm_1697887002.373745.jpg","width":897,"height":464,"caption":"Ordre des avocats interpelle le gouvernement"},{"@type":"BreadcrumbList","@id":"https:\/\/www.africa-press.net\/tchad\/politique\/ordre-des-avocats-interpelle-le-gouvernement#breadcrumb","itemListElement":[{"@type":"ListItem","position":1,"name":"Accueil","item":"https:\/\/www.africa-press.net\/tchad\/"},{"@type":"ListItem","position":2,"name":"Ordre des avocats interpelle le gouvernement"}]},{"@type":"WebSite","@id":"https:\/\/www.africa-press.net\/tchad\/#website","url":"https:\/\/www.africa-press.net\/tchad\/","name":"tchad","description":"Just another Africa News Agency Sites site","potentialAction":[{"@type":"SearchAction","target":{"@type":"EntryPoint","urlTemplate":"https:\/\/www.africa-press.net\/tchad\/?s={search_term_string}"},"query-input":{"@type":"PropertyValueSpecification","valueRequired":true,"valueName":"search_term_string"}}],"inLanguage":"fr-FR"},{"@type":"Person","@id":"https:\/\/www.africa-press.net\/tchad\/#\/schema\/person\/2b1cf3cd81a31e3cd26889ca66d677f1","name":"cfeditorfr"}]}},"_links":{"self":[{"href":"https:\/\/www.africa-press.net\/tchad\/wp-json\/wp\/v2\/posts\/52677","targetHints":{"allow":["GET"]}}],"collection":[{"href":"https:\/\/www.africa-press.net\/tchad\/wp-json\/wp\/v2\/posts"}],"about":[{"href":"https:\/\/www.africa-press.net\/tchad\/wp-json\/wp\/v2\/types\/post"}],"author":[{"embeddable":true,"href":"https:\/\/www.africa-press.net\/tchad\/wp-json\/wp\/v2\/users\/82"}],"replies":[{"embeddable":true,"href":"https:\/\/www.africa-press.net\/tchad\/wp-json\/wp\/v2\/comments?post=52677"}],"version-history":[{"count":0,"href":"https:\/\/www.africa-press.net\/tchad\/wp-json\/wp\/v2\/posts\/52677\/revisions"}],"wp:featuredmedia":[{"embeddable":true,"href":"https:\/\/www.africa-press.net\/tchad\/wp-json\/wp\/v2\/media\/52676"}],"wp:attachment":[{"href":"https:\/\/www.africa-press.net\/tchad\/wp-json\/wp\/v2\/media?parent=52677"}],"wp:term":[{"taxonomy":"category","embeddable":true,"href":"https:\/\/www.africa-press.net\/tchad\/wp-json\/wp\/v2\/categories?post=52677"},{"taxonomy":"post_tag","embeddable":true,"href":"https:\/\/www.africa-press.net\/tchad\/wp-json\/wp\/v2\/tags?post=52677"}],"curies":[{"name":"wp","href":"https:\/\/api.w.org\/{rel}","templated":true}]}}