{"id":52689,"date":"2023-10-22T10:28:47","date_gmt":"2023-10-22T10:28:47","guid":{"rendered":"https:\/\/www.africa-press.net\/tchad\/politique\/le-soutien-des-pays-africains-en-faveur-de-la-cause-palestinienne"},"modified":"2023-10-22T11:50:33","modified_gmt":"2023-10-22T11:50:33","slug":"le-soutien-des-pays-africains-en-faveur-de-la-cause-palestinienne","status":"publish","type":"post","link":"https:\/\/www.africa-press.net\/tchad\/politique\/le-soutien-des-pays-africains-en-faveur-de-la-cause-palestinienne","title":{"rendered":"le soutien des pays africains en faveur de la cause palestinienne"},"content":{"rendered":"<p><span style=\"color: #ff6600\"><strong>Africa-Press &#8211; Tchad. <\/strong><\/span>L&rsquo;Union africaine a fermement condamne\u0301 la frappe israe\u0301lienne contre l&rsquo;ho\u0302pital Al-Ahli a\u0300 Gaza. L\u2019Afrique e\u0301tait bien active dans le soutien en faveur de la Palestine, lors de la re\u0301cente attaque du re\u0301gime sioniste contre Gaza.<\/p>\n<p>Le pre\u0301sident de la Commission de l&rsquo;Union africaine, Moussa Faki, a souligne\u0301 que l&rsquo;attaque israe\u0301lienne contre l&rsquo;ho\u0302pital Al-Ahli a\u0300 Gaza, qui a fait plus de 500 morts, constitue un \u00ab\u00a0crime de guerre\u00a0\u00bb, appelant la communaute\u0301 internationale a\u0300 agir.<\/p>\n<p>Faki a de\u0301clare\u0301 dans un communique\u0301 publie\u0301 mardi soir sur la plateforme \u00ab\u00a0X\u00a0\u00bb : \u00ab\u00a0Il n&rsquo;y a pas de mots qui expriment pleinement notre ferme condamnation du bombardement israe\u0301lien de l&rsquo;ho\u0302pital de Gaza, ou\u0300 des centaines de personnes ont e\u0301te\u0301 tue\u0301es\u00a0\u00bb.<\/p>\n<p>En ge\u0301ne\u0301ral, les pays africains ont exprime\u0301 un vif soutien au peuple de la Palestine dans la re\u0301cente attaque du re\u0301gime sioniste contre la bande de Gaza.<\/p>\n<p>\u00ab Djibouti affirme que ce massacre est un crime de guerre odieux qui ne peut e\u0302tre tole\u0301re\u0301, et elle appelle la communaute\u0301 internationale a\u0300 abandonner toute partialite\u0301 et double standard dans l&rsquo;application du droit international humanitaire lorsqu&rsquo;il s&rsquo;agit des actes criminels commis par l&rsquo;E\u0301tat he\u0301breu contre le peuple palestinien fre\u0300re et sans de\u0301fense. \u00bb, pre\u0301cise l\u2019Agence de presse djiboutienne.<\/p>\n<p>En Tunisie, le peuple est descendu dans les rues afin de condamner les crimes du re\u0301gime sioniste a\u0300 Gaza. Le gouvernement tunisien aussi a annonce\u0301 des mesures se\u0301rieuses en vue d\u2019envoyer me\u0302me des avions militaires et des aides humanitaires a\u0300 Gaza en vue d\u2019aider les Palestiniens.<\/p>\n<p>Contrairement a\u0300 certains pays arabes, la Tunisie refuse toute normalisation avec Israe\u0308l. Un acte que le pre\u0301sident Kai\u0308s Saied a plusieurs fois qualifie\u0301 de crime. Historiquement, la Tunisie a toujours adopte\u0301 une position de soutien a\u0300 la cause palestinienne.<\/p>\n<p>Rabat aussi a e\u0301te\u0301 le the\u0301a\u0302tre d\u2019une massive manifestation en soutien a\u0300 la Palestine. En effet, des milliers de Marocains se sont rassemble\u0301s a\u0300 l\u2019appel de dirigeants de gauche, islamiques, des militants des droits de l\u2019homme, pour condamner les crimes du re\u0301gime sioniste contre les habitants de Gaza.<\/p>\n<p>Le gouvernement mauritanien a exprime\u0301 sa condamnation du crime odieux et du massacre horrible commis par la machine de guerre israe\u0301lienne \u00bb, rapporte l\u2019Agence de presse palestinienne WAFA.<\/p>\n<p>Le gouvernement mauritanien a de\u0301clare\u0301 \u00ab le deuil national pour les victimes de ce massacre douloureux et les drapeaux en berne pour un de\u0301lai de 3 jours. \u00bb<\/p>\n<p>Il a e\u0301galement appele\u0301 la communaute\u0301 internationale a\u0300 \u00ab assumer ses responsabilite\u0301s juridiques et humanitaires et a\u0300 imposer un arre\u0302t imme\u0301diat du ge\u0301nocide contre le peuple palestinien, et a\u0300 lui fournir une protection urgente \u00bb.<\/p>\n<p>En Alge\u0301rie, un pays ou\u0300 la \u00ab cause palestinienne \u00bb est sacre\u0301e, les manifestants pro-Palestine ont scande\u0301 a\u0300 Alger : \u00ab Laissez-nous partir combattre ! \u00bb<\/p>\n<p>En ce jeudi 19 octobre, une manifestation de soutien aux Palestiniens de Gaza est organise\u0301e a\u0300 l&rsquo;appel de plusieurs partis politiques, mais aussi d&rsquo;organisations de la \u00ab socie\u0301te\u0301 civile \u00bb proches des autorite\u0301s.<\/p>\n<p>En Lybie, le membre de la Chambre des repre\u0301sentants (CdR) et repre\u0301sentant de la Libye au Parlement arabe, Hassan Barghouthi, a re\u0301affirme\u0301 le soutien de la Libye a\u0300 la re\u0301sistance palestinienne sans he\u0301sitation ni crainte de la communaute\u0301 internationale.<\/p>\n<p>Les remarques de Barghouthi sont intervenues mercredi dans son discours lors d&rsquo;une session du Parlement arabe, lorsqu&rsquo;il a exprime\u0301 la volonte\u0301 de la Libye d&rsquo;envoyer des armes a\u0300 la re\u0301sistance a\u0300 Gaza s&rsquo;il existait un me\u0301canisme pour ouvrir les frontie\u0300res.<\/p>\n<p>Le de\u0301le\u0301gue\u0301 libyen a e\u0301galement ajoute\u0301 que tous les Libyens croyaient en la cause palestinienne : \u00ab c\u0153ur et a\u0302me, les jeunes et les vieux \u00bb, soulignant leur volonte\u0301 de donner tout ce qu&rsquo;ils ont a\u0300 la cause palestinienne.<\/p>\n<p>En Egypte, hier et au 14e jour de l\u2019attaque criminelle d\u2019Israe\u0308l contre la bande de Gaza, des rassemblements ont eu lieu dans la plupart des villes d&rsquo;Egypte pour demander au gouvernement d\u2019ouvrir le passage de Rafah.<\/p>\n<p><strong>Pour plus d&rsquo;informations et d&rsquo;analyses sur la <a href=\"https:\/\/www.africa-press.net\/tchad\">Tchad<\/a>, suivez <a href=\"https:\/\/www.africa-press.net\/\">Africa-Press<\/a><\/strong><\/p>\n","protected":false},"excerpt":{"rendered":"<p>Africa-Press &#8211; Tchad. L&rsquo;Union africaine a fermement condamne\u0301 la frappe israe\u0301lienne contre l&rsquo;ho\u0302pital Al-Ahli a\u0300 Gaza. L\u2019Afrique e\u0301tait bien active dans le soutien en faveur de la Palestine, lors de la re\u0301cente attaque du re\u0301gime sioniste contre Gaza. Le pre\u0301sident de la Commission de l&rsquo;Union africaine, Moussa Faki, a souligne\u0301 que l&rsquo;attaque israe\u0301lienne contre l&rsquo;ho\u0302pital [&hellip;]<\/p>\n","protected":false},"author":82,"featured_media":52688,"comment_status":"open","ping_status":"closed","sticky":false,"template":"","format":"standard","meta":{"footnotes":""},"categories":[2,10],"tags":[37,292,29],"class_list":["post-52689","post","type-post","status-publish","format-standard","has-post-thumbnail","hentry","category-politique","category-toutes-les-actualites","tag-africa-press","tag-africa-press-tchad","tag-tchad"],"yoast_head":"<!-- This site is optimized with the Yoast SEO Premium plugin v26.1 (Yoast SEO v27.0) - https:\/\/yoast.com\/product\/yoast-seo-premium-wordpress\/ -->\n<title>le soutien des pays africains en faveur de la cause palestinienne - tchad<\/title>\n<meta name=\"description\" content=\"L&#039;Union africaine a fermement condamne\u0301 la frappe israe\u0301lienne contre l&#039;ho\u0302pital Al-Ahli a\u0300 Gaza. L\u2019Afrique e\u0301tait bien ...\" \/>\n<meta name=\"robots\" content=\"index, follow, max-snippet:-1, max-image-preview:large, max-video-preview:-1\" \/>\n<link rel=\"canonical\" href=\"https:\/\/www.africa-press.net\/tchad\/politique\/le-soutien-des-pays-africains-en-faveur-de-la-cause-palestinienne\" \/>\n<meta property=\"og:locale\" content=\"fr_FR\" \/>\n<meta property=\"og:type\" content=\"article\" \/>\n<meta property=\"og:title\" content=\"le soutien des pays africains en faveur de la cause palestinienne\" \/>\n<meta property=\"og:description\" content=\"L&#039;Union africaine a fermement condamne\u0301 la frappe israe\u0301lienne contre l&#039;ho\u0302pital Al-Ahli a\u0300 Gaza. L\u2019Afrique e\u0301tait bien ...\" \/>\n<meta property=\"og:url\" content=\"https:\/\/www.africa-press.net\/tchad\/politique\/le-soutien-des-pays-africains-en-faveur-de-la-cause-palestinienne\" \/>\n<meta property=\"og:site_name\" content=\"tchad\" \/>\n<meta property=\"article:published_time\" content=\"2023-10-22T10:28:47+00:00\" \/>\n<meta property=\"article:modified_time\" content=\"2023-10-22T11:50:33+00:00\" \/>\n<meta property=\"og:image\" content=\"https:\/\/static.africa-press.net\/tchad\/sites\/41\/2023\/10\/sm_1697962435.88579.jpg\" \/>\n\t<meta property=\"og:image:width\" content=\"622\" \/>\n\t<meta property=\"og:image:height\" content=\"311\" \/>\n\t<meta property=\"og:image:type\" content=\"image\/jpeg\" \/>\n<meta name=\"author\" content=\"cfeditorfr\" \/>\n<meta name=\"twitter:card\" content=\"summary_large_image\" \/>\n<meta name=\"twitter:label1\" content=\"\u00c9crit par\" \/>\n\t<meta name=\"twitter:data1\" content=\"cfeditorfr\" \/>\n\t<meta name=\"twitter:label2\" content=\"Dur\u00e9e de lecture estim\u00e9e\" \/>\n\t<meta name=\"twitter:data2\" content=\"4 minutes\" \/>\n<script type=\"application\/ld+json\" class=\"yoast-schema-graph\">{\"@context\":\"https:\/\/schema.org\",\"@graph\":[{\"@type\":\"Article\",\"@id\":\"https:\/\/www.africa-press.net\/tchad\/politique\/le-soutien-des-pays-africains-en-faveur-de-la-cause-palestinienne#article\",\"isPartOf\":{\"@id\":\"https:\/\/www.africa-press.net\/tchad\/politique\/le-soutien-des-pays-africains-en-faveur-de-la-cause-palestinienne\"},\"author\":{\"name\":\"cfeditorfr\",\"@id\":\"https:\/\/www.africa-press.net\/tchad\/#\/schema\/person\/2b1cf3cd81a31e3cd26889ca66d677f1\"},\"headline\":\"le soutien des pays africains en faveur de la cause palestinienne\",\"datePublished\":\"2023-10-22T10:28:47+00:00\",\"dateModified\":\"2023-10-22T11:50:33+00:00\",\"mainEntityOfPage\":{\"@id\":\"https:\/\/www.africa-press.net\/tchad\/politique\/le-soutien-des-pays-africains-en-faveur-de-la-cause-palestinienne\"},\"wordCount\":733,\"commentCount\":0,\"image\":{\"@id\":\"https:\/\/www.africa-press.net\/tchad\/politique\/le-soutien-des-pays-africains-en-faveur-de-la-cause-palestinienne#primaryimage\"},\"thumbnailUrl\":\"https:\/\/static.africa-press.net\/tchad\/sites\/41\/2023\/10\/sm_1697962435.88579.jpg\",\"keywords\":[\"Africa Press\",\"Africa Press-Tchad\",\"Tchad\"],\"articleSection\":[\"Politique\",\"Toutes les actualit\u00e9s\"],\"inLanguage\":\"fr-FR\",\"potentialAction\":[{\"@type\":\"CommentAction\",\"name\":\"Comment\",\"target\":[\"https:\/\/www.africa-press.net\/tchad\/politique\/le-soutien-des-pays-africains-en-faveur-de-la-cause-palestinienne#respond\"]}]},{\"@type\":\"WebPage\",\"@id\":\"https:\/\/www.africa-press.net\/tchad\/politique\/le-soutien-des-pays-africains-en-faveur-de-la-cause-palestinienne\",\"url\":\"https:\/\/www.africa-press.net\/tchad\/politique\/le-soutien-des-pays-africains-en-faveur-de-la-cause-palestinienne\",\"name\":\"le soutien des pays africains en faveur de la cause palestinienne - tchad\",\"isPartOf\":{\"@id\":\"https:\/\/www.africa-press.net\/tchad\/#website\"},\"primaryImageOfPage\":{\"@id\":\"https:\/\/www.africa-press.net\/tchad\/politique\/le-soutien-des-pays-africains-en-faveur-de-la-cause-palestinienne#primaryimage\"},\"image\":{\"@id\":\"https:\/\/www.africa-press.net\/tchad\/politique\/le-soutien-des-pays-africains-en-faveur-de-la-cause-palestinienne#primaryimage\"},\"thumbnailUrl\":\"https:\/\/static.africa-press.net\/tchad\/sites\/41\/2023\/10\/sm_1697962435.88579.jpg\",\"datePublished\":\"2023-10-22T10:28:47+00:00\",\"dateModified\":\"2023-10-22T11:50:33+00:00\",\"author\":{\"@id\":\"https:\/\/www.africa-press.net\/tchad\/#\/schema\/person\/2b1cf3cd81a31e3cd26889ca66d677f1\"},\"description\":\"L'Union africaine a fermement condamne\u0301 la frappe israe\u0301lienne contre l'ho\u0302pital Al-Ahli a\u0300 Gaza. L\u2019Afrique e\u0301tait bien ...\",\"breadcrumb\":{\"@id\":\"https:\/\/www.africa-press.net\/tchad\/politique\/le-soutien-des-pays-africains-en-faveur-de-la-cause-palestinienne#breadcrumb\"},\"inLanguage\":\"fr-FR\",\"potentialAction\":[{\"@type\":\"ReadAction\",\"target\":[\"https:\/\/www.africa-press.net\/tchad\/politique\/le-soutien-des-pays-africains-en-faveur-de-la-cause-palestinienne\"]}]},{\"@type\":\"ImageObject\",\"inLanguage\":\"fr-FR\",\"@id\":\"https:\/\/www.africa-press.net\/tchad\/politique\/le-soutien-des-pays-africains-en-faveur-de-la-cause-palestinienne#primaryimage\",\"url\":\"https:\/\/static.africa-press.net\/tchad\/sites\/41\/2023\/10\/sm_1697962435.88579.jpg\",\"contentUrl\":\"https:\/\/static.africa-press.net\/tchad\/sites\/41\/2023\/10\/sm_1697962435.88579.jpg\",\"width\":622,\"height\":311,\"caption\":\"le soutien des pays africains en faveur de la cause palestinienne\"},{\"@type\":\"BreadcrumbList\",\"@id\":\"https:\/\/www.africa-press.net\/tchad\/politique\/le-soutien-des-pays-africains-en-faveur-de-la-cause-palestinienne#breadcrumb\",\"itemListElement\":[{\"@type\":\"ListItem\",\"position\":1,\"name\":\"Accueil\",\"item\":\"https:\/\/www.africa-press.net\/tchad\/\"},{\"@type\":\"ListItem\",\"position\":2,\"name\":\"le soutien des pays africains en faveur de la cause palestinienne\"}]},{\"@type\":\"WebSite\",\"@id\":\"https:\/\/www.africa-press.net\/tchad\/#website\",\"url\":\"https:\/\/www.africa-press.net\/tchad\/\",\"name\":\"tchad\",\"description\":\"Just another Africa News Agency Sites site\",\"potentialAction\":[{\"@type\":\"SearchAction\",\"target\":{\"@type\":\"EntryPoint\",\"urlTemplate\":\"https:\/\/www.africa-press.net\/tchad\/?s={search_term_string}\"},\"query-input\":{\"@type\":\"PropertyValueSpecification\",\"valueRequired\":true,\"valueName\":\"search_term_string\"}}],\"inLanguage\":\"fr-FR\"},{\"@type\":\"Person\",\"@id\":\"https:\/\/www.africa-press.net\/tchad\/#\/schema\/person\/2b1cf3cd81a31e3cd26889ca66d677f1\",\"name\":\"cfeditorfr\"}]}<\/script>\n<!-- \/ Yoast SEO Premium plugin. -->","yoast_head_json":{"title":"le soutien des pays africains en faveur de la cause palestinienne - tchad","description":"L'Union africaine a fermement condamne\u0301 la frappe israe\u0301lienne contre l'ho\u0302pital Al-Ahli a\u0300 Gaza. L\u2019Afrique e\u0301tait bien ...","robots":{"index":"index","follow":"follow","max-snippet":"max-snippet:-1","max-image-preview":"max-image-preview:large","max-video-preview":"max-video-preview:-1"},"canonical":"https:\/\/www.africa-press.net\/tchad\/politique\/le-soutien-des-pays-africains-en-faveur-de-la-cause-palestinienne","og_locale":"fr_FR","og_type":"article","og_title":"le soutien des pays africains en faveur de la cause palestinienne","og_description":"L'Union africaine a fermement condamne\u0301 la frappe israe\u0301lienne contre l'ho\u0302pital Al-Ahli a\u0300 Gaza. L\u2019Afrique e\u0301tait bien ...","og_url":"https:\/\/www.africa-press.net\/tchad\/politique\/le-soutien-des-pays-africains-en-faveur-de-la-cause-palestinienne","og_site_name":"tchad","article_published_time":"2023-10-22T10:28:47+00:00","article_modified_time":"2023-10-22T11:50:33+00:00","og_image":[{"width":622,"height":311,"url":"https:\/\/static.africa-press.net\/tchad\/sites\/41\/2023\/10\/sm_1697962435.88579.jpg","type":"image\/jpeg"}],"author":"cfeditorfr","twitter_card":"summary_large_image","twitter_misc":{"\u00c9crit par":"cfeditorfr","Dur\u00e9e de lecture estim\u00e9e":"4 minutes"},"schema":{"@context":"https:\/\/schema.org","@graph":[{"@type":"Article","@id":"https:\/\/www.africa-press.net\/tchad\/politique\/le-soutien-des-pays-africains-en-faveur-de-la-cause-palestinienne#article","isPartOf":{"@id":"https:\/\/www.africa-press.net\/tchad\/politique\/le-soutien-des-pays-africains-en-faveur-de-la-cause-palestinienne"},"author":{"name":"cfeditorfr","@id":"https:\/\/www.africa-press.net\/tchad\/#\/schema\/person\/2b1cf3cd81a31e3cd26889ca66d677f1"},"headline":"le soutien des pays africains en faveur de la cause palestinienne","datePublished":"2023-10-22T10:28:47+00:00","dateModified":"2023-10-22T11:50:33+00:00","mainEntityOfPage":{"@id":"https:\/\/www.africa-press.net\/tchad\/politique\/le-soutien-des-pays-africains-en-faveur-de-la-cause-palestinienne"},"wordCount":733,"commentCount":0,"image":{"@id":"https:\/\/www.africa-press.net\/tchad\/politique\/le-soutien-des-pays-africains-en-faveur-de-la-cause-palestinienne#primaryimage"},"thumbnailUrl":"https:\/\/static.africa-press.net\/tchad\/sites\/41\/2023\/10\/sm_1697962435.88579.jpg","keywords":["Africa Press","Africa Press-Tchad","Tchad"],"articleSection":["Politique","Toutes les actualit\u00e9s"],"inLanguage":"fr-FR","potentialAction":[{"@type":"CommentAction","name":"Comment","target":["https:\/\/www.africa-press.net\/tchad\/politique\/le-soutien-des-pays-africains-en-faveur-de-la-cause-palestinienne#respond"]}]},{"@type":"WebPage","@id":"https:\/\/www.africa-press.net\/tchad\/politique\/le-soutien-des-pays-africains-en-faveur-de-la-cause-palestinienne","url":"https:\/\/www.africa-press.net\/tchad\/politique\/le-soutien-des-pays-africains-en-faveur-de-la-cause-palestinienne","name":"le soutien des pays africains en faveur de la cause palestinienne - tchad","isPartOf":{"@id":"https:\/\/www.africa-press.net\/tchad\/#website"},"primaryImageOfPage":{"@id":"https:\/\/www.africa-press.net\/tchad\/politique\/le-soutien-des-pays-africains-en-faveur-de-la-cause-palestinienne#primaryimage"},"image":{"@id":"https:\/\/www.africa-press.net\/tchad\/politique\/le-soutien-des-pays-africains-en-faveur-de-la-cause-palestinienne#primaryimage"},"thumbnailUrl":"https:\/\/static.africa-press.net\/tchad\/sites\/41\/2023\/10\/sm_1697962435.88579.jpg","datePublished":"2023-10-22T10:28:47+00:00","dateModified":"2023-10-22T11:50:33+00:00","author":{"@id":"https:\/\/www.africa-press.net\/tchad\/#\/schema\/person\/2b1cf3cd81a31e3cd26889ca66d677f1"},"description":"L'Union africaine a fermement condamne\u0301 la frappe israe\u0301lienne contre l'ho\u0302pital Al-Ahli a\u0300 Gaza. L\u2019Afrique e\u0301tait bien ...","breadcrumb":{"@id":"https:\/\/www.africa-press.net\/tchad\/politique\/le-soutien-des-pays-africains-en-faveur-de-la-cause-palestinienne#breadcrumb"},"inLanguage":"fr-FR","potentialAction":[{"@type":"ReadAction","target":["https:\/\/www.africa-press.net\/tchad\/politique\/le-soutien-des-pays-africains-en-faveur-de-la-cause-palestinienne"]}]},{"@type":"ImageObject","inLanguage":"fr-FR","@id":"https:\/\/www.africa-press.net\/tchad\/politique\/le-soutien-des-pays-africains-en-faveur-de-la-cause-palestinienne#primaryimage","url":"https:\/\/static.africa-press.net\/tchad\/sites\/41\/2023\/10\/sm_1697962435.88579.jpg","contentUrl":"https:\/\/static.africa-press.net\/tchad\/sites\/41\/2023\/10\/sm_1697962435.88579.jpg","width":622,"height":311,"caption":"le soutien des pays africains en faveur de la cause palestinienne"},{"@type":"BreadcrumbList","@id":"https:\/\/www.africa-press.net\/tchad\/politique\/le-soutien-des-pays-africains-en-faveur-de-la-cause-palestinienne#breadcrumb","itemListElement":[{"@type":"ListItem","position":1,"name":"Accueil","item":"https:\/\/www.africa-press.net\/tchad\/"},{"@type":"ListItem","position":2,"name":"le soutien des pays africains en faveur de la cause palestinienne"}]},{"@type":"WebSite","@id":"https:\/\/www.africa-press.net\/tchad\/#website","url":"https:\/\/www.africa-press.net\/tchad\/","name":"tchad","description":"Just another Africa News Agency Sites site","potentialAction":[{"@type":"SearchAction","target":{"@type":"EntryPoint","urlTemplate":"https:\/\/www.africa-press.net\/tchad\/?s={search_term_string}"},"query-input":{"@type":"PropertyValueSpecification","valueRequired":true,"valueName":"search_term_string"}}],"inLanguage":"fr-FR"},{"@type":"Person","@id":"https:\/\/www.africa-press.net\/tchad\/#\/schema\/person\/2b1cf3cd81a31e3cd26889ca66d677f1","name":"cfeditorfr"}]}},"_links":{"self":[{"href":"https:\/\/www.africa-press.net\/tchad\/wp-json\/wp\/v2\/posts\/52689","targetHints":{"allow":["GET"]}}],"collection":[{"href":"https:\/\/www.africa-press.net\/tchad\/wp-json\/wp\/v2\/posts"}],"about":[{"href":"https:\/\/www.africa-press.net\/tchad\/wp-json\/wp\/v2\/types\/post"}],"author":[{"embeddable":true,"href":"https:\/\/www.africa-press.net\/tchad\/wp-json\/wp\/v2\/users\/82"}],"replies":[{"embeddable":true,"href":"https:\/\/www.africa-press.net\/tchad\/wp-json\/wp\/v2\/comments?post=52689"}],"version-history":[{"count":0,"href":"https:\/\/www.africa-press.net\/tchad\/wp-json\/wp\/v2\/posts\/52689\/revisions"}],"wp:featuredmedia":[{"embeddable":true,"href":"https:\/\/www.africa-press.net\/tchad\/wp-json\/wp\/v2\/media\/52688"}],"wp:attachment":[{"href":"https:\/\/www.africa-press.net\/tchad\/wp-json\/wp\/v2\/media?parent=52689"}],"wp:term":[{"taxonomy":"category","embeddable":true,"href":"https:\/\/www.africa-press.net\/tchad\/wp-json\/wp\/v2\/categories?post=52689"},{"taxonomy":"post_tag","embeddable":true,"href":"https:\/\/www.africa-press.net\/tchad\/wp-json\/wp\/v2\/tags?post=52689"}],"curies":[{"name":"wp","href":"https:\/\/api.w.org\/{rel}","templated":true}]}}