{"id":52710,"date":"2023-10-22T14:23:40","date_gmt":"2023-10-22T14:23:40","guid":{"rendered":"https:\/\/www.africa-press.net\/tchad\/politique\/deux-deces-dans-un-tragique-accident-entre-eref-et-mangalme"},"modified":"2023-10-22T15:15:35","modified_gmt":"2023-10-22T15:15:35","slug":"deux-deces-dans-un-tragique-accident-entre-eref-et-mangalme","status":"publish","type":"post","link":"https:\/\/www.africa-press.net\/tchad\/toutes-les-actualites\/deux-deces-dans-un-tragique-accident-entre-eref-et-mangalme","title":{"rendered":"deux d\u00e9c\u00e8s dans un tragique accident entre Eref et Mangalme"},"content":{"rendered":"<p><span style=\"color: #ff6600\"><strong>Africa-Press &#8211; Tchad. <\/strong><\/span>Entre Eref et Mangalme, un bus de l&rsquo;agence Siyam a heurte\u0301 un gros ve\u0301hicule transportant du sucre, provoquant la chute du bus a\u0300 environ 35 me\u0300tres du gros porteur. Malheureusement, cet accident a entrai\u0302ne\u0301 deux de\u0301ce\u0300s et plusieurs passagers blesse\u0301s, qui ont e\u0301te\u0301 transfe\u0301re\u0301s a\u0300 l&rsquo;ho\u0302pital de Mangalme.<\/p>\n<p>Le gouverneur de la province du Guera, en mission avec sa de\u0301le\u0301gation a\u0300 Mangalme, a e\u0301te\u0301 informe\u0301 de l&rsquo;accident lors de son retour a\u0300 Eref. Il s&rsquo;est imme\u0301diatement rendu sur les lieux pour constater l&rsquo;ampleur des de\u0301ga\u0302ts.<\/p>\n<p>La principale cause de cet accident serait la vitesse excessive et le non-respect des re\u0300gles de la route.<\/p>\n<p><strong>Pour plus d&rsquo;informations et d&rsquo;analyses sur la <a href=\"https:\/\/www.africa-press.net\/tchad\">Tchad<\/a>, suivez <a href=\"https:\/\/www.africa-press.net\/\">Africa-Press<\/a><\/strong><\/p>\n","protected":false},"excerpt":{"rendered":"<p>Africa-Press &#8211; Tchad. Entre Eref et Mangalme, un bus de l&rsquo;agence Siyam a heurte\u0301 un gros ve\u0301hicule transportant du sucre, provoquant la chute du bus a\u0300 environ 35 me\u0300tres du gros porteur. Malheureusement, cet accident a entrai\u0302ne\u0301 deux de\u0301ce\u0300s et plusieurs passagers blesse\u0301s, qui ont e\u0301te\u0301 transfe\u0301re\u0301s a\u0300 l&rsquo;ho\u0302pital de Mangalme. Le gouverneur de la [&hellip;]<\/p>\n","protected":false},"author":82,"featured_media":52709,"comment_status":"open","ping_status":"closed","sticky":false,"template":"","format":"standard","meta":{"footnotes":""},"categories":[21,10],"tags":[37,292,29],"class_list":["post-52710","post","type-post","status-publish","format-standard","has-post-thumbnail","hentry","category-communaute","category-toutes-les-actualites","tag-africa-press","tag-africa-press-tchad","tag-tchad"],"yoast_head":"<!-- This site is optimized with the Yoast SEO Premium plugin v26.1 (Yoast SEO v27.0) - https:\/\/yoast.com\/product\/yoast-seo-premium-wordpress\/ -->\n<title>deux d\u00e9c\u00e8s dans un tragique accident entre Eref et Mangalme - tchad<\/title>\n<meta name=\"description\" content=\"Entre Eref et Mangalme, un bus de l&#039;agence Siyam a heurte\u0301 un gros ve\u0301hicule transportant du sucre, provoquant la chute ...\" \/>\n<meta name=\"robots\" content=\"index, follow, max-snippet:-1, max-image-preview:large, max-video-preview:-1\" \/>\n<link rel=\"canonical\" href=\"https:\/\/www.africa-press.net\/tchad\/toutes-les-actualites\/deux-deces-dans-un-tragique-accident-entre-eref-et-mangalme\" \/>\n<meta property=\"og:locale\" content=\"fr_FR\" \/>\n<meta property=\"og:type\" content=\"article\" \/>\n<meta property=\"og:title\" content=\"deux d\u00e9c\u00e8s dans un tragique accident entre Eref et Mangalme\" \/>\n<meta property=\"og:description\" content=\"Entre Eref et Mangalme, un bus de l&#039;agence Siyam a heurte\u0301 un gros ve\u0301hicule transportant du sucre, provoquant la chute ...\" \/>\n<meta property=\"og:url\" content=\"https:\/\/www.africa-press.net\/tchad\/toutes-les-actualites\/deux-deces-dans-un-tragique-accident-entre-eref-et-mangalme\" \/>\n<meta property=\"og:site_name\" content=\"tchad\" \/>\n<meta property=\"article:published_time\" content=\"2023-10-22T14:23:40+00:00\" \/>\n<meta property=\"article:modified_time\" content=\"2023-10-22T15:15:35+00:00\" \/>\n<meta property=\"og:image\" content=\"https:\/\/static.africa-press.net\/tchad\/sites\/41\/2023\/10\/sm_1697975014.954709.jpg\" \/>\n\t<meta property=\"og:image:width\" content=\"1040\" \/>\n\t<meta property=\"og:image:height\" content=\"780\" \/>\n\t<meta property=\"og:image:type\" content=\"image\/jpeg\" \/>\n<meta name=\"author\" content=\"cfeditorfr\" \/>\n<meta name=\"twitter:card\" content=\"summary_large_image\" \/>\n<meta name=\"twitter:label1\" content=\"\u00c9crit par\" \/>\n\t<meta name=\"twitter:data1\" content=\"cfeditorfr\" \/>\n\t<meta name=\"twitter:label2\" content=\"Dur\u00e9e de lecture estim\u00e9e\" \/>\n\t<meta name=\"twitter:data2\" content=\"1 minute\" \/>\n<script type=\"application\/ld+json\" class=\"yoast-schema-graph\">{\"@context\":\"https:\/\/schema.org\",\"@graph\":[{\"@type\":\"Article\",\"@id\":\"https:\/\/www.africa-press.net\/tchad\/toutes-les-actualites\/deux-deces-dans-un-tragique-accident-entre-eref-et-mangalme#article\",\"isPartOf\":{\"@id\":\"https:\/\/www.africa-press.net\/tchad\/toutes-les-actualites\/deux-deces-dans-un-tragique-accident-entre-eref-et-mangalme\"},\"author\":{\"name\":\"cfeditorfr\",\"@id\":\"https:\/\/www.africa-press.net\/tchad\/#\/schema\/person\/2b1cf3cd81a31e3cd26889ca66d677f1\"},\"headline\":\"deux d\u00e9c\u00e8s dans un tragique accident entre Eref et Mangalme\",\"datePublished\":\"2023-10-22T14:23:40+00:00\",\"dateModified\":\"2023-10-22T15:15:35+00:00\",\"mainEntityOfPage\":{\"@id\":\"https:\/\/www.africa-press.net\/tchad\/toutes-les-actualites\/deux-deces-dans-un-tragique-accident-entre-eref-et-mangalme\"},\"wordCount\":151,\"commentCount\":0,\"image\":{\"@id\":\"https:\/\/www.africa-press.net\/tchad\/toutes-les-actualites\/deux-deces-dans-un-tragique-accident-entre-eref-et-mangalme#primaryimage\"},\"thumbnailUrl\":\"https:\/\/static.africa-press.net\/tchad\/sites\/41\/2023\/10\/sm_1697975014.954709.jpg\",\"keywords\":[\"Africa Press\",\"Africa Press-Tchad\",\"Tchad\"],\"articleSection\":[\"Communaut\u00e9\",\"Toutes les actualit\u00e9s\"],\"inLanguage\":\"fr-FR\",\"potentialAction\":[{\"@type\":\"CommentAction\",\"name\":\"Comment\",\"target\":[\"https:\/\/www.africa-press.net\/tchad\/toutes-les-actualites\/deux-deces-dans-un-tragique-accident-entre-eref-et-mangalme#respond\"]}]},{\"@type\":\"WebPage\",\"@id\":\"https:\/\/www.africa-press.net\/tchad\/toutes-les-actualites\/deux-deces-dans-un-tragique-accident-entre-eref-et-mangalme\",\"url\":\"https:\/\/www.africa-press.net\/tchad\/toutes-les-actualites\/deux-deces-dans-un-tragique-accident-entre-eref-et-mangalme\",\"name\":\"deux d\u00e9c\u00e8s dans un tragique accident entre Eref et Mangalme - tchad\",\"isPartOf\":{\"@id\":\"https:\/\/www.africa-press.net\/tchad\/#website\"},\"primaryImageOfPage\":{\"@id\":\"https:\/\/www.africa-press.net\/tchad\/toutes-les-actualites\/deux-deces-dans-un-tragique-accident-entre-eref-et-mangalme#primaryimage\"},\"image\":{\"@id\":\"https:\/\/www.africa-press.net\/tchad\/toutes-les-actualites\/deux-deces-dans-un-tragique-accident-entre-eref-et-mangalme#primaryimage\"},\"thumbnailUrl\":\"https:\/\/static.africa-press.net\/tchad\/sites\/41\/2023\/10\/sm_1697975014.954709.jpg\",\"datePublished\":\"2023-10-22T14:23:40+00:00\",\"dateModified\":\"2023-10-22T15:15:35+00:00\",\"author\":{\"@id\":\"https:\/\/www.africa-press.net\/tchad\/#\/schema\/person\/2b1cf3cd81a31e3cd26889ca66d677f1\"},\"description\":\"Entre Eref et Mangalme, un bus de l'agence Siyam a heurte\u0301 un gros ve\u0301hicule transportant du sucre, provoquant la chute ...\",\"breadcrumb\":{\"@id\":\"https:\/\/www.africa-press.net\/tchad\/toutes-les-actualites\/deux-deces-dans-un-tragique-accident-entre-eref-et-mangalme#breadcrumb\"},\"inLanguage\":\"fr-FR\",\"potentialAction\":[{\"@type\":\"ReadAction\",\"target\":[\"https:\/\/www.africa-press.net\/tchad\/toutes-les-actualites\/deux-deces-dans-un-tragique-accident-entre-eref-et-mangalme\"]}]},{\"@type\":\"ImageObject\",\"inLanguage\":\"fr-FR\",\"@id\":\"https:\/\/www.africa-press.net\/tchad\/toutes-les-actualites\/deux-deces-dans-un-tragique-accident-entre-eref-et-mangalme#primaryimage\",\"url\":\"https:\/\/static.africa-press.net\/tchad\/sites\/41\/2023\/10\/sm_1697975014.954709.jpg\",\"contentUrl\":\"https:\/\/static.africa-press.net\/tchad\/sites\/41\/2023\/10\/sm_1697975014.954709.jpg\",\"width\":1040,\"height\":780,\"caption\":\"deux d\u00e9c\u00e8s dans un tragique accident entre Eref et Mangalme\"},{\"@type\":\"BreadcrumbList\",\"@id\":\"https:\/\/www.africa-press.net\/tchad\/toutes-les-actualites\/deux-deces-dans-un-tragique-accident-entre-eref-et-mangalme#breadcrumb\",\"itemListElement\":[{\"@type\":\"ListItem\",\"position\":1,\"name\":\"Accueil\",\"item\":\"https:\/\/www.africa-press.net\/tchad\/\"},{\"@type\":\"ListItem\",\"position\":2,\"name\":\"deux d\u00e9c\u00e8s dans un tragique accident entre Eref et Mangalme\"}]},{\"@type\":\"WebSite\",\"@id\":\"https:\/\/www.africa-press.net\/tchad\/#website\",\"url\":\"https:\/\/www.africa-press.net\/tchad\/\",\"name\":\"tchad\",\"description\":\"Just another Africa News Agency Sites site\",\"potentialAction\":[{\"@type\":\"SearchAction\",\"target\":{\"@type\":\"EntryPoint\",\"urlTemplate\":\"https:\/\/www.africa-press.net\/tchad\/?s={search_term_string}\"},\"query-input\":{\"@type\":\"PropertyValueSpecification\",\"valueRequired\":true,\"valueName\":\"search_term_string\"}}],\"inLanguage\":\"fr-FR\"},{\"@type\":\"Person\",\"@id\":\"https:\/\/www.africa-press.net\/tchad\/#\/schema\/person\/2b1cf3cd81a31e3cd26889ca66d677f1\",\"name\":\"cfeditorfr\"}]}<\/script>\n<!-- \/ Yoast SEO Premium plugin. -->","yoast_head_json":{"title":"deux d\u00e9c\u00e8s dans un tragique accident entre Eref et Mangalme - tchad","description":"Entre Eref et Mangalme, un bus de l'agence Siyam a heurte\u0301 un gros ve\u0301hicule transportant du sucre, provoquant la chute ...","robots":{"index":"index","follow":"follow","max-snippet":"max-snippet:-1","max-image-preview":"max-image-preview:large","max-video-preview":"max-video-preview:-1"},"canonical":"https:\/\/www.africa-press.net\/tchad\/toutes-les-actualites\/deux-deces-dans-un-tragique-accident-entre-eref-et-mangalme","og_locale":"fr_FR","og_type":"article","og_title":"deux d\u00e9c\u00e8s dans un tragique accident entre Eref et Mangalme","og_description":"Entre Eref et Mangalme, un bus de l'agence Siyam a heurte\u0301 un gros ve\u0301hicule transportant du sucre, provoquant la chute ...","og_url":"https:\/\/www.africa-press.net\/tchad\/toutes-les-actualites\/deux-deces-dans-un-tragique-accident-entre-eref-et-mangalme","og_site_name":"tchad","article_published_time":"2023-10-22T14:23:40+00:00","article_modified_time":"2023-10-22T15:15:35+00:00","og_image":[{"width":1040,"height":780,"url":"https:\/\/static.africa-press.net\/tchad\/sites\/41\/2023\/10\/sm_1697975014.954709.jpg","type":"image\/jpeg"}],"author":"cfeditorfr","twitter_card":"summary_large_image","twitter_misc":{"\u00c9crit par":"cfeditorfr","Dur\u00e9e de lecture estim\u00e9e":"1 minute"},"schema":{"@context":"https:\/\/schema.org","@graph":[{"@type":"Article","@id":"https:\/\/www.africa-press.net\/tchad\/toutes-les-actualites\/deux-deces-dans-un-tragique-accident-entre-eref-et-mangalme#article","isPartOf":{"@id":"https:\/\/www.africa-press.net\/tchad\/toutes-les-actualites\/deux-deces-dans-un-tragique-accident-entre-eref-et-mangalme"},"author":{"name":"cfeditorfr","@id":"https:\/\/www.africa-press.net\/tchad\/#\/schema\/person\/2b1cf3cd81a31e3cd26889ca66d677f1"},"headline":"deux d\u00e9c\u00e8s dans un tragique accident entre Eref et Mangalme","datePublished":"2023-10-22T14:23:40+00:00","dateModified":"2023-10-22T15:15:35+00:00","mainEntityOfPage":{"@id":"https:\/\/www.africa-press.net\/tchad\/toutes-les-actualites\/deux-deces-dans-un-tragique-accident-entre-eref-et-mangalme"},"wordCount":151,"commentCount":0,"image":{"@id":"https:\/\/www.africa-press.net\/tchad\/toutes-les-actualites\/deux-deces-dans-un-tragique-accident-entre-eref-et-mangalme#primaryimage"},"thumbnailUrl":"https:\/\/static.africa-press.net\/tchad\/sites\/41\/2023\/10\/sm_1697975014.954709.jpg","keywords":["Africa Press","Africa Press-Tchad","Tchad"],"articleSection":["Communaut\u00e9","Toutes les actualit\u00e9s"],"inLanguage":"fr-FR","potentialAction":[{"@type":"CommentAction","name":"Comment","target":["https:\/\/www.africa-press.net\/tchad\/toutes-les-actualites\/deux-deces-dans-un-tragique-accident-entre-eref-et-mangalme#respond"]}]},{"@type":"WebPage","@id":"https:\/\/www.africa-press.net\/tchad\/toutes-les-actualites\/deux-deces-dans-un-tragique-accident-entre-eref-et-mangalme","url":"https:\/\/www.africa-press.net\/tchad\/toutes-les-actualites\/deux-deces-dans-un-tragique-accident-entre-eref-et-mangalme","name":"deux d\u00e9c\u00e8s dans un tragique accident entre Eref et Mangalme - tchad","isPartOf":{"@id":"https:\/\/www.africa-press.net\/tchad\/#website"},"primaryImageOfPage":{"@id":"https:\/\/www.africa-press.net\/tchad\/toutes-les-actualites\/deux-deces-dans-un-tragique-accident-entre-eref-et-mangalme#primaryimage"},"image":{"@id":"https:\/\/www.africa-press.net\/tchad\/toutes-les-actualites\/deux-deces-dans-un-tragique-accident-entre-eref-et-mangalme#primaryimage"},"thumbnailUrl":"https:\/\/static.africa-press.net\/tchad\/sites\/41\/2023\/10\/sm_1697975014.954709.jpg","datePublished":"2023-10-22T14:23:40+00:00","dateModified":"2023-10-22T15:15:35+00:00","author":{"@id":"https:\/\/www.africa-press.net\/tchad\/#\/schema\/person\/2b1cf3cd81a31e3cd26889ca66d677f1"},"description":"Entre Eref et Mangalme, un bus de l'agence Siyam a heurte\u0301 un gros ve\u0301hicule transportant du sucre, provoquant la chute ...","breadcrumb":{"@id":"https:\/\/www.africa-press.net\/tchad\/toutes-les-actualites\/deux-deces-dans-un-tragique-accident-entre-eref-et-mangalme#breadcrumb"},"inLanguage":"fr-FR","potentialAction":[{"@type":"ReadAction","target":["https:\/\/www.africa-press.net\/tchad\/toutes-les-actualites\/deux-deces-dans-un-tragique-accident-entre-eref-et-mangalme"]}]},{"@type":"ImageObject","inLanguage":"fr-FR","@id":"https:\/\/www.africa-press.net\/tchad\/toutes-les-actualites\/deux-deces-dans-un-tragique-accident-entre-eref-et-mangalme#primaryimage","url":"https:\/\/static.africa-press.net\/tchad\/sites\/41\/2023\/10\/sm_1697975014.954709.jpg","contentUrl":"https:\/\/static.africa-press.net\/tchad\/sites\/41\/2023\/10\/sm_1697975014.954709.jpg","width":1040,"height":780,"caption":"deux d\u00e9c\u00e8s dans un tragique accident entre Eref et Mangalme"},{"@type":"BreadcrumbList","@id":"https:\/\/www.africa-press.net\/tchad\/toutes-les-actualites\/deux-deces-dans-un-tragique-accident-entre-eref-et-mangalme#breadcrumb","itemListElement":[{"@type":"ListItem","position":1,"name":"Accueil","item":"https:\/\/www.africa-press.net\/tchad\/"},{"@type":"ListItem","position":2,"name":"deux d\u00e9c\u00e8s dans un tragique accident entre Eref et Mangalme"}]},{"@type":"WebSite","@id":"https:\/\/www.africa-press.net\/tchad\/#website","url":"https:\/\/www.africa-press.net\/tchad\/","name":"tchad","description":"Just another Africa News Agency Sites site","potentialAction":[{"@type":"SearchAction","target":{"@type":"EntryPoint","urlTemplate":"https:\/\/www.africa-press.net\/tchad\/?s={search_term_string}"},"query-input":{"@type":"PropertyValueSpecification","valueRequired":true,"valueName":"search_term_string"}}],"inLanguage":"fr-FR"},{"@type":"Person","@id":"https:\/\/www.africa-press.net\/tchad\/#\/schema\/person\/2b1cf3cd81a31e3cd26889ca66d677f1","name":"cfeditorfr"}]}},"_links":{"self":[{"href":"https:\/\/www.africa-press.net\/tchad\/wp-json\/wp\/v2\/posts\/52710","targetHints":{"allow":["GET"]}}],"collection":[{"href":"https:\/\/www.africa-press.net\/tchad\/wp-json\/wp\/v2\/posts"}],"about":[{"href":"https:\/\/www.africa-press.net\/tchad\/wp-json\/wp\/v2\/types\/post"}],"author":[{"embeddable":true,"href":"https:\/\/www.africa-press.net\/tchad\/wp-json\/wp\/v2\/users\/82"}],"replies":[{"embeddable":true,"href":"https:\/\/www.africa-press.net\/tchad\/wp-json\/wp\/v2\/comments?post=52710"}],"version-history":[{"count":0,"href":"https:\/\/www.africa-press.net\/tchad\/wp-json\/wp\/v2\/posts\/52710\/revisions"}],"wp:featuredmedia":[{"embeddable":true,"href":"https:\/\/www.africa-press.net\/tchad\/wp-json\/wp\/v2\/media\/52709"}],"wp:attachment":[{"href":"https:\/\/www.africa-press.net\/tchad\/wp-json\/wp\/v2\/media?parent=52710"}],"wp:term":[{"taxonomy":"category","embeddable":true,"href":"https:\/\/www.africa-press.net\/tchad\/wp-json\/wp\/v2\/categories?post=52710"},{"taxonomy":"post_tag","embeddable":true,"href":"https:\/\/www.africa-press.net\/tchad\/wp-json\/wp\/v2\/tags?post=52710"}],"curies":[{"name":"wp","href":"https:\/\/api.w.org\/{rel}","templated":true}]}}