{"id":52712,"date":"2023-10-22T14:23:51","date_gmt":"2023-10-22T14:23:51","guid":{"rendered":"https:\/\/www.africa-press.net\/tchad\/politique\/un-eminent-membre-de-la-societe-civile-se-tourne-vers-la-politique"},"modified":"2023-10-22T15:16:00","modified_gmt":"2023-10-22T15:16:00","slug":"un-eminent-membre-de-la-societe-civile-se-tourne-vers-la-politique","status":"publish","type":"post","link":"https:\/\/www.africa-press.net\/tchad\/politique\/un-eminent-membre-de-la-societe-civile-se-tourne-vers-la-politique","title":{"rendered":"\u200bun \u00e9minent membre de la soci\u00e9t\u00e9 civile se tourne vers la politique"},"content":{"rendered":"<p><span style=\"color: #ff6600\"><strong>Africa-Press &#8211; Tchad. <\/strong><\/span>Accueilli et accepte\u0301 par le 1er vice-pre\u0301sident, Ce\u0301lestin Topona, Alain Didah et ses compagnons ont fait leur entre\u0301e dans le monde politique. Ce\u0301lestin Topona a souligne\u0301 : \u00ab\u00a0En UNDR, il n&rsquo;y a pas de militants de premie\u0300re ou de dernie\u0300re heure, tous les militants sont e\u0301gaux. Alain Didah, a\u0300 partir de maintenant, vous et votre groupe portez un casque politique et non plus celui de la socie\u0301te\u0301 civile.\u00a0\u00bb<\/p>\n<p>Ce\u0301lestin Topona a appele\u0301 les partisans de diffe\u0301rentes tendances politiques a\u0300 mettre fin aux hostilite\u0301s et a\u0300 soutenir la transition afin d&rsquo;aboutir a\u0300 une paix durable pour tous.<\/p>\n<p>Alain Didah a explique\u0301 les raisons de leur adhe\u0301sion et a affirme\u0301 que rejoindre l&rsquo;UNDR n&rsquo;e\u0301tait pas un choix fortuit, mais pluto\u0302t une adhe\u0301sion logique en accord avec leur ide\u0301ologie.<\/p>\n<p><strong>Pour plus d&rsquo;informations et d&rsquo;analyses sur la <a href=\"https:\/\/www.africa-press.net\/tchad\">Tchad<\/a>, suivez <a href=\"https:\/\/www.africa-press.net\/\">Africa-Press<\/a><\/strong><\/p>\n","protected":false},"excerpt":{"rendered":"<p>Africa-Press &#8211; Tchad. Accueilli et accepte\u0301 par le 1er vice-pre\u0301sident, Ce\u0301lestin Topona, Alain Didah et ses compagnons ont fait leur entre\u0301e dans le monde politique. Ce\u0301lestin Topona a souligne\u0301 : \u00ab\u00a0En UNDR, il n&rsquo;y a pas de militants de premie\u0300re ou de dernie\u0300re heure, tous les militants sont e\u0301gaux. Alain Didah, a\u0300 partir de maintenant, [&hellip;]<\/p>\n","protected":false},"author":82,"featured_media":52711,"comment_status":"open","ping_status":"closed","sticky":false,"template":"","format":"standard","meta":{"footnotes":""},"categories":[2,10],"tags":[37,292,29],"class_list":["post-52712","post","type-post","status-publish","format-standard","has-post-thumbnail","hentry","category-politique","category-toutes-les-actualites","tag-africa-press","tag-africa-press-tchad","tag-tchad"],"yoast_head":"<!-- This site is optimized with the Yoast SEO Premium plugin v26.1 (Yoast SEO v27.0) - https:\/\/yoast.com\/product\/yoast-seo-premium-wordpress\/ -->\n<title>\u200bun \u00e9minent membre de la soci\u00e9t\u00e9 civile se tourne vers la politique - tchad<\/title>\n<meta name=\"description\" content=\"Accueilli et accepte\u0301 par le 1er vice-pre\u0301sident, Ce\u0301lestin Topona, Alain Didah et ses compagnons ont fait leur entre\u0301e ...\" \/>\n<meta name=\"robots\" content=\"index, follow, max-snippet:-1, max-image-preview:large, max-video-preview:-1\" \/>\n<link rel=\"canonical\" href=\"https:\/\/www.africa-press.net\/tchad\/politique\/un-eminent-membre-de-la-societe-civile-se-tourne-vers-la-politique\" \/>\n<meta property=\"og:locale\" content=\"fr_FR\" \/>\n<meta property=\"og:type\" content=\"article\" \/>\n<meta property=\"og:title\" content=\"\u200bun \u00e9minent membre de la soci\u00e9t\u00e9 civile se tourne vers la politique\" \/>\n<meta property=\"og:description\" content=\"Accueilli et accepte\u0301 par le 1er vice-pre\u0301sident, Ce\u0301lestin Topona, Alain Didah et ses compagnons ont fait leur entre\u0301e ...\" \/>\n<meta property=\"og:url\" content=\"https:\/\/www.africa-press.net\/tchad\/politique\/un-eminent-membre-de-la-societe-civile-se-tourne-vers-la-politique\" \/>\n<meta property=\"og:site_name\" content=\"tchad\" \/>\n<meta property=\"article:published_time\" content=\"2023-10-22T14:23:51+00:00\" \/>\n<meta property=\"article:modified_time\" content=\"2023-10-22T15:16:00+00:00\" \/>\n<meta property=\"og:image\" content=\"https:\/\/static.africa-press.net\/tchad\/sites\/41\/2023\/10\/sm_1697975033.902001.jpg\" \/>\n\t<meta property=\"og:image:width\" content=\"962\" \/>\n\t<meta property=\"og:image:height\" content=\"433\" \/>\n\t<meta property=\"og:image:type\" content=\"image\/jpeg\" \/>\n<meta name=\"author\" content=\"cfeditorfr\" \/>\n<meta name=\"twitter:card\" content=\"summary_large_image\" \/>\n<meta name=\"twitter:label1\" content=\"\u00c9crit par\" \/>\n\t<meta name=\"twitter:data1\" content=\"cfeditorfr\" \/>\n\t<meta name=\"twitter:label2\" content=\"Dur\u00e9e de lecture estim\u00e9e\" \/>\n\t<meta name=\"twitter:data2\" content=\"1 minute\" \/>\n<script type=\"application\/ld+json\" class=\"yoast-schema-graph\">{\"@context\":\"https:\/\/schema.org\",\"@graph\":[{\"@type\":\"Article\",\"@id\":\"https:\/\/www.africa-press.net\/tchad\/politique\/un-eminent-membre-de-la-societe-civile-se-tourne-vers-la-politique#article\",\"isPartOf\":{\"@id\":\"https:\/\/www.africa-press.net\/tchad\/politique\/un-eminent-membre-de-la-societe-civile-se-tourne-vers-la-politique\"},\"author\":{\"name\":\"cfeditorfr\",\"@id\":\"https:\/\/www.africa-press.net\/tchad\/#\/schema\/person\/2b1cf3cd81a31e3cd26889ca66d677f1\"},\"headline\":\"\u200bun \u00e9minent membre de la soci\u00e9t\u00e9 civile se tourne vers la politique\",\"datePublished\":\"2023-10-22T14:23:51+00:00\",\"dateModified\":\"2023-10-22T15:16:00+00:00\",\"mainEntityOfPage\":{\"@id\":\"https:\/\/www.africa-press.net\/tchad\/politique\/un-eminent-membre-de-la-societe-civile-se-tourne-vers-la-politique\"},\"wordCount\":173,\"commentCount\":0,\"image\":{\"@id\":\"https:\/\/www.africa-press.net\/tchad\/politique\/un-eminent-membre-de-la-societe-civile-se-tourne-vers-la-politique#primaryimage\"},\"thumbnailUrl\":\"https:\/\/static.africa-press.net\/tchad\/sites\/41\/2023\/10\/sm_1697975033.902001.jpg\",\"keywords\":[\"Africa Press\",\"Africa Press-Tchad\",\"Tchad\"],\"articleSection\":[\"Politique\",\"Toutes les actualit\u00e9s\"],\"inLanguage\":\"fr-FR\",\"potentialAction\":[{\"@type\":\"CommentAction\",\"name\":\"Comment\",\"target\":[\"https:\/\/www.africa-press.net\/tchad\/politique\/un-eminent-membre-de-la-societe-civile-se-tourne-vers-la-politique#respond\"]}]},{\"@type\":\"WebPage\",\"@id\":\"https:\/\/www.africa-press.net\/tchad\/politique\/un-eminent-membre-de-la-societe-civile-se-tourne-vers-la-politique\",\"url\":\"https:\/\/www.africa-press.net\/tchad\/politique\/un-eminent-membre-de-la-societe-civile-se-tourne-vers-la-politique\",\"name\":\"\u200bun \u00e9minent membre de la soci\u00e9t\u00e9 civile se tourne vers la politique - tchad\",\"isPartOf\":{\"@id\":\"https:\/\/www.africa-press.net\/tchad\/#website\"},\"primaryImageOfPage\":{\"@id\":\"https:\/\/www.africa-press.net\/tchad\/politique\/un-eminent-membre-de-la-societe-civile-se-tourne-vers-la-politique#primaryimage\"},\"image\":{\"@id\":\"https:\/\/www.africa-press.net\/tchad\/politique\/un-eminent-membre-de-la-societe-civile-se-tourne-vers-la-politique#primaryimage\"},\"thumbnailUrl\":\"https:\/\/static.africa-press.net\/tchad\/sites\/41\/2023\/10\/sm_1697975033.902001.jpg\",\"datePublished\":\"2023-10-22T14:23:51+00:00\",\"dateModified\":\"2023-10-22T15:16:00+00:00\",\"author\":{\"@id\":\"https:\/\/www.africa-press.net\/tchad\/#\/schema\/person\/2b1cf3cd81a31e3cd26889ca66d677f1\"},\"description\":\"Accueilli et accepte\u0301 par le 1er vice-pre\u0301sident, Ce\u0301lestin Topona, Alain Didah et ses compagnons ont fait leur entre\u0301e ...\",\"breadcrumb\":{\"@id\":\"https:\/\/www.africa-press.net\/tchad\/politique\/un-eminent-membre-de-la-societe-civile-se-tourne-vers-la-politique#breadcrumb\"},\"inLanguage\":\"fr-FR\",\"potentialAction\":[{\"@type\":\"ReadAction\",\"target\":[\"https:\/\/www.africa-press.net\/tchad\/politique\/un-eminent-membre-de-la-societe-civile-se-tourne-vers-la-politique\"]}]},{\"@type\":\"ImageObject\",\"inLanguage\":\"fr-FR\",\"@id\":\"https:\/\/www.africa-press.net\/tchad\/politique\/un-eminent-membre-de-la-societe-civile-se-tourne-vers-la-politique#primaryimage\",\"url\":\"https:\/\/static.africa-press.net\/tchad\/sites\/41\/2023\/10\/sm_1697975033.902001.jpg\",\"contentUrl\":\"https:\/\/static.africa-press.net\/tchad\/sites\/41\/2023\/10\/sm_1697975033.902001.jpg\",\"width\":962,\"height\":433,\"caption\":\"\u200bun \u00e9minent membre de la soci\u00e9t\u00e9 civile se tourne vers la politique\"},{\"@type\":\"BreadcrumbList\",\"@id\":\"https:\/\/www.africa-press.net\/tchad\/politique\/un-eminent-membre-de-la-societe-civile-se-tourne-vers-la-politique#breadcrumb\",\"itemListElement\":[{\"@type\":\"ListItem\",\"position\":1,\"name\":\"Accueil\",\"item\":\"https:\/\/www.africa-press.net\/tchad\/\"},{\"@type\":\"ListItem\",\"position\":2,\"name\":\"\u200bun \u00e9minent membre de la soci\u00e9t\u00e9 civile se tourne vers la politique\"}]},{\"@type\":\"WebSite\",\"@id\":\"https:\/\/www.africa-press.net\/tchad\/#website\",\"url\":\"https:\/\/www.africa-press.net\/tchad\/\",\"name\":\"tchad\",\"description\":\"Just another Africa News Agency Sites site\",\"potentialAction\":[{\"@type\":\"SearchAction\",\"target\":{\"@type\":\"EntryPoint\",\"urlTemplate\":\"https:\/\/www.africa-press.net\/tchad\/?s={search_term_string}\"},\"query-input\":{\"@type\":\"PropertyValueSpecification\",\"valueRequired\":true,\"valueName\":\"search_term_string\"}}],\"inLanguage\":\"fr-FR\"},{\"@type\":\"Person\",\"@id\":\"https:\/\/www.africa-press.net\/tchad\/#\/schema\/person\/2b1cf3cd81a31e3cd26889ca66d677f1\",\"name\":\"cfeditorfr\"}]}<\/script>\n<!-- \/ Yoast SEO Premium plugin. -->","yoast_head_json":{"title":"\u200bun \u00e9minent membre de la soci\u00e9t\u00e9 civile se tourne vers la politique - tchad","description":"Accueilli et accepte\u0301 par le 1er vice-pre\u0301sident, Ce\u0301lestin Topona, Alain Didah et ses compagnons ont fait leur entre\u0301e ...","robots":{"index":"index","follow":"follow","max-snippet":"max-snippet:-1","max-image-preview":"max-image-preview:large","max-video-preview":"max-video-preview:-1"},"canonical":"https:\/\/www.africa-press.net\/tchad\/politique\/un-eminent-membre-de-la-societe-civile-se-tourne-vers-la-politique","og_locale":"fr_FR","og_type":"article","og_title":"\u200bun \u00e9minent membre de la soci\u00e9t\u00e9 civile se tourne vers la politique","og_description":"Accueilli et accepte\u0301 par le 1er vice-pre\u0301sident, Ce\u0301lestin Topona, Alain Didah et ses compagnons ont fait leur entre\u0301e ...","og_url":"https:\/\/www.africa-press.net\/tchad\/politique\/un-eminent-membre-de-la-societe-civile-se-tourne-vers-la-politique","og_site_name":"tchad","article_published_time":"2023-10-22T14:23:51+00:00","article_modified_time":"2023-10-22T15:16:00+00:00","og_image":[{"width":962,"height":433,"url":"https:\/\/static.africa-press.net\/tchad\/sites\/41\/2023\/10\/sm_1697975033.902001.jpg","type":"image\/jpeg"}],"author":"cfeditorfr","twitter_card":"summary_large_image","twitter_misc":{"\u00c9crit par":"cfeditorfr","Dur\u00e9e de lecture estim\u00e9e":"1 minute"},"schema":{"@context":"https:\/\/schema.org","@graph":[{"@type":"Article","@id":"https:\/\/www.africa-press.net\/tchad\/politique\/un-eminent-membre-de-la-societe-civile-se-tourne-vers-la-politique#article","isPartOf":{"@id":"https:\/\/www.africa-press.net\/tchad\/politique\/un-eminent-membre-de-la-societe-civile-se-tourne-vers-la-politique"},"author":{"name":"cfeditorfr","@id":"https:\/\/www.africa-press.net\/tchad\/#\/schema\/person\/2b1cf3cd81a31e3cd26889ca66d677f1"},"headline":"\u200bun \u00e9minent membre de la soci\u00e9t\u00e9 civile se tourne vers la politique","datePublished":"2023-10-22T14:23:51+00:00","dateModified":"2023-10-22T15:16:00+00:00","mainEntityOfPage":{"@id":"https:\/\/www.africa-press.net\/tchad\/politique\/un-eminent-membre-de-la-societe-civile-se-tourne-vers-la-politique"},"wordCount":173,"commentCount":0,"image":{"@id":"https:\/\/www.africa-press.net\/tchad\/politique\/un-eminent-membre-de-la-societe-civile-se-tourne-vers-la-politique#primaryimage"},"thumbnailUrl":"https:\/\/static.africa-press.net\/tchad\/sites\/41\/2023\/10\/sm_1697975033.902001.jpg","keywords":["Africa Press","Africa Press-Tchad","Tchad"],"articleSection":["Politique","Toutes les actualit\u00e9s"],"inLanguage":"fr-FR","potentialAction":[{"@type":"CommentAction","name":"Comment","target":["https:\/\/www.africa-press.net\/tchad\/politique\/un-eminent-membre-de-la-societe-civile-se-tourne-vers-la-politique#respond"]}]},{"@type":"WebPage","@id":"https:\/\/www.africa-press.net\/tchad\/politique\/un-eminent-membre-de-la-societe-civile-se-tourne-vers-la-politique","url":"https:\/\/www.africa-press.net\/tchad\/politique\/un-eminent-membre-de-la-societe-civile-se-tourne-vers-la-politique","name":"\u200bun \u00e9minent membre de la soci\u00e9t\u00e9 civile se tourne vers la politique - tchad","isPartOf":{"@id":"https:\/\/www.africa-press.net\/tchad\/#website"},"primaryImageOfPage":{"@id":"https:\/\/www.africa-press.net\/tchad\/politique\/un-eminent-membre-de-la-societe-civile-se-tourne-vers-la-politique#primaryimage"},"image":{"@id":"https:\/\/www.africa-press.net\/tchad\/politique\/un-eminent-membre-de-la-societe-civile-se-tourne-vers-la-politique#primaryimage"},"thumbnailUrl":"https:\/\/static.africa-press.net\/tchad\/sites\/41\/2023\/10\/sm_1697975033.902001.jpg","datePublished":"2023-10-22T14:23:51+00:00","dateModified":"2023-10-22T15:16:00+00:00","author":{"@id":"https:\/\/www.africa-press.net\/tchad\/#\/schema\/person\/2b1cf3cd81a31e3cd26889ca66d677f1"},"description":"Accueilli et accepte\u0301 par le 1er vice-pre\u0301sident, Ce\u0301lestin Topona, Alain Didah et ses compagnons ont fait leur entre\u0301e ...","breadcrumb":{"@id":"https:\/\/www.africa-press.net\/tchad\/politique\/un-eminent-membre-de-la-societe-civile-se-tourne-vers-la-politique#breadcrumb"},"inLanguage":"fr-FR","potentialAction":[{"@type":"ReadAction","target":["https:\/\/www.africa-press.net\/tchad\/politique\/un-eminent-membre-de-la-societe-civile-se-tourne-vers-la-politique"]}]},{"@type":"ImageObject","inLanguage":"fr-FR","@id":"https:\/\/www.africa-press.net\/tchad\/politique\/un-eminent-membre-de-la-societe-civile-se-tourne-vers-la-politique#primaryimage","url":"https:\/\/static.africa-press.net\/tchad\/sites\/41\/2023\/10\/sm_1697975033.902001.jpg","contentUrl":"https:\/\/static.africa-press.net\/tchad\/sites\/41\/2023\/10\/sm_1697975033.902001.jpg","width":962,"height":433,"caption":"\u200bun \u00e9minent membre de la soci\u00e9t\u00e9 civile se tourne vers la politique"},{"@type":"BreadcrumbList","@id":"https:\/\/www.africa-press.net\/tchad\/politique\/un-eminent-membre-de-la-societe-civile-se-tourne-vers-la-politique#breadcrumb","itemListElement":[{"@type":"ListItem","position":1,"name":"Accueil","item":"https:\/\/www.africa-press.net\/tchad\/"},{"@type":"ListItem","position":2,"name":"\u200bun \u00e9minent membre de la soci\u00e9t\u00e9 civile se tourne vers la politique"}]},{"@type":"WebSite","@id":"https:\/\/www.africa-press.net\/tchad\/#website","url":"https:\/\/www.africa-press.net\/tchad\/","name":"tchad","description":"Just another Africa News Agency Sites site","potentialAction":[{"@type":"SearchAction","target":{"@type":"EntryPoint","urlTemplate":"https:\/\/www.africa-press.net\/tchad\/?s={search_term_string}"},"query-input":{"@type":"PropertyValueSpecification","valueRequired":true,"valueName":"search_term_string"}}],"inLanguage":"fr-FR"},{"@type":"Person","@id":"https:\/\/www.africa-press.net\/tchad\/#\/schema\/person\/2b1cf3cd81a31e3cd26889ca66d677f1","name":"cfeditorfr"}]}},"_links":{"self":[{"href":"https:\/\/www.africa-press.net\/tchad\/wp-json\/wp\/v2\/posts\/52712","targetHints":{"allow":["GET"]}}],"collection":[{"href":"https:\/\/www.africa-press.net\/tchad\/wp-json\/wp\/v2\/posts"}],"about":[{"href":"https:\/\/www.africa-press.net\/tchad\/wp-json\/wp\/v2\/types\/post"}],"author":[{"embeddable":true,"href":"https:\/\/www.africa-press.net\/tchad\/wp-json\/wp\/v2\/users\/82"}],"replies":[{"embeddable":true,"href":"https:\/\/www.africa-press.net\/tchad\/wp-json\/wp\/v2\/comments?post=52712"}],"version-history":[{"count":0,"href":"https:\/\/www.africa-press.net\/tchad\/wp-json\/wp\/v2\/posts\/52712\/revisions"}],"wp:featuredmedia":[{"embeddable":true,"href":"https:\/\/www.africa-press.net\/tchad\/wp-json\/wp\/v2\/media\/52711"}],"wp:attachment":[{"href":"https:\/\/www.africa-press.net\/tchad\/wp-json\/wp\/v2\/media?parent=52712"}],"wp:term":[{"taxonomy":"category","embeddable":true,"href":"https:\/\/www.africa-press.net\/tchad\/wp-json\/wp\/v2\/categories?post=52712"},{"taxonomy":"post_tag","embeddable":true,"href":"https:\/\/www.africa-press.net\/tchad\/wp-json\/wp\/v2\/tags?post=52712"}],"curies":[{"name":"wp","href":"https:\/\/api.w.org\/{rel}","templated":true}]}}