{"id":52714,"date":"2023-10-22T14:24:05","date_gmt":"2023-10-22T14:24:05","guid":{"rendered":"https:\/\/www.africa-press.net\/tchad\/politique\/endema-a-ndjamena-nouvelle-etape-pour-le-developpement-et-la-solidarite"},"modified":"2023-10-22T15:16:28","modified_gmt":"2023-10-22T15:16:28","slug":"endema-a-ndjamena-nouvelle-etape-pour-le-developpement-et-la-solidarite","status":"publish","type":"post","link":"https:\/\/www.africa-press.net\/tchad\/politique\/endema-a-ndjamena-nouvelle-etape-pour-le-developpement-et-la-solidarite","title":{"rendered":"ENDEMA \u00e0 N\u2019Djamena, nouvelle \u00e9tape pour le d\u00e9veloppement et la solidarit\u00e9"},"content":{"rendered":"<p><span style=\"color: #ff6600\"><strong>Africa-Press &#8211; Tchad. <\/strong><\/span>Une ce\u0301re\u0301monie d&rsquo;inauguration du bureau provincial de l&rsquo;Entente pour le De\u0301veloppement, la Mutuelle et l&rsquo;Assistance (ENDEMA) a eu lieu le 21 octobre 2022 a\u0300 la bibliothe\u0300que nationale en pre\u0301sence de plusieurs responsables administratifs et politiques de la ville de N&rsquo;Djamena.<\/p>\n<p>Dans son discours, le pre\u0301sident national de l&rsquo;ENDEMA, Malloum Abba Oumar, a souligne\u0301 \u201cl&rsquo;importance de notre devoir de contribuer a\u0300 l&rsquo;ame\u0301lioration de la vie de nos concitoyens et a\u0300 la re\u0301duction de l&rsquo;analphabe\u0301tisme\u201d. Il a affirme\u0301 \u201cnotre de\u0301termination a\u0300 unir nos efforts pour trouver des re\u0301ponses a\u0300 nos pre\u0301occupations et des solutions aux de\u0301fis actuels. Nos principaux objectifs incluent la promotion de la paix, la coexistence pacifique et le vivre-ensemble. Nous sommes convaincus que chacun d&rsquo;entre nous peut contribuer a\u0300 faire progresser notre organisation vers un avenir prometteur. Nous avons de\u0301ja\u0300 de\u0301passe\u0301 nos attentes en termes de re\u0301alisation, de qualite\u0301 de travail et de talents de\u0301ploye\u0301s.\u201d<\/p>\n<p>La cre\u0301ation d&rsquo;Entente pour le De\u0301veloppement, la Mutuelle et l&rsquo;Assistance est ne\u0301e d&rsquo;une observation concre\u0300te de la ne\u0301cessite\u0301 d&rsquo;un cadre d&rsquo;entraide visant a\u0300 promouvoir les valeurs culturelles au sein de la communaute\u0301.<\/p>\n<p>Les objectifs sont de renforcer les liens de fraternite\u0301, de promouvoir la solidarite\u0301 et l&rsquo;entraide, de soutenir la re\u0301alisation de projets de de\u0301veloppement, de lutter contre l&rsquo;analphabe\u0301tisme, de favoriser la citoyennete\u0301 par la communication et la sensibilisation, et de collaborer avec les pouvoirs publics, les ONG et d&rsquo;autres associations partageant les me\u0302mes objectifs.<\/p>\n<p><strong>Pour plus d&rsquo;informations et d&rsquo;analyses sur la <a href=\"https:\/\/www.africa-press.net\/tchad\">Tchad<\/a>, suivez <a href=\"https:\/\/www.africa-press.net\/\">Africa-Press<\/a><\/strong><\/p>\n","protected":false},"excerpt":{"rendered":"<p>Africa-Press &#8211; Tchad. Une ce\u0301re\u0301monie d&rsquo;inauguration du bureau provincial de l&rsquo;Entente pour le De\u0301veloppement, la Mutuelle et l&rsquo;Assistance (ENDEMA) a eu lieu le 21 octobre 2022 a\u0300 la bibliothe\u0300que nationale en pre\u0301sence de plusieurs responsables administratifs et politiques de la ville de N&rsquo;Djamena. Dans son discours, le pre\u0301sident national de l&rsquo;ENDEMA, Malloum Abba Oumar, a [&hellip;]<\/p>\n","protected":false},"author":82,"featured_media":52713,"comment_status":"open","ping_status":"closed","sticky":false,"template":"","format":"standard","meta":{"footnotes":""},"categories":[2,10],"tags":[37,292,29],"class_list":["post-52714","post","type-post","status-publish","format-standard","has-post-thumbnail","hentry","category-politique","category-toutes-les-actualites","tag-africa-press","tag-africa-press-tchad","tag-tchad"],"yoast_head":"<!-- This site is optimized with the Yoast SEO Premium plugin v26.1 (Yoast SEO v27.0) - https:\/\/yoast.com\/product\/yoast-seo-premium-wordpress\/ -->\n<title>ENDEMA \u00e0 N\u2019Djamena, nouvelle \u00e9tape pour le d\u00e9veloppement et la solidarit\u00e9 - tchad<\/title>\n<meta name=\"description\" content=\"Une ce\u0301re\u0301monie d&#039;inauguration du bureau provincial de l&#039;Entente pour le De\u0301veloppement, la Mutuelle et l&#039;Assistance (EN ...\" \/>\n<meta name=\"robots\" content=\"index, follow, max-snippet:-1, max-image-preview:large, max-video-preview:-1\" \/>\n<link rel=\"canonical\" href=\"https:\/\/www.africa-press.net\/tchad\/politique\/endema-a-ndjamena-nouvelle-etape-pour-le-developpement-et-la-solidarite\" \/>\n<meta property=\"og:locale\" content=\"fr_FR\" \/>\n<meta property=\"og:type\" content=\"article\" \/>\n<meta property=\"og:title\" content=\"ENDEMA \u00e0 N\u2019Djamena, nouvelle \u00e9tape pour le d\u00e9veloppement et la solidarit\u00e9\" \/>\n<meta property=\"og:description\" content=\"Une ce\u0301re\u0301monie d&#039;inauguration du bureau provincial de l&#039;Entente pour le De\u0301veloppement, la Mutuelle et l&#039;Assistance (EN ...\" \/>\n<meta property=\"og:url\" content=\"https:\/\/www.africa-press.net\/tchad\/politique\/endema-a-ndjamena-nouvelle-etape-pour-le-developpement-et-la-solidarite\" \/>\n<meta property=\"og:site_name\" content=\"tchad\" \/>\n<meta property=\"article:published_time\" content=\"2023-10-22T14:24:05+00:00\" \/>\n<meta property=\"article:modified_time\" content=\"2023-10-22T15:16:28+00:00\" \/>\n<meta property=\"og:image\" content=\"https:\/\/static.africa-press.net\/tchad\/sites\/41\/2023\/10\/sm_1697975054.52823.jpg\" \/>\n\t<meta property=\"og:image:width\" content=\"1024\" \/>\n\t<meta property=\"og:image:height\" content=\"768\" \/>\n\t<meta property=\"og:image:type\" content=\"image\/jpeg\" \/>\n<meta name=\"author\" content=\"cfeditorfr\" \/>\n<meta name=\"twitter:card\" content=\"summary_large_image\" \/>\n<meta name=\"twitter:label1\" content=\"\u00c9crit par\" \/>\n\t<meta name=\"twitter:data1\" content=\"cfeditorfr\" \/>\n\t<meta name=\"twitter:label2\" content=\"Dur\u00e9e de lecture estim\u00e9e\" \/>\n\t<meta name=\"twitter:data2\" content=\"2 minutes\" \/>\n<script type=\"application\/ld+json\" class=\"yoast-schema-graph\">{\"@context\":\"https:\/\/schema.org\",\"@graph\":[{\"@type\":\"Article\",\"@id\":\"https:\/\/www.africa-press.net\/tchad\/politique\/endema-a-ndjamena-nouvelle-etape-pour-le-developpement-et-la-solidarite#article\",\"isPartOf\":{\"@id\":\"https:\/\/www.africa-press.net\/tchad\/politique\/endema-a-ndjamena-nouvelle-etape-pour-le-developpement-et-la-solidarite\"},\"author\":{\"name\":\"cfeditorfr\",\"@id\":\"https:\/\/www.africa-press.net\/tchad\/#\/schema\/person\/2b1cf3cd81a31e3cd26889ca66d677f1\"},\"headline\":\"ENDEMA \u00e0 N\u2019Djamena, nouvelle \u00e9tape pour le d\u00e9veloppement et la solidarit\u00e9\",\"datePublished\":\"2023-10-22T14:24:05+00:00\",\"dateModified\":\"2023-10-22T15:16:28+00:00\",\"mainEntityOfPage\":{\"@id\":\"https:\/\/www.africa-press.net\/tchad\/politique\/endema-a-ndjamena-nouvelle-etape-pour-le-developpement-et-la-solidarite\"},\"wordCount\":300,\"commentCount\":0,\"image\":{\"@id\":\"https:\/\/www.africa-press.net\/tchad\/politique\/endema-a-ndjamena-nouvelle-etape-pour-le-developpement-et-la-solidarite#primaryimage\"},\"thumbnailUrl\":\"https:\/\/static.africa-press.net\/tchad\/sites\/41\/2023\/10\/sm_1697975054.52823.jpg\",\"keywords\":[\"Africa Press\",\"Africa Press-Tchad\",\"Tchad\"],\"articleSection\":[\"Politique\",\"Toutes les actualit\u00e9s\"],\"inLanguage\":\"fr-FR\",\"potentialAction\":[{\"@type\":\"CommentAction\",\"name\":\"Comment\",\"target\":[\"https:\/\/www.africa-press.net\/tchad\/politique\/endema-a-ndjamena-nouvelle-etape-pour-le-developpement-et-la-solidarite#respond\"]}]},{\"@type\":\"WebPage\",\"@id\":\"https:\/\/www.africa-press.net\/tchad\/politique\/endema-a-ndjamena-nouvelle-etape-pour-le-developpement-et-la-solidarite\",\"url\":\"https:\/\/www.africa-press.net\/tchad\/politique\/endema-a-ndjamena-nouvelle-etape-pour-le-developpement-et-la-solidarite\",\"name\":\"ENDEMA \u00e0 N\u2019Djamena, nouvelle \u00e9tape pour le d\u00e9veloppement et la solidarit\u00e9 - tchad\",\"isPartOf\":{\"@id\":\"https:\/\/www.africa-press.net\/tchad\/#website\"},\"primaryImageOfPage\":{\"@id\":\"https:\/\/www.africa-press.net\/tchad\/politique\/endema-a-ndjamena-nouvelle-etape-pour-le-developpement-et-la-solidarite#primaryimage\"},\"image\":{\"@id\":\"https:\/\/www.africa-press.net\/tchad\/politique\/endema-a-ndjamena-nouvelle-etape-pour-le-developpement-et-la-solidarite#primaryimage\"},\"thumbnailUrl\":\"https:\/\/static.africa-press.net\/tchad\/sites\/41\/2023\/10\/sm_1697975054.52823.jpg\",\"datePublished\":\"2023-10-22T14:24:05+00:00\",\"dateModified\":\"2023-10-22T15:16:28+00:00\",\"author\":{\"@id\":\"https:\/\/www.africa-press.net\/tchad\/#\/schema\/person\/2b1cf3cd81a31e3cd26889ca66d677f1\"},\"description\":\"Une ce\u0301re\u0301monie d'inauguration du bureau provincial de l'Entente pour le De\u0301veloppement, la Mutuelle et l'Assistance (EN ...\",\"breadcrumb\":{\"@id\":\"https:\/\/www.africa-press.net\/tchad\/politique\/endema-a-ndjamena-nouvelle-etape-pour-le-developpement-et-la-solidarite#breadcrumb\"},\"inLanguage\":\"fr-FR\",\"potentialAction\":[{\"@type\":\"ReadAction\",\"target\":[\"https:\/\/www.africa-press.net\/tchad\/politique\/endema-a-ndjamena-nouvelle-etape-pour-le-developpement-et-la-solidarite\"]}]},{\"@type\":\"ImageObject\",\"inLanguage\":\"fr-FR\",\"@id\":\"https:\/\/www.africa-press.net\/tchad\/politique\/endema-a-ndjamena-nouvelle-etape-pour-le-developpement-et-la-solidarite#primaryimage\",\"url\":\"https:\/\/static.africa-press.net\/tchad\/sites\/41\/2023\/10\/sm_1697975054.52823.jpg\",\"contentUrl\":\"https:\/\/static.africa-press.net\/tchad\/sites\/41\/2023\/10\/sm_1697975054.52823.jpg\",\"width\":1024,\"height\":768,\"caption\":\"ENDEMA \u00e0 N\u2019Djamena, nouvelle \u00e9tape pour le d\u00e9veloppement et la solidarit\u00e9\"},{\"@type\":\"BreadcrumbList\",\"@id\":\"https:\/\/www.africa-press.net\/tchad\/politique\/endema-a-ndjamena-nouvelle-etape-pour-le-developpement-et-la-solidarite#breadcrumb\",\"itemListElement\":[{\"@type\":\"ListItem\",\"position\":1,\"name\":\"Accueil\",\"item\":\"https:\/\/www.africa-press.net\/tchad\/\"},{\"@type\":\"ListItem\",\"position\":2,\"name\":\"ENDEMA \u00e0 N\u2019Djamena, nouvelle \u00e9tape pour le d\u00e9veloppement et la solidarit\u00e9\"}]},{\"@type\":\"WebSite\",\"@id\":\"https:\/\/www.africa-press.net\/tchad\/#website\",\"url\":\"https:\/\/www.africa-press.net\/tchad\/\",\"name\":\"tchad\",\"description\":\"Just another Africa News Agency Sites site\",\"potentialAction\":[{\"@type\":\"SearchAction\",\"target\":{\"@type\":\"EntryPoint\",\"urlTemplate\":\"https:\/\/www.africa-press.net\/tchad\/?s={search_term_string}\"},\"query-input\":{\"@type\":\"PropertyValueSpecification\",\"valueRequired\":true,\"valueName\":\"search_term_string\"}}],\"inLanguage\":\"fr-FR\"},{\"@type\":\"Person\",\"@id\":\"https:\/\/www.africa-press.net\/tchad\/#\/schema\/person\/2b1cf3cd81a31e3cd26889ca66d677f1\",\"name\":\"cfeditorfr\"}]}<\/script>\n<!-- \/ Yoast SEO Premium plugin. -->","yoast_head_json":{"title":"ENDEMA \u00e0 N\u2019Djamena, nouvelle \u00e9tape pour le d\u00e9veloppement et la solidarit\u00e9 - tchad","description":"Une ce\u0301re\u0301monie d'inauguration du bureau provincial de l'Entente pour le De\u0301veloppement, la Mutuelle et l'Assistance (EN ...","robots":{"index":"index","follow":"follow","max-snippet":"max-snippet:-1","max-image-preview":"max-image-preview:large","max-video-preview":"max-video-preview:-1"},"canonical":"https:\/\/www.africa-press.net\/tchad\/politique\/endema-a-ndjamena-nouvelle-etape-pour-le-developpement-et-la-solidarite","og_locale":"fr_FR","og_type":"article","og_title":"ENDEMA \u00e0 N\u2019Djamena, nouvelle \u00e9tape pour le d\u00e9veloppement et la solidarit\u00e9","og_description":"Une ce\u0301re\u0301monie d'inauguration du bureau provincial de l'Entente pour le De\u0301veloppement, la Mutuelle et l'Assistance (EN ...","og_url":"https:\/\/www.africa-press.net\/tchad\/politique\/endema-a-ndjamena-nouvelle-etape-pour-le-developpement-et-la-solidarite","og_site_name":"tchad","article_published_time":"2023-10-22T14:24:05+00:00","article_modified_time":"2023-10-22T15:16:28+00:00","og_image":[{"width":1024,"height":768,"url":"https:\/\/static.africa-press.net\/tchad\/sites\/41\/2023\/10\/sm_1697975054.52823.jpg","type":"image\/jpeg"}],"author":"cfeditorfr","twitter_card":"summary_large_image","twitter_misc":{"\u00c9crit par":"cfeditorfr","Dur\u00e9e de lecture estim\u00e9e":"2 minutes"},"schema":{"@context":"https:\/\/schema.org","@graph":[{"@type":"Article","@id":"https:\/\/www.africa-press.net\/tchad\/politique\/endema-a-ndjamena-nouvelle-etape-pour-le-developpement-et-la-solidarite#article","isPartOf":{"@id":"https:\/\/www.africa-press.net\/tchad\/politique\/endema-a-ndjamena-nouvelle-etape-pour-le-developpement-et-la-solidarite"},"author":{"name":"cfeditorfr","@id":"https:\/\/www.africa-press.net\/tchad\/#\/schema\/person\/2b1cf3cd81a31e3cd26889ca66d677f1"},"headline":"ENDEMA \u00e0 N\u2019Djamena, nouvelle \u00e9tape pour le d\u00e9veloppement et la solidarit\u00e9","datePublished":"2023-10-22T14:24:05+00:00","dateModified":"2023-10-22T15:16:28+00:00","mainEntityOfPage":{"@id":"https:\/\/www.africa-press.net\/tchad\/politique\/endema-a-ndjamena-nouvelle-etape-pour-le-developpement-et-la-solidarite"},"wordCount":300,"commentCount":0,"image":{"@id":"https:\/\/www.africa-press.net\/tchad\/politique\/endema-a-ndjamena-nouvelle-etape-pour-le-developpement-et-la-solidarite#primaryimage"},"thumbnailUrl":"https:\/\/static.africa-press.net\/tchad\/sites\/41\/2023\/10\/sm_1697975054.52823.jpg","keywords":["Africa Press","Africa Press-Tchad","Tchad"],"articleSection":["Politique","Toutes les actualit\u00e9s"],"inLanguage":"fr-FR","potentialAction":[{"@type":"CommentAction","name":"Comment","target":["https:\/\/www.africa-press.net\/tchad\/politique\/endema-a-ndjamena-nouvelle-etape-pour-le-developpement-et-la-solidarite#respond"]}]},{"@type":"WebPage","@id":"https:\/\/www.africa-press.net\/tchad\/politique\/endema-a-ndjamena-nouvelle-etape-pour-le-developpement-et-la-solidarite","url":"https:\/\/www.africa-press.net\/tchad\/politique\/endema-a-ndjamena-nouvelle-etape-pour-le-developpement-et-la-solidarite","name":"ENDEMA \u00e0 N\u2019Djamena, nouvelle \u00e9tape pour le d\u00e9veloppement et la solidarit\u00e9 - tchad","isPartOf":{"@id":"https:\/\/www.africa-press.net\/tchad\/#website"},"primaryImageOfPage":{"@id":"https:\/\/www.africa-press.net\/tchad\/politique\/endema-a-ndjamena-nouvelle-etape-pour-le-developpement-et-la-solidarite#primaryimage"},"image":{"@id":"https:\/\/www.africa-press.net\/tchad\/politique\/endema-a-ndjamena-nouvelle-etape-pour-le-developpement-et-la-solidarite#primaryimage"},"thumbnailUrl":"https:\/\/static.africa-press.net\/tchad\/sites\/41\/2023\/10\/sm_1697975054.52823.jpg","datePublished":"2023-10-22T14:24:05+00:00","dateModified":"2023-10-22T15:16:28+00:00","author":{"@id":"https:\/\/www.africa-press.net\/tchad\/#\/schema\/person\/2b1cf3cd81a31e3cd26889ca66d677f1"},"description":"Une ce\u0301re\u0301monie d'inauguration du bureau provincial de l'Entente pour le De\u0301veloppement, la Mutuelle et l'Assistance (EN ...","breadcrumb":{"@id":"https:\/\/www.africa-press.net\/tchad\/politique\/endema-a-ndjamena-nouvelle-etape-pour-le-developpement-et-la-solidarite#breadcrumb"},"inLanguage":"fr-FR","potentialAction":[{"@type":"ReadAction","target":["https:\/\/www.africa-press.net\/tchad\/politique\/endema-a-ndjamena-nouvelle-etape-pour-le-developpement-et-la-solidarite"]}]},{"@type":"ImageObject","inLanguage":"fr-FR","@id":"https:\/\/www.africa-press.net\/tchad\/politique\/endema-a-ndjamena-nouvelle-etape-pour-le-developpement-et-la-solidarite#primaryimage","url":"https:\/\/static.africa-press.net\/tchad\/sites\/41\/2023\/10\/sm_1697975054.52823.jpg","contentUrl":"https:\/\/static.africa-press.net\/tchad\/sites\/41\/2023\/10\/sm_1697975054.52823.jpg","width":1024,"height":768,"caption":"ENDEMA \u00e0 N\u2019Djamena, nouvelle \u00e9tape pour le d\u00e9veloppement et la solidarit\u00e9"},{"@type":"BreadcrumbList","@id":"https:\/\/www.africa-press.net\/tchad\/politique\/endema-a-ndjamena-nouvelle-etape-pour-le-developpement-et-la-solidarite#breadcrumb","itemListElement":[{"@type":"ListItem","position":1,"name":"Accueil","item":"https:\/\/www.africa-press.net\/tchad\/"},{"@type":"ListItem","position":2,"name":"ENDEMA \u00e0 N\u2019Djamena, nouvelle \u00e9tape pour le d\u00e9veloppement et la solidarit\u00e9"}]},{"@type":"WebSite","@id":"https:\/\/www.africa-press.net\/tchad\/#website","url":"https:\/\/www.africa-press.net\/tchad\/","name":"tchad","description":"Just another Africa News Agency Sites site","potentialAction":[{"@type":"SearchAction","target":{"@type":"EntryPoint","urlTemplate":"https:\/\/www.africa-press.net\/tchad\/?s={search_term_string}"},"query-input":{"@type":"PropertyValueSpecification","valueRequired":true,"valueName":"search_term_string"}}],"inLanguage":"fr-FR"},{"@type":"Person","@id":"https:\/\/www.africa-press.net\/tchad\/#\/schema\/person\/2b1cf3cd81a31e3cd26889ca66d677f1","name":"cfeditorfr"}]}},"_links":{"self":[{"href":"https:\/\/www.africa-press.net\/tchad\/wp-json\/wp\/v2\/posts\/52714","targetHints":{"allow":["GET"]}}],"collection":[{"href":"https:\/\/www.africa-press.net\/tchad\/wp-json\/wp\/v2\/posts"}],"about":[{"href":"https:\/\/www.africa-press.net\/tchad\/wp-json\/wp\/v2\/types\/post"}],"author":[{"embeddable":true,"href":"https:\/\/www.africa-press.net\/tchad\/wp-json\/wp\/v2\/users\/82"}],"replies":[{"embeddable":true,"href":"https:\/\/www.africa-press.net\/tchad\/wp-json\/wp\/v2\/comments?post=52714"}],"version-history":[{"count":0,"href":"https:\/\/www.africa-press.net\/tchad\/wp-json\/wp\/v2\/posts\/52714\/revisions"}],"wp:featuredmedia":[{"embeddable":true,"href":"https:\/\/www.africa-press.net\/tchad\/wp-json\/wp\/v2\/media\/52713"}],"wp:attachment":[{"href":"https:\/\/www.africa-press.net\/tchad\/wp-json\/wp\/v2\/media?parent=52714"}],"wp:term":[{"taxonomy":"category","embeddable":true,"href":"https:\/\/www.africa-press.net\/tchad\/wp-json\/wp\/v2\/categories?post=52714"},{"taxonomy":"post_tag","embeddable":true,"href":"https:\/\/www.africa-press.net\/tchad\/wp-json\/wp\/v2\/tags?post=52714"}],"curies":[{"name":"wp","href":"https:\/\/api.w.org\/{rel}","templated":true}]}}