{"id":52718,"date":"2023-10-22T14:26:28","date_gmt":"2023-10-22T14:26:28","guid":{"rendered":"https:\/\/www.africa-press.net\/tchad\/politique\/le-schema-provincial-damenagement-du-territoire-spat-du-salamat-vulgarise-dans-la-sous-prefecture-dam-timan"},"modified":"2023-10-22T15:16:47","modified_gmt":"2023-10-22T15:16:47","slug":"le-schema-provincial-damenagement-du-territoire-spat-du-salamat-vulgarise-dans-la-sous-prefecture-dam-timan","status":"publish","type":"post","link":"https:\/\/www.africa-press.net\/tchad\/toutes-les-actualites\/le-schema-provincial-damenagement-du-territoire-spat-du-salamat-vulgarise-dans-la-sous-prefecture-dam-timan","title":{"rendered":"le Sch\u00e9ma provincial d&rsquo;am\u00e9nagement du territoire (SPAT) du Salamat vulgaris\u00e9 dans la sous-pr\u00e9fecture d&rsquo;Am-Timan"},"content":{"rendered":"<p><span style=\"color: #ff6600\"><strong>Africa-Press &#8211; Tchad. <\/strong><\/span>Mis en \u0153uvre par un consortium pilote\u0301 par l&rsquo;Union internationale pour la conservation de la nature (UICN), le projet \u00ab\u00a0d&rsquo;Appui au de\u0301veloppement et a\u0300 la mise en \u0153uvre d&rsquo;un mode\u0300le concerte\u0301 et inte\u0301gre\u0301 de conservation du grand e\u0301cosyste\u0300me fonctionnel de Zakouma (GEFZ)\u00a0\u00bb, vise globalement a\u0300 contribuer a\u0300 la conservation durable de la faune sauvage, de la biodiversite\u0301 et autre patrimoine du Tchad au be\u0301ne\u0301fice de la population.<\/p>\n<p>Lors de son mot de bienvenue, le chef de projet UICN, Ndomassal Ne\u0301he\u0301mie, informe que les provinces du Salamat et du Gue\u0301ra disposent chacune d&rsquo;un Plan provincial de de\u0301veloppement et me\u0302me d&rsquo;un Plan provincial d&rsquo;ame\u0301nagement du territoire (SPAT) pour le Salamat.<\/p>\n<p>Mais qui ne prend pas suffisamment en compte la proble\u0301matique de conservation de la biodiversite\u0301 et le de\u0301veloppement des nouvelles aires prote\u0301ge\u0301es en l&rsquo;occurrence, la transformation de la re\u0301serve de faune de Siniaka Mina en Parc national a\u0300 l&rsquo;horizon 2021.<\/p>\n<p>Repre\u0301sentant le pre\u0301fet de Bahr-Azoum, le sous-pre\u0301fet d&rsquo;Am-Timan rurale, Haroun Egrei Erdi, prononc\u0327ant son allocution, s&rsquo;est re\u0301joui de cet atelier qui permettra de faciliter la compre\u0301hension du SPAT aux parties prenantes au niveau de la base car, les actions prioritaires seront explique\u0301es aux communaute\u0301s pour l&rsquo;appropriation de ce document de re\u0301fe\u0301rence.<\/p>\n<p>Au total, 70 participants parmi lesquels, des autorite\u0301s administratives, chefs traditionnels, leaders religieux, ONGs, repre\u0301sentants de la socie\u0301te\u0301 civile&#8230; ont participe\u0301 a\u0300 cet atelier. Une copie du SPAT est remise par le projet aux autorite\u0301s administratives.<\/p>\n<p><strong>Pour plus d&rsquo;informations et d&rsquo;analyses sur la <a href=\"https:\/\/www.africa-press.net\/tchad\">Tchad<\/a>, suivez <a href=\"https:\/\/www.africa-press.net\/\">Africa-Press<\/a><\/strong><\/p>\n","protected":false},"excerpt":{"rendered":"<p>Africa-Press &#8211; Tchad. Mis en \u0153uvre par un consortium pilote\u0301 par l&rsquo;Union internationale pour la conservation de la nature (UICN), le projet \u00ab\u00a0d&rsquo;Appui au de\u0301veloppement et a\u0300 la mise en \u0153uvre d&rsquo;un mode\u0300le concerte\u0301 et inte\u0301gre\u0301 de conservation du grand e\u0301cosyste\u0300me fonctionnel de Zakouma (GEFZ)\u00a0\u00bb, vise globalement a\u0300 contribuer a\u0300 la conservation durable de la [&hellip;]<\/p>\n","protected":false},"author":82,"featured_media":52716,"comment_status":"open","ping_status":"closed","sticky":false,"template":"","format":"standard","meta":{"footnotes":""},"categories":[21,10],"tags":[37,292,29],"class_list":["post-52718","post","type-post","status-publish","format-standard","has-post-thumbnail","hentry","category-communaute","category-toutes-les-actualites","tag-africa-press","tag-africa-press-tchad","tag-tchad"],"yoast_head":"<!-- This site is optimized with the Yoast SEO Premium plugin v26.1 (Yoast SEO v27.0) - https:\/\/yoast.com\/product\/yoast-seo-premium-wordpress\/ -->\n<title>le Sch\u00e9ma provincial d&#039;am\u00e9nagement du territoire (SPAT) du Salamat vulgaris\u00e9 dans la sous-pr\u00e9fecture d&#039;Am-Timan - tchad<\/title>\n<meta name=\"description\" content=\"Mis en \u0153uvre par un consortium pilote\u0301 par l&#039;Union internationale pour la conservation de la nature (UICN), le projet &quot;d ...\" \/>\n<meta name=\"robots\" content=\"index, follow, max-snippet:-1, max-image-preview:large, max-video-preview:-1\" \/>\n<link rel=\"canonical\" href=\"https:\/\/www.africa-press.net\/tchad\/toutes-les-actualites\/le-schema-provincial-damenagement-du-territoire-spat-du-salamat-vulgarise-dans-la-sous-prefecture-dam-timan\" \/>\n<meta property=\"og:locale\" content=\"fr_FR\" \/>\n<meta property=\"og:type\" content=\"article\" \/>\n<meta property=\"og:title\" content=\"le Sch\u00e9ma provincial d&#039;am\u00e9nagement du territoire (SPAT) du Salamat vulgaris\u00e9 dans la sous-pr\u00e9fecture d&#039;Am-Timan\" \/>\n<meta property=\"og:description\" content=\"Mis en \u0153uvre par un consortium pilote\u0301 par l&#039;Union internationale pour la conservation de la nature (UICN), le projet &quot;d ...\" \/>\n<meta property=\"og:url\" content=\"https:\/\/www.africa-press.net\/tchad\/toutes-les-actualites\/le-schema-provincial-damenagement-du-territoire-spat-du-salamat-vulgarise-dans-la-sous-prefecture-dam-timan\" \/>\n<meta property=\"og:site_name\" content=\"tchad\" \/>\n<meta property=\"article:published_time\" content=\"2023-10-22T14:26:28+00:00\" \/>\n<meta property=\"article:modified_time\" content=\"2023-10-22T15:16:47+00:00\" \/>\n<meta property=\"og:image\" content=\"https:\/\/static.africa-press.net\/tchad\/sites\/41\/2023\/10\/sm_1697975069.576179.jpg\" \/>\n\t<meta property=\"og:image:width\" content=\"1600\" \/>\n\t<meta property=\"og:image:height\" content=\"900\" \/>\n\t<meta property=\"og:image:type\" content=\"image\/jpeg\" \/>\n<meta name=\"author\" content=\"cfeditorfr\" \/>\n<meta name=\"twitter:card\" content=\"summary_large_image\" \/>\n<meta name=\"twitter:label1\" content=\"\u00c9crit par\" \/>\n\t<meta name=\"twitter:data1\" content=\"cfeditorfr\" \/>\n\t<meta name=\"twitter:label2\" content=\"Dur\u00e9e de lecture estim\u00e9e\" \/>\n\t<meta name=\"twitter:data2\" content=\"2 minutes\" \/>\n<script type=\"application\/ld+json\" class=\"yoast-schema-graph\">{\"@context\":\"https:\/\/schema.org\",\"@graph\":[{\"@type\":\"Article\",\"@id\":\"https:\/\/www.africa-press.net\/tchad\/toutes-les-actualites\/le-schema-provincial-damenagement-du-territoire-spat-du-salamat-vulgarise-dans-la-sous-prefecture-dam-timan#article\",\"isPartOf\":{\"@id\":\"https:\/\/www.africa-press.net\/tchad\/toutes-les-actualites\/le-schema-provincial-damenagement-du-territoire-spat-du-salamat-vulgarise-dans-la-sous-prefecture-dam-timan\"},\"author\":{\"name\":\"cfeditorfr\",\"@id\":\"https:\/\/www.africa-press.net\/tchad\/#\/schema\/person\/2b1cf3cd81a31e3cd26889ca66d677f1\"},\"headline\":\"le Sch\u00e9ma provincial d&rsquo;am\u00e9nagement du territoire (SPAT) du Salamat vulgaris\u00e9 dans la sous-pr\u00e9fecture d&rsquo;Am-Timan\",\"datePublished\":\"2023-10-22T14:26:28+00:00\",\"dateModified\":\"2023-10-22T15:16:47+00:00\",\"mainEntityOfPage\":{\"@id\":\"https:\/\/www.africa-press.net\/tchad\/toutes-les-actualites\/le-schema-provincial-damenagement-du-territoire-spat-du-salamat-vulgarise-dans-la-sous-prefecture-dam-timan\"},\"wordCount\":310,\"commentCount\":0,\"image\":{\"@id\":\"https:\/\/www.africa-press.net\/tchad\/toutes-les-actualites\/le-schema-provincial-damenagement-du-territoire-spat-du-salamat-vulgarise-dans-la-sous-prefecture-dam-timan#primaryimage\"},\"thumbnailUrl\":\"https:\/\/static.africa-press.net\/tchad\/sites\/41\/2023\/10\/sm_1697975069.576179.jpg\",\"keywords\":[\"Africa Press\",\"Africa Press-Tchad\",\"Tchad\"],\"articleSection\":[\"Communaut\u00e9\",\"Toutes les actualit\u00e9s\"],\"inLanguage\":\"fr-FR\",\"potentialAction\":[{\"@type\":\"CommentAction\",\"name\":\"Comment\",\"target\":[\"https:\/\/www.africa-press.net\/tchad\/toutes-les-actualites\/le-schema-provincial-damenagement-du-territoire-spat-du-salamat-vulgarise-dans-la-sous-prefecture-dam-timan#respond\"]}]},{\"@type\":\"WebPage\",\"@id\":\"https:\/\/www.africa-press.net\/tchad\/toutes-les-actualites\/le-schema-provincial-damenagement-du-territoire-spat-du-salamat-vulgarise-dans-la-sous-prefecture-dam-timan\",\"url\":\"https:\/\/www.africa-press.net\/tchad\/toutes-les-actualites\/le-schema-provincial-damenagement-du-territoire-spat-du-salamat-vulgarise-dans-la-sous-prefecture-dam-timan\",\"name\":\"le Sch\u00e9ma provincial d'am\u00e9nagement du territoire (SPAT) du Salamat vulgaris\u00e9 dans la sous-pr\u00e9fecture d'Am-Timan - tchad\",\"isPartOf\":{\"@id\":\"https:\/\/www.africa-press.net\/tchad\/#website\"},\"primaryImageOfPage\":{\"@id\":\"https:\/\/www.africa-press.net\/tchad\/toutes-les-actualites\/le-schema-provincial-damenagement-du-territoire-spat-du-salamat-vulgarise-dans-la-sous-prefecture-dam-timan#primaryimage\"},\"image\":{\"@id\":\"https:\/\/www.africa-press.net\/tchad\/toutes-les-actualites\/le-schema-provincial-damenagement-du-territoire-spat-du-salamat-vulgarise-dans-la-sous-prefecture-dam-timan#primaryimage\"},\"thumbnailUrl\":\"https:\/\/static.africa-press.net\/tchad\/sites\/41\/2023\/10\/sm_1697975069.576179.jpg\",\"datePublished\":\"2023-10-22T14:26:28+00:00\",\"dateModified\":\"2023-10-22T15:16:47+00:00\",\"author\":{\"@id\":\"https:\/\/www.africa-press.net\/tchad\/#\/schema\/person\/2b1cf3cd81a31e3cd26889ca66d677f1\"},\"description\":\"Mis en \u0153uvre par un consortium pilote\u0301 par l'Union internationale pour la conservation de la nature (UICN), le projet \\\"d ...\",\"breadcrumb\":{\"@id\":\"https:\/\/www.africa-press.net\/tchad\/toutes-les-actualites\/le-schema-provincial-damenagement-du-territoire-spat-du-salamat-vulgarise-dans-la-sous-prefecture-dam-timan#breadcrumb\"},\"inLanguage\":\"fr-FR\",\"potentialAction\":[{\"@type\":\"ReadAction\",\"target\":[\"https:\/\/www.africa-press.net\/tchad\/toutes-les-actualites\/le-schema-provincial-damenagement-du-territoire-spat-du-salamat-vulgarise-dans-la-sous-prefecture-dam-timan\"]}]},{\"@type\":\"ImageObject\",\"inLanguage\":\"fr-FR\",\"@id\":\"https:\/\/www.africa-press.net\/tchad\/toutes-les-actualites\/le-schema-provincial-damenagement-du-territoire-spat-du-salamat-vulgarise-dans-la-sous-prefecture-dam-timan#primaryimage\",\"url\":\"https:\/\/static.africa-press.net\/tchad\/sites\/41\/2023\/10\/sm_1697975069.576179.jpg\",\"contentUrl\":\"https:\/\/static.africa-press.net\/tchad\/sites\/41\/2023\/10\/sm_1697975069.576179.jpg\",\"width\":1600,\"height\":900,\"caption\":\"le Sch\u00e9ma provincial d'am\u00e9nagement du territoire (SPAT) du Salamat vulgaris\u00e9 dans la sous-pr\u00e9fecture d'Am-Timan\"},{\"@type\":\"BreadcrumbList\",\"@id\":\"https:\/\/www.africa-press.net\/tchad\/toutes-les-actualites\/le-schema-provincial-damenagement-du-territoire-spat-du-salamat-vulgarise-dans-la-sous-prefecture-dam-timan#breadcrumb\",\"itemListElement\":[{\"@type\":\"ListItem\",\"position\":1,\"name\":\"Accueil\",\"item\":\"https:\/\/www.africa-press.net\/tchad\/\"},{\"@type\":\"ListItem\",\"position\":2,\"name\":\"le Sch\u00e9ma provincial d&#8217;am\u00e9nagement du territoire (SPAT) du Salamat vulgaris\u00e9 dans la sous-pr\u00e9fecture d&#8217;Am-Timan\"}]},{\"@type\":\"WebSite\",\"@id\":\"https:\/\/www.africa-press.net\/tchad\/#website\",\"url\":\"https:\/\/www.africa-press.net\/tchad\/\",\"name\":\"tchad\",\"description\":\"Just another Africa News Agency Sites site\",\"potentialAction\":[{\"@type\":\"SearchAction\",\"target\":{\"@type\":\"EntryPoint\",\"urlTemplate\":\"https:\/\/www.africa-press.net\/tchad\/?s={search_term_string}\"},\"query-input\":{\"@type\":\"PropertyValueSpecification\",\"valueRequired\":true,\"valueName\":\"search_term_string\"}}],\"inLanguage\":\"fr-FR\"},{\"@type\":\"Person\",\"@id\":\"https:\/\/www.africa-press.net\/tchad\/#\/schema\/person\/2b1cf3cd81a31e3cd26889ca66d677f1\",\"name\":\"cfeditorfr\"}]}<\/script>\n<!-- \/ Yoast SEO Premium plugin. -->","yoast_head_json":{"title":"le Sch\u00e9ma provincial d'am\u00e9nagement du territoire (SPAT) du Salamat vulgaris\u00e9 dans la sous-pr\u00e9fecture d'Am-Timan - tchad","description":"Mis en \u0153uvre par un consortium pilote\u0301 par l'Union internationale pour la conservation de la nature (UICN), le projet \"d ...","robots":{"index":"index","follow":"follow","max-snippet":"max-snippet:-1","max-image-preview":"max-image-preview:large","max-video-preview":"max-video-preview:-1"},"canonical":"https:\/\/www.africa-press.net\/tchad\/toutes-les-actualites\/le-schema-provincial-damenagement-du-territoire-spat-du-salamat-vulgarise-dans-la-sous-prefecture-dam-timan","og_locale":"fr_FR","og_type":"article","og_title":"le Sch\u00e9ma provincial d'am\u00e9nagement du territoire (SPAT) du Salamat vulgaris\u00e9 dans la sous-pr\u00e9fecture d'Am-Timan","og_description":"Mis en \u0153uvre par un consortium pilote\u0301 par l'Union internationale pour la conservation de la nature (UICN), le projet \"d ...","og_url":"https:\/\/www.africa-press.net\/tchad\/toutes-les-actualites\/le-schema-provincial-damenagement-du-territoire-spat-du-salamat-vulgarise-dans-la-sous-prefecture-dam-timan","og_site_name":"tchad","article_published_time":"2023-10-22T14:26:28+00:00","article_modified_time":"2023-10-22T15:16:47+00:00","og_image":[{"width":1600,"height":900,"url":"https:\/\/static.africa-press.net\/tchad\/sites\/41\/2023\/10\/sm_1697975069.576179.jpg","type":"image\/jpeg"}],"author":"cfeditorfr","twitter_card":"summary_large_image","twitter_misc":{"\u00c9crit par":"cfeditorfr","Dur\u00e9e de lecture estim\u00e9e":"2 minutes"},"schema":{"@context":"https:\/\/schema.org","@graph":[{"@type":"Article","@id":"https:\/\/www.africa-press.net\/tchad\/toutes-les-actualites\/le-schema-provincial-damenagement-du-territoire-spat-du-salamat-vulgarise-dans-la-sous-prefecture-dam-timan#article","isPartOf":{"@id":"https:\/\/www.africa-press.net\/tchad\/toutes-les-actualites\/le-schema-provincial-damenagement-du-territoire-spat-du-salamat-vulgarise-dans-la-sous-prefecture-dam-timan"},"author":{"name":"cfeditorfr","@id":"https:\/\/www.africa-press.net\/tchad\/#\/schema\/person\/2b1cf3cd81a31e3cd26889ca66d677f1"},"headline":"le Sch\u00e9ma provincial d&rsquo;am\u00e9nagement du territoire (SPAT) du Salamat vulgaris\u00e9 dans la sous-pr\u00e9fecture d&rsquo;Am-Timan","datePublished":"2023-10-22T14:26:28+00:00","dateModified":"2023-10-22T15:16:47+00:00","mainEntityOfPage":{"@id":"https:\/\/www.africa-press.net\/tchad\/toutes-les-actualites\/le-schema-provincial-damenagement-du-territoire-spat-du-salamat-vulgarise-dans-la-sous-prefecture-dam-timan"},"wordCount":310,"commentCount":0,"image":{"@id":"https:\/\/www.africa-press.net\/tchad\/toutes-les-actualites\/le-schema-provincial-damenagement-du-territoire-spat-du-salamat-vulgarise-dans-la-sous-prefecture-dam-timan#primaryimage"},"thumbnailUrl":"https:\/\/static.africa-press.net\/tchad\/sites\/41\/2023\/10\/sm_1697975069.576179.jpg","keywords":["Africa Press","Africa Press-Tchad","Tchad"],"articleSection":["Communaut\u00e9","Toutes les actualit\u00e9s"],"inLanguage":"fr-FR","potentialAction":[{"@type":"CommentAction","name":"Comment","target":["https:\/\/www.africa-press.net\/tchad\/toutes-les-actualites\/le-schema-provincial-damenagement-du-territoire-spat-du-salamat-vulgarise-dans-la-sous-prefecture-dam-timan#respond"]}]},{"@type":"WebPage","@id":"https:\/\/www.africa-press.net\/tchad\/toutes-les-actualites\/le-schema-provincial-damenagement-du-territoire-spat-du-salamat-vulgarise-dans-la-sous-prefecture-dam-timan","url":"https:\/\/www.africa-press.net\/tchad\/toutes-les-actualites\/le-schema-provincial-damenagement-du-territoire-spat-du-salamat-vulgarise-dans-la-sous-prefecture-dam-timan","name":"le Sch\u00e9ma provincial d'am\u00e9nagement du territoire (SPAT) du Salamat vulgaris\u00e9 dans la sous-pr\u00e9fecture d'Am-Timan - tchad","isPartOf":{"@id":"https:\/\/www.africa-press.net\/tchad\/#website"},"primaryImageOfPage":{"@id":"https:\/\/www.africa-press.net\/tchad\/toutes-les-actualites\/le-schema-provincial-damenagement-du-territoire-spat-du-salamat-vulgarise-dans-la-sous-prefecture-dam-timan#primaryimage"},"image":{"@id":"https:\/\/www.africa-press.net\/tchad\/toutes-les-actualites\/le-schema-provincial-damenagement-du-territoire-spat-du-salamat-vulgarise-dans-la-sous-prefecture-dam-timan#primaryimage"},"thumbnailUrl":"https:\/\/static.africa-press.net\/tchad\/sites\/41\/2023\/10\/sm_1697975069.576179.jpg","datePublished":"2023-10-22T14:26:28+00:00","dateModified":"2023-10-22T15:16:47+00:00","author":{"@id":"https:\/\/www.africa-press.net\/tchad\/#\/schema\/person\/2b1cf3cd81a31e3cd26889ca66d677f1"},"description":"Mis en \u0153uvre par un consortium pilote\u0301 par l'Union internationale pour la conservation de la nature (UICN), le projet \"d ...","breadcrumb":{"@id":"https:\/\/www.africa-press.net\/tchad\/toutes-les-actualites\/le-schema-provincial-damenagement-du-territoire-spat-du-salamat-vulgarise-dans-la-sous-prefecture-dam-timan#breadcrumb"},"inLanguage":"fr-FR","potentialAction":[{"@type":"ReadAction","target":["https:\/\/www.africa-press.net\/tchad\/toutes-les-actualites\/le-schema-provincial-damenagement-du-territoire-spat-du-salamat-vulgarise-dans-la-sous-prefecture-dam-timan"]}]},{"@type":"ImageObject","inLanguage":"fr-FR","@id":"https:\/\/www.africa-press.net\/tchad\/toutes-les-actualites\/le-schema-provincial-damenagement-du-territoire-spat-du-salamat-vulgarise-dans-la-sous-prefecture-dam-timan#primaryimage","url":"https:\/\/static.africa-press.net\/tchad\/sites\/41\/2023\/10\/sm_1697975069.576179.jpg","contentUrl":"https:\/\/static.africa-press.net\/tchad\/sites\/41\/2023\/10\/sm_1697975069.576179.jpg","width":1600,"height":900,"caption":"le Sch\u00e9ma provincial d'am\u00e9nagement du territoire (SPAT) du Salamat vulgaris\u00e9 dans la sous-pr\u00e9fecture d'Am-Timan"},{"@type":"BreadcrumbList","@id":"https:\/\/www.africa-press.net\/tchad\/toutes-les-actualites\/le-schema-provincial-damenagement-du-territoire-spat-du-salamat-vulgarise-dans-la-sous-prefecture-dam-timan#breadcrumb","itemListElement":[{"@type":"ListItem","position":1,"name":"Accueil","item":"https:\/\/www.africa-press.net\/tchad\/"},{"@type":"ListItem","position":2,"name":"le Sch\u00e9ma provincial d&#8217;am\u00e9nagement du territoire (SPAT) du Salamat vulgaris\u00e9 dans la sous-pr\u00e9fecture d&#8217;Am-Timan"}]},{"@type":"WebSite","@id":"https:\/\/www.africa-press.net\/tchad\/#website","url":"https:\/\/www.africa-press.net\/tchad\/","name":"tchad","description":"Just another Africa News Agency Sites site","potentialAction":[{"@type":"SearchAction","target":{"@type":"EntryPoint","urlTemplate":"https:\/\/www.africa-press.net\/tchad\/?s={search_term_string}"},"query-input":{"@type":"PropertyValueSpecification","valueRequired":true,"valueName":"search_term_string"}}],"inLanguage":"fr-FR"},{"@type":"Person","@id":"https:\/\/www.africa-press.net\/tchad\/#\/schema\/person\/2b1cf3cd81a31e3cd26889ca66d677f1","name":"cfeditorfr"}]}},"_links":{"self":[{"href":"https:\/\/www.africa-press.net\/tchad\/wp-json\/wp\/v2\/posts\/52718","targetHints":{"allow":["GET"]}}],"collection":[{"href":"https:\/\/www.africa-press.net\/tchad\/wp-json\/wp\/v2\/posts"}],"about":[{"href":"https:\/\/www.africa-press.net\/tchad\/wp-json\/wp\/v2\/types\/post"}],"author":[{"embeddable":true,"href":"https:\/\/www.africa-press.net\/tchad\/wp-json\/wp\/v2\/users\/82"}],"replies":[{"embeddable":true,"href":"https:\/\/www.africa-press.net\/tchad\/wp-json\/wp\/v2\/comments?post=52718"}],"version-history":[{"count":0,"href":"https:\/\/www.africa-press.net\/tchad\/wp-json\/wp\/v2\/posts\/52718\/revisions"}],"wp:featuredmedia":[{"embeddable":true,"href":"https:\/\/www.africa-press.net\/tchad\/wp-json\/wp\/v2\/media\/52716"}],"wp:attachment":[{"href":"https:\/\/www.africa-press.net\/tchad\/wp-json\/wp\/v2\/media?parent=52718"}],"wp:term":[{"taxonomy":"category","embeddable":true,"href":"https:\/\/www.africa-press.net\/tchad\/wp-json\/wp\/v2\/categories?post=52718"},{"taxonomy":"post_tag","embeddable":true,"href":"https:\/\/www.africa-press.net\/tchad\/wp-json\/wp\/v2\/tags?post=52718"}],"curies":[{"name":"wp","href":"https:\/\/api.w.org\/{rel}","templated":true}]}}