{"id":52736,"date":"2023-10-23T13:34:58","date_gmt":"2023-10-23T13:34:58","guid":{"rendered":"https:\/\/www.africa-press.net\/tchad\/politique\/lubs-mps-exprime-sa-gratitude-et-sa-solidite-au-president-de-la-transition"},"modified":"2023-10-23T14:05:30","modified_gmt":"2023-10-23T14:05:30","slug":"lubs-mps-exprime-sa-gratitude-et-sa-solidite-au-president-de-la-transition","status":"publish","type":"post","link":"https:\/\/www.africa-press.net\/tchad\/politique\/lubs-mps-exprime-sa-gratitude-et-sa-solidite-au-president-de-la-transition","title":{"rendered":"L&rsquo;UBS\/MPS exprime sa gratitude et sa solidit\u00e9 au Pr\u00e9sident de la Transition"},"content":{"rendered":"<p><span style=\"color: #ff6600\"><strong>Africa-Press &#8211; Tchad. <\/strong><\/span>Dans son allocution a\u0300 la ce\u0301re\u0301monie de remerciement au pre\u0301sident de transition, le coordinateur national de l&rsquo;union des bureaux de soutien au MPS, Hassan Wouray Chidi Daoussa, a de\u0301clare\u0301 que le tourne\u0301 du president de transition (PT) dans les vingt-trois (23) provinces du pays e\u0301tait pour s&rsquo;enque\u0301rir de la re\u0301alite\u0301 que vive le peuple tchadien.<\/p>\n<p>Selon le coordonnateur, des promesses que le pre\u0301sident de transition a fait est un acte a salue\u0301. Il a souligne\u0301 que le pre\u0301sident de transition, le ge\u0301ne\u0301ral Mahamat Deby Itno a lance\u0301 un appel fort et clair a\u0300 la cohabitation pacifique a\u0300 toutes les composantes de la socie\u0301te\u0301 tchadienne. Hassan Wouray Chidi Daoussa a ajoute\u0301 que le ge\u0301ne\u0301ral Mahamat Idriss Deby Itno est sur tous les fronts politique, social et se\u0301curitaire pour chercher la paix a\u0300 aux concitoyens. Il a indique\u0301 que l&rsquo;UBS\/MPS a accompagne\u0301 le Pre\u0301sident de transition dans sa politique pour un tchad e\u0301mergent et re\u0301concilier. Il a exhorte\u0301 les militants de retirer leurs cartes e\u0301lecteurs qui leurs permettent de voter aux futures e\u0301lections qui se pointent a l&rsquo;horizon.<\/p>\n<p>Le secre\u0301taire national charge des bureaux de soutien OBS\/MPS, Izadine Souleymane, a demande\u0301 au militants de n&rsquo;est pas laisses un espace libre pour les adversaires. Il a aussi exhorte\u0301 les militants de sortir massivement prendre la carte afin d&rsquo;e\u0302tre pre\u0302t aux futures e\u0301che\u0301ances e\u0301lectorales.<\/p>\n<p>Il a souligne\u0301 par ailleurs que l&rsquo;union des bureaux de soutien, apporte ses soldats et se met au service du MPS pour une re\u0301ussite ge\u0301ne\u0301rale dans toutes les e\u0301che\u0301ances futures.<\/p>\n<p>Il a conclu que l&rsquo;union des bureaux de soutien au MPS, apporte son soutien total au pre\u0301sident de transition dans sa politique a\u0300 la recherche de la paix et du vivre ensemble des tchadiens.<\/p>\n<p><strong>Pour plus d&rsquo;informations et d&rsquo;analyses sur la <a href=\"https:\/\/www.africa-press.net\/tchad\">Tchad<\/a>, suivez <a href=\"https:\/\/www.africa-press.net\/\">Africa-Press<\/a><\/strong><\/p>\n","protected":false},"excerpt":{"rendered":"<p>Africa-Press &#8211; Tchad. Dans son allocution a\u0300 la ce\u0301re\u0301monie de remerciement au pre\u0301sident de transition, le coordinateur national de l&rsquo;union des bureaux de soutien au MPS, Hassan Wouray Chidi Daoussa, a de\u0301clare\u0301 que le tourne\u0301 du president de transition (PT) dans les vingt-trois (23) provinces du pays e\u0301tait pour s&rsquo;enque\u0301rir de la re\u0301alite\u0301 que vive [&hellip;]<\/p>\n","protected":false},"author":82,"featured_media":52735,"comment_status":"open","ping_status":"closed","sticky":false,"template":"","format":"standard","meta":{"footnotes":""},"categories":[2,10],"tags":[37,292,29],"class_list":["post-52736","post","type-post","status-publish","format-standard","has-post-thumbnail","hentry","category-politique","category-toutes-les-actualites","tag-africa-press","tag-africa-press-tchad","tag-tchad"],"yoast_head":"<!-- This site is optimized with the Yoast SEO Premium plugin v26.1 (Yoast SEO v27.0) - https:\/\/yoast.com\/product\/yoast-seo-premium-wordpress\/ -->\n<title>L&#039;UBS\/MPS exprime sa gratitude et sa solidit\u00e9 au Pr\u00e9sident de la Transition - tchad<\/title>\n<meta name=\"description\" content=\"Dans son allocution a\u0300 la ce\u0301re\u0301monie de remerciement au pre\u0301sident de transition, le coordinateur national de l&#039;union d ...\" \/>\n<meta name=\"robots\" content=\"index, follow, max-snippet:-1, max-image-preview:large, max-video-preview:-1\" \/>\n<link rel=\"canonical\" href=\"https:\/\/www.africa-press.net\/tchad\/politique\/lubs-mps-exprime-sa-gratitude-et-sa-solidite-au-president-de-la-transition\" \/>\n<meta property=\"og:locale\" content=\"fr_FR\" \/>\n<meta property=\"og:type\" content=\"article\" \/>\n<meta property=\"og:title\" content=\"L&#039;UBS\/MPS exprime sa gratitude et sa solidit\u00e9 au Pr\u00e9sident de la Transition\" \/>\n<meta property=\"og:description\" content=\"Dans son allocution a\u0300 la ce\u0301re\u0301monie de remerciement au pre\u0301sident de transition, le coordinateur national de l&#039;union d ...\" \/>\n<meta property=\"og:url\" content=\"https:\/\/www.africa-press.net\/tchad\/politique\/lubs-mps-exprime-sa-gratitude-et-sa-solidite-au-president-de-la-transition\" \/>\n<meta property=\"og:site_name\" content=\"tchad\" \/>\n<meta property=\"article:published_time\" content=\"2023-10-23T13:34:58+00:00\" \/>\n<meta property=\"article:modified_time\" content=\"2023-10-23T14:05:30+00:00\" \/>\n<meta property=\"og:image\" content=\"https:\/\/static.africa-press.net\/tchad\/sites\/41\/2023\/10\/sm_1698057253.385925.jpg\" \/>\n\t<meta property=\"og:image:width\" content=\"1280\" \/>\n\t<meta property=\"og:image:height\" content=\"720\" \/>\n\t<meta property=\"og:image:type\" content=\"image\/jpeg\" \/>\n<meta name=\"author\" content=\"cfeditorfr\" \/>\n<meta name=\"twitter:card\" content=\"summary_large_image\" \/>\n<meta name=\"twitter:label1\" content=\"\u00c9crit par\" \/>\n\t<meta name=\"twitter:data1\" content=\"cfeditorfr\" \/>\n\t<meta name=\"twitter:label2\" content=\"Dur\u00e9e de lecture estim\u00e9e\" \/>\n\t<meta name=\"twitter:data2\" content=\"2 minutes\" \/>\n<script type=\"application\/ld+json\" class=\"yoast-schema-graph\">{\"@context\":\"https:\/\/schema.org\",\"@graph\":[{\"@type\":\"Article\",\"@id\":\"https:\/\/www.africa-press.net\/tchad\/politique\/lubs-mps-exprime-sa-gratitude-et-sa-solidite-au-president-de-la-transition#article\",\"isPartOf\":{\"@id\":\"https:\/\/www.africa-press.net\/tchad\/politique\/lubs-mps-exprime-sa-gratitude-et-sa-solidite-au-president-de-la-transition\"},\"author\":{\"name\":\"cfeditorfr\",\"@id\":\"https:\/\/www.africa-press.net\/tchad\/#\/schema\/person\/2b1cf3cd81a31e3cd26889ca66d677f1\"},\"headline\":\"L&rsquo;UBS\/MPS exprime sa gratitude et sa solidit\u00e9 au Pr\u00e9sident de la Transition\",\"datePublished\":\"2023-10-23T13:34:58+00:00\",\"dateModified\":\"2023-10-23T14:05:30+00:00\",\"mainEntityOfPage\":{\"@id\":\"https:\/\/www.africa-press.net\/tchad\/politique\/lubs-mps-exprime-sa-gratitude-et-sa-solidite-au-president-de-la-transition\"},\"wordCount\":355,\"commentCount\":0,\"image\":{\"@id\":\"https:\/\/www.africa-press.net\/tchad\/politique\/lubs-mps-exprime-sa-gratitude-et-sa-solidite-au-president-de-la-transition#primaryimage\"},\"thumbnailUrl\":\"https:\/\/static.africa-press.net\/tchad\/sites\/41\/2023\/10\/sm_1698057253.385925.jpg\",\"keywords\":[\"Africa Press\",\"Africa Press-Tchad\",\"Tchad\"],\"articleSection\":[\"Politique\",\"Toutes les actualit\u00e9s\"],\"inLanguage\":\"fr-FR\",\"potentialAction\":[{\"@type\":\"CommentAction\",\"name\":\"Comment\",\"target\":[\"https:\/\/www.africa-press.net\/tchad\/politique\/lubs-mps-exprime-sa-gratitude-et-sa-solidite-au-president-de-la-transition#respond\"]}]},{\"@type\":\"WebPage\",\"@id\":\"https:\/\/www.africa-press.net\/tchad\/politique\/lubs-mps-exprime-sa-gratitude-et-sa-solidite-au-president-de-la-transition\",\"url\":\"https:\/\/www.africa-press.net\/tchad\/politique\/lubs-mps-exprime-sa-gratitude-et-sa-solidite-au-president-de-la-transition\",\"name\":\"L'UBS\/MPS exprime sa gratitude et sa solidit\u00e9 au Pr\u00e9sident de la Transition - tchad\",\"isPartOf\":{\"@id\":\"https:\/\/www.africa-press.net\/tchad\/#website\"},\"primaryImageOfPage\":{\"@id\":\"https:\/\/www.africa-press.net\/tchad\/politique\/lubs-mps-exprime-sa-gratitude-et-sa-solidite-au-president-de-la-transition#primaryimage\"},\"image\":{\"@id\":\"https:\/\/www.africa-press.net\/tchad\/politique\/lubs-mps-exprime-sa-gratitude-et-sa-solidite-au-president-de-la-transition#primaryimage\"},\"thumbnailUrl\":\"https:\/\/static.africa-press.net\/tchad\/sites\/41\/2023\/10\/sm_1698057253.385925.jpg\",\"datePublished\":\"2023-10-23T13:34:58+00:00\",\"dateModified\":\"2023-10-23T14:05:30+00:00\",\"author\":{\"@id\":\"https:\/\/www.africa-press.net\/tchad\/#\/schema\/person\/2b1cf3cd81a31e3cd26889ca66d677f1\"},\"description\":\"Dans son allocution a\u0300 la ce\u0301re\u0301monie de remerciement au pre\u0301sident de transition, le coordinateur national de l'union d ...\",\"breadcrumb\":{\"@id\":\"https:\/\/www.africa-press.net\/tchad\/politique\/lubs-mps-exprime-sa-gratitude-et-sa-solidite-au-president-de-la-transition#breadcrumb\"},\"inLanguage\":\"fr-FR\",\"potentialAction\":[{\"@type\":\"ReadAction\",\"target\":[\"https:\/\/www.africa-press.net\/tchad\/politique\/lubs-mps-exprime-sa-gratitude-et-sa-solidite-au-president-de-la-transition\"]}]},{\"@type\":\"ImageObject\",\"inLanguage\":\"fr-FR\",\"@id\":\"https:\/\/www.africa-press.net\/tchad\/politique\/lubs-mps-exprime-sa-gratitude-et-sa-solidite-au-president-de-la-transition#primaryimage\",\"url\":\"https:\/\/static.africa-press.net\/tchad\/sites\/41\/2023\/10\/sm_1698057253.385925.jpg\",\"contentUrl\":\"https:\/\/static.africa-press.net\/tchad\/sites\/41\/2023\/10\/sm_1698057253.385925.jpg\",\"width\":1280,\"height\":720,\"caption\":\"L'UBS\/MPS exprime sa gratitude et sa solidit\u00e9 au Pr\u00e9sident de la Transition\"},{\"@type\":\"BreadcrumbList\",\"@id\":\"https:\/\/www.africa-press.net\/tchad\/politique\/lubs-mps-exprime-sa-gratitude-et-sa-solidite-au-president-de-la-transition#breadcrumb\",\"itemListElement\":[{\"@type\":\"ListItem\",\"position\":1,\"name\":\"Accueil\",\"item\":\"https:\/\/www.africa-press.net\/tchad\/\"},{\"@type\":\"ListItem\",\"position\":2,\"name\":\"L&#8217;UBS\/MPS exprime sa gratitude et sa solidit\u00e9 au Pr\u00e9sident de la Transition\"}]},{\"@type\":\"WebSite\",\"@id\":\"https:\/\/www.africa-press.net\/tchad\/#website\",\"url\":\"https:\/\/www.africa-press.net\/tchad\/\",\"name\":\"tchad\",\"description\":\"Just another Africa News Agency Sites site\",\"potentialAction\":[{\"@type\":\"SearchAction\",\"target\":{\"@type\":\"EntryPoint\",\"urlTemplate\":\"https:\/\/www.africa-press.net\/tchad\/?s={search_term_string}\"},\"query-input\":{\"@type\":\"PropertyValueSpecification\",\"valueRequired\":true,\"valueName\":\"search_term_string\"}}],\"inLanguage\":\"fr-FR\"},{\"@type\":\"Person\",\"@id\":\"https:\/\/www.africa-press.net\/tchad\/#\/schema\/person\/2b1cf3cd81a31e3cd26889ca66d677f1\",\"name\":\"cfeditorfr\"}]}<\/script>\n<!-- \/ Yoast SEO Premium plugin. -->","yoast_head_json":{"title":"L'UBS\/MPS exprime sa gratitude et sa solidit\u00e9 au Pr\u00e9sident de la Transition - tchad","description":"Dans son allocution a\u0300 la ce\u0301re\u0301monie de remerciement au pre\u0301sident de transition, le coordinateur national de l'union d ...","robots":{"index":"index","follow":"follow","max-snippet":"max-snippet:-1","max-image-preview":"max-image-preview:large","max-video-preview":"max-video-preview:-1"},"canonical":"https:\/\/www.africa-press.net\/tchad\/politique\/lubs-mps-exprime-sa-gratitude-et-sa-solidite-au-president-de-la-transition","og_locale":"fr_FR","og_type":"article","og_title":"L'UBS\/MPS exprime sa gratitude et sa solidit\u00e9 au Pr\u00e9sident de la Transition","og_description":"Dans son allocution a\u0300 la ce\u0301re\u0301monie de remerciement au pre\u0301sident de transition, le coordinateur national de l'union d ...","og_url":"https:\/\/www.africa-press.net\/tchad\/politique\/lubs-mps-exprime-sa-gratitude-et-sa-solidite-au-president-de-la-transition","og_site_name":"tchad","article_published_time":"2023-10-23T13:34:58+00:00","article_modified_time":"2023-10-23T14:05:30+00:00","og_image":[{"width":1280,"height":720,"url":"https:\/\/static.africa-press.net\/tchad\/sites\/41\/2023\/10\/sm_1698057253.385925.jpg","type":"image\/jpeg"}],"author":"cfeditorfr","twitter_card":"summary_large_image","twitter_misc":{"\u00c9crit par":"cfeditorfr","Dur\u00e9e de lecture estim\u00e9e":"2 minutes"},"schema":{"@context":"https:\/\/schema.org","@graph":[{"@type":"Article","@id":"https:\/\/www.africa-press.net\/tchad\/politique\/lubs-mps-exprime-sa-gratitude-et-sa-solidite-au-president-de-la-transition#article","isPartOf":{"@id":"https:\/\/www.africa-press.net\/tchad\/politique\/lubs-mps-exprime-sa-gratitude-et-sa-solidite-au-president-de-la-transition"},"author":{"name":"cfeditorfr","@id":"https:\/\/www.africa-press.net\/tchad\/#\/schema\/person\/2b1cf3cd81a31e3cd26889ca66d677f1"},"headline":"L&rsquo;UBS\/MPS exprime sa gratitude et sa solidit\u00e9 au Pr\u00e9sident de la Transition","datePublished":"2023-10-23T13:34:58+00:00","dateModified":"2023-10-23T14:05:30+00:00","mainEntityOfPage":{"@id":"https:\/\/www.africa-press.net\/tchad\/politique\/lubs-mps-exprime-sa-gratitude-et-sa-solidite-au-president-de-la-transition"},"wordCount":355,"commentCount":0,"image":{"@id":"https:\/\/www.africa-press.net\/tchad\/politique\/lubs-mps-exprime-sa-gratitude-et-sa-solidite-au-president-de-la-transition#primaryimage"},"thumbnailUrl":"https:\/\/static.africa-press.net\/tchad\/sites\/41\/2023\/10\/sm_1698057253.385925.jpg","keywords":["Africa Press","Africa Press-Tchad","Tchad"],"articleSection":["Politique","Toutes les actualit\u00e9s"],"inLanguage":"fr-FR","potentialAction":[{"@type":"CommentAction","name":"Comment","target":["https:\/\/www.africa-press.net\/tchad\/politique\/lubs-mps-exprime-sa-gratitude-et-sa-solidite-au-president-de-la-transition#respond"]}]},{"@type":"WebPage","@id":"https:\/\/www.africa-press.net\/tchad\/politique\/lubs-mps-exprime-sa-gratitude-et-sa-solidite-au-president-de-la-transition","url":"https:\/\/www.africa-press.net\/tchad\/politique\/lubs-mps-exprime-sa-gratitude-et-sa-solidite-au-president-de-la-transition","name":"L'UBS\/MPS exprime sa gratitude et sa solidit\u00e9 au Pr\u00e9sident de la Transition - tchad","isPartOf":{"@id":"https:\/\/www.africa-press.net\/tchad\/#website"},"primaryImageOfPage":{"@id":"https:\/\/www.africa-press.net\/tchad\/politique\/lubs-mps-exprime-sa-gratitude-et-sa-solidite-au-president-de-la-transition#primaryimage"},"image":{"@id":"https:\/\/www.africa-press.net\/tchad\/politique\/lubs-mps-exprime-sa-gratitude-et-sa-solidite-au-president-de-la-transition#primaryimage"},"thumbnailUrl":"https:\/\/static.africa-press.net\/tchad\/sites\/41\/2023\/10\/sm_1698057253.385925.jpg","datePublished":"2023-10-23T13:34:58+00:00","dateModified":"2023-10-23T14:05:30+00:00","author":{"@id":"https:\/\/www.africa-press.net\/tchad\/#\/schema\/person\/2b1cf3cd81a31e3cd26889ca66d677f1"},"description":"Dans son allocution a\u0300 la ce\u0301re\u0301monie de remerciement au pre\u0301sident de transition, le coordinateur national de l'union d ...","breadcrumb":{"@id":"https:\/\/www.africa-press.net\/tchad\/politique\/lubs-mps-exprime-sa-gratitude-et-sa-solidite-au-president-de-la-transition#breadcrumb"},"inLanguage":"fr-FR","potentialAction":[{"@type":"ReadAction","target":["https:\/\/www.africa-press.net\/tchad\/politique\/lubs-mps-exprime-sa-gratitude-et-sa-solidite-au-president-de-la-transition"]}]},{"@type":"ImageObject","inLanguage":"fr-FR","@id":"https:\/\/www.africa-press.net\/tchad\/politique\/lubs-mps-exprime-sa-gratitude-et-sa-solidite-au-president-de-la-transition#primaryimage","url":"https:\/\/static.africa-press.net\/tchad\/sites\/41\/2023\/10\/sm_1698057253.385925.jpg","contentUrl":"https:\/\/static.africa-press.net\/tchad\/sites\/41\/2023\/10\/sm_1698057253.385925.jpg","width":1280,"height":720,"caption":"L'UBS\/MPS exprime sa gratitude et sa solidit\u00e9 au Pr\u00e9sident de la Transition"},{"@type":"BreadcrumbList","@id":"https:\/\/www.africa-press.net\/tchad\/politique\/lubs-mps-exprime-sa-gratitude-et-sa-solidite-au-president-de-la-transition#breadcrumb","itemListElement":[{"@type":"ListItem","position":1,"name":"Accueil","item":"https:\/\/www.africa-press.net\/tchad\/"},{"@type":"ListItem","position":2,"name":"L&#8217;UBS\/MPS exprime sa gratitude et sa solidit\u00e9 au Pr\u00e9sident de la Transition"}]},{"@type":"WebSite","@id":"https:\/\/www.africa-press.net\/tchad\/#website","url":"https:\/\/www.africa-press.net\/tchad\/","name":"tchad","description":"Just another Africa News Agency Sites site","potentialAction":[{"@type":"SearchAction","target":{"@type":"EntryPoint","urlTemplate":"https:\/\/www.africa-press.net\/tchad\/?s={search_term_string}"},"query-input":{"@type":"PropertyValueSpecification","valueRequired":true,"valueName":"search_term_string"}}],"inLanguage":"fr-FR"},{"@type":"Person","@id":"https:\/\/www.africa-press.net\/tchad\/#\/schema\/person\/2b1cf3cd81a31e3cd26889ca66d677f1","name":"cfeditorfr"}]}},"_links":{"self":[{"href":"https:\/\/www.africa-press.net\/tchad\/wp-json\/wp\/v2\/posts\/52736","targetHints":{"allow":["GET"]}}],"collection":[{"href":"https:\/\/www.africa-press.net\/tchad\/wp-json\/wp\/v2\/posts"}],"about":[{"href":"https:\/\/www.africa-press.net\/tchad\/wp-json\/wp\/v2\/types\/post"}],"author":[{"embeddable":true,"href":"https:\/\/www.africa-press.net\/tchad\/wp-json\/wp\/v2\/users\/82"}],"replies":[{"embeddable":true,"href":"https:\/\/www.africa-press.net\/tchad\/wp-json\/wp\/v2\/comments?post=52736"}],"version-history":[{"count":0,"href":"https:\/\/www.africa-press.net\/tchad\/wp-json\/wp\/v2\/posts\/52736\/revisions"}],"wp:featuredmedia":[{"embeddable":true,"href":"https:\/\/www.africa-press.net\/tchad\/wp-json\/wp\/v2\/media\/52735"}],"wp:attachment":[{"href":"https:\/\/www.africa-press.net\/tchad\/wp-json\/wp\/v2\/media?parent=52736"}],"wp:term":[{"taxonomy":"category","embeddable":true,"href":"https:\/\/www.africa-press.net\/tchad\/wp-json\/wp\/v2\/categories?post=52736"},{"taxonomy":"post_tag","embeddable":true,"href":"https:\/\/www.africa-press.net\/tchad\/wp-json\/wp\/v2\/tags?post=52736"}],"curies":[{"name":"wp","href":"https:\/\/api.w.org\/{rel}","templated":true}]}}